{"id":6502,"date":"2026-01-16T13:41:58","date_gmt":"2026-01-16T13:41:58","guid":{"rendered":"https:\/\/bladnanews.com\/mohamed-salah-liverpool-return-date-to-be-confirmed-after-afcon-exit\/"},"modified":"2026-01-16T13:41:58","modified_gmt":"2026-01-16T13:41:58","slug":"la-date-de-retour-de-mohamed-salah-a-liverpool-sera-confirmee-apres-son-elimination-de-la-can","status":"publish","type":"post","link":"https:\/\/bladnanews.com\/fr\/la-date-de-retour-de-mohamed-salah-a-liverpool-sera-confirmee-apres-son-elimination-de-la-can\/","title":{"rendered":"La date de retour de Mohamed Salah \u00e0 Liverpool sera confirm\u00e9e apr\u00e8s son \u00e9limination de la CAN"},"content":{"rendered":"<p>La date de retour de Mohamed Salah \u00e0 Liverpool devrait \u00eatre confirm\u00e9e apr\u00e8s l'\u00e9limination d\u00e9chirante de l'\u00c9gypte de la Coupe d'Afrique des Nations.<\/p>\n<p>L'attaquant de Liverpool avait rejoint l'\u00c9gypte pour la CAN, mais sa participation a \u00e9t\u00e9 \u00e9court\u00e9e apr\u00e8s une blessure aux ischio-jambiers survenue pendant la phase de groupes. Salah est retourn\u00e9 \u00e0 Merseyside pour \u00e9valuation et traitement, Liverpool ayant confirm\u00e9 \u00e0 l'\u00e9poque qu'il suivrait sa r\u00e9\u00e9ducation au sein du club.<\/p>\n<p>L'\u00c9gypte, quant \u00e0 elle, a poursuivi sa campagne sans son capitaine, se battant durant les phases \u00e0 \u00e9limination directe avant d'\u00eatre \u00e9limin\u00e9e aux tirs au but par la RD Congo en huiti\u00e8mes de finale. Le match s'est termin\u00e9 1-1 apr\u00e8s prolongation, la RD Congo l'emportant 8-7 lors de la s\u00e9ance de tirs au but.<\/p>\n<p>Suite \u00e0 l'\u00e9limination de l'\u00c9gypte, l'attention se porte d\u00e9sormais sur la r\u00e9cup\u00e9ration de Salah et sur la date \u00e0 laquelle il sera \u00e0 nouveau disponible pour J\u00fcrgen Klopp. Liverpool devrait confirmer la date de retour de Salah une fois son calendrier de r\u00e9\u00e9ducation et ses progr\u00e8s finalis\u00e9s.<\/p>\n<p>Salah a \u00e9t\u00e9 l'un des joueurs les plus marquants de Liverpool cette saison, et le club tiendra \u00e0 le r\u00e9cup\u00e9rer d\u00e8s qu'il sera pleinement apte. Pour l'instant, le calendrier de son retour reste tributaire de sa r\u00e9cup\u00e9ration de la blessure aux ischio-jambiers qui l'a contraint \u00e0 quitter la campagne de l'\u00c9gypte \u00e0 la CAN.<\/p>","protected":false},"excerpt":{"rendered":"<p>Mohamed Salah\u2019s return date to Liverpool is set to be confirmed after Egypt\u2019s heartbreaking exit from the Africa Cup of [&hellip;]<\/p>\n","protected":false},"author":3,"featured_media":6501,"comment_status":"","ping_status":"open","sticky":false,"template":"","format":"standard","meta":{"googlesitekit_rrm_CAow_uzEDA:productID":"","site-sidebar-layout":"default","site-content-layout":"","ast-site-content-layout":"default","site-content-style":"default","site-sidebar-style":"default","ast-global-header-display":"","ast-banner-title-visibility":"","ast-main-header-display":"","ast-hfb-above-header-display":"","ast-hfb-below-header-display":"","ast-hfb-mobile-header-display":"","site-post-title":"","ast-breadcrumbs-content":"","ast-featured-img":"","footer-sml-layout":"","ast-disable-related-posts":"","theme-transparent-header-meta":"","adv-header-id-meta":"","stick-header-meta":"","header-above-stick-meta":"","header-main-stick-meta":"","header-below-stick-meta":"","astra-migrate-meta-layouts":"default","ast-page-background-enabled":"default","ast-page-background-meta":{"desktop":{"background-color":"var(--ast-global-color-5)","background-image":"","background-repeat":"repeat","background-position":"center center","background-size":"auto","background-attachment":"scroll","background-type":"","background-media":"","overlay-type":"","overlay-color":"","overlay-opacity":"","overlay-gradient":""},"tablet":{"background-color":"","background-image":"","background-repeat":"repeat","background-position":"center center","background-size":"auto","background-attachment":"scroll","background-type":"","background-media":"","overlay-type":"","overlay-color":"","overlay-opacity":"","overlay-gradient":""},"mobile":{"background-color":"","background-image":"","background-repeat":"repeat","background-position":"center center","background-size":"auto","background-attachment":"scroll","background-type":"","background-media":"","overlay-type":"","overlay-color":"","overlay-opacity":"","overlay-gradient":""}},"ast-content-background-meta":{"desktop":{"background-color":"var(--ast-global-color-4)","background-image":"","background-repeat":"repeat","background-position":"center center","background-size":"auto","background-attachment":"scroll","background-type":"","background-media":"","overlay-type":"","overlay-color":"","overlay-opacity":"","overlay-gradient":""},"tablet":{"background-color":"var(--ast-global-color-4)","background-image":"","background-repeat":"repeat","background-position":"center center","background-size":"auto","background-attachment":"scroll","background-type":"","background-media":"","overlay-type":"","overlay-color":"","overlay-opacity":"","overlay-gradient":""},"mobile":{"background-color":"var(--ast-global-color-4)","background-image":"","background-repeat":"repeat","background-position":"center center","background-size":"auto","background-attachment":"scroll","background-type":"","background-media":"","overlay-type":"","overlay-color":"","overlay-opacity":"","overlay-gradient":""}},"footnotes":""},"categories":[20,1],"tags":[],"class_list":["post-6502","post","type-post","status-publish","format-standard","has-post-thumbnail","hentry","category-international","category-football-latest-news"],"yoast_head":"<!-- This site is optimized with the Yoast SEO Premium plugin v26.6 (Yoast SEO v27.5) - https:\/\/yoast.com\/product\/yoast-seo-premium-wordpress\/ -->\n<title>Mohamed Salah Liverpool return date to be confirmed after AFCON exit - Bladna News<\/title>\n<meta name=\"robots\" content=\"index, follow, max-snippet:-1, max-image-preview:large, max-video-preview:-1\" \/>\n<link rel=\"canonical\" href=\"https:\/\/bladnanews.com\/fr\/la-date-de-retour-de-mohamed-salah-a-liverpool-sera-confirmee-apres-son-elimination-de-la-can\/\" \/>\n<meta property=\"og:locale\" content=\"fr_FR\" \/>\n<meta property=\"og:type\" content=\"article\" \/>\n<meta property=\"og:title\" content=\"Mohamed Salah Liverpool return date to be confirmed after AFCON exit\" \/>\n<meta property=\"og:description\" content=\"Mohamed Salah\u2019s return date to Liverpool is set to be confirmed after Egypt\u2019s heartbreaking exit from the Africa Cup of [&hellip;]\" \/>\n<meta property=\"og:url\" content=\"https:\/\/bladnanews.com\/fr\/la-date-de-retour-de-mohamed-salah-a-liverpool-sera-confirmee-apres-son-elimination-de-la-can\/\" \/>\n<meta property=\"og:site_name\" content=\"Bladna News\" \/>\n<meta property=\"article:published_time\" content=\"2026-01-16T13:41:58+00:00\" \/>\n<meta property=\"og:image\" content=\"https:\/\/bladnanews.com\/wp-content\/uploads\/2025\/12\/freepik__bladna-newscom-moroccan-soccer-homepage-banner-mor__41838.png\" \/>\n\t<meta property=\"og:image:width\" content=\"1312\" \/>\n\t<meta property=\"og:image:height\" content=\"736\" \/>\n\t<meta property=\"og:image:type\" content=\"image\/png\" \/>\n<meta name=\"author\" content=\"Bladna News Staff\" \/>\n<meta name=\"twitter:card\" content=\"summary_large_image\" \/>\n<meta name=\"twitter:label1\" content=\"\u00c9crit par\" \/>\n\t<meta name=\"twitter:data1\" content=\"Bladna News Staff\" \/>\n\t<meta name=\"twitter:label2\" content=\"Dur\u00e9e de lecture estim\u00e9e\" \/>\n\t<meta name=\"twitter:data2\" content=\"1 minute\" \/>\n<script type=\"application\/ld+json\" class=\"yoast-schema-graph\">{\"@context\":\"https:\\\/\\\/schema.org\",\"@graph\":[{\"@type\":\"Article\",\"@id\":\"https:\\\/\\\/bladnanews.com\\\/mohamed-salah-liverpool-return-date-to-be-confirmed-after-afcon-exit\\\/#article\",\"isPartOf\":{\"@id\":\"https:\\\/\\\/bladnanews.com\\\/mohamed-salah-liverpool-return-date-to-be-confirmed-after-afcon-exit\\\/\"},\"author\":{\"name\":\"Bladna News Staff\",\"@id\":\"https:\\\/\\\/mediumseagreen-eel-531711.hostingersite.com\\\/#\\\/schema\\\/person\\\/268e18a453ab080ebf76df6ef7845083\"},\"headline\":\"Mohamed Salah Liverpool return date to be confirmed after AFCON exit\",\"datePublished\":\"2026-01-16T13:41:58+00:00\",\"mainEntityOfPage\":{\"@id\":\"https:\\\/\\\/bladnanews.com\\\/mohamed-salah-liverpool-return-date-to-be-confirmed-after-afcon-exit\\\/\"},\"wordCount\":212,\"publisher\":{\"@id\":\"https:\\\/\\\/mediumseagreen-eel-531711.hostingersite.com\\\/#organization\"},\"image\":{\"@id\":\"https:\\\/\\\/bladnanews.com\\\/mohamed-salah-liverpool-return-date-to-be-confirmed-after-afcon-exit\\\/#primaryimage\"},\"thumbnailUrl\":\"https:\\\/\\\/bladnanews.com\\\/wp-content\\\/uploads\\\/2026\\\/01\\\/BladnaNews-Mohamed-Salah-Liverpool-return-date-to-be-confirmed-after-AFCON-exit-2026-01-17T010955.970Z-scaled.jpg\",\"articleSection\":[\"International\",\"Latest News\"],\"inLanguage\":\"fr-FR\",\"copyrightYear\":\"2026\",\"copyrightHolder\":{\"@id\":\"https:\\\/\\\/bladnanews.com\\\/fr\\\/#organization\"}},{\"@type\":\"WebPage\",\"@id\":\"https:\\\/\\\/bladnanews.com\\\/mohamed-salah-liverpool-return-date-to-be-confirmed-after-afcon-exit\\\/\",\"url\":\"https:\\\/\\\/bladnanews.com\\\/mohamed-salah-liverpool-return-date-to-be-confirmed-after-afcon-exit\\\/\",\"name\":\"Mohamed Salah Liverpool return date to be confirmed after AFCON exit - Bladna News\",\"isPartOf\":{\"@id\":\"https:\\\/\\\/mediumseagreen-eel-531711.hostingersite.com\\\/#website\"},\"primaryImageOfPage\":{\"@id\":\"https:\\\/\\\/bladnanews.com\\\/mohamed-salah-liverpool-return-date-to-be-confirmed-after-afcon-exit\\\/#primaryimage\"},\"image\":{\"@id\":\"https:\\\/\\\/bladnanews.com\\\/mohamed-salah-liverpool-return-date-to-be-confirmed-after-afcon-exit\\\/#primaryimage\"},\"thumbnailUrl\":\"https:\\\/\\\/bladnanews.com\\\/wp-content\\\/uploads\\\/2026\\\/01\\\/BladnaNews-Mohamed-Salah-Liverpool-return-date-to-be-confirmed-after-AFCON-exit-2026-01-17T010955.970Z-scaled.jpg\",\"datePublished\":\"2026-01-16T13:41:58+00:00\",\"breadcrumb\":{\"@id\":\"https:\\\/\\\/bladnanews.com\\\/mohamed-salah-liverpool-return-date-to-be-confirmed-after-afcon-exit\\\/#breadcrumb\"},\"inLanguage\":\"fr-FR\",\"potentialAction\":[{\"@type\":\"ReadAction\",\"target\":[\"https:\\\/\\\/bladnanews.com\\\/mohamed-salah-liverpool-return-date-to-be-confirmed-after-afcon-exit\\\/\"]}]},{\"@type\":\"ImageObject\",\"inLanguage\":\"fr-FR\",\"@id\":\"https:\\\/\\\/bladnanews.com\\\/mohamed-salah-liverpool-return-date-to-be-confirmed-after-afcon-exit\\\/#primaryimage\",\"url\":\"https:\\\/\\\/bladnanews.com\\\/wp-content\\\/uploads\\\/2026\\\/01\\\/BladnaNews-Mohamed-Salah-Liverpool-return-date-to-be-confirmed-after-AFCON-exit-2026-01-17T010955.970Z-scaled.jpg\",\"contentUrl\":\"https:\\\/\\\/bladnanews.com\\\/wp-content\\\/uploads\\\/2026\\\/01\\\/BladnaNews-Mohamed-Salah-Liverpool-return-date-to-be-confirmed-after-AFCON-exit-2026-01-17T010955.970Z-scaled.jpg\",\"width\":2560,\"height\":1440,\"caption\":\"Mohamed Salah wears a red Egypt kit, looking pensive with his hand on his head during a match, showcasing his emotional response post-game.\"},{\"@type\":\"BreadcrumbList\",\"@id\":\"https:\\\/\\\/bladnanews.com\\\/mohamed-salah-liverpool-return-date-to-be-confirmed-after-afcon-exit\\\/#breadcrumb\",\"itemListElement\":[{\"@type\":\"ListItem\",\"position\":1,\"name\":\"Home\",\"item\":\"https:\\\/\\\/bladnanews.com\\\/\"},{\"@type\":\"ListItem\",\"position\":2,\"name\":\"Mohamed Salah Liverpool return date to be confirmed after AFCON exit\"}]},{\"@type\":\"WebSite\",\"@id\":\"https:\\\/\\\/mediumseagreen-eel-531711.hostingersite.com\\\/#website\",\"url\":\"https:\\\/\\\/mediumseagreen-eel-531711.hostingersite.com\\\/\",\"name\":\"Bladna News - Morocco\",\"description\":\"Where Moroccan Football Meets the World\",\"publisher\":{\"@id\":\"https:\\\/\\\/mediumseagreen-eel-531711.hostingersite.com\\\/#organization\"},\"potentialAction\":[{\"@type\":\"SearchAction\",\"target\":{\"@type\":\"EntryPoint\",\"urlTemplate\":\"https:\\\/\\\/mediumseagreen-eel-531711.hostingersite.com\\\/?s={search_term_string}\"},\"query-input\":{\"@type\":\"PropertyValueSpecification\",\"valueRequired\":true,\"valueName\":\"search_term_string\"}}],\"inLanguage\":\"fr-FR\"},{\"@type\":\"Organization\",\"@id\":\"https:\\\/\\\/mediumseagreen-eel-531711.hostingersite.com\\\/#organization\",\"name\":\"Bladna News.com\",\"url\":\"https:\\\/\\\/mediumseagreen-eel-531711.hostingersite.com\\\/\",\"logo\":{\"@type\":\"ImageObject\",\"inLanguage\":\"fr-FR\",\"@id\":\"https:\\\/\\\/mediumseagreen-eel-531711.hostingersite.com\\\/#\\\/schema\\\/logo\\\/image\\\/\",\"url\":\"https:\\\/\\\/bladnanews.com\\\/wp-content\\\/uploads\\\/2025\\\/12\\\/logo-bladnanews-V2-web-black-red.png\",\"contentUrl\":\"https:\\\/\\\/bladnanews.com\\\/wp-content\\\/uploads\\\/2025\\\/12\\\/logo-bladnanews-V2-web-black-red.png\",\"width\":703,\"height\":287,\"caption\":\"Bladna News.com\"},\"image\":{\"@id\":\"https:\\\/\\\/mediumseagreen-eel-531711.hostingersite.com\\\/#\\\/schema\\\/logo\\\/image\\\/\"},\"email\":\"info@bladnanews.com\",\"legalName\":\"Bladna News\"},{\"@type\":\"Person\",\"@id\":\"https:\\\/\\\/mediumseagreen-eel-531711.hostingersite.com\\\/#\\\/schema\\\/person\\\/268e18a453ab080ebf76df6ef7845083\",\"name\":\"Bladna News Staff\",\"url\":\"https:\\\/\\\/bladnanews.com\\\/fr\\\/author\\\/bladna-news-staff\\\/\"}]}<\/script>\n<!-- \/ Yoast SEO Premium plugin. -->","yoast_head_json":{"title":"La date de retour de Mohamed Salah \u00e0 Liverpool \u00e0 confirmer apr\u00e8s son \u00e9limination de la CAN - Bladna News","robots":{"index":"index","follow":"follow","max-snippet":"max-snippet:-1","max-image-preview":"max-image-preview:large","max-video-preview":"max-video-preview:-1"},"canonical":"https:\/\/bladnanews.com\/fr\/la-date-de-retour-de-mohamed-salah-a-liverpool-sera-confirmee-apres-son-elimination-de-la-can\/","og_locale":"fr_FR","og_type":"article","og_title":"Mohamed Salah Liverpool return date to be confirmed after AFCON exit","og_description":"Mohamed Salah\u2019s return date to Liverpool is set to be confirmed after Egypt\u2019s heartbreaking exit from the Africa Cup of [&hellip;]","og_url":"https:\/\/bladnanews.com\/fr\/la-date-de-retour-de-mohamed-salah-a-liverpool-sera-confirmee-apres-son-elimination-de-la-can\/","og_site_name":"Bladna News","article_published_time":"2026-01-16T13:41:58+00:00","og_image":[{"width":1312,"height":736,"url":"https:\/\/bladnanews.com\/wp-content\/uploads\/2025\/12\/freepik__bladna-newscom-moroccan-soccer-homepage-banner-mor__41838.png","type":"image\/png"}],"author":"Bladna News Staff","twitter_card":"summary_large_image","twitter_misc":{"\u00c9crit par":"Bladna News Staff","Dur\u00e9e de lecture estim\u00e9e":"1 minute"},"schema":{"@context":"https:\/\/schema.org","@graph":[{"@type":"Article","@id":"https:\/\/bladnanews.com\/mohamed-salah-liverpool-return-date-to-be-confirmed-after-afcon-exit\/#article","isPartOf":{"@id":"https:\/\/bladnanews.com\/mohamed-salah-liverpool-return-date-to-be-confirmed-after-afcon-exit\/"},"author":{"name":"Bladna News Staff","@id":"https:\/\/mediumseagreen-eel-531711.hostingersite.com\/#\/schema\/person\/268e18a453ab080ebf76df6ef7845083"},"headline":"Mohamed Salah Liverpool return date to be confirmed after AFCON exit","datePublished":"2026-01-16T13:41:58+00:00","mainEntityOfPage":{"@id":"https:\/\/bladnanews.com\/mohamed-salah-liverpool-return-date-to-be-confirmed-after-afcon-exit\/"},"wordCount":212,"publisher":{"@id":"https:\/\/mediumseagreen-eel-531711.hostingersite.com\/#organization"},"image":{"@id":"https:\/\/bladnanews.com\/mohamed-salah-liverpool-return-date-to-be-confirmed-after-afcon-exit\/#primaryimage"},"thumbnailUrl":"https:\/\/bladnanews.com\/wp-content\/uploads\/2026\/01\/BladnaNews-Mohamed-Salah-Liverpool-return-date-to-be-confirmed-after-AFCON-exit-2026-01-17T010955.970Z-scaled.jpg","articleSection":["International","Latest News"],"inLanguage":"fr-FR","copyrightYear":"2026","copyrightHolder":{"@id":"https:\/\/bladnanews.com\/fr\/#organization"}},{"@type":"WebPage","@id":"https:\/\/bladnanews.com\/mohamed-salah-liverpool-return-date-to-be-confirmed-after-afcon-exit\/","url":"https:\/\/bladnanews.com\/mohamed-salah-liverpool-return-date-to-be-confirmed-after-afcon-exit\/","name":"La date de retour de Mohamed Salah \u00e0 Liverpool \u00e0 confirmer apr\u00e8s son \u00e9limination de la CAN - Bladna News","isPartOf":{"@id":"https:\/\/mediumseagreen-eel-531711.hostingersite.com\/#website"},"primaryImageOfPage":{"@id":"https:\/\/bladnanews.com\/mohamed-salah-liverpool-return-date-to-be-confirmed-after-afcon-exit\/#primaryimage"},"image":{"@id":"https:\/\/bladnanews.com\/mohamed-salah-liverpool-return-date-to-be-confirmed-after-afcon-exit\/#primaryimage"},"thumbnailUrl":"https:\/\/bladnanews.com\/wp-content\/uploads\/2026\/01\/BladnaNews-Mohamed-Salah-Liverpool-return-date-to-be-confirmed-after-AFCON-exit-2026-01-17T010955.970Z-scaled.jpg","datePublished":"2026-01-16T13:41:58+00:00","breadcrumb":{"@id":"https:\/\/bladnanews.com\/mohamed-salah-liverpool-return-date-to-be-confirmed-after-afcon-exit\/#breadcrumb"},"inLanguage":"fr-FR","potentialAction":[{"@type":"ReadAction","target":["https:\/\/bladnanews.com\/mohamed-salah-liverpool-return-date-to-be-confirmed-after-afcon-exit\/"]}]},{"@type":"ImageObject","inLanguage":"fr-FR","@id":"https:\/\/bladnanews.com\/mohamed-salah-liverpool-return-date-to-be-confirmed-after-afcon-exit\/#primaryimage","url":"https:\/\/bladnanews.com\/wp-content\/uploads\/2026\/01\/BladnaNews-Mohamed-Salah-Liverpool-return-date-to-be-confirmed-after-AFCON-exit-2026-01-17T010955.970Z-scaled.jpg","contentUrl":"https:\/\/bladnanews.com\/wp-content\/uploads\/2026\/01\/BladnaNews-Mohamed-Salah-Liverpool-return-date-to-be-confirmed-after-AFCON-exit-2026-01-17T010955.970Z-scaled.jpg","width":2560,"height":1440,"caption":"Mohamed Salah wears a red Egypt kit, looking pensive with his hand on his head during a match, showcasing his emotional response post-game."},{"@type":"BreadcrumbList","@id":"https:\/\/bladnanews.com\/mohamed-salah-liverpool-return-date-to-be-confirmed-after-afcon-exit\/#breadcrumb","itemListElement":[{"@type":"ListItem","position":1,"name":"Home","item":"https:\/\/bladnanews.com\/"},{"@type":"ListItem","position":2,"name":"Mohamed Salah Liverpool return date to be confirmed after AFCON exit"}]},{"@type":"WebSite","@id":"https:\/\/mediumseagreen-eel-531711.hostingersite.com\/#website","url":"https:\/\/mediumseagreen-eel-531711.hostingersite.com\/","name":"Bladna News - Maroc","description":"Quand le football marocain rencontre le monde","publisher":{"@id":"https:\/\/mediumseagreen-eel-531711.hostingersite.com\/#organization"},"potentialAction":[{"@type":"SearchAction","target":{"@type":"EntryPoint","urlTemplate":"https:\/\/mediumseagreen-eel-531711.hostingersite.com\/?s={search_term_string}"},"query-input":{"@type":"PropertyValueSpecification","valueRequired":true,"valueName":"search_term_string"}}],"inLanguage":"fr-FR"},{"@type":"Organization","@id":"https:\/\/mediumseagreen-eel-531711.hostingersite.com\/#organization","name":"Bladna News.com","url":"https:\/\/mediumseagreen-eel-531711.hostingersite.com\/","logo":{"@type":"ImageObject","inLanguage":"fr-FR","@id":"https:\/\/mediumseagreen-eel-531711.hostingersite.com\/#\/schema\/logo\/image\/","url":"https:\/\/bladnanews.com\/wp-content\/uploads\/2025\/12\/logo-bladnanews-V2-web-black-red.png","contentUrl":"https:\/\/bladnanews.com\/wp-content\/uploads\/2025\/12\/logo-bladnanews-V2-web-black-red.png","width":703,"height":287,"caption":"Bladna News.com"},"image":{"@id":"https:\/\/mediumseagreen-eel-531711.hostingersite.com\/#\/schema\/logo\/image\/"},"email":"info@bladnanews.com","legalName":"Bladna News"},{"@type":"Person","@id":"https:\/\/mediumseagreen-eel-531711.hostingersite.com\/#\/schema\/person\/268e18a453ab080ebf76df6ef7845083","name":"\u00c9quipe r\u00e9dactionnelle de Bladna News","url":"https:\/\/bladnanews.com\/fr\/author\/bladna-news-staff\/"}]}},"_links":{"self":[{"href":"https:\/\/bladnanews.com\/fr\/wp-json\/wp\/v2\/posts\/6502","targetHints":{"allow":["GET"]}}],"collection":[{"href":"https:\/\/bladnanews.com\/fr\/wp-json\/wp\/v2\/posts"}],"about":[{"href":"https:\/\/bladnanews.com\/fr\/wp-json\/wp\/v2\/types\/post"}],"author":[{"embeddable":true,"href":"https:\/\/bladnanews.com\/fr\/wp-json\/wp\/v2\/users\/3"}],"replies":[{"embeddable":true,"href":"https:\/\/bladnanews.com\/fr\/wp-json\/wp\/v2\/comments?post=6502"}],"version-history":[{"count":0,"href":"https:\/\/bladnanews.com\/fr\/wp-json\/wp\/v2\/posts\/6502\/revisions"}],"wp:featuredmedia":[{"embeddable":true,"href":"https:\/\/bladnanews.com\/fr\/wp-json\/wp\/v2\/media\/6501"}],"wp:attachment":[{"href":"https:\/\/bladnanews.com\/fr\/wp-json\/wp\/v2\/media?parent=6502"}],"wp:term":[{"taxonomy":"category","embeddable":true,"href":"https:\/\/bladnanews.com\/fr\/wp-json\/wp\/v2\/categories?post=6502"},{"taxonomy":"post_tag","embeddable":true,"href":"https:\/\/bladnanews.com\/fr\/wp-json\/wp\/v2\/tags?post=6502"}],"curies":[{"name":"wp","href":"https:\/\/api.w.org\/{rel}","templated":true}]}}