{"id":6504,"date":"2026-01-16T14:04:22","date_gmt":"2026-01-16T14:04:22","guid":{"rendered":"https:\/\/bladnanews.com\/oliver-glasner-confirms-he-will-leave-crystal-palace-in-summer\/"},"modified":"2026-01-16T14:04:22","modified_gmt":"2026-01-16T14:04:22","slug":"oliver-glasner-confirme-quil-quittera-crystal-palace-cet-ete","status":"publish","type":"post","link":"https:\/\/bladnanews.com\/fr\/oliver-glasner-confirme-quil-quittera-crystal-palace-cet-ete\/","title":{"rendered":"Oliver Glasner confirme qu'il quittera Crystal Palace cet \u00e9t\u00e9"},"content":{"rendered":"<p>Oliver Glasner a confirm\u00e9 qu'il quittera Crystal Palace \u00e0 la fin de la saison, ce qui entra\u00eene une grande incertitude pour le club \u00e0 l'approche d'un \u00e9t\u00e9 d\u00e9cisif.<\/p>\n<p>\u00c9voquant son avenir, Glasner a clairement indiqu\u00e9 que son passage \u00e0 Selhurst Park touche \u00e0 sa fin \u00e0 l'issue de la campagne en cours, obligeant d\u00e9sormais Palace \u00e0 prendre une d\u00e9cision cruciale quant au futur entra\u00eeneur de l'\u00e9quipe.<\/p>\n<p>Cette annonce intervient alors que Palace se pr\u00e9pare \u00e9galement \u00e0 un changement majeur au sein de l'effectif. Le club a accept\u00e9 une offre de 20 millions de livres sterling de Manchester City pour son capitaine Marc Guehi, ce qui signifie que le d\u00e9fenseur anglais devrait partir d\u00e8s l'ouverture du mercato.<\/p>\n<p>Guehi a \u00e9t\u00e9 l'un des joueurs les plus remarquables de Palace et une figure centrale du vestiaire, et son transfert pr\u00e9vu vers City laisserait un vide consid\u00e9rable dans la d\u00e9fense. Avec le d\u00e9part \u00e9galement programm\u00e9 de Glasner, Palace aborde l'\u00e9t\u00e9 avec \u00e0 la fois son entra\u00eeneur et son capitaine sur le d\u00e9part.<\/p>\n<p>Palace doit d\u00e9sormais se concentrer sur une fin de saison solide tout en planifiant une reconstruction qui inclura un nouvel entra\u00eeneur principal et un rempla\u00e7ant pour Guehi, le club cherchant \u00e0 stabiliser la situation apr\u00e8s une p\u00e9riode difficile.<\/p>","protected":false},"excerpt":{"rendered":"<p>Oliver Glasner has confirmed he will leave Crystal Palace at the end of the season, bringing major uncertainty to the [&hellip;]<\/p>\n","protected":false},"author":3,"featured_media":6503,"comment_status":"","ping_status":"open","sticky":false,"template":"","format":"standard","meta":{"googlesitekit_rrm_CAow_uzEDA:productID":"","site-sidebar-layout":"default","site-content-layout":"","ast-site-content-layout":"default","site-content-style":"default","site-sidebar-style":"default","ast-global-header-display":"","ast-banner-title-visibility":"","ast-main-header-display":"","ast-hfb-above-header-display":"","ast-hfb-below-header-display":"","ast-hfb-mobile-header-display":"","site-post-title":"","ast-breadcrumbs-content":"","ast-featured-img":"","footer-sml-layout":"","ast-disable-related-posts":"","theme-transparent-header-meta":"","adv-header-id-meta":"","stick-header-meta":"","header-above-stick-meta":"","header-main-stick-meta":"","header-below-stick-meta":"","astra-migrate-meta-layouts":"default","ast-page-background-enabled":"default","ast-page-background-meta":{"desktop":{"background-color":"var(--ast-global-color-5)","background-image":"","background-repeat":"repeat","background-position":"center center","background-size":"auto","background-attachment":"scroll","background-type":"","background-media":"","overlay-type":"","overlay-color":"","overlay-opacity":"","overlay-gradient":""},"tablet":{"background-color":"","background-image":"","background-repeat":"repeat","background-position":"center center","background-size":"auto","background-attachment":"scroll","background-type":"","background-media":"","overlay-type":"","overlay-color":"","overlay-opacity":"","overlay-gradient":""},"mobile":{"background-color":"","background-image":"","background-repeat":"repeat","background-position":"center center","background-size":"auto","background-attachment":"scroll","background-type":"","background-media":"","overlay-type":"","overlay-color":"","overlay-opacity":"","overlay-gradient":""}},"ast-content-background-meta":{"desktop":{"background-color":"var(--ast-global-color-4)","background-image":"","background-repeat":"repeat","background-position":"center center","background-size":"auto","background-attachment":"scroll","background-type":"","background-media":"","overlay-type":"","overlay-color":"","overlay-opacity":"","overlay-gradient":""},"tablet":{"background-color":"var(--ast-global-color-4)","background-image":"","background-repeat":"repeat","background-position":"center center","background-size":"auto","background-attachment":"scroll","background-type":"","background-media":"","overlay-type":"","overlay-color":"","overlay-opacity":"","overlay-gradient":""},"mobile":{"background-color":"var(--ast-global-color-4)","background-image":"","background-repeat":"repeat","background-position":"center center","background-size":"auto","background-attachment":"scroll","background-type":"","background-media":"","overlay-type":"","overlay-color":"","overlay-opacity":"","overlay-gradient":""}},"footnotes":""},"categories":[20,1],"tags":[],"class_list":["post-6504","post","type-post","status-publish","format-standard","has-post-thumbnail","hentry","category-international","category-football-latest-news"],"yoast_head":"<!-- This site is optimized with the Yoast SEO Premium plugin v26.6 (Yoast SEO v27.5) - https:\/\/yoast.com\/product\/yoast-seo-premium-wordpress\/ -->\n<title>Oliver Glasner confirms he will leave Crystal Palace in summer - Bladna News<\/title>\n<meta name=\"robots\" content=\"index, follow, max-snippet:-1, max-image-preview:large, max-video-preview:-1\" \/>\n<link rel=\"canonical\" href=\"https:\/\/bladnanews.com\/fr\/oliver-glasner-confirme-quil-quittera-crystal-palace-cet-ete\/\" \/>\n<meta property=\"og:locale\" content=\"fr_FR\" \/>\n<meta property=\"og:type\" content=\"article\" \/>\n<meta property=\"og:title\" content=\"Oliver Glasner confirms he will leave Crystal Palace in summer\" \/>\n<meta property=\"og:description\" content=\"Oliver Glasner has confirmed he will leave Crystal Palace at the end of the season, bringing major uncertainty to the [&hellip;]\" \/>\n<meta property=\"og:url\" content=\"https:\/\/bladnanews.com\/fr\/oliver-glasner-confirme-quil-quittera-crystal-palace-cet-ete\/\" \/>\n<meta property=\"og:site_name\" content=\"Bladna News\" \/>\n<meta property=\"article:published_time\" content=\"2026-01-16T14:04:22+00:00\" \/>\n<meta property=\"og:image\" content=\"https:\/\/bladnanews.com\/wp-content\/uploads\/2025\/12\/freepik__bladna-newscom-moroccan-soccer-homepage-banner-mor__41838.png\" \/>\n\t<meta property=\"og:image:width\" content=\"1312\" \/>\n\t<meta property=\"og:image:height\" content=\"736\" \/>\n\t<meta property=\"og:image:type\" content=\"image\/png\" \/>\n<meta name=\"author\" content=\"Bladna News Staff\" \/>\n<meta name=\"twitter:card\" content=\"summary_large_image\" \/>\n<meta name=\"twitter:label1\" content=\"\u00c9crit par\" \/>\n\t<meta name=\"twitter:data1\" content=\"Bladna News Staff\" \/>\n\t<meta name=\"twitter:label2\" content=\"Dur\u00e9e de lecture estim\u00e9e\" \/>\n\t<meta name=\"twitter:data2\" content=\"1 minute\" \/>\n<script type=\"application\/ld+json\" class=\"yoast-schema-graph\">{\"@context\":\"https:\\\/\\\/schema.org\",\"@graph\":[{\"@type\":\"Article\",\"@id\":\"https:\\\/\\\/bladnanews.com\\\/oliver-glasner-confirms-he-will-leave-crystal-palace-in-summer\\\/#article\",\"isPartOf\":{\"@id\":\"https:\\\/\\\/bladnanews.com\\\/oliver-glasner-confirms-he-will-leave-crystal-palace-in-summer\\\/\"},\"author\":{\"name\":\"Bladna News Staff\",\"@id\":\"https:\\\/\\\/mediumseagreen-eel-531711.hostingersite.com\\\/#\\\/schema\\\/person\\\/268e18a453ab080ebf76df6ef7845083\"},\"headline\":\"Oliver Glasner confirms he will leave Crystal Palace in summer\",\"datePublished\":\"2026-01-16T14:04:22+00:00\",\"mainEntityOfPage\":{\"@id\":\"https:\\\/\\\/bladnanews.com\\\/oliver-glasner-confirms-he-will-leave-crystal-palace-in-summer\\\/\"},\"wordCount\":206,\"publisher\":{\"@id\":\"https:\\\/\\\/mediumseagreen-eel-531711.hostingersite.com\\\/#organization\"},\"image\":{\"@id\":\"https:\\\/\\\/bladnanews.com\\\/oliver-glasner-confirms-he-will-leave-crystal-palace-in-summer\\\/#primaryimage\"},\"thumbnailUrl\":\"https:\\\/\\\/bladnanews.com\\\/wp-content\\\/uploads\\\/2026\\\/01\\\/BladnaNews-Oliver-Glasner-confirms-he-will-leave-Crystal-Palace-in-summer-2026-01-17T011020.180Z-scaled.jpg\",\"articleSection\":[\"International\",\"Latest News\"],\"inLanguage\":\"fr-FR\",\"copyrightYear\":\"2026\",\"copyrightHolder\":{\"@id\":\"https:\\\/\\\/bladnanews.com\\\/fr\\\/#organization\"}},{\"@type\":\"WebPage\",\"@id\":\"https:\\\/\\\/bladnanews.com\\\/oliver-glasner-confirms-he-will-leave-crystal-palace-in-summer\\\/\",\"url\":\"https:\\\/\\\/bladnanews.com\\\/oliver-glasner-confirms-he-will-leave-crystal-palace-in-summer\\\/\",\"name\":\"Oliver Glasner confirms he will leave Crystal Palace in summer - Bladna News\",\"isPartOf\":{\"@id\":\"https:\\\/\\\/mediumseagreen-eel-531711.hostingersite.com\\\/#website\"},\"primaryImageOfPage\":{\"@id\":\"https:\\\/\\\/bladnanews.com\\\/oliver-glasner-confirms-he-will-leave-crystal-palace-in-summer\\\/#primaryimage\"},\"image\":{\"@id\":\"https:\\\/\\\/bladnanews.com\\\/oliver-glasner-confirms-he-will-leave-crystal-palace-in-summer\\\/#primaryimage\"},\"thumbnailUrl\":\"https:\\\/\\\/bladnanews.com\\\/wp-content\\\/uploads\\\/2026\\\/01\\\/BladnaNews-Oliver-Glasner-confirms-he-will-leave-Crystal-Palace-in-summer-2026-01-17T011020.180Z-scaled.jpg\",\"datePublished\":\"2026-01-16T14:04:22+00:00\",\"breadcrumb\":{\"@id\":\"https:\\\/\\\/bladnanews.com\\\/oliver-glasner-confirms-he-will-leave-crystal-palace-in-summer\\\/#breadcrumb\"},\"inLanguage\":\"fr-FR\",\"potentialAction\":[{\"@type\":\"ReadAction\",\"target\":[\"https:\\\/\\\/bladnanews.com\\\/oliver-glasner-confirms-he-will-leave-crystal-palace-in-summer\\\/\"]}]},{\"@type\":\"ImageObject\",\"inLanguage\":\"fr-FR\",\"@id\":\"https:\\\/\\\/bladnanews.com\\\/oliver-glasner-confirms-he-will-leave-crystal-palace-in-summer\\\/#primaryimage\",\"url\":\"https:\\\/\\\/bladnanews.com\\\/wp-content\\\/uploads\\\/2026\\\/01\\\/BladnaNews-Oliver-Glasner-confirms-he-will-leave-Crystal-Palace-in-summer-2026-01-17T011020.180Z-scaled.jpg\",\"contentUrl\":\"https:\\\/\\\/bladnanews.com\\\/wp-content\\\/uploads\\\/2026\\\/01\\\/BladnaNews-Oliver-Glasner-confirms-he-will-leave-Crystal-Palace-in-summer-2026-01-17T011020.180Z-scaled.jpg\",\"width\":2560,\"height\":1440,\"caption\":\"Crystal Palace's manager and player sit at a press conference, both in blue hoodies, against a backdrop of vibrant sponsor logos for the UEFA Conference League.\"},{\"@type\":\"BreadcrumbList\",\"@id\":\"https:\\\/\\\/bladnanews.com\\\/oliver-glasner-confirms-he-will-leave-crystal-palace-in-summer\\\/#breadcrumb\",\"itemListElement\":[{\"@type\":\"ListItem\",\"position\":1,\"name\":\"Home\",\"item\":\"https:\\\/\\\/bladnanews.com\\\/\"},{\"@type\":\"ListItem\",\"position\":2,\"name\":\"Oliver Glasner confirms he will leave Crystal Palace in summer\"}]},{\"@type\":\"WebSite\",\"@id\":\"https:\\\/\\\/mediumseagreen-eel-531711.hostingersite.com\\\/#website\",\"url\":\"https:\\\/\\\/mediumseagreen-eel-531711.hostingersite.com\\\/\",\"name\":\"Bladna News - Morocco\",\"description\":\"Where Moroccan Football Meets the World\",\"publisher\":{\"@id\":\"https:\\\/\\\/mediumseagreen-eel-531711.hostingersite.com\\\/#organization\"},\"potentialAction\":[{\"@type\":\"SearchAction\",\"target\":{\"@type\":\"EntryPoint\",\"urlTemplate\":\"https:\\\/\\\/mediumseagreen-eel-531711.hostingersite.com\\\/?s={search_term_string}\"},\"query-input\":{\"@type\":\"PropertyValueSpecification\",\"valueRequired\":true,\"valueName\":\"search_term_string\"}}],\"inLanguage\":\"fr-FR\"},{\"@type\":\"Organization\",\"@id\":\"https:\\\/\\\/mediumseagreen-eel-531711.hostingersite.com\\\/#organization\",\"name\":\"Bladna News.com\",\"url\":\"https:\\\/\\\/mediumseagreen-eel-531711.hostingersite.com\\\/\",\"logo\":{\"@type\":\"ImageObject\",\"inLanguage\":\"fr-FR\",\"@id\":\"https:\\\/\\\/mediumseagreen-eel-531711.hostingersite.com\\\/#\\\/schema\\\/logo\\\/image\\\/\",\"url\":\"https:\\\/\\\/bladnanews.com\\\/wp-content\\\/uploads\\\/2025\\\/12\\\/logo-bladnanews-V2-web-black-red.png\",\"contentUrl\":\"https:\\\/\\\/bladnanews.com\\\/wp-content\\\/uploads\\\/2025\\\/12\\\/logo-bladnanews-V2-web-black-red.png\",\"width\":703,\"height\":287,\"caption\":\"Bladna News.com\"},\"image\":{\"@id\":\"https:\\\/\\\/mediumseagreen-eel-531711.hostingersite.com\\\/#\\\/schema\\\/logo\\\/image\\\/\"},\"email\":\"info@bladnanews.com\",\"legalName\":\"Bladna News\"},{\"@type\":\"Person\",\"@id\":\"https:\\\/\\\/mediumseagreen-eel-531711.hostingersite.com\\\/#\\\/schema\\\/person\\\/268e18a453ab080ebf76df6ef7845083\",\"name\":\"Bladna News Staff\",\"url\":\"https:\\\/\\\/bladnanews.com\\\/fr\\\/author\\\/bladna-news-staff\\\/\"}]}<\/script>\n<!-- \/ Yoast SEO Premium plugin. -->","yoast_head_json":{"title":"Oliver Glasner confirme qu'il quittera Crystal Palace cet \u00e9t\u00e9 - Bladna News","robots":{"index":"index","follow":"follow","max-snippet":"max-snippet:-1","max-image-preview":"max-image-preview:large","max-video-preview":"max-video-preview:-1"},"canonical":"https:\/\/bladnanews.com\/fr\/oliver-glasner-confirme-quil-quittera-crystal-palace-cet-ete\/","og_locale":"fr_FR","og_type":"article","og_title":"Oliver Glasner confirms he will leave Crystal Palace in summer","og_description":"Oliver Glasner has confirmed he will leave Crystal Palace at the end of the season, bringing major uncertainty to the [&hellip;]","og_url":"https:\/\/bladnanews.com\/fr\/oliver-glasner-confirme-quil-quittera-crystal-palace-cet-ete\/","og_site_name":"Bladna News","article_published_time":"2026-01-16T14:04:22+00:00","og_image":[{"width":1312,"height":736,"url":"https:\/\/bladnanews.com\/wp-content\/uploads\/2025\/12\/freepik__bladna-newscom-moroccan-soccer-homepage-banner-mor__41838.png","type":"image\/png"}],"author":"Bladna News Staff","twitter_card":"summary_large_image","twitter_misc":{"\u00c9crit par":"Bladna News Staff","Dur\u00e9e de lecture estim\u00e9e":"1 minute"},"schema":{"@context":"https:\/\/schema.org","@graph":[{"@type":"Article","@id":"https:\/\/bladnanews.com\/oliver-glasner-confirms-he-will-leave-crystal-palace-in-summer\/#article","isPartOf":{"@id":"https:\/\/bladnanews.com\/oliver-glasner-confirms-he-will-leave-crystal-palace-in-summer\/"},"author":{"name":"Bladna News Staff","@id":"https:\/\/mediumseagreen-eel-531711.hostingersite.com\/#\/schema\/person\/268e18a453ab080ebf76df6ef7845083"},"headline":"Oliver Glasner confirms he will leave Crystal Palace in summer","datePublished":"2026-01-16T14:04:22+00:00","mainEntityOfPage":{"@id":"https:\/\/bladnanews.com\/oliver-glasner-confirms-he-will-leave-crystal-palace-in-summer\/"},"wordCount":206,"publisher":{"@id":"https:\/\/mediumseagreen-eel-531711.hostingersite.com\/#organization"},"image":{"@id":"https:\/\/bladnanews.com\/oliver-glasner-confirms-he-will-leave-crystal-palace-in-summer\/#primaryimage"},"thumbnailUrl":"https:\/\/bladnanews.com\/wp-content\/uploads\/2026\/01\/BladnaNews-Oliver-Glasner-confirms-he-will-leave-Crystal-Palace-in-summer-2026-01-17T011020.180Z-scaled.jpg","articleSection":["International","Latest News"],"inLanguage":"fr-FR","copyrightYear":"2026","copyrightHolder":{"@id":"https:\/\/bladnanews.com\/fr\/#organization"}},{"@type":"WebPage","@id":"https:\/\/bladnanews.com\/oliver-glasner-confirms-he-will-leave-crystal-palace-in-summer\/","url":"https:\/\/bladnanews.com\/oliver-glasner-confirms-he-will-leave-crystal-palace-in-summer\/","name":"Oliver Glasner confirme qu'il quittera Crystal Palace cet \u00e9t\u00e9 - Bladna News","isPartOf":{"@id":"https:\/\/mediumseagreen-eel-531711.hostingersite.com\/#website"},"primaryImageOfPage":{"@id":"https:\/\/bladnanews.com\/oliver-glasner-confirms-he-will-leave-crystal-palace-in-summer\/#primaryimage"},"image":{"@id":"https:\/\/bladnanews.com\/oliver-glasner-confirms-he-will-leave-crystal-palace-in-summer\/#primaryimage"},"thumbnailUrl":"https:\/\/bladnanews.com\/wp-content\/uploads\/2026\/01\/BladnaNews-Oliver-Glasner-confirms-he-will-leave-Crystal-Palace-in-summer-2026-01-17T011020.180Z-scaled.jpg","datePublished":"2026-01-16T14:04:22+00:00","breadcrumb":{"@id":"https:\/\/bladnanews.com\/oliver-glasner-confirms-he-will-leave-crystal-palace-in-summer\/#breadcrumb"},"inLanguage":"fr-FR","potentialAction":[{"@type":"ReadAction","target":["https:\/\/bladnanews.com\/oliver-glasner-confirms-he-will-leave-crystal-palace-in-summer\/"]}]},{"@type":"ImageObject","inLanguage":"fr-FR","@id":"https:\/\/bladnanews.com\/oliver-glasner-confirms-he-will-leave-crystal-palace-in-summer\/#primaryimage","url":"https:\/\/bladnanews.com\/wp-content\/uploads\/2026\/01\/BladnaNews-Oliver-Glasner-confirms-he-will-leave-Crystal-Palace-in-summer-2026-01-17T011020.180Z-scaled.jpg","contentUrl":"https:\/\/bladnanews.com\/wp-content\/uploads\/2026\/01\/BladnaNews-Oliver-Glasner-confirms-he-will-leave-Crystal-Palace-in-summer-2026-01-17T011020.180Z-scaled.jpg","width":2560,"height":1440,"caption":"Crystal Palace's manager and player sit at a press conference, both in blue hoodies, against a backdrop of vibrant sponsor logos for the UEFA Conference League."},{"@type":"BreadcrumbList","@id":"https:\/\/bladnanews.com\/oliver-glasner-confirms-he-will-leave-crystal-palace-in-summer\/#breadcrumb","itemListElement":[{"@type":"ListItem","position":1,"name":"Home","item":"https:\/\/bladnanews.com\/"},{"@type":"ListItem","position":2,"name":"Oliver Glasner confirms he will leave Crystal Palace in summer"}]},{"@type":"WebSite","@id":"https:\/\/mediumseagreen-eel-531711.hostingersite.com\/#website","url":"https:\/\/mediumseagreen-eel-531711.hostingersite.com\/","name":"Bladna News - Maroc","description":"Quand le football marocain rencontre le monde","publisher":{"@id":"https:\/\/mediumseagreen-eel-531711.hostingersite.com\/#organization"},"potentialAction":[{"@type":"SearchAction","target":{"@type":"EntryPoint","urlTemplate":"https:\/\/mediumseagreen-eel-531711.hostingersite.com\/?s={search_term_string}"},"query-input":{"@type":"PropertyValueSpecification","valueRequired":true,"valueName":"search_term_string"}}],"inLanguage":"fr-FR"},{"@type":"Organization","@id":"https:\/\/mediumseagreen-eel-531711.hostingersite.com\/#organization","name":"Bladna News.com","url":"https:\/\/mediumseagreen-eel-531711.hostingersite.com\/","logo":{"@type":"ImageObject","inLanguage":"fr-FR","@id":"https:\/\/mediumseagreen-eel-531711.hostingersite.com\/#\/schema\/logo\/image\/","url":"https:\/\/bladnanews.com\/wp-content\/uploads\/2025\/12\/logo-bladnanews-V2-web-black-red.png","contentUrl":"https:\/\/bladnanews.com\/wp-content\/uploads\/2025\/12\/logo-bladnanews-V2-web-black-red.png","width":703,"height":287,"caption":"Bladna News.com"},"image":{"@id":"https:\/\/mediumseagreen-eel-531711.hostingersite.com\/#\/schema\/logo\/image\/"},"email":"info@bladnanews.com","legalName":"Bladna News"},{"@type":"Person","@id":"https:\/\/mediumseagreen-eel-531711.hostingersite.com\/#\/schema\/person\/268e18a453ab080ebf76df6ef7845083","name":"\u00c9quipe r\u00e9dactionnelle de Bladna News","url":"https:\/\/bladnanews.com\/fr\/author\/bladna-news-staff\/"}]}},"_links":{"self":[{"href":"https:\/\/bladnanews.com\/fr\/wp-json\/wp\/v2\/posts\/6504","targetHints":{"allow":["GET"]}}],"collection":[{"href":"https:\/\/bladnanews.com\/fr\/wp-json\/wp\/v2\/posts"}],"about":[{"href":"https:\/\/bladnanews.com\/fr\/wp-json\/wp\/v2\/types\/post"}],"author":[{"embeddable":true,"href":"https:\/\/bladnanews.com\/fr\/wp-json\/wp\/v2\/users\/3"}],"replies":[{"embeddable":true,"href":"https:\/\/bladnanews.com\/fr\/wp-json\/wp\/v2\/comments?post=6504"}],"version-history":[{"count":0,"href":"https:\/\/bladnanews.com\/fr\/wp-json\/wp\/v2\/posts\/6504\/revisions"}],"wp:featuredmedia":[{"embeddable":true,"href":"https:\/\/bladnanews.com\/fr\/wp-json\/wp\/v2\/media\/6503"}],"wp:attachment":[{"href":"https:\/\/bladnanews.com\/fr\/wp-json\/wp\/v2\/media?parent=6504"}],"wp:term":[{"taxonomy":"category","embeddable":true,"href":"https:\/\/bladnanews.com\/fr\/wp-json\/wp\/v2\/categories?post=6504"},{"taxonomy":"post_tag","embeddable":true,"href":"https:\/\/bladnanews.com\/fr\/wp-json\/wp\/v2\/tags?post=6504"}],"curies":[{"name":"wp","href":"https:\/\/api.w.org\/{rel}","templated":true}]}}