{"id":6506,"date":"2026-01-16T14:05:14","date_gmt":"2026-01-16T14:05:14","guid":{"rendered":"https:\/\/bladnanews.com\/dominic-calvert-lewin-wins-award-as-first-leeds-player-since-ferdinand\/"},"modified":"2026-01-16T14:05:14","modified_gmt":"2026-01-16T14:05:14","slug":"dominic-calvert-lewin-remporte-un-prix-en-tant-que-premier-joueur-de-leeds-depuis-ferdinand","status":"publish","type":"post","link":"https:\/\/bladnanews.com\/fr\/dominic-calvert-lewin-remporte-un-prix-en-tant-que-premier-joueur-de-leeds-depuis-ferdinand\/","title":{"rendered":"Dominic Calvert-Lewin remporte un prix en tant que premier joueur de Leeds depuis Ferdinand"},"content":{"rendered":"<p>Dominic Calvert-Lewin est entr\u00e9 dans l'histoire apr\u00e8s avoir \u00e9t\u00e9 d\u00e9sign\u00e9 Champion Communautaire de la PFA pour 2024-2025, devenant ainsi le premier joueur de Leeds United \u00e0 remporter ce troph\u00e9e depuis Rio Ferdinand.<\/p>\n<p>L'attaquant a \u00e9t\u00e9 r\u00e9compens\u00e9 pour son action en dehors des terrains, la PFA saluant son impact dans la r\u00e9gion. Il s'agit d'un moment historique pour Leeds, aucun joueur du club n'ayant remport\u00e9 le prix de Champion Communautaire depuis que Ferdinand avait re\u00e7u cette m\u00eame distinction plus t\u00f4t dans sa carri\u00e8re.<\/p>\n<p>Dans un communiqu\u00e9, la PFA a d\u00e9clar\u00e9 que Calvert-Lewin avait \u00e9t\u00e9 choisi pour la mani\u00e8re dont il a utilis\u00e9 sa notori\u00e9t\u00e9 pour soutenir des projets communautaires et interagir avec les supporters, soulignant ainsi l'importance du travail des joueurs en dehors des matchs.<\/p>\n<p>Le succ\u00e8s de Calvert-Lewin confirme \u00e9galement un d\u00e9tail notable r\u00e9v\u00e9l\u00e9 lors de l'annonce : il est d\u00e9sormais le premier joueur de Leeds depuis plus de deux d\u00e9cennies \u00e0 recevoir cette reconnaissance, inscrivant son nom aux c\u00f4t\u00e9s de celui de Ferdinand dans l'histoire moderne du club.<\/p>\n<p>Ce troph\u00e9e est d\u00e9cern\u00e9 chaque ann\u00e9e par la PFA pour c\u00e9l\u00e9brer les joueurs qui ont d\u00e9pass\u00e9 les attentes pour aider leurs communaut\u00e9s, et la victoire de Calvert-Lewin ajoute un autre temps fort \u00e0 sa premi\u00e8re saison \u00e0 Elland Road.<\/p>","protected":false},"excerpt":{"rendered":"<p>Dominic Calvert-Lewin has made history after being named the PFA Community Champion for 2024-25, becoming the first Leeds United player [&hellip;]<\/p>\n","protected":false},"author":3,"featured_media":6505,"comment_status":"","ping_status":"open","sticky":false,"template":"","format":"standard","meta":{"googlesitekit_rrm_CAow_uzEDA:productID":"","site-sidebar-layout":"default","site-content-layout":"","ast-site-content-layout":"default","site-content-style":"default","site-sidebar-style":"default","ast-global-header-display":"","ast-banner-title-visibility":"","ast-main-header-display":"","ast-hfb-above-header-display":"","ast-hfb-below-header-display":"","ast-hfb-mobile-header-display":"","site-post-title":"","ast-breadcrumbs-content":"","ast-featured-img":"","footer-sml-layout":"","ast-disable-related-posts":"","theme-transparent-header-meta":"","adv-header-id-meta":"","stick-header-meta":"","header-above-stick-meta":"","header-main-stick-meta":"","header-below-stick-meta":"","astra-migrate-meta-layouts":"default","ast-page-background-enabled":"default","ast-page-background-meta":{"desktop":{"background-color":"var(--ast-global-color-5)","background-image":"","background-repeat":"repeat","background-position":"center center","background-size":"auto","background-attachment":"scroll","background-type":"","background-media":"","overlay-type":"","overlay-color":"","overlay-opacity":"","overlay-gradient":""},"tablet":{"background-color":"","background-image":"","background-repeat":"repeat","background-position":"center center","background-size":"auto","background-attachment":"scroll","background-type":"","background-media":"","overlay-type":"","overlay-color":"","overlay-opacity":"","overlay-gradient":""},"mobile":{"background-color":"","background-image":"","background-repeat":"repeat","background-position":"center center","background-size":"auto","background-attachment":"scroll","background-type":"","background-media":"","overlay-type":"","overlay-color":"","overlay-opacity":"","overlay-gradient":""}},"ast-content-background-meta":{"desktop":{"background-color":"var(--ast-global-color-4)","background-image":"","background-repeat":"repeat","background-position":"center center","background-size":"auto","background-attachment":"scroll","background-type":"","background-media":"","overlay-type":"","overlay-color":"","overlay-opacity":"","overlay-gradient":""},"tablet":{"background-color":"var(--ast-global-color-4)","background-image":"","background-repeat":"repeat","background-position":"center center","background-size":"auto","background-attachment":"scroll","background-type":"","background-media":"","overlay-type":"","overlay-color":"","overlay-opacity":"","overlay-gradient":""},"mobile":{"background-color":"var(--ast-global-color-4)","background-image":"","background-repeat":"repeat","background-position":"center center","background-size":"auto","background-attachment":"scroll","background-type":"","background-media":"","overlay-type":"","overlay-color":"","overlay-opacity":"","overlay-gradient":""}},"footnotes":""},"categories":[20,1],"tags":[],"class_list":["post-6506","post","type-post","status-publish","format-standard","has-post-thumbnail","hentry","category-international","category-football-latest-news"],"yoast_head":"<!-- This site is optimized with the Yoast SEO Premium plugin v26.6 (Yoast SEO v27.5) - https:\/\/yoast.com\/product\/yoast-seo-premium-wordpress\/ -->\n<title>Dominic Calvert-Lewin wins award as first Leeds player since Ferdinand - Bladna News<\/title>\n<meta name=\"robots\" content=\"index, follow, max-snippet:-1, max-image-preview:large, max-video-preview:-1\" \/>\n<link rel=\"canonical\" href=\"https:\/\/bladnanews.com\/fr\/dominic-calvert-lewin-remporte-un-prix-en-tant-que-premier-joueur-de-leeds-depuis-ferdinand\/\" \/>\n<meta property=\"og:locale\" content=\"fr_FR\" \/>\n<meta property=\"og:type\" content=\"article\" \/>\n<meta property=\"og:title\" content=\"Dominic Calvert-Lewin wins award as first Leeds player since Ferdinand\" \/>\n<meta property=\"og:description\" content=\"Dominic Calvert-Lewin has made history after being named the PFA Community Champion for 2024-25, becoming the first Leeds United player [&hellip;]\" \/>\n<meta property=\"og:url\" content=\"https:\/\/bladnanews.com\/fr\/dominic-calvert-lewin-remporte-un-prix-en-tant-que-premier-joueur-de-leeds-depuis-ferdinand\/\" \/>\n<meta property=\"og:site_name\" content=\"Bladna News\" \/>\n<meta property=\"article:published_time\" content=\"2026-01-16T14:05:14+00:00\" \/>\n<meta property=\"og:image\" content=\"https:\/\/bladnanews.com\/wp-content\/uploads\/2025\/12\/freepik__bladna-newscom-moroccan-soccer-homepage-banner-mor__41838.png\" \/>\n\t<meta property=\"og:image:width\" content=\"1312\" \/>\n\t<meta property=\"og:image:height\" content=\"736\" \/>\n\t<meta property=\"og:image:type\" content=\"image\/png\" \/>\n<meta name=\"author\" content=\"Bladna News Staff\" \/>\n<meta name=\"twitter:card\" content=\"summary_large_image\" \/>\n<meta name=\"twitter:label1\" content=\"\u00c9crit par\" \/>\n\t<meta name=\"twitter:data1\" content=\"Bladna News Staff\" \/>\n\t<meta name=\"twitter:label2\" content=\"Dur\u00e9e de lecture estim\u00e9e\" \/>\n\t<meta name=\"twitter:data2\" content=\"1 minute\" \/>\n<script type=\"application\/ld+json\" class=\"yoast-schema-graph\">{\"@context\":\"https:\\\/\\\/schema.org\",\"@graph\":[{\"@type\":\"Article\",\"@id\":\"https:\\\/\\\/bladnanews.com\\\/dominic-calvert-lewin-wins-award-as-first-leeds-player-since-ferdinand\\\/#article\",\"isPartOf\":{\"@id\":\"https:\\\/\\\/bladnanews.com\\\/dominic-calvert-lewin-wins-award-as-first-leeds-player-since-ferdinand\\\/\"},\"author\":{\"name\":\"Bladna News Staff\",\"@id\":\"https:\\\/\\\/mediumseagreen-eel-531711.hostingersite.com\\\/#\\\/schema\\\/person\\\/268e18a453ab080ebf76df6ef7845083\"},\"headline\":\"Dominic Calvert-Lewin wins award as first Leeds player since Ferdinand\",\"datePublished\":\"2026-01-16T14:05:14+00:00\",\"mainEntityOfPage\":{\"@id\":\"https:\\\/\\\/bladnanews.com\\\/dominic-calvert-lewin-wins-award-as-first-leeds-player-since-ferdinand\\\/\"},\"wordCount\":198,\"publisher\":{\"@id\":\"https:\\\/\\\/mediumseagreen-eel-531711.hostingersite.com\\\/#organization\"},\"image\":{\"@id\":\"https:\\\/\\\/bladnanews.com\\\/dominic-calvert-lewin-wins-award-as-first-leeds-player-since-ferdinand\\\/#primaryimage\"},\"thumbnailUrl\":\"https:\\\/\\\/bladnanews.com\\\/wp-content\\\/uploads\\\/2026\\\/01\\\/BladnaNews-Dominic-Calvert-Lewin-wins-award-as-first-Leeds-player-since-Ferdinand-2026-01-17T011043.460Z-scaled.jpg\",\"articleSection\":[\"International\",\"Latest News\"],\"inLanguage\":\"fr-FR\",\"copyrightYear\":\"2026\",\"copyrightHolder\":{\"@id\":\"https:\\\/\\\/bladnanews.com\\\/fr\\\/#organization\"}},{\"@type\":\"WebPage\",\"@id\":\"https:\\\/\\\/bladnanews.com\\\/dominic-calvert-lewin-wins-award-as-first-leeds-player-since-ferdinand\\\/\",\"url\":\"https:\\\/\\\/bladnanews.com\\\/dominic-calvert-lewin-wins-award-as-first-leeds-player-since-ferdinand\\\/\",\"name\":\"Dominic Calvert-Lewin wins award as first Leeds player since Ferdinand - Bladna News\",\"isPartOf\":{\"@id\":\"https:\\\/\\\/mediumseagreen-eel-531711.hostingersite.com\\\/#website\"},\"primaryImageOfPage\":{\"@id\":\"https:\\\/\\\/bladnanews.com\\\/dominic-calvert-lewin-wins-award-as-first-leeds-player-since-ferdinand\\\/#primaryimage\"},\"image\":{\"@id\":\"https:\\\/\\\/bladnanews.com\\\/dominic-calvert-lewin-wins-award-as-first-leeds-player-since-ferdinand\\\/#primaryimage\"},\"thumbnailUrl\":\"https:\\\/\\\/bladnanews.com\\\/wp-content\\\/uploads\\\/2026\\\/01\\\/BladnaNews-Dominic-Calvert-Lewin-wins-award-as-first-Leeds-player-since-Ferdinand-2026-01-17T011043.460Z-scaled.jpg\",\"datePublished\":\"2026-01-16T14:05:14+00:00\",\"breadcrumb\":{\"@id\":\"https:\\\/\\\/bladnanews.com\\\/dominic-calvert-lewin-wins-award-as-first-leeds-player-since-ferdinand\\\/#breadcrumb\"},\"inLanguage\":\"fr-FR\",\"potentialAction\":[{\"@type\":\"ReadAction\",\"target\":[\"https:\\\/\\\/bladnanews.com\\\/dominic-calvert-lewin-wins-award-as-first-leeds-player-since-ferdinand\\\/\"]}]},{\"@type\":\"ImageObject\",\"inLanguage\":\"fr-FR\",\"@id\":\"https:\\\/\\\/bladnanews.com\\\/dominic-calvert-lewin-wins-award-as-first-leeds-player-since-ferdinand\\\/#primaryimage\",\"url\":\"https:\\\/\\\/bladnanews.com\\\/wp-content\\\/uploads\\\/2026\\\/01\\\/BladnaNews-Dominic-Calvert-Lewin-wins-award-as-first-Leeds-player-since-Ferdinand-2026-01-17T011043.460Z-scaled.jpg\",\"contentUrl\":\"https:\\\/\\\/bladnanews.com\\\/wp-content\\\/uploads\\\/2026\\\/01\\\/BladnaNews-Dominic-Calvert-Lewin-wins-award-as-first-Leeds-player-since-Ferdinand-2026-01-17T011043.460Z-scaled.jpg\",\"width\":2560,\"height\":1440,\"caption\":\"Dominic Calvert-Lewin celebrates in Leeds' blue and yellow kit, arms outstretched, amid an enthusiastic crowd in the background.\"},{\"@type\":\"BreadcrumbList\",\"@id\":\"https:\\\/\\\/bladnanews.com\\\/dominic-calvert-lewin-wins-award-as-first-leeds-player-since-ferdinand\\\/#breadcrumb\",\"itemListElement\":[{\"@type\":\"ListItem\",\"position\":1,\"name\":\"Home\",\"item\":\"https:\\\/\\\/bladnanews.com\\\/\"},{\"@type\":\"ListItem\",\"position\":2,\"name\":\"Dominic Calvert-Lewin wins award as first Leeds player since Ferdinand\"}]},{\"@type\":\"WebSite\",\"@id\":\"https:\\\/\\\/mediumseagreen-eel-531711.hostingersite.com\\\/#website\",\"url\":\"https:\\\/\\\/mediumseagreen-eel-531711.hostingersite.com\\\/\",\"name\":\"Bladna News - Morocco\",\"description\":\"Where Moroccan Football Meets the World\",\"publisher\":{\"@id\":\"https:\\\/\\\/mediumseagreen-eel-531711.hostingersite.com\\\/#organization\"},\"potentialAction\":[{\"@type\":\"SearchAction\",\"target\":{\"@type\":\"EntryPoint\",\"urlTemplate\":\"https:\\\/\\\/mediumseagreen-eel-531711.hostingersite.com\\\/?s={search_term_string}\"},\"query-input\":{\"@type\":\"PropertyValueSpecification\",\"valueRequired\":true,\"valueName\":\"search_term_string\"}}],\"inLanguage\":\"fr-FR\"},{\"@type\":\"Organization\",\"@id\":\"https:\\\/\\\/mediumseagreen-eel-531711.hostingersite.com\\\/#organization\",\"name\":\"Bladna News.com\",\"url\":\"https:\\\/\\\/mediumseagreen-eel-531711.hostingersite.com\\\/\",\"logo\":{\"@type\":\"ImageObject\",\"inLanguage\":\"fr-FR\",\"@id\":\"https:\\\/\\\/mediumseagreen-eel-531711.hostingersite.com\\\/#\\\/schema\\\/logo\\\/image\\\/\",\"url\":\"https:\\\/\\\/bladnanews.com\\\/wp-content\\\/uploads\\\/2025\\\/12\\\/logo-bladnanews-V2-web-black-red.png\",\"contentUrl\":\"https:\\\/\\\/bladnanews.com\\\/wp-content\\\/uploads\\\/2025\\\/12\\\/logo-bladnanews-V2-web-black-red.png\",\"width\":703,\"height\":287,\"caption\":\"Bladna News.com\"},\"image\":{\"@id\":\"https:\\\/\\\/mediumseagreen-eel-531711.hostingersite.com\\\/#\\\/schema\\\/logo\\\/image\\\/\"},\"email\":\"info@bladnanews.com\",\"legalName\":\"Bladna News\"},{\"@type\":\"Person\",\"@id\":\"https:\\\/\\\/mediumseagreen-eel-531711.hostingersite.com\\\/#\\\/schema\\\/person\\\/268e18a453ab080ebf76df6ef7845083\",\"name\":\"Bladna News Staff\",\"url\":\"https:\\\/\\\/bladnanews.com\\\/fr\\\/author\\\/bladna-news-staff\\\/\"}]}<\/script>\n<!-- \/ Yoast SEO Premium plugin. -->","yoast_head_json":{"title":"Dominic Calvert-Lewin remporte un prix en tant que premier joueur de Leeds depuis Ferdinand - Bladna News","robots":{"index":"index","follow":"follow","max-snippet":"max-snippet:-1","max-image-preview":"max-image-preview:large","max-video-preview":"max-video-preview:-1"},"canonical":"https:\/\/bladnanews.com\/fr\/dominic-calvert-lewin-remporte-un-prix-en-tant-que-premier-joueur-de-leeds-depuis-ferdinand\/","og_locale":"fr_FR","og_type":"article","og_title":"Dominic Calvert-Lewin wins award as first Leeds player since Ferdinand","og_description":"Dominic Calvert-Lewin has made history after being named the PFA Community Champion for 2024-25, becoming the first Leeds United player [&hellip;]","og_url":"https:\/\/bladnanews.com\/fr\/dominic-calvert-lewin-remporte-un-prix-en-tant-que-premier-joueur-de-leeds-depuis-ferdinand\/","og_site_name":"Bladna News","article_published_time":"2026-01-16T14:05:14+00:00","og_image":[{"width":1312,"height":736,"url":"https:\/\/bladnanews.com\/wp-content\/uploads\/2025\/12\/freepik__bladna-newscom-moroccan-soccer-homepage-banner-mor__41838.png","type":"image\/png"}],"author":"Bladna News Staff","twitter_card":"summary_large_image","twitter_misc":{"\u00c9crit par":"Bladna News Staff","Dur\u00e9e de lecture estim\u00e9e":"1 minute"},"schema":{"@context":"https:\/\/schema.org","@graph":[{"@type":"Article","@id":"https:\/\/bladnanews.com\/dominic-calvert-lewin-wins-award-as-first-leeds-player-since-ferdinand\/#article","isPartOf":{"@id":"https:\/\/bladnanews.com\/dominic-calvert-lewin-wins-award-as-first-leeds-player-since-ferdinand\/"},"author":{"name":"Bladna News Staff","@id":"https:\/\/mediumseagreen-eel-531711.hostingersite.com\/#\/schema\/person\/268e18a453ab080ebf76df6ef7845083"},"headline":"Dominic Calvert-Lewin wins award as first Leeds player since Ferdinand","datePublished":"2026-01-16T14:05:14+00:00","mainEntityOfPage":{"@id":"https:\/\/bladnanews.com\/dominic-calvert-lewin-wins-award-as-first-leeds-player-since-ferdinand\/"},"wordCount":198,"publisher":{"@id":"https:\/\/mediumseagreen-eel-531711.hostingersite.com\/#organization"},"image":{"@id":"https:\/\/bladnanews.com\/dominic-calvert-lewin-wins-award-as-first-leeds-player-since-ferdinand\/#primaryimage"},"thumbnailUrl":"https:\/\/bladnanews.com\/wp-content\/uploads\/2026\/01\/BladnaNews-Dominic-Calvert-Lewin-wins-award-as-first-Leeds-player-since-Ferdinand-2026-01-17T011043.460Z-scaled.jpg","articleSection":["International","Latest News"],"inLanguage":"fr-FR","copyrightYear":"2026","copyrightHolder":{"@id":"https:\/\/bladnanews.com\/fr\/#organization"}},{"@type":"WebPage","@id":"https:\/\/bladnanews.com\/dominic-calvert-lewin-wins-award-as-first-leeds-player-since-ferdinand\/","url":"https:\/\/bladnanews.com\/dominic-calvert-lewin-wins-award-as-first-leeds-player-since-ferdinand\/","name":"Dominic Calvert-Lewin remporte un prix en tant que premier joueur de Leeds depuis Ferdinand - Bladna News","isPartOf":{"@id":"https:\/\/mediumseagreen-eel-531711.hostingersite.com\/#website"},"primaryImageOfPage":{"@id":"https:\/\/bladnanews.com\/dominic-calvert-lewin-wins-award-as-first-leeds-player-since-ferdinand\/#primaryimage"},"image":{"@id":"https:\/\/bladnanews.com\/dominic-calvert-lewin-wins-award-as-first-leeds-player-since-ferdinand\/#primaryimage"},"thumbnailUrl":"https:\/\/bladnanews.com\/wp-content\/uploads\/2026\/01\/BladnaNews-Dominic-Calvert-Lewin-wins-award-as-first-Leeds-player-since-Ferdinand-2026-01-17T011043.460Z-scaled.jpg","datePublished":"2026-01-16T14:05:14+00:00","breadcrumb":{"@id":"https:\/\/bladnanews.com\/dominic-calvert-lewin-wins-award-as-first-leeds-player-since-ferdinand\/#breadcrumb"},"inLanguage":"fr-FR","potentialAction":[{"@type":"ReadAction","target":["https:\/\/bladnanews.com\/dominic-calvert-lewin-wins-award-as-first-leeds-player-since-ferdinand\/"]}]},{"@type":"ImageObject","inLanguage":"fr-FR","@id":"https:\/\/bladnanews.com\/dominic-calvert-lewin-wins-award-as-first-leeds-player-since-ferdinand\/#primaryimage","url":"https:\/\/bladnanews.com\/wp-content\/uploads\/2026\/01\/BladnaNews-Dominic-Calvert-Lewin-wins-award-as-first-Leeds-player-since-Ferdinand-2026-01-17T011043.460Z-scaled.jpg","contentUrl":"https:\/\/bladnanews.com\/wp-content\/uploads\/2026\/01\/BladnaNews-Dominic-Calvert-Lewin-wins-award-as-first-Leeds-player-since-Ferdinand-2026-01-17T011043.460Z-scaled.jpg","width":2560,"height":1440,"caption":"Dominic Calvert-Lewin celebrates in Leeds' blue and yellow kit, arms outstretched, amid an enthusiastic crowd in the background."},{"@type":"BreadcrumbList","@id":"https:\/\/bladnanews.com\/dominic-calvert-lewin-wins-award-as-first-leeds-player-since-ferdinand\/#breadcrumb","itemListElement":[{"@type":"ListItem","position":1,"name":"Home","item":"https:\/\/bladnanews.com\/"},{"@type":"ListItem","position":2,"name":"Dominic Calvert-Lewin wins award as first Leeds player since Ferdinand"}]},{"@type":"WebSite","@id":"https:\/\/mediumseagreen-eel-531711.hostingersite.com\/#website","url":"https:\/\/mediumseagreen-eel-531711.hostingersite.com\/","name":"Bladna News - Maroc","description":"Quand le football marocain rencontre le monde","publisher":{"@id":"https:\/\/mediumseagreen-eel-531711.hostingersite.com\/#organization"},"potentialAction":[{"@type":"SearchAction","target":{"@type":"EntryPoint","urlTemplate":"https:\/\/mediumseagreen-eel-531711.hostingersite.com\/?s={search_term_string}"},"query-input":{"@type":"PropertyValueSpecification","valueRequired":true,"valueName":"search_term_string"}}],"inLanguage":"fr-FR"},{"@type":"Organization","@id":"https:\/\/mediumseagreen-eel-531711.hostingersite.com\/#organization","name":"Bladna News.com","url":"https:\/\/mediumseagreen-eel-531711.hostingersite.com\/","logo":{"@type":"ImageObject","inLanguage":"fr-FR","@id":"https:\/\/mediumseagreen-eel-531711.hostingersite.com\/#\/schema\/logo\/image\/","url":"https:\/\/bladnanews.com\/wp-content\/uploads\/2025\/12\/logo-bladnanews-V2-web-black-red.png","contentUrl":"https:\/\/bladnanews.com\/wp-content\/uploads\/2025\/12\/logo-bladnanews-V2-web-black-red.png","width":703,"height":287,"caption":"Bladna News.com"},"image":{"@id":"https:\/\/mediumseagreen-eel-531711.hostingersite.com\/#\/schema\/logo\/image\/"},"email":"info@bladnanews.com","legalName":"Bladna News"},{"@type":"Person","@id":"https:\/\/mediumseagreen-eel-531711.hostingersite.com\/#\/schema\/person\/268e18a453ab080ebf76df6ef7845083","name":"\u00c9quipe r\u00e9dactionnelle de Bladna News","url":"https:\/\/bladnanews.com\/fr\/author\/bladna-news-staff\/"}]}},"_links":{"self":[{"href":"https:\/\/bladnanews.com\/fr\/wp-json\/wp\/v2\/posts\/6506","targetHints":{"allow":["GET"]}}],"collection":[{"href":"https:\/\/bladnanews.com\/fr\/wp-json\/wp\/v2\/posts"}],"about":[{"href":"https:\/\/bladnanews.com\/fr\/wp-json\/wp\/v2\/types\/post"}],"author":[{"embeddable":true,"href":"https:\/\/bladnanews.com\/fr\/wp-json\/wp\/v2\/users\/3"}],"replies":[{"embeddable":true,"href":"https:\/\/bladnanews.com\/fr\/wp-json\/wp\/v2\/comments?post=6506"}],"version-history":[{"count":0,"href":"https:\/\/bladnanews.com\/fr\/wp-json\/wp\/v2\/posts\/6506\/revisions"}],"wp:featuredmedia":[{"embeddable":true,"href":"https:\/\/bladnanews.com\/fr\/wp-json\/wp\/v2\/media\/6505"}],"wp:attachment":[{"href":"https:\/\/bladnanews.com\/fr\/wp-json\/wp\/v2\/media?parent=6506"}],"wp:term":[{"taxonomy":"category","embeddable":true,"href":"https:\/\/bladnanews.com\/fr\/wp-json\/wp\/v2\/categories?post=6506"},{"taxonomy":"post_tag","embeddable":true,"href":"https:\/\/bladnanews.com\/fr\/wp-json\/wp\/v2\/tags?post=6506"}],"curies":[{"name":"wp","href":"https:\/\/api.w.org\/{rel}","templated":true}]}}