{"id":6530,"date":"2026-01-16T14:50:02","date_gmt":"2026-01-16T14:50:02","guid":{"rendered":"https:\/\/bladnanews.com\/ter-stegen-set-for-barcelona-exit-after-salary-cut-loan-deal\/"},"modified":"2026-01-16T14:50:02","modified_gmt":"2026-01-16T14:50:02","slug":"ter-stegen-pret-a-quitter-barcelone-apres-un-pret-assorti-dune-reduction-de-salaire","status":"publish","type":"post","link":"https:\/\/bladnanews.com\/fr\/ter-stegen-pret-a-quitter-barcelone-apres-un-pret-assorti-dune-reduction-de-salaire\/","title":{"rendered":"Ter Stegen s'appr\u00eate \u00e0 quitter le FC Barcelone apr\u00e8s un pr\u00eat assorti d'une r\u00e9duction de salaire"},"content":{"rendered":"<p>Marc-Andr\u00e9 ter Stegen devrait finalement quitter Barcelone en janvier apr\u00e8s avoir accept\u00e9 de renoncer \u00e0 la majeure partie de son salaire pour faciliter un pr\u00eat.<\/p>\n<p>Le gardien de but est \u00e9voqu\u00e9 dans des rumeurs de d\u00e9part depuis des mois, mais les d\u00e9tails financiers constituaient un obstacle majeur. La situation a d\u00e9sormais chang\u00e9, Ter Stegen \u00e9tant pr\u00eat \u00e0 accepter une r\u00e9duction salariale significative afin que l'op\u00e9ration puisse \u00eatre finalis\u00e9e pendant le mercato hivernal.<\/p>\n<p>Le rapport r\u00e9v\u00e8le que l'international allemand a accept\u00e9 de renoncer \u00e0 la majorit\u00e9 de ses revenus pour le reste de la saison, une mesure destin\u00e9e \u00e0 aider Barcelone \u00e0 satisfaire aux conditions requises pour enregistrer le transfert. Il s'agit d'une concession majeure de la part d'un joueur cadre et elle ouvre la voie \u00e0 la finalisation du pr\u00eat.<\/p>\n<p>Ter Stegen figurait parmi les joueurs les mieux r\u00e9mun\u00e9r\u00e9s du FC Barcelone et sa situation contractuelle s'inscrivait r\u00e9guli\u00e8rement dans les efforts plus larges du club pour r\u00e9duire ses co\u00fbts. Le joueur \u00e9tant d\u00e9sormais pr\u00eat \u00e0 all\u00e9ger cette charge, le pr\u00eat de janvier devrait se concr\u00e9tiser comme pr\u00e9vu.<\/p>\n<p>L'attention de Barcelone se porte d\u00e9sormais sur l'ach\u00e8vement des derni\u00e8res \u00e9tapes de l'accord, le sacrifice salarial de Ter Stegen \u00e9tant consid\u00e9r\u00e9 comme le facteur cl\u00e9 ayant d\u00e9bloqu\u00e9 le d\u00e9part.<\/p>","protected":false},"excerpt":{"rendered":"<p>Marc-Andre ter Stegen is finally set to leave Barcelona in January after agreeing to give up most of his salary [&hellip;]<\/p>\n","protected":false},"author":3,"featured_media":6529,"comment_status":"","ping_status":"open","sticky":false,"template":"","format":"standard","meta":{"googlesitekit_rrm_CAow_uzEDA:productID":"","site-sidebar-layout":"default","site-content-layout":"","ast-site-content-layout":"default","site-content-style":"default","site-sidebar-style":"default","ast-global-header-display":"","ast-banner-title-visibility":"","ast-main-header-display":"","ast-hfb-above-header-display":"","ast-hfb-below-header-display":"","ast-hfb-mobile-header-display":"","site-post-title":"","ast-breadcrumbs-content":"","ast-featured-img":"","footer-sml-layout":"","ast-disable-related-posts":"","theme-transparent-header-meta":"","adv-header-id-meta":"","stick-header-meta":"","header-above-stick-meta":"","header-main-stick-meta":"","header-below-stick-meta":"","astra-migrate-meta-layouts":"default","ast-page-background-enabled":"default","ast-page-background-meta":{"desktop":{"background-color":"var(--ast-global-color-5)","background-image":"","background-repeat":"repeat","background-position":"center center","background-size":"auto","background-attachment":"scroll","background-type":"","background-media":"","overlay-type":"","overlay-color":"","overlay-opacity":"","overlay-gradient":""},"tablet":{"background-color":"","background-image":"","background-repeat":"repeat","background-position":"center center","background-size":"auto","background-attachment":"scroll","background-type":"","background-media":"","overlay-type":"","overlay-color":"","overlay-opacity":"","overlay-gradient":""},"mobile":{"background-color":"","background-image":"","background-repeat":"repeat","background-position":"center center","background-size":"auto","background-attachment":"scroll","background-type":"","background-media":"","overlay-type":"","overlay-color":"","overlay-opacity":"","overlay-gradient":""}},"ast-content-background-meta":{"desktop":{"background-color":"var(--ast-global-color-4)","background-image":"","background-repeat":"repeat","background-position":"center center","background-size":"auto","background-attachment":"scroll","background-type":"","background-media":"","overlay-type":"","overlay-color":"","overlay-opacity":"","overlay-gradient":""},"tablet":{"background-color":"var(--ast-global-color-4)","background-image":"","background-repeat":"repeat","background-position":"center center","background-size":"auto","background-attachment":"scroll","background-type":"","background-media":"","overlay-type":"","overlay-color":"","overlay-opacity":"","overlay-gradient":""},"mobile":{"background-color":"var(--ast-global-color-4)","background-image":"","background-repeat":"repeat","background-position":"center center","background-size":"auto","background-attachment":"scroll","background-type":"","background-media":"","overlay-type":"","overlay-color":"","overlay-opacity":"","overlay-gradient":""}},"footnotes":""},"categories":[20,1],"tags":[],"class_list":["post-6530","post","type-post","status-publish","format-standard","has-post-thumbnail","hentry","category-international","category-football-latest-news"],"yoast_head":"<!-- This site is optimized with the Yoast SEO Premium plugin v26.6 (Yoast SEO v27.5) - https:\/\/yoast.com\/product\/yoast-seo-premium-wordpress\/ -->\n<title>Ter Stegen set for Barcelona exit after salary cut loan deal - Bladna News<\/title>\n<meta name=\"robots\" content=\"index, follow, max-snippet:-1, max-image-preview:large, max-video-preview:-1\" \/>\n<link rel=\"canonical\" href=\"https:\/\/bladnanews.com\/fr\/ter-stegen-pret-a-quitter-barcelone-apres-un-pret-assorti-dune-reduction-de-salaire\/\" \/>\n<meta property=\"og:locale\" content=\"fr_FR\" \/>\n<meta property=\"og:type\" content=\"article\" \/>\n<meta property=\"og:title\" content=\"Ter Stegen set for Barcelona exit after salary cut loan deal\" \/>\n<meta property=\"og:description\" content=\"Marc-Andre ter Stegen is finally set to leave Barcelona in January after agreeing to give up most of his salary [&hellip;]\" \/>\n<meta property=\"og:url\" content=\"https:\/\/bladnanews.com\/fr\/ter-stegen-pret-a-quitter-barcelone-apres-un-pret-assorti-dune-reduction-de-salaire\/\" \/>\n<meta property=\"og:site_name\" content=\"Bladna News\" \/>\n<meta property=\"article:published_time\" content=\"2026-01-16T14:50:02+00:00\" \/>\n<meta property=\"og:image\" content=\"https:\/\/bladnanews.com\/wp-content\/uploads\/2025\/12\/freepik__bladna-newscom-moroccan-soccer-homepage-banner-mor__41838.png\" \/>\n\t<meta property=\"og:image:width\" content=\"1312\" \/>\n\t<meta property=\"og:image:height\" content=\"736\" \/>\n\t<meta property=\"og:image:type\" content=\"image\/png\" \/>\n<meta name=\"author\" content=\"Bladna News Staff\" \/>\n<meta name=\"twitter:card\" content=\"summary_large_image\" \/>\n<meta name=\"twitter:label1\" content=\"\u00c9crit par\" \/>\n\t<meta name=\"twitter:data1\" content=\"Bladna News Staff\" \/>\n\t<meta name=\"twitter:label2\" content=\"Dur\u00e9e de lecture estim\u00e9e\" \/>\n\t<meta name=\"twitter:data2\" content=\"1 minute\" \/>\n<script type=\"application\/ld+json\" class=\"yoast-schema-graph\">{\"@context\":\"https:\\\/\\\/schema.org\",\"@graph\":[{\"@type\":\"Article\",\"@id\":\"https:\\\/\\\/bladnanews.com\\\/ter-stegen-set-for-barcelona-exit-after-salary-cut-loan-deal\\\/#article\",\"isPartOf\":{\"@id\":\"https:\\\/\\\/bladnanews.com\\\/ter-stegen-set-for-barcelona-exit-after-salary-cut-loan-deal\\\/\"},\"author\":{\"name\":\"Bladna News Staff\",\"@id\":\"https:\\\/\\\/mediumseagreen-eel-531711.hostingersite.com\\\/#\\\/schema\\\/person\\\/268e18a453ab080ebf76df6ef7845083\"},\"headline\":\"Ter Stegen set for Barcelona exit after salary cut loan deal\",\"datePublished\":\"2026-01-16T14:50:02+00:00\",\"mainEntityOfPage\":{\"@id\":\"https:\\\/\\\/bladnanews.com\\\/ter-stegen-set-for-barcelona-exit-after-salary-cut-loan-deal\\\/\"},\"wordCount\":212,\"publisher\":{\"@id\":\"https:\\\/\\\/mediumseagreen-eel-531711.hostingersite.com\\\/#organization\"},\"image\":{\"@id\":\"https:\\\/\\\/bladnanews.com\\\/ter-stegen-set-for-barcelona-exit-after-salary-cut-loan-deal\\\/#primaryimage\"},\"thumbnailUrl\":\"https:\\\/\\\/bladnanews.com\\\/wp-content\\\/uploads\\\/2026\\\/01\\\/BladnaNews-Ter-Stegen-set-for-Barcelona-exit-after-salary-cut-loan-deal-2026-01-17T050951.400Z-scaled.jpg\",\"articleSection\":[\"International\",\"Latest News\"],\"inLanguage\":\"fr-FR\",\"copyrightYear\":\"2026\",\"copyrightHolder\":{\"@id\":\"https:\\\/\\\/bladnanews.com\\\/fr\\\/#organization\"}},{\"@type\":\"WebPage\",\"@id\":\"https:\\\/\\\/bladnanews.com\\\/ter-stegen-set-for-barcelona-exit-after-salary-cut-loan-deal\\\/\",\"url\":\"https:\\\/\\\/bladnanews.com\\\/ter-stegen-set-for-barcelona-exit-after-salary-cut-loan-deal\\\/\",\"name\":\"Ter Stegen set for Barcelona exit after salary cut loan deal - Bladna News\",\"isPartOf\":{\"@id\":\"https:\\\/\\\/mediumseagreen-eel-531711.hostingersite.com\\\/#website\"},\"primaryImageOfPage\":{\"@id\":\"https:\\\/\\\/bladnanews.com\\\/ter-stegen-set-for-barcelona-exit-after-salary-cut-loan-deal\\\/#primaryimage\"},\"image\":{\"@id\":\"https:\\\/\\\/bladnanews.com\\\/ter-stegen-set-for-barcelona-exit-after-salary-cut-loan-deal\\\/#primaryimage\"},\"thumbnailUrl\":\"https:\\\/\\\/bladnanews.com\\\/wp-content\\\/uploads\\\/2026\\\/01\\\/BladnaNews-Ter-Stegen-set-for-Barcelona-exit-after-salary-cut-loan-deal-2026-01-17T050951.400Z-scaled.jpg\",\"datePublished\":\"2026-01-16T14:50:02+00:00\",\"breadcrumb\":{\"@id\":\"https:\\\/\\\/bladnanews.com\\\/ter-stegen-set-for-barcelona-exit-after-salary-cut-loan-deal\\\/#breadcrumb\"},\"inLanguage\":\"fr-FR\",\"potentialAction\":[{\"@type\":\"ReadAction\",\"target\":[\"https:\\\/\\\/bladnanews.com\\\/ter-stegen-set-for-barcelona-exit-after-salary-cut-loan-deal\\\/\"]}]},{\"@type\":\"ImageObject\",\"inLanguage\":\"fr-FR\",\"@id\":\"https:\\\/\\\/bladnanews.com\\\/ter-stegen-set-for-barcelona-exit-after-salary-cut-loan-deal\\\/#primaryimage\",\"url\":\"https:\\\/\\\/bladnanews.com\\\/wp-content\\\/uploads\\\/2026\\\/01\\\/BladnaNews-Ter-Stegen-set-for-Barcelona-exit-after-salary-cut-loan-deal-2026-01-17T050951.400Z-scaled.jpg\",\"contentUrl\":\"https:\\\/\\\/bladnanews.com\\\/wp-content\\\/uploads\\\/2026\\\/01\\\/BladnaNews-Ter-Stegen-set-for-Barcelona-exit-after-salary-cut-loan-deal-2026-01-17T050951.400Z-scaled.jpg\",\"width\":2560,\"height\":1440,\"caption\":\"Marc-Andr\u00e9 ter Stegen in a blue Barcelona kit, preparing for play with one hand raised, showcasing his focused expression and goalkeeping gloves.\"},{\"@type\":\"BreadcrumbList\",\"@id\":\"https:\\\/\\\/bladnanews.com\\\/ter-stegen-set-for-barcelona-exit-after-salary-cut-loan-deal\\\/#breadcrumb\",\"itemListElement\":[{\"@type\":\"ListItem\",\"position\":1,\"name\":\"Home\",\"item\":\"https:\\\/\\\/bladnanews.com\\\/\"},{\"@type\":\"ListItem\",\"position\":2,\"name\":\"Ter Stegen set for Barcelona exit after salary cut loan deal\"}]},{\"@type\":\"WebSite\",\"@id\":\"https:\\\/\\\/mediumseagreen-eel-531711.hostingersite.com\\\/#website\",\"url\":\"https:\\\/\\\/mediumseagreen-eel-531711.hostingersite.com\\\/\",\"name\":\"Bladna News - Morocco\",\"description\":\"Where Moroccan Football Meets the World\",\"publisher\":{\"@id\":\"https:\\\/\\\/mediumseagreen-eel-531711.hostingersite.com\\\/#organization\"},\"potentialAction\":[{\"@type\":\"SearchAction\",\"target\":{\"@type\":\"EntryPoint\",\"urlTemplate\":\"https:\\\/\\\/mediumseagreen-eel-531711.hostingersite.com\\\/?s={search_term_string}\"},\"query-input\":{\"@type\":\"PropertyValueSpecification\",\"valueRequired\":true,\"valueName\":\"search_term_string\"}}],\"inLanguage\":\"fr-FR\"},{\"@type\":\"Organization\",\"@id\":\"https:\\\/\\\/mediumseagreen-eel-531711.hostingersite.com\\\/#organization\",\"name\":\"Bladna News.com\",\"url\":\"https:\\\/\\\/mediumseagreen-eel-531711.hostingersite.com\\\/\",\"logo\":{\"@type\":\"ImageObject\",\"inLanguage\":\"fr-FR\",\"@id\":\"https:\\\/\\\/mediumseagreen-eel-531711.hostingersite.com\\\/#\\\/schema\\\/logo\\\/image\\\/\",\"url\":\"https:\\\/\\\/bladnanews.com\\\/wp-content\\\/uploads\\\/2025\\\/12\\\/logo-bladnanews-V2-web-black-red.png\",\"contentUrl\":\"https:\\\/\\\/bladnanews.com\\\/wp-content\\\/uploads\\\/2025\\\/12\\\/logo-bladnanews-V2-web-black-red.png\",\"width\":703,\"height\":287,\"caption\":\"Bladna News.com\"},\"image\":{\"@id\":\"https:\\\/\\\/mediumseagreen-eel-531711.hostingersite.com\\\/#\\\/schema\\\/logo\\\/image\\\/\"},\"email\":\"info@bladnanews.com\",\"legalName\":\"Bladna News\"},{\"@type\":\"Person\",\"@id\":\"https:\\\/\\\/mediumseagreen-eel-531711.hostingersite.com\\\/#\\\/schema\\\/person\\\/268e18a453ab080ebf76df6ef7845083\",\"name\":\"Bladna News Staff\",\"url\":\"https:\\\/\\\/bladnanews.com\\\/fr\\\/author\\\/bladna-news-staff\\\/\"}]}<\/script>\n<!-- \/ Yoast SEO Premium plugin. -->","yoast_head_json":{"title":"Ter Stegen sur le d\u00e9part du Bar\u00e7a apr\u00e8s un pr\u00eat avec r\u00e9duction de salaire - Bladna News","robots":{"index":"index","follow":"follow","max-snippet":"max-snippet:-1","max-image-preview":"max-image-preview:large","max-video-preview":"max-video-preview:-1"},"canonical":"https:\/\/bladnanews.com\/fr\/ter-stegen-pret-a-quitter-barcelone-apres-un-pret-assorti-dune-reduction-de-salaire\/","og_locale":"fr_FR","og_type":"article","og_title":"Ter Stegen set for Barcelona exit after salary cut loan deal","og_description":"Marc-Andre ter Stegen is finally set to leave Barcelona in January after agreeing to give up most of his salary [&hellip;]","og_url":"https:\/\/bladnanews.com\/fr\/ter-stegen-pret-a-quitter-barcelone-apres-un-pret-assorti-dune-reduction-de-salaire\/","og_site_name":"Bladna News","article_published_time":"2026-01-16T14:50:02+00:00","og_image":[{"width":1312,"height":736,"url":"https:\/\/bladnanews.com\/wp-content\/uploads\/2025\/12\/freepik__bladna-newscom-moroccan-soccer-homepage-banner-mor__41838.png","type":"image\/png"}],"author":"Bladna News Staff","twitter_card":"summary_large_image","twitter_misc":{"\u00c9crit par":"Bladna News Staff","Dur\u00e9e de lecture estim\u00e9e":"1 minute"},"schema":{"@context":"https:\/\/schema.org","@graph":[{"@type":"Article","@id":"https:\/\/bladnanews.com\/ter-stegen-set-for-barcelona-exit-after-salary-cut-loan-deal\/#article","isPartOf":{"@id":"https:\/\/bladnanews.com\/ter-stegen-set-for-barcelona-exit-after-salary-cut-loan-deal\/"},"author":{"name":"Bladna News Staff","@id":"https:\/\/mediumseagreen-eel-531711.hostingersite.com\/#\/schema\/person\/268e18a453ab080ebf76df6ef7845083"},"headline":"Ter Stegen set for Barcelona exit after salary cut loan deal","datePublished":"2026-01-16T14:50:02+00:00","mainEntityOfPage":{"@id":"https:\/\/bladnanews.com\/ter-stegen-set-for-barcelona-exit-after-salary-cut-loan-deal\/"},"wordCount":212,"publisher":{"@id":"https:\/\/mediumseagreen-eel-531711.hostingersite.com\/#organization"},"image":{"@id":"https:\/\/bladnanews.com\/ter-stegen-set-for-barcelona-exit-after-salary-cut-loan-deal\/#primaryimage"},"thumbnailUrl":"https:\/\/bladnanews.com\/wp-content\/uploads\/2026\/01\/BladnaNews-Ter-Stegen-set-for-Barcelona-exit-after-salary-cut-loan-deal-2026-01-17T050951.400Z-scaled.jpg","articleSection":["International","Latest News"],"inLanguage":"fr-FR","copyrightYear":"2026","copyrightHolder":{"@id":"https:\/\/bladnanews.com\/fr\/#organization"}},{"@type":"WebPage","@id":"https:\/\/bladnanews.com\/ter-stegen-set-for-barcelona-exit-after-salary-cut-loan-deal\/","url":"https:\/\/bladnanews.com\/ter-stegen-set-for-barcelona-exit-after-salary-cut-loan-deal\/","name":"Ter Stegen sur le d\u00e9part du Bar\u00e7a apr\u00e8s un pr\u00eat avec r\u00e9duction de salaire - Bladna News","isPartOf":{"@id":"https:\/\/mediumseagreen-eel-531711.hostingersite.com\/#website"},"primaryImageOfPage":{"@id":"https:\/\/bladnanews.com\/ter-stegen-set-for-barcelona-exit-after-salary-cut-loan-deal\/#primaryimage"},"image":{"@id":"https:\/\/bladnanews.com\/ter-stegen-set-for-barcelona-exit-after-salary-cut-loan-deal\/#primaryimage"},"thumbnailUrl":"https:\/\/bladnanews.com\/wp-content\/uploads\/2026\/01\/BladnaNews-Ter-Stegen-set-for-Barcelona-exit-after-salary-cut-loan-deal-2026-01-17T050951.400Z-scaled.jpg","datePublished":"2026-01-16T14:50:02+00:00","breadcrumb":{"@id":"https:\/\/bladnanews.com\/ter-stegen-set-for-barcelona-exit-after-salary-cut-loan-deal\/#breadcrumb"},"inLanguage":"fr-FR","potentialAction":[{"@type":"ReadAction","target":["https:\/\/bladnanews.com\/ter-stegen-set-for-barcelona-exit-after-salary-cut-loan-deal\/"]}]},{"@type":"ImageObject","inLanguage":"fr-FR","@id":"https:\/\/bladnanews.com\/ter-stegen-set-for-barcelona-exit-after-salary-cut-loan-deal\/#primaryimage","url":"https:\/\/bladnanews.com\/wp-content\/uploads\/2026\/01\/BladnaNews-Ter-Stegen-set-for-Barcelona-exit-after-salary-cut-loan-deal-2026-01-17T050951.400Z-scaled.jpg","contentUrl":"https:\/\/bladnanews.com\/wp-content\/uploads\/2026\/01\/BladnaNews-Ter-Stegen-set-for-Barcelona-exit-after-salary-cut-loan-deal-2026-01-17T050951.400Z-scaled.jpg","width":2560,"height":1440,"caption":"Marc-Andr\u00e9 ter Stegen in a blue Barcelona kit, preparing for play with one hand raised, showcasing his focused expression and goalkeeping gloves."},{"@type":"BreadcrumbList","@id":"https:\/\/bladnanews.com\/ter-stegen-set-for-barcelona-exit-after-salary-cut-loan-deal\/#breadcrumb","itemListElement":[{"@type":"ListItem","position":1,"name":"Home","item":"https:\/\/bladnanews.com\/"},{"@type":"ListItem","position":2,"name":"Ter Stegen set for Barcelona exit after salary cut loan deal"}]},{"@type":"WebSite","@id":"https:\/\/mediumseagreen-eel-531711.hostingersite.com\/#website","url":"https:\/\/mediumseagreen-eel-531711.hostingersite.com\/","name":"Bladna News - Maroc","description":"Quand le football marocain rencontre le monde","publisher":{"@id":"https:\/\/mediumseagreen-eel-531711.hostingersite.com\/#organization"},"potentialAction":[{"@type":"SearchAction","target":{"@type":"EntryPoint","urlTemplate":"https:\/\/mediumseagreen-eel-531711.hostingersite.com\/?s={search_term_string}"},"query-input":{"@type":"PropertyValueSpecification","valueRequired":true,"valueName":"search_term_string"}}],"inLanguage":"fr-FR"},{"@type":"Organization","@id":"https:\/\/mediumseagreen-eel-531711.hostingersite.com\/#organization","name":"Bladna News.com","url":"https:\/\/mediumseagreen-eel-531711.hostingersite.com\/","logo":{"@type":"ImageObject","inLanguage":"fr-FR","@id":"https:\/\/mediumseagreen-eel-531711.hostingersite.com\/#\/schema\/logo\/image\/","url":"https:\/\/bladnanews.com\/wp-content\/uploads\/2025\/12\/logo-bladnanews-V2-web-black-red.png","contentUrl":"https:\/\/bladnanews.com\/wp-content\/uploads\/2025\/12\/logo-bladnanews-V2-web-black-red.png","width":703,"height":287,"caption":"Bladna News.com"},"image":{"@id":"https:\/\/mediumseagreen-eel-531711.hostingersite.com\/#\/schema\/logo\/image\/"},"email":"info@bladnanews.com","legalName":"Bladna News"},{"@type":"Person","@id":"https:\/\/mediumseagreen-eel-531711.hostingersite.com\/#\/schema\/person\/268e18a453ab080ebf76df6ef7845083","name":"\u00c9quipe r\u00e9dactionnelle de Bladna News","url":"https:\/\/bladnanews.com\/fr\/author\/bladna-news-staff\/"}]}},"_links":{"self":[{"href":"https:\/\/bladnanews.com\/fr\/wp-json\/wp\/v2\/posts\/6530","targetHints":{"allow":["GET"]}}],"collection":[{"href":"https:\/\/bladnanews.com\/fr\/wp-json\/wp\/v2\/posts"}],"about":[{"href":"https:\/\/bladnanews.com\/fr\/wp-json\/wp\/v2\/types\/post"}],"author":[{"embeddable":true,"href":"https:\/\/bladnanews.com\/fr\/wp-json\/wp\/v2\/users\/3"}],"replies":[{"embeddable":true,"href":"https:\/\/bladnanews.com\/fr\/wp-json\/wp\/v2\/comments?post=6530"}],"version-history":[{"count":0,"href":"https:\/\/bladnanews.com\/fr\/wp-json\/wp\/v2\/posts\/6530\/revisions"}],"wp:featuredmedia":[{"embeddable":true,"href":"https:\/\/bladnanews.com\/fr\/wp-json\/wp\/v2\/media\/6529"}],"wp:attachment":[{"href":"https:\/\/bladnanews.com\/fr\/wp-json\/wp\/v2\/media?parent=6530"}],"wp:term":[{"taxonomy":"category","embeddable":true,"href":"https:\/\/bladnanews.com\/fr\/wp-json\/wp\/v2\/categories?post=6530"},{"taxonomy":"post_tag","embeddable":true,"href":"https:\/\/bladnanews.com\/fr\/wp-json\/wp\/v2\/tags?post=6530"}],"curies":[{"name":"wp","href":"https:\/\/api.w.org\/{rel}","templated":true}]}}