{"id":6532,"date":"2026-01-16T14:58:00","date_gmt":"2026-01-16T14:58:00","guid":{"rendered":"https:\/\/bladnanews.com\/weston-mckennie-could-finally-be-leaving-juventus\/"},"modified":"2026-01-16T14:58:00","modified_gmt":"2026-01-16T14:58:00","slug":"weston-mckennie-pourrait-finalement-quitter-la-juventus","status":"publish","type":"post","link":"https:\/\/bladnanews.com\/fr\/weston-mckennie-pourrait-finalement-quitter-la-juventus\/","title":{"rendered":"Weston McKennie pourrait finalement quitter la Juventus"},"content":{"rendered":"<p>Le passage de Weston McKennie \u00e0 la Juventus pourrait finalement toucher \u00e0 sa fin, le milieu de terrain de l'\u00e9quipe nationale am\u00e9ricaine se retrouvant une fois de plus au c\u0153ur des rumeurs de transfert cet \u00e9t\u00e9.<\/p>\n<p>McKennie a altern\u00e9 entre p\u00e9riodes de faveur et de disgr\u00e2ce \u00e0 Turin au cours des deux derni\u00e8res saisons, et son nom est d\u00e9sormais sur la table alors que la Juventus \u00e9tudie des changements potentiels au milieu de terrain. La situation a atteint un point o\u00f9 un d\u00e9part commence \u00e0 para\u00eetre plus r\u00e9aliste qu'\u00e0 aucun moment lors des r\u00e9centes fen\u00eatres de transfert.<\/p>\n<p>Parall\u00e8lement, la situation de Josh Sargent \u00e0 Norwich City reste non r\u00e9solue. L'attaquant am\u00e9ricain continue d'\u00eatre associ\u00e9 \u00e0 un transfert, mais aucune perc\u00e9e claire ne s'est encore produite, maintenant l'impasse au fil de l'\u00e9volution du mercato.<\/p>\n<p>Ailleurs, le Toronto FC aurait manifest\u00e9 son int\u00e9r\u00eat pour un joueur de l'\u00e9quipe nationale am\u00e9ricaine, ajoutant une perspective MLS \u00e0 un march\u00e9 d\u00e9j\u00e0 tr\u00e8s actif pour les internationaux am\u00e9ricains.<\/p>\n<p>Alors que les grands championnats planifient leur pr\u00e9-saison et que les clubs finalisent leurs effectifs pour la campagne \u00e0 venir, plusieurs joueurs de l'USMNT sont suivis de pr\u00e8s. Pour McKennie, la question cl\u00e9 est de savoir si la Juventus autorisera un d\u00e9part \u2014 et si un accord pourra finalement \u00eatre conclu apr\u00e8s des p\u00e9riodes de mercato pr\u00e9c\u00e9dentes incertaines.<\/p>","protected":false},"excerpt":{"rendered":"<p>Weston McKennie\u2019s time at Juventus could finally be nearing its end, with the USMNT midfielder once again at the centre [&hellip;]<\/p>\n","protected":false},"author":3,"featured_media":6531,"comment_status":"","ping_status":"open","sticky":false,"template":"","format":"standard","meta":{"googlesitekit_rrm_CAow_uzEDA:productID":"","site-sidebar-layout":"default","site-content-layout":"","ast-site-content-layout":"default","site-content-style":"default","site-sidebar-style":"default","ast-global-header-display":"","ast-banner-title-visibility":"","ast-main-header-display":"","ast-hfb-above-header-display":"","ast-hfb-below-header-display":"","ast-hfb-mobile-header-display":"","site-post-title":"","ast-breadcrumbs-content":"","ast-featured-img":"","footer-sml-layout":"","ast-disable-related-posts":"","theme-transparent-header-meta":"","adv-header-id-meta":"","stick-header-meta":"","header-above-stick-meta":"","header-main-stick-meta":"","header-below-stick-meta":"","astra-migrate-meta-layouts":"default","ast-page-background-enabled":"default","ast-page-background-meta":{"desktop":{"background-color":"var(--ast-global-color-5)","background-image":"","background-repeat":"repeat","background-position":"center center","background-size":"auto","background-attachment":"scroll","background-type":"","background-media":"","overlay-type":"","overlay-color":"","overlay-opacity":"","overlay-gradient":""},"tablet":{"background-color":"","background-image":"","background-repeat":"repeat","background-position":"center center","background-size":"auto","background-attachment":"scroll","background-type":"","background-media":"","overlay-type":"","overlay-color":"","overlay-opacity":"","overlay-gradient":""},"mobile":{"background-color":"","background-image":"","background-repeat":"repeat","background-position":"center center","background-size":"auto","background-attachment":"scroll","background-type":"","background-media":"","overlay-type":"","overlay-color":"","overlay-opacity":"","overlay-gradient":""}},"ast-content-background-meta":{"desktop":{"background-color":"var(--ast-global-color-4)","background-image":"","background-repeat":"repeat","background-position":"center center","background-size":"auto","background-attachment":"scroll","background-type":"","background-media":"","overlay-type":"","overlay-color":"","overlay-opacity":"","overlay-gradient":""},"tablet":{"background-color":"var(--ast-global-color-4)","background-image":"","background-repeat":"repeat","background-position":"center center","background-size":"auto","background-attachment":"scroll","background-type":"","background-media":"","overlay-type":"","overlay-color":"","overlay-opacity":"","overlay-gradient":""},"mobile":{"background-color":"var(--ast-global-color-4)","background-image":"","background-repeat":"repeat","background-position":"center center","background-size":"auto","background-attachment":"scroll","background-type":"","background-media":"","overlay-type":"","overlay-color":"","overlay-opacity":"","overlay-gradient":""}},"footnotes":""},"categories":[20,1],"tags":[],"class_list":["post-6532","post","type-post","status-publish","format-standard","has-post-thumbnail","hentry","category-international","category-football-latest-news"],"yoast_head":"<!-- This site is optimized with the Yoast SEO Premium plugin v26.6 (Yoast SEO v27.5) - https:\/\/yoast.com\/product\/yoast-seo-premium-wordpress\/ -->\n<title>Weston McKennie could finally be leaving Juventus - Bladna News<\/title>\n<meta name=\"robots\" content=\"index, follow, max-snippet:-1, max-image-preview:large, max-video-preview:-1\" \/>\n<link rel=\"canonical\" href=\"https:\/\/bladnanews.com\/fr\/weston-mckennie-pourrait-finalement-quitter-la-juventus\/\" \/>\n<meta property=\"og:locale\" content=\"fr_FR\" \/>\n<meta property=\"og:type\" content=\"article\" \/>\n<meta property=\"og:title\" content=\"Weston McKennie could finally be leaving Juventus\" \/>\n<meta property=\"og:description\" content=\"Weston McKennie\u2019s time at Juventus could finally be nearing its end, with the USMNT midfielder once again at the centre [&hellip;]\" \/>\n<meta property=\"og:url\" content=\"https:\/\/bladnanews.com\/fr\/weston-mckennie-pourrait-finalement-quitter-la-juventus\/\" \/>\n<meta property=\"og:site_name\" content=\"Bladna News\" \/>\n<meta property=\"article:published_time\" content=\"2026-01-16T14:58:00+00:00\" \/>\n<meta property=\"og:image\" content=\"https:\/\/bladnanews.com\/wp-content\/uploads\/2025\/12\/freepik__bladna-newscom-moroccan-soccer-homepage-banner-mor__41838.png\" \/>\n\t<meta property=\"og:image:width\" content=\"1312\" \/>\n\t<meta property=\"og:image:height\" content=\"736\" \/>\n\t<meta property=\"og:image:type\" content=\"image\/png\" \/>\n<meta name=\"author\" content=\"Bladna News Staff\" \/>\n<meta name=\"twitter:card\" content=\"summary_large_image\" \/>\n<meta name=\"twitter:label1\" content=\"\u00c9crit par\" \/>\n\t<meta name=\"twitter:data1\" content=\"Bladna News Staff\" \/>\n\t<meta name=\"twitter:label2\" content=\"Dur\u00e9e de lecture estim\u00e9e\" \/>\n\t<meta name=\"twitter:data2\" content=\"1 minute\" \/>\n<script type=\"application\/ld+json\" class=\"yoast-schema-graph\">{\"@context\":\"https:\\\/\\\/schema.org\",\"@graph\":[{\"@type\":\"Article\",\"@id\":\"https:\\\/\\\/bladnanews.com\\\/weston-mckennie-could-finally-be-leaving-juventus\\\/#article\",\"isPartOf\":{\"@id\":\"https:\\\/\\\/bladnanews.com\\\/weston-mckennie-could-finally-be-leaving-juventus\\\/\"},\"author\":{\"name\":\"Bladna News Staff\",\"@id\":\"https:\\\/\\\/mediumseagreen-eel-531711.hostingersite.com\\\/#\\\/schema\\\/person\\\/268e18a453ab080ebf76df6ef7845083\"},\"headline\":\"Weston McKennie could finally be leaving Juventus\",\"datePublished\":\"2026-01-16T14:58:00+00:00\",\"mainEntityOfPage\":{\"@id\":\"https:\\\/\\\/bladnanews.com\\\/weston-mckennie-could-finally-be-leaving-juventus\\\/\"},\"wordCount\":205,\"publisher\":{\"@id\":\"https:\\\/\\\/mediumseagreen-eel-531711.hostingersite.com\\\/#organization\"},\"image\":{\"@id\":\"https:\\\/\\\/bladnanews.com\\\/weston-mckennie-could-finally-be-leaving-juventus\\\/#primaryimage\"},\"thumbnailUrl\":\"https:\\\/\\\/bladnanews.com\\\/wp-content\\\/uploads\\\/2026\\\/01\\\/BladnaNews-Weston-McKennie-could-finally-be-leaving-Juventus-2026-01-17T051017.652Z.jpg\",\"articleSection\":[\"International\",\"Latest News\"],\"inLanguage\":\"fr-FR\",\"copyrightYear\":\"2026\",\"copyrightHolder\":{\"@id\":\"https:\\\/\\\/bladnanews.com\\\/fr\\\/#organization\"}},{\"@type\":\"WebPage\",\"@id\":\"https:\\\/\\\/bladnanews.com\\\/weston-mckennie-could-finally-be-leaving-juventus\\\/\",\"url\":\"https:\\\/\\\/bladnanews.com\\\/weston-mckennie-could-finally-be-leaving-juventus\\\/\",\"name\":\"Weston McKennie could finally be leaving Juventus - Bladna News\",\"isPartOf\":{\"@id\":\"https:\\\/\\\/mediumseagreen-eel-531711.hostingersite.com\\\/#website\"},\"primaryImageOfPage\":{\"@id\":\"https:\\\/\\\/bladnanews.com\\\/weston-mckennie-could-finally-be-leaving-juventus\\\/#primaryimage\"},\"image\":{\"@id\":\"https:\\\/\\\/bladnanews.com\\\/weston-mckennie-could-finally-be-leaving-juventus\\\/#primaryimage\"},\"thumbnailUrl\":\"https:\\\/\\\/bladnanews.com\\\/wp-content\\\/uploads\\\/2026\\\/01\\\/BladnaNews-Weston-McKennie-could-finally-be-leaving-Juventus-2026-01-17T051017.652Z.jpg\",\"datePublished\":\"2026-01-16T14:58:00+00:00\",\"breadcrumb\":{\"@id\":\"https:\\\/\\\/bladnanews.com\\\/weston-mckennie-could-finally-be-leaving-juventus\\\/#breadcrumb\"},\"inLanguage\":\"fr-FR\",\"potentialAction\":[{\"@type\":\"ReadAction\",\"target\":[\"https:\\\/\\\/bladnanews.com\\\/weston-mckennie-could-finally-be-leaving-juventus\\\/\"]}]},{\"@type\":\"ImageObject\",\"inLanguage\":\"fr-FR\",\"@id\":\"https:\\\/\\\/bladnanews.com\\\/weston-mckennie-could-finally-be-leaving-juventus\\\/#primaryimage\",\"url\":\"https:\\\/\\\/bladnanews.com\\\/wp-content\\\/uploads\\\/2026\\\/01\\\/BladnaNews-Weston-McKennie-could-finally-be-leaving-Juventus-2026-01-17T051017.652Z.jpg\",\"contentUrl\":\"https:\\\/\\\/bladnanews.com\\\/wp-content\\\/uploads\\\/2026\\\/01\\\/BladnaNews-Weston-McKennie-could-finally-be-leaving-Juventus-2026-01-17T051017.652Z.jpg\",\"width\":1920,\"height\":1080,\"caption\":\"Weston McKennie in Juventus kit holds a trophy, flanked by players from Vancouver Whitecaps, PSV Eindhoven, and KVC Westerlo, against a vibrant background.\"},{\"@type\":\"BreadcrumbList\",\"@id\":\"https:\\\/\\\/bladnanews.com\\\/weston-mckennie-could-finally-be-leaving-juventus\\\/#breadcrumb\",\"itemListElement\":[{\"@type\":\"ListItem\",\"position\":1,\"name\":\"Home\",\"item\":\"https:\\\/\\\/bladnanews.com\\\/\"},{\"@type\":\"ListItem\",\"position\":2,\"name\":\"Weston McKennie could finally be leaving Juventus\"}]},{\"@type\":\"WebSite\",\"@id\":\"https:\\\/\\\/mediumseagreen-eel-531711.hostingersite.com\\\/#website\",\"url\":\"https:\\\/\\\/mediumseagreen-eel-531711.hostingersite.com\\\/\",\"name\":\"Bladna News - Morocco\",\"description\":\"Where Moroccan Football Meets the World\",\"publisher\":{\"@id\":\"https:\\\/\\\/mediumseagreen-eel-531711.hostingersite.com\\\/#organization\"},\"potentialAction\":[{\"@type\":\"SearchAction\",\"target\":{\"@type\":\"EntryPoint\",\"urlTemplate\":\"https:\\\/\\\/mediumseagreen-eel-531711.hostingersite.com\\\/?s={search_term_string}\"},\"query-input\":{\"@type\":\"PropertyValueSpecification\",\"valueRequired\":true,\"valueName\":\"search_term_string\"}}],\"inLanguage\":\"fr-FR\"},{\"@type\":\"Organization\",\"@id\":\"https:\\\/\\\/mediumseagreen-eel-531711.hostingersite.com\\\/#organization\",\"name\":\"Bladna News.com\",\"url\":\"https:\\\/\\\/mediumseagreen-eel-531711.hostingersite.com\\\/\",\"logo\":{\"@type\":\"ImageObject\",\"inLanguage\":\"fr-FR\",\"@id\":\"https:\\\/\\\/mediumseagreen-eel-531711.hostingersite.com\\\/#\\\/schema\\\/logo\\\/image\\\/\",\"url\":\"https:\\\/\\\/bladnanews.com\\\/wp-content\\\/uploads\\\/2025\\\/12\\\/logo-bladnanews-V2-web-black-red.png\",\"contentUrl\":\"https:\\\/\\\/bladnanews.com\\\/wp-content\\\/uploads\\\/2025\\\/12\\\/logo-bladnanews-V2-web-black-red.png\",\"width\":703,\"height\":287,\"caption\":\"Bladna News.com\"},\"image\":{\"@id\":\"https:\\\/\\\/mediumseagreen-eel-531711.hostingersite.com\\\/#\\\/schema\\\/logo\\\/image\\\/\"},\"email\":\"info@bladnanews.com\",\"legalName\":\"Bladna News\"},{\"@type\":\"Person\",\"@id\":\"https:\\\/\\\/mediumseagreen-eel-531711.hostingersite.com\\\/#\\\/schema\\\/person\\\/268e18a453ab080ebf76df6ef7845083\",\"name\":\"Bladna News Staff\",\"url\":\"https:\\\/\\\/bladnanews.com\\\/fr\\\/author\\\/bladna-news-staff\\\/\"}]}<\/script>\n<!-- \/ Yoast SEO Premium plugin. -->","yoast_head_json":{"title":"Weston McKennie pourrait finalement quitter la Juventus - Bladna News","robots":{"index":"index","follow":"follow","max-snippet":"max-snippet:-1","max-image-preview":"max-image-preview:large","max-video-preview":"max-video-preview:-1"},"canonical":"https:\/\/bladnanews.com\/fr\/weston-mckennie-pourrait-finalement-quitter-la-juventus\/","og_locale":"fr_FR","og_type":"article","og_title":"Weston McKennie could finally be leaving Juventus","og_description":"Weston McKennie\u2019s time at Juventus could finally be nearing its end, with the USMNT midfielder once again at the centre [&hellip;]","og_url":"https:\/\/bladnanews.com\/fr\/weston-mckennie-pourrait-finalement-quitter-la-juventus\/","og_site_name":"Bladna News","article_published_time":"2026-01-16T14:58:00+00:00","og_image":[{"width":1312,"height":736,"url":"https:\/\/bladnanews.com\/wp-content\/uploads\/2025\/12\/freepik__bladna-newscom-moroccan-soccer-homepage-banner-mor__41838.png","type":"image\/png"}],"author":"Bladna News Staff","twitter_card":"summary_large_image","twitter_misc":{"\u00c9crit par":"Bladna News Staff","Dur\u00e9e de lecture estim\u00e9e":"1 minute"},"schema":{"@context":"https:\/\/schema.org","@graph":[{"@type":"Article","@id":"https:\/\/bladnanews.com\/weston-mckennie-could-finally-be-leaving-juventus\/#article","isPartOf":{"@id":"https:\/\/bladnanews.com\/weston-mckennie-could-finally-be-leaving-juventus\/"},"author":{"name":"Bladna News Staff","@id":"https:\/\/mediumseagreen-eel-531711.hostingersite.com\/#\/schema\/person\/268e18a453ab080ebf76df6ef7845083"},"headline":"Weston McKennie could finally be leaving Juventus","datePublished":"2026-01-16T14:58:00+00:00","mainEntityOfPage":{"@id":"https:\/\/bladnanews.com\/weston-mckennie-could-finally-be-leaving-juventus\/"},"wordCount":205,"publisher":{"@id":"https:\/\/mediumseagreen-eel-531711.hostingersite.com\/#organization"},"image":{"@id":"https:\/\/bladnanews.com\/weston-mckennie-could-finally-be-leaving-juventus\/#primaryimage"},"thumbnailUrl":"https:\/\/bladnanews.com\/wp-content\/uploads\/2026\/01\/BladnaNews-Weston-McKennie-could-finally-be-leaving-Juventus-2026-01-17T051017.652Z.jpg","articleSection":["International","Latest News"],"inLanguage":"fr-FR","copyrightYear":"2026","copyrightHolder":{"@id":"https:\/\/bladnanews.com\/fr\/#organization"}},{"@type":"WebPage","@id":"https:\/\/bladnanews.com\/weston-mckennie-could-finally-be-leaving-juventus\/","url":"https:\/\/bladnanews.com\/weston-mckennie-could-finally-be-leaving-juventus\/","name":"Weston McKennie pourrait finalement quitter la Juventus - Bladna News","isPartOf":{"@id":"https:\/\/mediumseagreen-eel-531711.hostingersite.com\/#website"},"primaryImageOfPage":{"@id":"https:\/\/bladnanews.com\/weston-mckennie-could-finally-be-leaving-juventus\/#primaryimage"},"image":{"@id":"https:\/\/bladnanews.com\/weston-mckennie-could-finally-be-leaving-juventus\/#primaryimage"},"thumbnailUrl":"https:\/\/bladnanews.com\/wp-content\/uploads\/2026\/01\/BladnaNews-Weston-McKennie-could-finally-be-leaving-Juventus-2026-01-17T051017.652Z.jpg","datePublished":"2026-01-16T14:58:00+00:00","breadcrumb":{"@id":"https:\/\/bladnanews.com\/weston-mckennie-could-finally-be-leaving-juventus\/#breadcrumb"},"inLanguage":"fr-FR","potentialAction":[{"@type":"ReadAction","target":["https:\/\/bladnanews.com\/weston-mckennie-could-finally-be-leaving-juventus\/"]}]},{"@type":"ImageObject","inLanguage":"fr-FR","@id":"https:\/\/bladnanews.com\/weston-mckennie-could-finally-be-leaving-juventus\/#primaryimage","url":"https:\/\/bladnanews.com\/wp-content\/uploads\/2026\/01\/BladnaNews-Weston-McKennie-could-finally-be-leaving-Juventus-2026-01-17T051017.652Z.jpg","contentUrl":"https:\/\/bladnanews.com\/wp-content\/uploads\/2026\/01\/BladnaNews-Weston-McKennie-could-finally-be-leaving-Juventus-2026-01-17T051017.652Z.jpg","width":1920,"height":1080,"caption":"Weston McKennie in Juventus kit holds a trophy, flanked by players from Vancouver Whitecaps, PSV Eindhoven, and KVC Westerlo, against a vibrant background."},{"@type":"BreadcrumbList","@id":"https:\/\/bladnanews.com\/weston-mckennie-could-finally-be-leaving-juventus\/#breadcrumb","itemListElement":[{"@type":"ListItem","position":1,"name":"Home","item":"https:\/\/bladnanews.com\/"},{"@type":"ListItem","position":2,"name":"Weston McKennie could finally be leaving Juventus"}]},{"@type":"WebSite","@id":"https:\/\/mediumseagreen-eel-531711.hostingersite.com\/#website","url":"https:\/\/mediumseagreen-eel-531711.hostingersite.com\/","name":"Bladna News - Maroc","description":"Quand le football marocain rencontre le monde","publisher":{"@id":"https:\/\/mediumseagreen-eel-531711.hostingersite.com\/#organization"},"potentialAction":[{"@type":"SearchAction","target":{"@type":"EntryPoint","urlTemplate":"https:\/\/mediumseagreen-eel-531711.hostingersite.com\/?s={search_term_string}"},"query-input":{"@type":"PropertyValueSpecification","valueRequired":true,"valueName":"search_term_string"}}],"inLanguage":"fr-FR"},{"@type":"Organization","@id":"https:\/\/mediumseagreen-eel-531711.hostingersite.com\/#organization","name":"Bladna News.com","url":"https:\/\/mediumseagreen-eel-531711.hostingersite.com\/","logo":{"@type":"ImageObject","inLanguage":"fr-FR","@id":"https:\/\/mediumseagreen-eel-531711.hostingersite.com\/#\/schema\/logo\/image\/","url":"https:\/\/bladnanews.com\/wp-content\/uploads\/2025\/12\/logo-bladnanews-V2-web-black-red.png","contentUrl":"https:\/\/bladnanews.com\/wp-content\/uploads\/2025\/12\/logo-bladnanews-V2-web-black-red.png","width":703,"height":287,"caption":"Bladna News.com"},"image":{"@id":"https:\/\/mediumseagreen-eel-531711.hostingersite.com\/#\/schema\/logo\/image\/"},"email":"info@bladnanews.com","legalName":"Bladna News"},{"@type":"Person","@id":"https:\/\/mediumseagreen-eel-531711.hostingersite.com\/#\/schema\/person\/268e18a453ab080ebf76df6ef7845083","name":"\u00c9quipe r\u00e9dactionnelle de Bladna News","url":"https:\/\/bladnanews.com\/fr\/author\/bladna-news-staff\/"}]}},"_links":{"self":[{"href":"https:\/\/bladnanews.com\/fr\/wp-json\/wp\/v2\/posts\/6532","targetHints":{"allow":["GET"]}}],"collection":[{"href":"https:\/\/bladnanews.com\/fr\/wp-json\/wp\/v2\/posts"}],"about":[{"href":"https:\/\/bladnanews.com\/fr\/wp-json\/wp\/v2\/types\/post"}],"author":[{"embeddable":true,"href":"https:\/\/bladnanews.com\/fr\/wp-json\/wp\/v2\/users\/3"}],"replies":[{"embeddable":true,"href":"https:\/\/bladnanews.com\/fr\/wp-json\/wp\/v2\/comments?post=6532"}],"version-history":[{"count":0,"href":"https:\/\/bladnanews.com\/fr\/wp-json\/wp\/v2\/posts\/6532\/revisions"}],"wp:featuredmedia":[{"embeddable":true,"href":"https:\/\/bladnanews.com\/fr\/wp-json\/wp\/v2\/media\/6531"}],"wp:attachment":[{"href":"https:\/\/bladnanews.com\/fr\/wp-json\/wp\/v2\/media?parent=6532"}],"wp:term":[{"taxonomy":"category","embeddable":true,"href":"https:\/\/bladnanews.com\/fr\/wp-json\/wp\/v2\/categories?post=6532"},{"taxonomy":"post_tag","embeddable":true,"href":"https:\/\/bladnanews.com\/fr\/wp-json\/wp\/v2\/tags?post=6532"}],"curies":[{"name":"wp","href":"https:\/\/api.w.org\/{rel}","templated":true}]}}