{"id":6576,"date":"2026-01-17T05:49:28","date_gmt":"2026-01-17T05:49:28","guid":{"rendered":"https:\/\/bladnanews.com\/senegal-fa-warns-of-injustice-after-morocco-final-chaos\/"},"modified":"2026-01-17T05:49:28","modified_gmt":"2026-01-17T05:49:28","slug":"la-federation-senegalaise-de-football-denonce-une-injustice-apres-le-chaos-de-la-finale-face-au-maroc","status":"publish","type":"post","link":"https:\/\/bladnanews.com\/fr\/la-federation-senegalaise-de-football-denonce-une-injustice-apres-le-chaos-de-la-finale-face-au-maroc\/","title":{"rendered":"La F\u00e9d\u00e9ration s\u00e9n\u00e9galaise d\u00e9nonce une injustice apr\u00e8s le chaos de la finale face au Maroc"},"content":{"rendered":"<p>La F\u00e9d\u00e9ration s\u00e9n\u00e9galaise de football a publi\u00e9 un communiqu\u00e9 au ton ferme apr\u00e8s ce qu'elle a d\u00e9crit comme de graves probl\u00e8mes organisationnels au Maroc avant la finale africaine, avertissant que la \u201c justice \u201d doit \u00eatre garantie.<\/p>\n<p>Dans son communiqu\u00e9, la f\u00e9d\u00e9ration a d\u00e9clar\u00e9 \u00eatre surprise par ce qui s'est produit avant la finale, \u00e9voquant une confusion et des arrangements qui, selon elle, ne r\u00e9pondaient pas aux normes attendues pour un match de cette envergure.<\/p>\n<p><strong>La F\u00e9d\u00e9ration s\u00e9n\u00e9galaise de football a averti que tout chaos persistant pourrait affecter l'\u00e9quit\u00e9 de la comp\u00e9tition,<\/strong>, soulignant que toutes les \u00e9quipes doivent \u00eatre trait\u00e9es de mani\u00e8re \u00e9gale et que les m\u00eames r\u00e8gles et conditions doivent s'appliquer \u00e0 tous.<\/p>\n<p>La f\u00e9d\u00e9ration a \u00e9galement appel\u00e9 les autorit\u00e9s responsables \u00e0 intervenir et \u00e0 corriger la situation imm\u00e9diatement, insistant sur le fait que la finale doit se d\u00e9rouler dans un environnement calme respectant les principes sportifs.<\/p>\n<p>Elle a ajout\u00e9 qu'elle n'accepterait aucun comportement pouvant conduire \u00e0 un manque de justice, et a soulign\u00e9 que sa position vise \u00e0 prot\u00e9ger l'int\u00e9grit\u00e9 de la comp\u00e9tition et les droits de ses repr\u00e9sentants.<\/p>","protected":false},"excerpt":{"rendered":"<p>The Senegalese Football Federation has issued a strongly worded statement after what it described as serious organizational problems in Morocco [&hellip;]<\/p>\n","protected":false},"author":4,"featured_media":6575,"comment_status":"","ping_status":"open","sticky":false,"template":"","format":"standard","meta":{"googlesitekit_rrm_CAow_uzEDA:productID":"","site-sidebar-layout":"default","site-content-layout":"","ast-site-content-layout":"default","site-content-style":"default","site-sidebar-style":"default","ast-global-header-display":"","ast-banner-title-visibility":"","ast-main-header-display":"","ast-hfb-above-header-display":"","ast-hfb-below-header-display":"","ast-hfb-mobile-header-display":"","site-post-title":"","ast-breadcrumbs-content":"","ast-featured-img":"","footer-sml-layout":"","ast-disable-related-posts":"","theme-transparent-header-meta":"","adv-header-id-meta":"","stick-header-meta":"","header-above-stick-meta":"","header-main-stick-meta":"","header-below-stick-meta":"","astra-migrate-meta-layouts":"default","ast-page-background-enabled":"default","ast-page-background-meta":{"desktop":{"background-color":"var(--ast-global-color-5)","background-image":"","background-repeat":"repeat","background-position":"center center","background-size":"auto","background-attachment":"scroll","background-type":"","background-media":"","overlay-type":"","overlay-color":"","overlay-opacity":"","overlay-gradient":""},"tablet":{"background-color":"","background-image":"","background-repeat":"repeat","background-position":"center center","background-size":"auto","background-attachment":"scroll","background-type":"","background-media":"","overlay-type":"","overlay-color":"","overlay-opacity":"","overlay-gradient":""},"mobile":{"background-color":"","background-image":"","background-repeat":"repeat","background-position":"center center","background-size":"auto","background-attachment":"scroll","background-type":"","background-media":"","overlay-type":"","overlay-color":"","overlay-opacity":"","overlay-gradient":""}},"ast-content-background-meta":{"desktop":{"background-color":"var(--ast-global-color-4)","background-image":"","background-repeat":"repeat","background-position":"center center","background-size":"auto","background-attachment":"scroll","background-type":"","background-media":"","overlay-type":"","overlay-color":"","overlay-opacity":"","overlay-gradient":""},"tablet":{"background-color":"var(--ast-global-color-4)","background-image":"","background-repeat":"repeat","background-position":"center center","background-size":"auto","background-attachment":"scroll","background-type":"","background-media":"","overlay-type":"","overlay-color":"","overlay-opacity":"","overlay-gradient":""},"mobile":{"background-color":"var(--ast-global-color-4)","background-image":"","background-repeat":"repeat","background-position":"center center","background-size":"auto","background-attachment":"scroll","background-type":"","background-media":"","overlay-type":"","overlay-color":"","overlay-opacity":"","overlay-gradient":""}},"footnotes":""},"categories":[1,168],"tags":[],"class_list":["post-6576","post","type-post","status-publish","format-standard","has-post-thumbnail","hentry","category-football-latest-news","category-morocco-national-team"],"yoast_head":"<!-- This site is optimized with the Yoast SEO Premium plugin v26.6 (Yoast SEO v27.4) - https:\/\/yoast.com\/product\/yoast-seo-premium-wordpress\/ -->\n<title>Senegal FA warns of injustice after Morocco final chaos - Bladna News<\/title>\n<meta name=\"robots\" content=\"index, follow, max-snippet:-1, max-image-preview:large, max-video-preview:-1\" \/>\n<link rel=\"canonical\" href=\"https:\/\/bladnanews.com\/fr\/la-federation-senegalaise-de-football-denonce-une-injustice-apres-le-chaos-de-la-finale-face-au-maroc\/\" \/>\n<meta property=\"og:locale\" content=\"fr_FR\" \/>\n<meta property=\"og:type\" content=\"article\" \/>\n<meta property=\"og:title\" content=\"Senegal FA warns of injustice after Morocco final chaos\" \/>\n<meta property=\"og:description\" content=\"The Senegalese Football Federation has issued a strongly worded statement after what it described as serious organizational problems in Morocco [&hellip;]\" \/>\n<meta property=\"og:url\" content=\"https:\/\/bladnanews.com\/fr\/la-federation-senegalaise-de-football-denonce-une-injustice-apres-le-chaos-de-la-finale-face-au-maroc\/\" \/>\n<meta property=\"og:site_name\" content=\"Bladna News\" \/>\n<meta property=\"article:published_time\" content=\"2026-01-17T05:49:28+00:00\" \/>\n<meta property=\"og:image\" content=\"https:\/\/bladnanews.com\/wp-content\/uploads\/2025\/12\/freepik__bladna-newscom-moroccan-soccer-homepage-banner-mor__41838.png\" \/>\n\t<meta property=\"og:image:width\" content=\"1312\" \/>\n\t<meta property=\"og:image:height\" content=\"736\" \/>\n\t<meta property=\"og:image:type\" content=\"image\/png\" \/>\n<meta name=\"author\" content=\"Bladna Sports Desk\" \/>\n<meta name=\"twitter:card\" content=\"summary_large_image\" \/>\n<meta name=\"twitter:label1\" content=\"\u00c9crit par\" \/>\n\t<meta name=\"twitter:data1\" content=\"Bladna Sports Desk\" \/>\n\t<meta name=\"twitter:label2\" content=\"Dur\u00e9e de lecture estim\u00e9e\" \/>\n\t<meta name=\"twitter:data2\" content=\"1 minute\" \/>\n<script type=\"application\/ld+json\" class=\"yoast-schema-graph\">{\"@context\":\"https:\\\/\\\/schema.org\",\"@graph\":[{\"@type\":\"Article\",\"@id\":\"https:\\\/\\\/bladnanews.com\\\/senegal-fa-warns-of-injustice-after-morocco-final-chaos\\\/#article\",\"isPartOf\":{\"@id\":\"https:\\\/\\\/bladnanews.com\\\/senegal-fa-warns-of-injustice-after-morocco-final-chaos\\\/\"},\"author\":{\"name\":\"Bladna Sports Desk\",\"@id\":\"https:\\\/\\\/mediumseagreen-eel-531711.hostingersite.com\\\/#\\\/schema\\\/person\\\/6712b38fabe810f7eb8d15ed30d90f1e\"},\"headline\":\"Senegal FA warns of injustice after Morocco final chaos\",\"datePublished\":\"2026-01-17T05:49:28+00:00\",\"mainEntityOfPage\":{\"@id\":\"https:\\\/\\\/bladnanews.com\\\/senegal-fa-warns-of-injustice-after-morocco-final-chaos\\\/\"},\"wordCount\":177,\"publisher\":{\"@id\":\"https:\\\/\\\/mediumseagreen-eel-531711.hostingersite.com\\\/#organization\"},\"image\":{\"@id\":\"https:\\\/\\\/bladnanews.com\\\/senegal-fa-warns-of-injustice-after-morocco-final-chaos\\\/#primaryimage\"},\"thumbnailUrl\":\"https:\\\/\\\/bladnanews.com\\\/wp-content\\\/uploads\\\/2026\\\/01\\\/GettyImages-2255657546-2.jpg-2-scaled.jpg\",\"articleSection\":[\"Latest News\",\"Morocco National Team\"],\"inLanguage\":\"fr-FR\",\"copyrightYear\":\"2026\",\"copyrightHolder\":{\"@id\":\"https:\\\/\\\/bladnanews.com\\\/fr\\\/#organization\"}},{\"@type\":\"WebPage\",\"@id\":\"https:\\\/\\\/bladnanews.com\\\/senegal-fa-warns-of-injustice-after-morocco-final-chaos\\\/\",\"url\":\"https:\\\/\\\/bladnanews.com\\\/senegal-fa-warns-of-injustice-after-morocco-final-chaos\\\/\",\"name\":\"Senegal FA warns of injustice after Morocco final chaos - Bladna News\",\"isPartOf\":{\"@id\":\"https:\\\/\\\/mediumseagreen-eel-531711.hostingersite.com\\\/#website\"},\"primaryImageOfPage\":{\"@id\":\"https:\\\/\\\/bladnanews.com\\\/senegal-fa-warns-of-injustice-after-morocco-final-chaos\\\/#primaryimage\"},\"image\":{\"@id\":\"https:\\\/\\\/bladnanews.com\\\/senegal-fa-warns-of-injustice-after-morocco-final-chaos\\\/#primaryimage\"},\"thumbnailUrl\":\"https:\\\/\\\/bladnanews.com\\\/wp-content\\\/uploads\\\/2026\\\/01\\\/GettyImages-2255657546-2.jpg-2-scaled.jpg\",\"datePublished\":\"2026-01-17T05:49:28+00:00\",\"breadcrumb\":{\"@id\":\"https:\\\/\\\/bladnanews.com\\\/senegal-fa-warns-of-injustice-after-morocco-final-chaos\\\/#breadcrumb\"},\"inLanguage\":\"fr-FR\",\"potentialAction\":[{\"@type\":\"ReadAction\",\"target\":[\"https:\\\/\\\/bladnanews.com\\\/senegal-fa-warns-of-injustice-after-morocco-final-chaos\\\/\"]}]},{\"@type\":\"ImageObject\",\"inLanguage\":\"fr-FR\",\"@id\":\"https:\\\/\\\/bladnanews.com\\\/senegal-fa-warns-of-injustice-after-morocco-final-chaos\\\/#primaryimage\",\"url\":\"https:\\\/\\\/bladnanews.com\\\/wp-content\\\/uploads\\\/2026\\\/01\\\/GettyImages-2255657546-2.jpg-2-scaled.jpg\",\"contentUrl\":\"https:\\\/\\\/bladnanews.com\\\/wp-content\\\/uploads\\\/2026\\\/01\\\/GettyImages-2255657546-2.jpg-2-scaled.jpg\",\"width\":2560,\"height\":1440,\"caption\":\"Senegal national football team posing in vibrant green kits with team crest, prior to a match, showcasing unity and determination.\"},{\"@type\":\"BreadcrumbList\",\"@id\":\"https:\\\/\\\/bladnanews.com\\\/senegal-fa-warns-of-injustice-after-morocco-final-chaos\\\/#breadcrumb\",\"itemListElement\":[{\"@type\":\"ListItem\",\"position\":1,\"name\":\"Home\",\"item\":\"https:\\\/\\\/bladnanews.com\\\/\"},{\"@type\":\"ListItem\",\"position\":2,\"name\":\"Senegal FA warns of injustice after Morocco final chaos\"}]},{\"@type\":\"WebSite\",\"@id\":\"https:\\\/\\\/mediumseagreen-eel-531711.hostingersite.com\\\/#website\",\"url\":\"https:\\\/\\\/mediumseagreen-eel-531711.hostingersite.com\\\/\",\"name\":\"Bladna News - Morocco\",\"description\":\"Where Moroccan Football Meets the World\",\"publisher\":{\"@id\":\"https:\\\/\\\/mediumseagreen-eel-531711.hostingersite.com\\\/#organization\"},\"potentialAction\":[{\"@type\":\"SearchAction\",\"target\":{\"@type\":\"EntryPoint\",\"urlTemplate\":\"https:\\\/\\\/mediumseagreen-eel-531711.hostingersite.com\\\/?s={search_term_string}\"},\"query-input\":{\"@type\":\"PropertyValueSpecification\",\"valueRequired\":true,\"valueName\":\"search_term_string\"}}],\"inLanguage\":\"fr-FR\"},{\"@type\":\"Organization\",\"@id\":\"https:\\\/\\\/mediumseagreen-eel-531711.hostingersite.com\\\/#organization\",\"name\":\"Bladna News.com\",\"url\":\"https:\\\/\\\/mediumseagreen-eel-531711.hostingersite.com\\\/\",\"logo\":{\"@type\":\"ImageObject\",\"inLanguage\":\"fr-FR\",\"@id\":\"https:\\\/\\\/mediumseagreen-eel-531711.hostingersite.com\\\/#\\\/schema\\\/logo\\\/image\\\/\",\"url\":\"https:\\\/\\\/bladnanews.com\\\/wp-content\\\/uploads\\\/2025\\\/12\\\/logo-bladnanews-V2-web-black-red.png\",\"contentUrl\":\"https:\\\/\\\/bladnanews.com\\\/wp-content\\\/uploads\\\/2025\\\/12\\\/logo-bladnanews-V2-web-black-red.png\",\"width\":703,\"height\":287,\"caption\":\"Bladna News.com\"},\"image\":{\"@id\":\"https:\\\/\\\/mediumseagreen-eel-531711.hostingersite.com\\\/#\\\/schema\\\/logo\\\/image\\\/\"},\"email\":\"info@bladnanews.com\",\"legalName\":\"Bladna News\"},{\"@type\":\"Person\",\"@id\":\"https:\\\/\\\/mediumseagreen-eel-531711.hostingersite.com\\\/#\\\/schema\\\/person\\\/6712b38fabe810f7eb8d15ed30d90f1e\",\"name\":\"Bladna Sports Desk\",\"url\":\"https:\\\/\\\/bladnanews.com\\\/fr\\\/author\\\/bladna-sports-desk\\\/\"}]}<\/script>\n<!-- \/ Yoast SEO Premium plugin. -->","yoast_head_json":{"title":"La F\u00e9d\u00e9ration s\u00e9n\u00e9galaise de football d\u00e9nonce une injustice apr\u00e8s le chaos de la finale contre le Maroc - Bladna News","robots":{"index":"index","follow":"follow","max-snippet":"max-snippet:-1","max-image-preview":"max-image-preview:large","max-video-preview":"max-video-preview:-1"},"canonical":"https:\/\/bladnanews.com\/fr\/la-federation-senegalaise-de-football-denonce-une-injustice-apres-le-chaos-de-la-finale-face-au-maroc\/","og_locale":"fr_FR","og_type":"article","og_title":"Senegal FA warns of injustice after Morocco final chaos","og_description":"The Senegalese Football Federation has issued a strongly worded statement after what it described as serious organizational problems in Morocco [&hellip;]","og_url":"https:\/\/bladnanews.com\/fr\/la-federation-senegalaise-de-football-denonce-une-injustice-apres-le-chaos-de-la-finale-face-au-maroc\/","og_site_name":"Bladna News","article_published_time":"2026-01-17T05:49:28+00:00","og_image":[{"width":1312,"height":736,"url":"https:\/\/bladnanews.com\/wp-content\/uploads\/2025\/12\/freepik__bladna-newscom-moroccan-soccer-homepage-banner-mor__41838.png","type":"image\/png"}],"author":"Bladna Sports Desk","twitter_card":"summary_large_image","twitter_misc":{"\u00c9crit par":"Bladna Sports Desk","Dur\u00e9e de lecture estim\u00e9e":"1 minute"},"schema":{"@context":"https:\/\/schema.org","@graph":[{"@type":"Article","@id":"https:\/\/bladnanews.com\/senegal-fa-warns-of-injustice-after-morocco-final-chaos\/#article","isPartOf":{"@id":"https:\/\/bladnanews.com\/senegal-fa-warns-of-injustice-after-morocco-final-chaos\/"},"author":{"name":"Bladna Sports Desk","@id":"https:\/\/mediumseagreen-eel-531711.hostingersite.com\/#\/schema\/person\/6712b38fabe810f7eb8d15ed30d90f1e"},"headline":"Senegal FA warns of injustice after Morocco final chaos","datePublished":"2026-01-17T05:49:28+00:00","mainEntityOfPage":{"@id":"https:\/\/bladnanews.com\/senegal-fa-warns-of-injustice-after-morocco-final-chaos\/"},"wordCount":177,"publisher":{"@id":"https:\/\/mediumseagreen-eel-531711.hostingersite.com\/#organization"},"image":{"@id":"https:\/\/bladnanews.com\/senegal-fa-warns-of-injustice-after-morocco-final-chaos\/#primaryimage"},"thumbnailUrl":"https:\/\/bladnanews.com\/wp-content\/uploads\/2026\/01\/GettyImages-2255657546-2.jpg-2-scaled.jpg","articleSection":["Latest News","Morocco National Team"],"inLanguage":"fr-FR","copyrightYear":"2026","copyrightHolder":{"@id":"https:\/\/bladnanews.com\/fr\/#organization"}},{"@type":"WebPage","@id":"https:\/\/bladnanews.com\/senegal-fa-warns-of-injustice-after-morocco-final-chaos\/","url":"https:\/\/bladnanews.com\/senegal-fa-warns-of-injustice-after-morocco-final-chaos\/","name":"La F\u00e9d\u00e9ration s\u00e9n\u00e9galaise de football d\u00e9nonce une injustice apr\u00e8s le chaos de la finale contre le Maroc - Bladna News","isPartOf":{"@id":"https:\/\/mediumseagreen-eel-531711.hostingersite.com\/#website"},"primaryImageOfPage":{"@id":"https:\/\/bladnanews.com\/senegal-fa-warns-of-injustice-after-morocco-final-chaos\/#primaryimage"},"image":{"@id":"https:\/\/bladnanews.com\/senegal-fa-warns-of-injustice-after-morocco-final-chaos\/#primaryimage"},"thumbnailUrl":"https:\/\/bladnanews.com\/wp-content\/uploads\/2026\/01\/GettyImages-2255657546-2.jpg-2-scaled.jpg","datePublished":"2026-01-17T05:49:28+00:00","breadcrumb":{"@id":"https:\/\/bladnanews.com\/senegal-fa-warns-of-injustice-after-morocco-final-chaos\/#breadcrumb"},"inLanguage":"fr-FR","potentialAction":[{"@type":"ReadAction","target":["https:\/\/bladnanews.com\/senegal-fa-warns-of-injustice-after-morocco-final-chaos\/"]}]},{"@type":"ImageObject","inLanguage":"fr-FR","@id":"https:\/\/bladnanews.com\/senegal-fa-warns-of-injustice-after-morocco-final-chaos\/#primaryimage","url":"https:\/\/bladnanews.com\/wp-content\/uploads\/2026\/01\/GettyImages-2255657546-2.jpg-2-scaled.jpg","contentUrl":"https:\/\/bladnanews.com\/wp-content\/uploads\/2026\/01\/GettyImages-2255657546-2.jpg-2-scaled.jpg","width":2560,"height":1440,"caption":"Senegal national football team posing in vibrant green kits with team crest, prior to a match, showcasing unity and determination."},{"@type":"BreadcrumbList","@id":"https:\/\/bladnanews.com\/senegal-fa-warns-of-injustice-after-morocco-final-chaos\/#breadcrumb","itemListElement":[{"@type":"ListItem","position":1,"name":"Home","item":"https:\/\/bladnanews.com\/"},{"@type":"ListItem","position":2,"name":"Senegal FA warns of injustice after Morocco final chaos"}]},{"@type":"WebSite","@id":"https:\/\/mediumseagreen-eel-531711.hostingersite.com\/#website","url":"https:\/\/mediumseagreen-eel-531711.hostingersite.com\/","name":"Bladna News - Maroc","description":"Quand le football marocain rencontre le monde","publisher":{"@id":"https:\/\/mediumseagreen-eel-531711.hostingersite.com\/#organization"},"potentialAction":[{"@type":"SearchAction","target":{"@type":"EntryPoint","urlTemplate":"https:\/\/mediumseagreen-eel-531711.hostingersite.com\/?s={search_term_string}"},"query-input":{"@type":"PropertyValueSpecification","valueRequired":true,"valueName":"search_term_string"}}],"inLanguage":"fr-FR"},{"@type":"Organization","@id":"https:\/\/mediumseagreen-eel-531711.hostingersite.com\/#organization","name":"Bladna News.com","url":"https:\/\/mediumseagreen-eel-531711.hostingersite.com\/","logo":{"@type":"ImageObject","inLanguage":"fr-FR","@id":"https:\/\/mediumseagreen-eel-531711.hostingersite.com\/#\/schema\/logo\/image\/","url":"https:\/\/bladnanews.com\/wp-content\/uploads\/2025\/12\/logo-bladnanews-V2-web-black-red.png","contentUrl":"https:\/\/bladnanews.com\/wp-content\/uploads\/2025\/12\/logo-bladnanews-V2-web-black-red.png","width":703,"height":287,"caption":"Bladna News.com"},"image":{"@id":"https:\/\/mediumseagreen-eel-531711.hostingersite.com\/#\/schema\/logo\/image\/"},"email":"info@bladnanews.com","legalName":"Bladna News"},{"@type":"Person","@id":"https:\/\/mediumseagreen-eel-531711.hostingersite.com\/#\/schema\/person\/6712b38fabe810f7eb8d15ed30d90f1e","name":"Bladna Sports Desk","url":"https:\/\/bladnanews.com\/fr\/author\/bladna-sports-desk\/"}]}},"_links":{"self":[{"href":"https:\/\/bladnanews.com\/fr\/wp-json\/wp\/v2\/posts\/6576","targetHints":{"allow":["GET"]}}],"collection":[{"href":"https:\/\/bladnanews.com\/fr\/wp-json\/wp\/v2\/posts"}],"about":[{"href":"https:\/\/bladnanews.com\/fr\/wp-json\/wp\/v2\/types\/post"}],"author":[{"embeddable":true,"href":"https:\/\/bladnanews.com\/fr\/wp-json\/wp\/v2\/users\/4"}],"replies":[{"embeddable":true,"href":"https:\/\/bladnanews.com\/fr\/wp-json\/wp\/v2\/comments?post=6576"}],"version-history":[{"count":0,"href":"https:\/\/bladnanews.com\/fr\/wp-json\/wp\/v2\/posts\/6576\/revisions"}],"wp:featuredmedia":[{"embeddable":true,"href":"https:\/\/bladnanews.com\/fr\/wp-json\/wp\/v2\/media\/6575"}],"wp:attachment":[{"href":"https:\/\/bladnanews.com\/fr\/wp-json\/wp\/v2\/media?parent=6576"}],"wp:term":[{"taxonomy":"category","embeddable":true,"href":"https:\/\/bladnanews.com\/fr\/wp-json\/wp\/v2\/categories?post=6576"},{"taxonomy":"post_tag","embeddable":true,"href":"https:\/\/bladnanews.com\/fr\/wp-json\/wp\/v2\/tags?post=6576"}],"curies":[{"name":"wp","href":"https:\/\/api.w.org\/{rel}","templated":true}]}}