{"id":6580,"date":"2026-01-16T18:15:49","date_gmt":"2026-01-16T18:15:49","guid":{"rendered":"https:\/\/bladnanews.com\/marcel-hartel-urges-st-louis-city-to-improve-under-damet\/"},"modified":"2026-01-16T18:15:49","modified_gmt":"2026-01-16T18:15:49","slug":"marcel-hartel-exhorte-st-louis-city-a-sameliorer-sous-la-direction-de-damet","status":"publish","type":"post","link":"https:\/\/bladnanews.com\/fr\/marcel-hartel-exhorte-st-louis-city-a-sameliorer-sous-la-direction-de-damet\/","title":{"rendered":"Marcel Hartel exhorte St. Louis CITY \u00e0 progresser sous la direction de Damet"},"content":{"rendered":"<p>Marcel Hartel a reconnu que St. Louis CITY \u201c doit faire mieux \u201d alors que le club cherche \u00e0 tourner la page sur une p\u00e9riode difficile et \u00e0 avancer sous la direction de l'entra\u00eeneur int\u00e9rimaire Yoann Damet.<\/p>\n<p>Le milieu de terrain a d\u00e9clar\u00e9 que les standards au sein du groupe doivent s'\u00e9lever, les r\u00e9sultats et les performances ayant besoin d'une nette am\u00e9lioration tandis que l'\u00e9quipe traverse une phase compliqu\u00e9e. Hartel a soulign\u00e9 que la concentration de l'effectif doit se porter sur une progression rapide et la recherche collective de solutions.<\/p>\n<p>St. Louis tente d\u00e9sormais de se r\u00e9initialiser sous la direction de Damet, Hartel pointant la n\u00e9cessit\u00e9 d'une nouvelle mordante et d'une r\u00e9ponse plus forte sur le terrain. Il a clairement indiqu\u00e9 que les joueurs doivent prendre leurs responsabilit\u00e9s, se montrer \u00e0 la hauteur dans les moments cl\u00e9s et faire preuve de plus de r\u00e9gularit\u00e9.<\/p>\n<p>\u201c Nous devons faire mieux \u201d, a d\u00e9clar\u00e9 Hartel, d\u00e9crivant ainsi l'urgence qui r\u00e8gne dans le vestiaire de transformer les performances en points et de s'engager dans une nouvelle direction.<\/p>\n<p>Damet a pris les commandes \u00e0 titre int\u00e9rimaire tandis que St. Louis tente de se stabiliser et de reconstruire un \u00e9lan. Hartel estime que le groupe doit adh\u00e9rer \u00e0 ce changement, continuer \u00e0 travailler et montrer une meilleure version de lui-m\u00eame dans les matches \u00e0 venir.<\/p>","protected":false},"excerpt":{"rendered":"<p>Marcel Hartel has admitted St. Louis CITY \u201chave to do better\u201d as the club looks to turn the page on [&hellip;]<\/p>\n","protected":false},"author":3,"featured_media":6579,"comment_status":"","ping_status":"open","sticky":false,"template":"","format":"standard","meta":{"googlesitekit_rrm_CAow_uzEDA:productID":"","site-sidebar-layout":"default","site-content-layout":"","ast-site-content-layout":"default","site-content-style":"default","site-sidebar-style":"default","ast-global-header-display":"","ast-banner-title-visibility":"","ast-main-header-display":"","ast-hfb-above-header-display":"","ast-hfb-below-header-display":"","ast-hfb-mobile-header-display":"","site-post-title":"","ast-breadcrumbs-content":"","ast-featured-img":"","footer-sml-layout":"","ast-disable-related-posts":"","theme-transparent-header-meta":"","adv-header-id-meta":"","stick-header-meta":"","header-above-stick-meta":"","header-main-stick-meta":"","header-below-stick-meta":"","astra-migrate-meta-layouts":"default","ast-page-background-enabled":"default","ast-page-background-meta":{"desktop":{"background-color":"var(--ast-global-color-5)","background-image":"","background-repeat":"repeat","background-position":"center center","background-size":"auto","background-attachment":"scroll","background-type":"","background-media":"","overlay-type":"","overlay-color":"","overlay-opacity":"","overlay-gradient":""},"tablet":{"background-color":"","background-image":"","background-repeat":"repeat","background-position":"center center","background-size":"auto","background-attachment":"scroll","background-type":"","background-media":"","overlay-type":"","overlay-color":"","overlay-opacity":"","overlay-gradient":""},"mobile":{"background-color":"","background-image":"","background-repeat":"repeat","background-position":"center center","background-size":"auto","background-attachment":"scroll","background-type":"","background-media":"","overlay-type":"","overlay-color":"","overlay-opacity":"","overlay-gradient":""}},"ast-content-background-meta":{"desktop":{"background-color":"var(--ast-global-color-4)","background-image":"","background-repeat":"repeat","background-position":"center center","background-size":"auto","background-attachment":"scroll","background-type":"","background-media":"","overlay-type":"","overlay-color":"","overlay-opacity":"","overlay-gradient":""},"tablet":{"background-color":"var(--ast-global-color-4)","background-image":"","background-repeat":"repeat","background-position":"center center","background-size":"auto","background-attachment":"scroll","background-type":"","background-media":"","overlay-type":"","overlay-color":"","overlay-opacity":"","overlay-gradient":""},"mobile":{"background-color":"var(--ast-global-color-4)","background-image":"","background-repeat":"repeat","background-position":"center center","background-size":"auto","background-attachment":"scroll","background-type":"","background-media":"","overlay-type":"","overlay-color":"","overlay-opacity":"","overlay-gradient":""}},"footnotes":""},"categories":[20,1],"tags":[],"class_list":["post-6580","post","type-post","status-publish","format-standard","has-post-thumbnail","hentry","category-international","category-football-latest-news"],"yoast_head":"<!-- This site is optimized with the Yoast SEO Premium plugin v26.6 (Yoast SEO v27.5) - https:\/\/yoast.com\/product\/yoast-seo-premium-wordpress\/ -->\n<title>Marcel Hartel urges St. Louis CITY to improve under Damet - Bladna News<\/title>\n<meta name=\"robots\" content=\"index, follow, max-snippet:-1, max-image-preview:large, max-video-preview:-1\" \/>\n<link rel=\"canonical\" href=\"https:\/\/bladnanews.com\/fr\/marcel-hartel-exhorte-st-louis-city-a-sameliorer-sous-la-direction-de-damet\/\" \/>\n<meta property=\"og:locale\" content=\"fr_FR\" \/>\n<meta property=\"og:type\" content=\"article\" \/>\n<meta property=\"og:title\" content=\"Marcel Hartel urges St. Louis CITY to improve under Damet\" \/>\n<meta property=\"og:description\" content=\"Marcel Hartel has admitted St. Louis CITY \u201chave to do better\u201d as the club looks to turn the page on [&hellip;]\" \/>\n<meta property=\"og:url\" content=\"https:\/\/bladnanews.com\/fr\/marcel-hartel-exhorte-st-louis-city-a-sameliorer-sous-la-direction-de-damet\/\" \/>\n<meta property=\"og:site_name\" content=\"Bladna News\" \/>\n<meta property=\"article:published_time\" content=\"2026-01-16T18:15:49+00:00\" \/>\n<meta property=\"og:image\" content=\"https:\/\/bladnanews.com\/wp-content\/uploads\/2025\/12\/freepik__bladna-newscom-moroccan-soccer-homepage-banner-mor__41838.png\" \/>\n\t<meta property=\"og:image:width\" content=\"1312\" \/>\n\t<meta property=\"og:image:height\" content=\"736\" \/>\n\t<meta property=\"og:image:type\" content=\"image\/png\" \/>\n<meta name=\"author\" content=\"Bladna News Staff\" \/>\n<meta name=\"twitter:card\" content=\"summary_large_image\" \/>\n<meta name=\"twitter:label1\" content=\"\u00c9crit par\" \/>\n\t<meta name=\"twitter:data1\" content=\"Bladna News Staff\" \/>\n\t<meta name=\"twitter:label2\" content=\"Dur\u00e9e de lecture estim\u00e9e\" \/>\n\t<meta name=\"twitter:data2\" content=\"1 minute\" \/>\n<script type=\"application\/ld+json\" class=\"yoast-schema-graph\">{\"@context\":\"https:\\\/\\\/schema.org\",\"@graph\":[{\"@type\":\"Article\",\"@id\":\"https:\\\/\\\/bladnanews.com\\\/marcel-hartel-urges-st-louis-city-to-improve-under-damet\\\/#article\",\"isPartOf\":{\"@id\":\"https:\\\/\\\/bladnanews.com\\\/marcel-hartel-urges-st-louis-city-to-improve-under-damet\\\/\"},\"author\":{\"name\":\"Bladna News Staff\",\"@id\":\"https:\\\/\\\/mediumseagreen-eel-531711.hostingersite.com\\\/#\\\/schema\\\/person\\\/268e18a453ab080ebf76df6ef7845083\"},\"headline\":\"Marcel Hartel urges St. Louis CITY to improve under Damet\",\"datePublished\":\"2026-01-16T18:15:49+00:00\",\"mainEntityOfPage\":{\"@id\":\"https:\\\/\\\/bladnanews.com\\\/marcel-hartel-urges-st-louis-city-to-improve-under-damet\\\/\"},\"wordCount\":196,\"publisher\":{\"@id\":\"https:\\\/\\\/mediumseagreen-eel-531711.hostingersite.com\\\/#organization\"},\"image\":{\"@id\":\"https:\\\/\\\/bladnanews.com\\\/marcel-hartel-urges-st-louis-city-to-improve-under-damet\\\/#primaryimage\"},\"thumbnailUrl\":\"https:\\\/\\\/bladnanews.com\\\/wp-content\\\/uploads\\\/2026\\\/01\\\/BladnaNews-Marcel-Hartel-urges-St.-Louis-CITY-to-improve-under-Damet-2026-01-17T130928.468Z.jpg\",\"articleSection\":[\"International\",\"Latest News\"],\"inLanguage\":\"fr-FR\",\"copyrightYear\":\"2026\",\"copyrightHolder\":{\"@id\":\"https:\\\/\\\/bladnanews.com\\\/fr\\\/#organization\"}},{\"@type\":\"WebPage\",\"@id\":\"https:\\\/\\\/bladnanews.com\\\/marcel-hartel-urges-st-louis-city-to-improve-under-damet\\\/\",\"url\":\"https:\\\/\\\/bladnanews.com\\\/marcel-hartel-urges-st-louis-city-to-improve-under-damet\\\/\",\"name\":\"Marcel Hartel urges St. Louis CITY to improve under Damet - Bladna News\",\"isPartOf\":{\"@id\":\"https:\\\/\\\/mediumseagreen-eel-531711.hostingersite.com\\\/#website\"},\"primaryImageOfPage\":{\"@id\":\"https:\\\/\\\/bladnanews.com\\\/marcel-hartel-urges-st-louis-city-to-improve-under-damet\\\/#primaryimage\"},\"image\":{\"@id\":\"https:\\\/\\\/bladnanews.com\\\/marcel-hartel-urges-st-louis-city-to-improve-under-damet\\\/#primaryimage\"},\"thumbnailUrl\":\"https:\\\/\\\/bladnanews.com\\\/wp-content\\\/uploads\\\/2026\\\/01\\\/BladnaNews-Marcel-Hartel-urges-St.-Louis-CITY-to-improve-under-Damet-2026-01-17T130928.468Z.jpg\",\"datePublished\":\"2026-01-16T18:15:49+00:00\",\"breadcrumb\":{\"@id\":\"https:\\\/\\\/bladnanews.com\\\/marcel-hartel-urges-st-louis-city-to-improve-under-damet\\\/#breadcrumb\"},\"inLanguage\":\"fr-FR\",\"potentialAction\":[{\"@type\":\"ReadAction\",\"target\":[\"https:\\\/\\\/bladnanews.com\\\/marcel-hartel-urges-st-louis-city-to-improve-under-damet\\\/\"]}]},{\"@type\":\"ImageObject\",\"inLanguage\":\"fr-FR\",\"@id\":\"https:\\\/\\\/bladnanews.com\\\/marcel-hartel-urges-st-louis-city-to-improve-under-damet\\\/#primaryimage\",\"url\":\"https:\\\/\\\/bladnanews.com\\\/wp-content\\\/uploads\\\/2026\\\/01\\\/BladnaNews-Marcel-Hartel-urges-St.-Louis-CITY-to-improve-under-Damet-2026-01-17T130928.468Z.jpg\",\"contentUrl\":\"https:\\\/\\\/bladnanews.com\\\/wp-content\\\/uploads\\\/2026\\\/01\\\/BladnaNews-Marcel-Hartel-urges-St.-Louis-CITY-to-improve-under-Damet-2026-01-17T130928.468Z.jpg\",\"width\":1920,\"height\":1080,\"caption\":\"Marcel Hartel sprinting in a white and red St. Louis CITY SC kit during a match, showcasing intense focus and determination.\"},{\"@type\":\"BreadcrumbList\",\"@id\":\"https:\\\/\\\/bladnanews.com\\\/marcel-hartel-urges-st-louis-city-to-improve-under-damet\\\/#breadcrumb\",\"itemListElement\":[{\"@type\":\"ListItem\",\"position\":1,\"name\":\"Home\",\"item\":\"https:\\\/\\\/bladnanews.com\\\/\"},{\"@type\":\"ListItem\",\"position\":2,\"name\":\"Marcel Hartel urges St. Louis CITY to improve under Damet\"}]},{\"@type\":\"WebSite\",\"@id\":\"https:\\\/\\\/mediumseagreen-eel-531711.hostingersite.com\\\/#website\",\"url\":\"https:\\\/\\\/mediumseagreen-eel-531711.hostingersite.com\\\/\",\"name\":\"Bladna News - Morocco\",\"description\":\"Where Moroccan Football Meets the World\",\"publisher\":{\"@id\":\"https:\\\/\\\/mediumseagreen-eel-531711.hostingersite.com\\\/#organization\"},\"potentialAction\":[{\"@type\":\"SearchAction\",\"target\":{\"@type\":\"EntryPoint\",\"urlTemplate\":\"https:\\\/\\\/mediumseagreen-eel-531711.hostingersite.com\\\/?s={search_term_string}\"},\"query-input\":{\"@type\":\"PropertyValueSpecification\",\"valueRequired\":true,\"valueName\":\"search_term_string\"}}],\"inLanguage\":\"fr-FR\"},{\"@type\":\"Organization\",\"@id\":\"https:\\\/\\\/mediumseagreen-eel-531711.hostingersite.com\\\/#organization\",\"name\":\"Bladna News.com\",\"url\":\"https:\\\/\\\/mediumseagreen-eel-531711.hostingersite.com\\\/\",\"logo\":{\"@type\":\"ImageObject\",\"inLanguage\":\"fr-FR\",\"@id\":\"https:\\\/\\\/mediumseagreen-eel-531711.hostingersite.com\\\/#\\\/schema\\\/logo\\\/image\\\/\",\"url\":\"https:\\\/\\\/bladnanews.com\\\/wp-content\\\/uploads\\\/2025\\\/12\\\/logo-bladnanews-V2-web-black-red.png\",\"contentUrl\":\"https:\\\/\\\/bladnanews.com\\\/wp-content\\\/uploads\\\/2025\\\/12\\\/logo-bladnanews-V2-web-black-red.png\",\"width\":703,\"height\":287,\"caption\":\"Bladna News.com\"},\"image\":{\"@id\":\"https:\\\/\\\/mediumseagreen-eel-531711.hostingersite.com\\\/#\\\/schema\\\/logo\\\/image\\\/\"},\"email\":\"info@bladnanews.com\",\"legalName\":\"Bladna News\"},{\"@type\":\"Person\",\"@id\":\"https:\\\/\\\/mediumseagreen-eel-531711.hostingersite.com\\\/#\\\/schema\\\/person\\\/268e18a453ab080ebf76df6ef7845083\",\"name\":\"Bladna News Staff\",\"url\":\"https:\\\/\\\/bladnanews.com\\\/fr\\\/author\\\/bladna-news-staff\\\/\"}]}<\/script>\n<!-- \/ Yoast SEO Premium plugin. -->","yoast_head_json":{"title":"Marcel Hartel exhorte St. Louis CITY \u00e0 s'am\u00e9liorer sous la direction de Damet - Bladna News","robots":{"index":"index","follow":"follow","max-snippet":"max-snippet:-1","max-image-preview":"max-image-preview:large","max-video-preview":"max-video-preview:-1"},"canonical":"https:\/\/bladnanews.com\/fr\/marcel-hartel-exhorte-st-louis-city-a-sameliorer-sous-la-direction-de-damet\/","og_locale":"fr_FR","og_type":"article","og_title":"Marcel Hartel urges St. Louis CITY to improve under Damet","og_description":"Marcel Hartel has admitted St. Louis CITY \u201chave to do better\u201d as the club looks to turn the page on [&hellip;]","og_url":"https:\/\/bladnanews.com\/fr\/marcel-hartel-exhorte-st-louis-city-a-sameliorer-sous-la-direction-de-damet\/","og_site_name":"Bladna News","article_published_time":"2026-01-16T18:15:49+00:00","og_image":[{"width":1312,"height":736,"url":"https:\/\/bladnanews.com\/wp-content\/uploads\/2025\/12\/freepik__bladna-newscom-moroccan-soccer-homepage-banner-mor__41838.png","type":"image\/png"}],"author":"Bladna News Staff","twitter_card":"summary_large_image","twitter_misc":{"\u00c9crit par":"Bladna News Staff","Dur\u00e9e de lecture estim\u00e9e":"1 minute"},"schema":{"@context":"https:\/\/schema.org","@graph":[{"@type":"Article","@id":"https:\/\/bladnanews.com\/marcel-hartel-urges-st-louis-city-to-improve-under-damet\/#article","isPartOf":{"@id":"https:\/\/bladnanews.com\/marcel-hartel-urges-st-louis-city-to-improve-under-damet\/"},"author":{"name":"Bladna News Staff","@id":"https:\/\/mediumseagreen-eel-531711.hostingersite.com\/#\/schema\/person\/268e18a453ab080ebf76df6ef7845083"},"headline":"Marcel Hartel urges St. Louis CITY to improve under Damet","datePublished":"2026-01-16T18:15:49+00:00","mainEntityOfPage":{"@id":"https:\/\/bladnanews.com\/marcel-hartel-urges-st-louis-city-to-improve-under-damet\/"},"wordCount":196,"publisher":{"@id":"https:\/\/mediumseagreen-eel-531711.hostingersite.com\/#organization"},"image":{"@id":"https:\/\/bladnanews.com\/marcel-hartel-urges-st-louis-city-to-improve-under-damet\/#primaryimage"},"thumbnailUrl":"https:\/\/bladnanews.com\/wp-content\/uploads\/2026\/01\/BladnaNews-Marcel-Hartel-urges-St.-Louis-CITY-to-improve-under-Damet-2026-01-17T130928.468Z.jpg","articleSection":["International","Latest News"],"inLanguage":"fr-FR","copyrightYear":"2026","copyrightHolder":{"@id":"https:\/\/bladnanews.com\/fr\/#organization"}},{"@type":"WebPage","@id":"https:\/\/bladnanews.com\/marcel-hartel-urges-st-louis-city-to-improve-under-damet\/","url":"https:\/\/bladnanews.com\/marcel-hartel-urges-st-louis-city-to-improve-under-damet\/","name":"Marcel Hartel exhorte St. Louis CITY \u00e0 s'am\u00e9liorer sous la direction de Damet - Bladna News","isPartOf":{"@id":"https:\/\/mediumseagreen-eel-531711.hostingersite.com\/#website"},"primaryImageOfPage":{"@id":"https:\/\/bladnanews.com\/marcel-hartel-urges-st-louis-city-to-improve-under-damet\/#primaryimage"},"image":{"@id":"https:\/\/bladnanews.com\/marcel-hartel-urges-st-louis-city-to-improve-under-damet\/#primaryimage"},"thumbnailUrl":"https:\/\/bladnanews.com\/wp-content\/uploads\/2026\/01\/BladnaNews-Marcel-Hartel-urges-St.-Louis-CITY-to-improve-under-Damet-2026-01-17T130928.468Z.jpg","datePublished":"2026-01-16T18:15:49+00:00","breadcrumb":{"@id":"https:\/\/bladnanews.com\/marcel-hartel-urges-st-louis-city-to-improve-under-damet\/#breadcrumb"},"inLanguage":"fr-FR","potentialAction":[{"@type":"ReadAction","target":["https:\/\/bladnanews.com\/marcel-hartel-urges-st-louis-city-to-improve-under-damet\/"]}]},{"@type":"ImageObject","inLanguage":"fr-FR","@id":"https:\/\/bladnanews.com\/marcel-hartel-urges-st-louis-city-to-improve-under-damet\/#primaryimage","url":"https:\/\/bladnanews.com\/wp-content\/uploads\/2026\/01\/BladnaNews-Marcel-Hartel-urges-St.-Louis-CITY-to-improve-under-Damet-2026-01-17T130928.468Z.jpg","contentUrl":"https:\/\/bladnanews.com\/wp-content\/uploads\/2026\/01\/BladnaNews-Marcel-Hartel-urges-St.-Louis-CITY-to-improve-under-Damet-2026-01-17T130928.468Z.jpg","width":1920,"height":1080,"caption":"Marcel Hartel sprinting in a white and red St. Louis CITY SC kit during a match, showcasing intense focus and determination."},{"@type":"BreadcrumbList","@id":"https:\/\/bladnanews.com\/marcel-hartel-urges-st-louis-city-to-improve-under-damet\/#breadcrumb","itemListElement":[{"@type":"ListItem","position":1,"name":"Home","item":"https:\/\/bladnanews.com\/"},{"@type":"ListItem","position":2,"name":"Marcel Hartel urges St. Louis CITY to improve under Damet"}]},{"@type":"WebSite","@id":"https:\/\/mediumseagreen-eel-531711.hostingersite.com\/#website","url":"https:\/\/mediumseagreen-eel-531711.hostingersite.com\/","name":"Bladna News - Maroc","description":"Quand le football marocain rencontre le monde","publisher":{"@id":"https:\/\/mediumseagreen-eel-531711.hostingersite.com\/#organization"},"potentialAction":[{"@type":"SearchAction","target":{"@type":"EntryPoint","urlTemplate":"https:\/\/mediumseagreen-eel-531711.hostingersite.com\/?s={search_term_string}"},"query-input":{"@type":"PropertyValueSpecification","valueRequired":true,"valueName":"search_term_string"}}],"inLanguage":"fr-FR"},{"@type":"Organization","@id":"https:\/\/mediumseagreen-eel-531711.hostingersite.com\/#organization","name":"Bladna News.com","url":"https:\/\/mediumseagreen-eel-531711.hostingersite.com\/","logo":{"@type":"ImageObject","inLanguage":"fr-FR","@id":"https:\/\/mediumseagreen-eel-531711.hostingersite.com\/#\/schema\/logo\/image\/","url":"https:\/\/bladnanews.com\/wp-content\/uploads\/2025\/12\/logo-bladnanews-V2-web-black-red.png","contentUrl":"https:\/\/bladnanews.com\/wp-content\/uploads\/2025\/12\/logo-bladnanews-V2-web-black-red.png","width":703,"height":287,"caption":"Bladna News.com"},"image":{"@id":"https:\/\/mediumseagreen-eel-531711.hostingersite.com\/#\/schema\/logo\/image\/"},"email":"info@bladnanews.com","legalName":"Bladna News"},{"@type":"Person","@id":"https:\/\/mediumseagreen-eel-531711.hostingersite.com\/#\/schema\/person\/268e18a453ab080ebf76df6ef7845083","name":"\u00c9quipe r\u00e9dactionnelle de Bladna News","url":"https:\/\/bladnanews.com\/fr\/author\/bladna-news-staff\/"}]}},"_links":{"self":[{"href":"https:\/\/bladnanews.com\/fr\/wp-json\/wp\/v2\/posts\/6580","targetHints":{"allow":["GET"]}}],"collection":[{"href":"https:\/\/bladnanews.com\/fr\/wp-json\/wp\/v2\/posts"}],"about":[{"href":"https:\/\/bladnanews.com\/fr\/wp-json\/wp\/v2\/types\/post"}],"author":[{"embeddable":true,"href":"https:\/\/bladnanews.com\/fr\/wp-json\/wp\/v2\/users\/3"}],"replies":[{"embeddable":true,"href":"https:\/\/bladnanews.com\/fr\/wp-json\/wp\/v2\/comments?post=6580"}],"version-history":[{"count":0,"href":"https:\/\/bladnanews.com\/fr\/wp-json\/wp\/v2\/posts\/6580\/revisions"}],"wp:featuredmedia":[{"embeddable":true,"href":"https:\/\/bladnanews.com\/fr\/wp-json\/wp\/v2\/media\/6579"}],"wp:attachment":[{"href":"https:\/\/bladnanews.com\/fr\/wp-json\/wp\/v2\/media?parent=6580"}],"wp:term":[{"taxonomy":"category","embeddable":true,"href":"https:\/\/bladnanews.com\/fr\/wp-json\/wp\/v2\/categories?post=6580"},{"taxonomy":"post_tag","embeddable":true,"href":"https:\/\/bladnanews.com\/fr\/wp-json\/wp\/v2\/tags?post=6580"}],"curies":[{"name":"wp","href":"https:\/\/api.w.org\/{rel}","templated":true}]}}