{"id":6584,"date":"2026-01-16T19:41:42","date_gmt":"2026-01-16T19:41:42","guid":{"rendered":"https:\/\/bladnanews.com\/man-utd-urged-to-appoint-thomas-tuchel-over-luis-enrique\/"},"modified":"2026-01-16T19:41:42","modified_gmt":"2026-01-16T19:41:42","slug":"manchester-united-est-incite-a-nommer-thomas-tuchel-plutot-que-luis-enrique","status":"publish","type":"post","link":"https:\/\/bladnanews.com\/fr\/manchester-united-est-incite-a-nommer-thomas-tuchel-plutot-que-luis-enrique\/","title":{"rendered":"Manchester United encourag\u00e9 \u00e0 nommer Thomas Tuchel plut\u00f4t que Luis Enrique"},"content":{"rendered":"<p>Il est conseill\u00e9 \u00e0 Manchester United de d\u00e9passer l'option Luis Enrique et de se tourner vers Thomas Tuchel comme futur entra\u00eeneur.<\/p>\n<p>Les rumeurs d'un possible changement \u00e0 Old Trafford ont remis plusieurs entra\u00eeneurs de renom sur le devant de la sc\u00e8ne, le nom de Luis Enrique continuant d'\u00eatre cit\u00e9. L'ancien s\u00e9lectionneur de l'Espagne est actuellement en poste avec l'Angleterre et a clairement indiqu\u00e9 que sa priorit\u00e9 \u00e9tait la Coupe du Monde, ce qui soul\u00e8ve des interrogations sur son \u00e9ventuel int\u00e9r\u00eat pour un r\u00f4le en club \u00e0 ce stade.<\/p>\n<p>Cette focalisation sur la Coupe du Monde est avanc\u00e9e comme une raison majeure pour laquelle United devrait chercher ailleurs, l'argument \u00e9tant que le club a besoin d'un entra\u00eeneur pr\u00eat \u00e0 consacrer toute son attention aux exigences quotidiennes de la Premier League et du football europ\u00e9en.<\/p>\n<p>Tuchel, qui a remport\u00e9 des titres majeurs lors de ses passages au Paris Saint-Germain et \u00e0 Chelsea, est pr\u00e9sent\u00e9 comme l'option la plus solide. Son palmar\u00e8s en matches \u00e0 \u00e9limination directe et sa r\u00e9putation d'am\u00e9liorer rapidement les \u00e9quipes sont cit\u00e9s comme des facteurs cl\u00e9s expliquant pourquoi il correspondrait au poste.<\/p>\n<p>On a indiqu\u00e9 \u00e0 United que nommer un entra\u00eeneur disposant de l'exp\u00e9rience de Tuchel leur donnerait une direction plus claire, tandis que le r\u00f4le international actuel de Luis Enrique impliquerait des complications \u00e9videntes pour toute approche.<\/p>\n<p>Pour l'instant, le message est simple : United doit agir avec d\u00e9termination et cibler Tuchel, plut\u00f4t que d'attendre un entra\u00eeneur dont l'attention est fix\u00e9e sur la Coupe du Monde avec l'Angleterre.<\/p>","protected":false},"excerpt":{"rendered":"<p>Manchester United have been urged to look past Luis Enrique and move for Thomas Tuchel as their next manager. Talk [&hellip;]<\/p>\n","protected":false},"author":3,"featured_media":6583,"comment_status":"","ping_status":"open","sticky":false,"template":"","format":"standard","meta":{"googlesitekit_rrm_CAow_uzEDA:productID":"","site-sidebar-layout":"default","site-content-layout":"","ast-site-content-layout":"default","site-content-style":"default","site-sidebar-style":"default","ast-global-header-display":"","ast-banner-title-visibility":"","ast-main-header-display":"","ast-hfb-above-header-display":"","ast-hfb-below-header-display":"","ast-hfb-mobile-header-display":"","site-post-title":"","ast-breadcrumbs-content":"","ast-featured-img":"","footer-sml-layout":"","ast-disable-related-posts":"","theme-transparent-header-meta":"","adv-header-id-meta":"","stick-header-meta":"","header-above-stick-meta":"","header-main-stick-meta":"","header-below-stick-meta":"","astra-migrate-meta-layouts":"default","ast-page-background-enabled":"default","ast-page-background-meta":{"desktop":{"background-color":"var(--ast-global-color-5)","background-image":"","background-repeat":"repeat","background-position":"center center","background-size":"auto","background-attachment":"scroll","background-type":"","background-media":"","overlay-type":"","overlay-color":"","overlay-opacity":"","overlay-gradient":""},"tablet":{"background-color":"","background-image":"","background-repeat":"repeat","background-position":"center center","background-size":"auto","background-attachment":"scroll","background-type":"","background-media":"","overlay-type":"","overlay-color":"","overlay-opacity":"","overlay-gradient":""},"mobile":{"background-color":"","background-image":"","background-repeat":"repeat","background-position":"center center","background-size":"auto","background-attachment":"scroll","background-type":"","background-media":"","overlay-type":"","overlay-color":"","overlay-opacity":"","overlay-gradient":""}},"ast-content-background-meta":{"desktop":{"background-color":"var(--ast-global-color-4)","background-image":"","background-repeat":"repeat","background-position":"center center","background-size":"auto","background-attachment":"scroll","background-type":"","background-media":"","overlay-type":"","overlay-color":"","overlay-opacity":"","overlay-gradient":""},"tablet":{"background-color":"var(--ast-global-color-4)","background-image":"","background-repeat":"repeat","background-position":"center center","background-size":"auto","background-attachment":"scroll","background-type":"","background-media":"","overlay-type":"","overlay-color":"","overlay-opacity":"","overlay-gradient":""},"mobile":{"background-color":"var(--ast-global-color-4)","background-image":"","background-repeat":"repeat","background-position":"center center","background-size":"auto","background-attachment":"scroll","background-type":"","background-media":"","overlay-type":"","overlay-color":"","overlay-opacity":"","overlay-gradient":""}},"footnotes":""},"categories":[20,1],"tags":[],"class_list":["post-6584","post","type-post","status-publish","format-standard","has-post-thumbnail","hentry","category-international","category-football-latest-news"],"yoast_head":"<!-- This site is optimized with the Yoast SEO Premium plugin v26.6 (Yoast SEO v27.5) - https:\/\/yoast.com\/product\/yoast-seo-premium-wordpress\/ -->\n<title>Man Utd urged to appoint Thomas Tuchel over Luis Enrique - Bladna News<\/title>\n<meta name=\"robots\" content=\"index, follow, max-snippet:-1, max-image-preview:large, max-video-preview:-1\" \/>\n<link rel=\"canonical\" href=\"https:\/\/bladnanews.com\/fr\/manchester-united-est-incite-a-nommer-thomas-tuchel-plutot-que-luis-enrique\/\" \/>\n<meta property=\"og:locale\" content=\"fr_FR\" \/>\n<meta property=\"og:type\" content=\"article\" \/>\n<meta property=\"og:title\" content=\"Man Utd urged to appoint Thomas Tuchel over Luis Enrique\" \/>\n<meta property=\"og:description\" content=\"Manchester United have been urged to look past Luis Enrique and move for Thomas Tuchel as their next manager. Talk [&hellip;]\" \/>\n<meta property=\"og:url\" content=\"https:\/\/bladnanews.com\/fr\/manchester-united-est-incite-a-nommer-thomas-tuchel-plutot-que-luis-enrique\/\" \/>\n<meta property=\"og:site_name\" content=\"Bladna News\" \/>\n<meta property=\"article:published_time\" content=\"2026-01-16T19:41:42+00:00\" \/>\n<meta property=\"og:image\" content=\"https:\/\/bladnanews.com\/wp-content\/uploads\/2025\/12\/freepik__bladna-newscom-moroccan-soccer-homepage-banner-mor__41838.png\" \/>\n\t<meta property=\"og:image:width\" content=\"1312\" \/>\n\t<meta property=\"og:image:height\" content=\"736\" \/>\n\t<meta property=\"og:image:type\" content=\"image\/png\" \/>\n<meta name=\"author\" content=\"Bladna News Staff\" \/>\n<meta name=\"twitter:card\" content=\"summary_large_image\" \/>\n<meta name=\"twitter:label1\" content=\"\u00c9crit par\" \/>\n\t<meta name=\"twitter:data1\" content=\"Bladna News Staff\" \/>\n\t<meta name=\"twitter:label2\" content=\"Dur\u00e9e de lecture estim\u00e9e\" \/>\n\t<meta name=\"twitter:data2\" content=\"1 minute\" \/>\n<script type=\"application\/ld+json\" class=\"yoast-schema-graph\">{\"@context\":\"https:\\\/\\\/schema.org\",\"@graph\":[{\"@type\":\"Article\",\"@id\":\"https:\\\/\\\/bladnanews.com\\\/man-utd-urged-to-appoint-thomas-tuchel-over-luis-enrique\\\/#article\",\"isPartOf\":{\"@id\":\"https:\\\/\\\/bladnanews.com\\\/man-utd-urged-to-appoint-thomas-tuchel-over-luis-enrique\\\/\"},\"author\":{\"name\":\"Bladna News Staff\",\"@id\":\"https:\\\/\\\/mediumseagreen-eel-531711.hostingersite.com\\\/#\\\/schema\\\/person\\\/268e18a453ab080ebf76df6ef7845083\"},\"headline\":\"Man Utd urged to appoint Thomas Tuchel over Luis Enrique\",\"datePublished\":\"2026-01-16T19:41:42+00:00\",\"mainEntityOfPage\":{\"@id\":\"https:\\\/\\\/bladnanews.com\\\/man-utd-urged-to-appoint-thomas-tuchel-over-luis-enrique\\\/\"},\"wordCount\":245,\"publisher\":{\"@id\":\"https:\\\/\\\/mediumseagreen-eel-531711.hostingersite.com\\\/#organization\"},\"image\":{\"@id\":\"https:\\\/\\\/bladnanews.com\\\/man-utd-urged-to-appoint-thomas-tuchel-over-luis-enrique\\\/#primaryimage\"},\"thumbnailUrl\":\"https:\\\/\\\/bladnanews.com\\\/wp-content\\\/uploads\\\/2026\\\/01\\\/BladnaNews-Man-Utd-urged-to-appoint-Thomas-Tuchel-over-Luis-Enrique-2026-01-17T131010.636Z.jpg\",\"articleSection\":[\"International\",\"Latest News\"],\"inLanguage\":\"fr-FR\",\"copyrightYear\":\"2026\",\"copyrightHolder\":{\"@id\":\"https:\\\/\\\/bladnanews.com\\\/fr\\\/#organization\"}},{\"@type\":\"WebPage\",\"@id\":\"https:\\\/\\\/bladnanews.com\\\/man-utd-urged-to-appoint-thomas-tuchel-over-luis-enrique\\\/\",\"url\":\"https:\\\/\\\/bladnanews.com\\\/man-utd-urged-to-appoint-thomas-tuchel-over-luis-enrique\\\/\",\"name\":\"Man Utd urged to appoint Thomas Tuchel over Luis Enrique - Bladna News\",\"isPartOf\":{\"@id\":\"https:\\\/\\\/mediumseagreen-eel-531711.hostingersite.com\\\/#website\"},\"primaryImageOfPage\":{\"@id\":\"https:\\\/\\\/bladnanews.com\\\/man-utd-urged-to-appoint-thomas-tuchel-over-luis-enrique\\\/#primaryimage\"},\"image\":{\"@id\":\"https:\\\/\\\/bladnanews.com\\\/man-utd-urged-to-appoint-thomas-tuchel-over-luis-enrique\\\/#primaryimage\"},\"thumbnailUrl\":\"https:\\\/\\\/bladnanews.com\\\/wp-content\\\/uploads\\\/2026\\\/01\\\/BladnaNews-Man-Utd-urged-to-appoint-Thomas-Tuchel-over-Luis-Enrique-2026-01-17T131010.636Z.jpg\",\"datePublished\":\"2026-01-16T19:41:42+00:00\",\"breadcrumb\":{\"@id\":\"https:\\\/\\\/bladnanews.com\\\/man-utd-urged-to-appoint-thomas-tuchel-over-luis-enrique\\\/#breadcrumb\"},\"inLanguage\":\"fr-FR\",\"potentialAction\":[{\"@type\":\"ReadAction\",\"target\":[\"https:\\\/\\\/bladnanews.com\\\/man-utd-urged-to-appoint-thomas-tuchel-over-luis-enrique\\\/\"]}]},{\"@type\":\"ImageObject\",\"inLanguage\":\"fr-FR\",\"@id\":\"https:\\\/\\\/bladnanews.com\\\/man-utd-urged-to-appoint-thomas-tuchel-over-luis-enrique\\\/#primaryimage\",\"url\":\"https:\\\/\\\/bladnanews.com\\\/wp-content\\\/uploads\\\/2026\\\/01\\\/BladnaNews-Man-Utd-urged-to-appoint-Thomas-Tuchel-over-Luis-Enrique-2026-01-17T131010.636Z.jpg\",\"contentUrl\":\"https:\\\/\\\/bladnanews.com\\\/wp-content\\\/uploads\\\/2026\\\/01\\\/BladnaNews-Man-Utd-urged-to-appoint-Thomas-Tuchel-over-Luis-Enrique-2026-01-17T131010.636Z.jpg\",\"width\":1600,\"height\":900,\"caption\":\"Thomas Tuchel smiles during a match, wearing a dark jacket against a blurred stadium background, highlighting his focus on football strategy.\"},{\"@type\":\"BreadcrumbList\",\"@id\":\"https:\\\/\\\/bladnanews.com\\\/man-utd-urged-to-appoint-thomas-tuchel-over-luis-enrique\\\/#breadcrumb\",\"itemListElement\":[{\"@type\":\"ListItem\",\"position\":1,\"name\":\"Home\",\"item\":\"https:\\\/\\\/bladnanews.com\\\/\"},{\"@type\":\"ListItem\",\"position\":2,\"name\":\"Man Utd urged to appoint Thomas Tuchel over Luis Enrique\"}]},{\"@type\":\"WebSite\",\"@id\":\"https:\\\/\\\/mediumseagreen-eel-531711.hostingersite.com\\\/#website\",\"url\":\"https:\\\/\\\/mediumseagreen-eel-531711.hostingersite.com\\\/\",\"name\":\"Bladna News - Morocco\",\"description\":\"Where Moroccan Football Meets the World\",\"publisher\":{\"@id\":\"https:\\\/\\\/mediumseagreen-eel-531711.hostingersite.com\\\/#organization\"},\"potentialAction\":[{\"@type\":\"SearchAction\",\"target\":{\"@type\":\"EntryPoint\",\"urlTemplate\":\"https:\\\/\\\/mediumseagreen-eel-531711.hostingersite.com\\\/?s={search_term_string}\"},\"query-input\":{\"@type\":\"PropertyValueSpecification\",\"valueRequired\":true,\"valueName\":\"search_term_string\"}}],\"inLanguage\":\"fr-FR\"},{\"@type\":\"Organization\",\"@id\":\"https:\\\/\\\/mediumseagreen-eel-531711.hostingersite.com\\\/#organization\",\"name\":\"Bladna News.com\",\"url\":\"https:\\\/\\\/mediumseagreen-eel-531711.hostingersite.com\\\/\",\"logo\":{\"@type\":\"ImageObject\",\"inLanguage\":\"fr-FR\",\"@id\":\"https:\\\/\\\/mediumseagreen-eel-531711.hostingersite.com\\\/#\\\/schema\\\/logo\\\/image\\\/\",\"url\":\"https:\\\/\\\/bladnanews.com\\\/wp-content\\\/uploads\\\/2025\\\/12\\\/logo-bladnanews-V2-web-black-red.png\",\"contentUrl\":\"https:\\\/\\\/bladnanews.com\\\/wp-content\\\/uploads\\\/2025\\\/12\\\/logo-bladnanews-V2-web-black-red.png\",\"width\":703,\"height\":287,\"caption\":\"Bladna News.com\"},\"image\":{\"@id\":\"https:\\\/\\\/mediumseagreen-eel-531711.hostingersite.com\\\/#\\\/schema\\\/logo\\\/image\\\/\"},\"email\":\"info@bladnanews.com\",\"legalName\":\"Bladna News\"},{\"@type\":\"Person\",\"@id\":\"https:\\\/\\\/mediumseagreen-eel-531711.hostingersite.com\\\/#\\\/schema\\\/person\\\/268e18a453ab080ebf76df6ef7845083\",\"name\":\"Bladna News Staff\",\"url\":\"https:\\\/\\\/bladnanews.com\\\/fr\\\/author\\\/bladna-news-staff\\\/\"}]}<\/script>\n<!-- \/ Yoast SEO Premium plugin. -->","yoast_head_json":{"title":"Le Man Utd est incit\u00e9 \u00e0 nommer Thomas Tuchel plut\u00f4t que Luis Enrique - Bladna News","robots":{"index":"index","follow":"follow","max-snippet":"max-snippet:-1","max-image-preview":"max-image-preview:large","max-video-preview":"max-video-preview:-1"},"canonical":"https:\/\/bladnanews.com\/fr\/manchester-united-est-incite-a-nommer-thomas-tuchel-plutot-que-luis-enrique\/","og_locale":"fr_FR","og_type":"article","og_title":"Man Utd urged to appoint Thomas Tuchel over Luis Enrique","og_description":"Manchester United have been urged to look past Luis Enrique and move for Thomas Tuchel as their next manager. Talk [&hellip;]","og_url":"https:\/\/bladnanews.com\/fr\/manchester-united-est-incite-a-nommer-thomas-tuchel-plutot-que-luis-enrique\/","og_site_name":"Bladna News","article_published_time":"2026-01-16T19:41:42+00:00","og_image":[{"width":1312,"height":736,"url":"https:\/\/bladnanews.com\/wp-content\/uploads\/2025\/12\/freepik__bladna-newscom-moroccan-soccer-homepage-banner-mor__41838.png","type":"image\/png"}],"author":"Bladna News Staff","twitter_card":"summary_large_image","twitter_misc":{"\u00c9crit par":"Bladna News Staff","Dur\u00e9e de lecture estim\u00e9e":"1 minute"},"schema":{"@context":"https:\/\/schema.org","@graph":[{"@type":"Article","@id":"https:\/\/bladnanews.com\/man-utd-urged-to-appoint-thomas-tuchel-over-luis-enrique\/#article","isPartOf":{"@id":"https:\/\/bladnanews.com\/man-utd-urged-to-appoint-thomas-tuchel-over-luis-enrique\/"},"author":{"name":"Bladna News Staff","@id":"https:\/\/mediumseagreen-eel-531711.hostingersite.com\/#\/schema\/person\/268e18a453ab080ebf76df6ef7845083"},"headline":"Man Utd urged to appoint Thomas Tuchel over Luis Enrique","datePublished":"2026-01-16T19:41:42+00:00","mainEntityOfPage":{"@id":"https:\/\/bladnanews.com\/man-utd-urged-to-appoint-thomas-tuchel-over-luis-enrique\/"},"wordCount":245,"publisher":{"@id":"https:\/\/mediumseagreen-eel-531711.hostingersite.com\/#organization"},"image":{"@id":"https:\/\/bladnanews.com\/man-utd-urged-to-appoint-thomas-tuchel-over-luis-enrique\/#primaryimage"},"thumbnailUrl":"https:\/\/bladnanews.com\/wp-content\/uploads\/2026\/01\/BladnaNews-Man-Utd-urged-to-appoint-Thomas-Tuchel-over-Luis-Enrique-2026-01-17T131010.636Z.jpg","articleSection":["International","Latest News"],"inLanguage":"fr-FR","copyrightYear":"2026","copyrightHolder":{"@id":"https:\/\/bladnanews.com\/fr\/#organization"}},{"@type":"WebPage","@id":"https:\/\/bladnanews.com\/man-utd-urged-to-appoint-thomas-tuchel-over-luis-enrique\/","url":"https:\/\/bladnanews.com\/man-utd-urged-to-appoint-thomas-tuchel-over-luis-enrique\/","name":"Le Man Utd est incit\u00e9 \u00e0 nommer Thomas Tuchel plut\u00f4t que Luis Enrique - Bladna News","isPartOf":{"@id":"https:\/\/mediumseagreen-eel-531711.hostingersite.com\/#website"},"primaryImageOfPage":{"@id":"https:\/\/bladnanews.com\/man-utd-urged-to-appoint-thomas-tuchel-over-luis-enrique\/#primaryimage"},"image":{"@id":"https:\/\/bladnanews.com\/man-utd-urged-to-appoint-thomas-tuchel-over-luis-enrique\/#primaryimage"},"thumbnailUrl":"https:\/\/bladnanews.com\/wp-content\/uploads\/2026\/01\/BladnaNews-Man-Utd-urged-to-appoint-Thomas-Tuchel-over-Luis-Enrique-2026-01-17T131010.636Z.jpg","datePublished":"2026-01-16T19:41:42+00:00","breadcrumb":{"@id":"https:\/\/bladnanews.com\/man-utd-urged-to-appoint-thomas-tuchel-over-luis-enrique\/#breadcrumb"},"inLanguage":"fr-FR","potentialAction":[{"@type":"ReadAction","target":["https:\/\/bladnanews.com\/man-utd-urged-to-appoint-thomas-tuchel-over-luis-enrique\/"]}]},{"@type":"ImageObject","inLanguage":"fr-FR","@id":"https:\/\/bladnanews.com\/man-utd-urged-to-appoint-thomas-tuchel-over-luis-enrique\/#primaryimage","url":"https:\/\/bladnanews.com\/wp-content\/uploads\/2026\/01\/BladnaNews-Man-Utd-urged-to-appoint-Thomas-Tuchel-over-Luis-Enrique-2026-01-17T131010.636Z.jpg","contentUrl":"https:\/\/bladnanews.com\/wp-content\/uploads\/2026\/01\/BladnaNews-Man-Utd-urged-to-appoint-Thomas-Tuchel-over-Luis-Enrique-2026-01-17T131010.636Z.jpg","width":1600,"height":900,"caption":"Thomas Tuchel smiles during a match, wearing a dark jacket against a blurred stadium background, highlighting his focus on football strategy."},{"@type":"BreadcrumbList","@id":"https:\/\/bladnanews.com\/man-utd-urged-to-appoint-thomas-tuchel-over-luis-enrique\/#breadcrumb","itemListElement":[{"@type":"ListItem","position":1,"name":"Home","item":"https:\/\/bladnanews.com\/"},{"@type":"ListItem","position":2,"name":"Man Utd urged to appoint Thomas Tuchel over Luis Enrique"}]},{"@type":"WebSite","@id":"https:\/\/mediumseagreen-eel-531711.hostingersite.com\/#website","url":"https:\/\/mediumseagreen-eel-531711.hostingersite.com\/","name":"Bladna News - Maroc","description":"Quand le football marocain rencontre le monde","publisher":{"@id":"https:\/\/mediumseagreen-eel-531711.hostingersite.com\/#organization"},"potentialAction":[{"@type":"SearchAction","target":{"@type":"EntryPoint","urlTemplate":"https:\/\/mediumseagreen-eel-531711.hostingersite.com\/?s={search_term_string}"},"query-input":{"@type":"PropertyValueSpecification","valueRequired":true,"valueName":"search_term_string"}}],"inLanguage":"fr-FR"},{"@type":"Organization","@id":"https:\/\/mediumseagreen-eel-531711.hostingersite.com\/#organization","name":"Bladna News.com","url":"https:\/\/mediumseagreen-eel-531711.hostingersite.com\/","logo":{"@type":"ImageObject","inLanguage":"fr-FR","@id":"https:\/\/mediumseagreen-eel-531711.hostingersite.com\/#\/schema\/logo\/image\/","url":"https:\/\/bladnanews.com\/wp-content\/uploads\/2025\/12\/logo-bladnanews-V2-web-black-red.png","contentUrl":"https:\/\/bladnanews.com\/wp-content\/uploads\/2025\/12\/logo-bladnanews-V2-web-black-red.png","width":703,"height":287,"caption":"Bladna News.com"},"image":{"@id":"https:\/\/mediumseagreen-eel-531711.hostingersite.com\/#\/schema\/logo\/image\/"},"email":"info@bladnanews.com","legalName":"Bladna News"},{"@type":"Person","@id":"https:\/\/mediumseagreen-eel-531711.hostingersite.com\/#\/schema\/person\/268e18a453ab080ebf76df6ef7845083","name":"\u00c9quipe r\u00e9dactionnelle de Bladna News","url":"https:\/\/bladnanews.com\/fr\/author\/bladna-news-staff\/"}]}},"_links":{"self":[{"href":"https:\/\/bladnanews.com\/fr\/wp-json\/wp\/v2\/posts\/6584","targetHints":{"allow":["GET"]}}],"collection":[{"href":"https:\/\/bladnanews.com\/fr\/wp-json\/wp\/v2\/posts"}],"about":[{"href":"https:\/\/bladnanews.com\/fr\/wp-json\/wp\/v2\/types\/post"}],"author":[{"embeddable":true,"href":"https:\/\/bladnanews.com\/fr\/wp-json\/wp\/v2\/users\/3"}],"replies":[{"embeddable":true,"href":"https:\/\/bladnanews.com\/fr\/wp-json\/wp\/v2\/comments?post=6584"}],"version-history":[{"count":0,"href":"https:\/\/bladnanews.com\/fr\/wp-json\/wp\/v2\/posts\/6584\/revisions"}],"wp:featuredmedia":[{"embeddable":true,"href":"https:\/\/bladnanews.com\/fr\/wp-json\/wp\/v2\/media\/6583"}],"wp:attachment":[{"href":"https:\/\/bladnanews.com\/fr\/wp-json\/wp\/v2\/media?parent=6584"}],"wp:term":[{"taxonomy":"category","embeddable":true,"href":"https:\/\/bladnanews.com\/fr\/wp-json\/wp\/v2\/categories?post=6584"},{"taxonomy":"post_tag","embeddable":true,"href":"https:\/\/bladnanews.com\/fr\/wp-json\/wp\/v2\/tags?post=6584"}],"curies":[{"name":"wp","href":"https:\/\/api.w.org\/{rel}","templated":true}]}}