{"id":6592,"date":"2026-01-17T08:51:00","date_gmt":"2026-01-17T08:51:00","guid":{"rendered":"https:\/\/bladnanews.com\/amr-adeeb-slams-hassan-twins-over-morocco-remarks\/"},"modified":"2026-01-17T08:51:00","modified_gmt":"2026-01-17T08:51:00","slug":"amr-adeeb-slams-hassan-twins-over-morocco-remarks","status":"publish","type":"post","link":"https:\/\/bladnanews.com\/fr\/amr-adeeb-slams-hassan-twins-over-morocco-remarks\/","title":{"rendered":"Amr Adeeb critique vivement les fr\u00e8res Hassan pour leurs propos sur le Maroc"},"content":{"rendered":"<p>L'animateur de t\u00e9l\u00e9vision \u00e9gyptien Amr Adeeb a lanc\u00e9 une virulente attaque en direct contre les jumeaux Hassan, Ibrahim Hassan et Hossam Hassan, \u00e0 la suite de propos largement per\u00e7us comme une insulte envers le Maroc et remettant en cause la r\u00e9ussite de l'organisation par le pays de la Coupe d'Afrique des Nations.<\/p>\n<p>Au cours d'un segment passionn\u00e9, Adeeb a rejet\u00e9 les d\u00e9clarations attribu\u00e9es au duo, affirmant que le Maroc m\u00e9rite le respect pour ce qu'il a accompli en termes d'organisation et d'infrastructures, soulignant que le succ\u00e8s de tels tournois est \u00e9vident pour tous.<\/p>\n<p>Il a critiqu\u00e9 le ton des commentaires et mis en garde contre le fait de tra\u00eener le football dans des conflits inutiles, insistant sur le fait que la rivalit\u00e9 sur le terrain ne doit pas se transformer en manque de respect envers les pays ou leurs peuples.<\/p>\n<p>Adeeb a \u00e9galement soulign\u00e9 que le bilan du Maroc en mati\u00e8re d'organisation d'\u00e9v\u00e9nements majeurs parle de lui-m\u00eame, et que le remettre en question de cette mani\u00e8re ne fait qu'attiser les tensions sans aucun b\u00e9n\u00e9fice pour le sport.<\/p>\n<p>Ce segment a rapidement attir\u00e9 l'attention sur les r\u00e9seaux sociaux, de nombreux utilisateurs d\u00e9battant de la r\u00e9ponse d'Adeeb et des d\u00e9clarations originales, tandis que la pol\u00e9mique continuait de se propager en ligne.<\/p>","protected":false},"excerpt":{"rendered":"<p>Egyptian TV host Amr Adeeb launched a fierce on-air attack on the Hassan twins, Ibrahim Hassan and Hossam Hassan, after [&hellip;]<\/p>\n","protected":false},"author":4,"featured_media":6591,"comment_status":"","ping_status":"open","sticky":false,"template":"","format":"standard","meta":{"googlesitekit_rrm_CAow_uzEDA:productID":"","site-sidebar-layout":"default","site-content-layout":"","ast-site-content-layout":"default","site-content-style":"default","site-sidebar-style":"default","ast-global-header-display":"","ast-banner-title-visibility":"","ast-main-header-display":"","ast-hfb-above-header-display":"","ast-hfb-below-header-display":"","ast-hfb-mobile-header-display":"","site-post-title":"","ast-breadcrumbs-content":"","ast-featured-img":"","footer-sml-layout":"","ast-disable-related-posts":"","theme-transparent-header-meta":"","adv-header-id-meta":"","stick-header-meta":"","header-above-stick-meta":"","header-main-stick-meta":"","header-below-stick-meta":"","astra-migrate-meta-layouts":"default","ast-page-background-enabled":"default","ast-page-background-meta":{"desktop":{"background-color":"var(--ast-global-color-5)","background-image":"","background-repeat":"repeat","background-position":"center center","background-size":"auto","background-attachment":"scroll","background-type":"","background-media":"","overlay-type":"","overlay-color":"","overlay-opacity":"","overlay-gradient":""},"tablet":{"background-color":"","background-image":"","background-repeat":"repeat","background-position":"center center","background-size":"auto","background-attachment":"scroll","background-type":"","background-media":"","overlay-type":"","overlay-color":"","overlay-opacity":"","overlay-gradient":""},"mobile":{"background-color":"","background-image":"","background-repeat":"repeat","background-position":"center center","background-size":"auto","background-attachment":"scroll","background-type":"","background-media":"","overlay-type":"","overlay-color":"","overlay-opacity":"","overlay-gradient":""}},"ast-content-background-meta":{"desktop":{"background-color":"var(--ast-global-color-4)","background-image":"","background-repeat":"repeat","background-position":"center center","background-size":"auto","background-attachment":"scroll","background-type":"","background-media":"","overlay-type":"","overlay-color":"","overlay-opacity":"","overlay-gradient":""},"tablet":{"background-color":"var(--ast-global-color-4)","background-image":"","background-repeat":"repeat","background-position":"center center","background-size":"auto","background-attachment":"scroll","background-type":"","background-media":"","overlay-type":"","overlay-color":"","overlay-opacity":"","overlay-gradient":""},"mobile":{"background-color":"var(--ast-global-color-4)","background-image":"","background-repeat":"repeat","background-position":"center center","background-size":"auto","background-attachment":"scroll","background-type":"","background-media":"","overlay-type":"","overlay-color":"","overlay-opacity":"","overlay-gradient":""}},"footnotes":""},"categories":[1,168],"tags":[],"class_list":["post-6592","post","type-post","status-publish","format-standard","has-post-thumbnail","hentry","category-football-latest-news","category-morocco-national-team"],"yoast_head":"<!-- This site is optimized with the Yoast SEO Premium plugin v26.6 (Yoast SEO v27.4) - https:\/\/yoast.com\/product\/yoast-seo-premium-wordpress\/ -->\n<title>Amr Adeeb slams Hassan twins over Morocco remarks - Bladna News<\/title>\n<meta name=\"robots\" content=\"index, follow, max-snippet:-1, max-image-preview:large, max-video-preview:-1\" \/>\n<link rel=\"canonical\" href=\"https:\/\/bladnanews.com\/fr\/amr-adeeb-slams-hassan-twins-over-morocco-remarks\/\" \/>\n<meta property=\"og:locale\" content=\"fr_FR\" \/>\n<meta property=\"og:type\" content=\"article\" \/>\n<meta property=\"og:title\" content=\"Amr Adeeb slams Hassan twins over Morocco remarks\" \/>\n<meta property=\"og:description\" content=\"Egyptian TV host Amr Adeeb launched a fierce on-air attack on the Hassan twins, Ibrahim Hassan and Hossam Hassan, after [&hellip;]\" \/>\n<meta property=\"og:url\" content=\"https:\/\/bladnanews.com\/fr\/amr-adeeb-slams-hassan-twins-over-morocco-remarks\/\" \/>\n<meta property=\"og:site_name\" content=\"Bladna News\" \/>\n<meta property=\"article:published_time\" content=\"2026-01-17T08:51:00+00:00\" \/>\n<meta property=\"og:image\" content=\"https:\/\/bladnanews.com\/wp-content\/uploads\/2025\/12\/freepik__bladna-newscom-moroccan-soccer-homepage-banner-mor__41838.png\" \/>\n\t<meta property=\"og:image:width\" content=\"1312\" \/>\n\t<meta property=\"og:image:height\" content=\"736\" \/>\n\t<meta property=\"og:image:type\" content=\"image\/png\" \/>\n<meta name=\"author\" content=\"Bladna Sports Desk\" \/>\n<meta name=\"twitter:card\" content=\"summary_large_image\" \/>\n<meta name=\"twitter:label1\" content=\"\u00c9crit par\" \/>\n\t<meta name=\"twitter:data1\" content=\"Bladna Sports Desk\" \/>\n\t<meta name=\"twitter:label2\" content=\"Dur\u00e9e de lecture estim\u00e9e\" \/>\n\t<meta name=\"twitter:data2\" content=\"1 minute\" \/>\n<script type=\"application\/ld+json\" class=\"yoast-schema-graph\">{\"@context\":\"https:\\\/\\\/schema.org\",\"@graph\":[{\"@type\":\"Article\",\"@id\":\"https:\\\/\\\/bladnanews.com\\\/amr-adeeb-slams-hassan-twins-over-morocco-remarks\\\/#article\",\"isPartOf\":{\"@id\":\"https:\\\/\\\/bladnanews.com\\\/amr-adeeb-slams-hassan-twins-over-morocco-remarks\\\/\"},\"author\":{\"name\":\"Bladna Sports Desk\",\"@id\":\"https:\\\/\\\/mediumseagreen-eel-531711.hostingersite.com\\\/#\\\/schema\\\/person\\\/6712b38fabe810f7eb8d15ed30d90f1e\"},\"headline\":\"Amr Adeeb slams Hassan twins over Morocco remarks\",\"datePublished\":\"2026-01-17T08:51:00+00:00\",\"mainEntityOfPage\":{\"@id\":\"https:\\\/\\\/bladnanews.com\\\/amr-adeeb-slams-hassan-twins-over-morocco-remarks\\\/\"},\"wordCount\":182,\"publisher\":{\"@id\":\"https:\\\/\\\/mediumseagreen-eel-531711.hostingersite.com\\\/#organization\"},\"image\":{\"@id\":\"https:\\\/\\\/bladnanews.com\\\/amr-adeeb-slams-hassan-twins-over-morocco-remarks\\\/#primaryimage\"},\"thumbnailUrl\":\"https:\\\/\\\/bladnanews.com\\\/wp-content\\\/uploads\\\/2026\\\/01\\\/Capture-decran-2026-01-17-a-09.57.31_1768640279.webp\",\"articleSection\":[\"Latest News\",\"Morocco National Team\"],\"inLanguage\":\"fr-FR\",\"copyrightYear\":\"2026\",\"copyrightHolder\":{\"@id\":\"https:\\\/\\\/bladnanews.com\\\/fr\\\/#organization\"}},{\"@type\":\"WebPage\",\"@id\":\"https:\\\/\\\/bladnanews.com\\\/amr-adeeb-slams-hassan-twins-over-morocco-remarks\\\/\",\"url\":\"https:\\\/\\\/bladnanews.com\\\/amr-adeeb-slams-hassan-twins-over-morocco-remarks\\\/\",\"name\":\"Amr Adeeb slams Hassan twins over Morocco remarks - Bladna News\",\"isPartOf\":{\"@id\":\"https:\\\/\\\/mediumseagreen-eel-531711.hostingersite.com\\\/#website\"},\"primaryImageOfPage\":{\"@id\":\"https:\\\/\\\/bladnanews.com\\\/amr-adeeb-slams-hassan-twins-over-morocco-remarks\\\/#primaryimage\"},\"image\":{\"@id\":\"https:\\\/\\\/bladnanews.com\\\/amr-adeeb-slams-hassan-twins-over-morocco-remarks\\\/#primaryimage\"},\"thumbnailUrl\":\"https:\\\/\\\/bladnanews.com\\\/wp-content\\\/uploads\\\/2026\\\/01\\\/Capture-decran-2026-01-17-a-09.57.31_1768640279.webp\",\"datePublished\":\"2026-01-17T08:51:00+00:00\",\"breadcrumb\":{\"@id\":\"https:\\\/\\\/bladnanews.com\\\/amr-adeeb-slams-hassan-twins-over-morocco-remarks\\\/#breadcrumb\"},\"inLanguage\":\"fr-FR\",\"potentialAction\":[{\"@type\":\"ReadAction\",\"target\":[\"https:\\\/\\\/bladnanews.com\\\/amr-adeeb-slams-hassan-twins-over-morocco-remarks\\\/\"]}]},{\"@type\":\"ImageObject\",\"inLanguage\":\"fr-FR\",\"@id\":\"https:\\\/\\\/bladnanews.com\\\/amr-adeeb-slams-hassan-twins-over-morocco-remarks\\\/#primaryimage\",\"url\":\"https:\\\/\\\/bladnanews.com\\\/wp-content\\\/uploads\\\/2026\\\/01\\\/Capture-decran-2026-01-17-a-09.57.31_1768640279.webp\",\"contentUrl\":\"https:\\\/\\\/bladnanews.com\\\/wp-content\\\/uploads\\\/2026\\\/01\\\/Capture-decran-2026-01-17-a-09.57.31_1768640279.webp\",\"width\":860,\"height\":695,\"caption\":\"Key figures in Moroccan football are depicted: two coaches flanking a central figure in a suit, against a red background with Moroccan motifs.\"},{\"@type\":\"BreadcrumbList\",\"@id\":\"https:\\\/\\\/bladnanews.com\\\/amr-adeeb-slams-hassan-twins-over-morocco-remarks\\\/#breadcrumb\",\"itemListElement\":[{\"@type\":\"ListItem\",\"position\":1,\"name\":\"Home\",\"item\":\"https:\\\/\\\/bladnanews.com\\\/\"},{\"@type\":\"ListItem\",\"position\":2,\"name\":\"Amr Adeeb slams Hassan twins over Morocco remarks\"}]},{\"@type\":\"WebSite\",\"@id\":\"https:\\\/\\\/mediumseagreen-eel-531711.hostingersite.com\\\/#website\",\"url\":\"https:\\\/\\\/mediumseagreen-eel-531711.hostingersite.com\\\/\",\"name\":\"Bladna News - Morocco\",\"description\":\"Where Moroccan Football Meets the World\",\"publisher\":{\"@id\":\"https:\\\/\\\/mediumseagreen-eel-531711.hostingersite.com\\\/#organization\"},\"potentialAction\":[{\"@type\":\"SearchAction\",\"target\":{\"@type\":\"EntryPoint\",\"urlTemplate\":\"https:\\\/\\\/mediumseagreen-eel-531711.hostingersite.com\\\/?s={search_term_string}\"},\"query-input\":{\"@type\":\"PropertyValueSpecification\",\"valueRequired\":true,\"valueName\":\"search_term_string\"}}],\"inLanguage\":\"fr-FR\"},{\"@type\":\"Organization\",\"@id\":\"https:\\\/\\\/mediumseagreen-eel-531711.hostingersite.com\\\/#organization\",\"name\":\"Bladna News.com\",\"url\":\"https:\\\/\\\/mediumseagreen-eel-531711.hostingersite.com\\\/\",\"logo\":{\"@type\":\"ImageObject\",\"inLanguage\":\"fr-FR\",\"@id\":\"https:\\\/\\\/mediumseagreen-eel-531711.hostingersite.com\\\/#\\\/schema\\\/logo\\\/image\\\/\",\"url\":\"https:\\\/\\\/bladnanews.com\\\/wp-content\\\/uploads\\\/2025\\\/12\\\/logo-bladnanews-V2-web-black-red.png\",\"contentUrl\":\"https:\\\/\\\/bladnanews.com\\\/wp-content\\\/uploads\\\/2025\\\/12\\\/logo-bladnanews-V2-web-black-red.png\",\"width\":703,\"height\":287,\"caption\":\"Bladna News.com\"},\"image\":{\"@id\":\"https:\\\/\\\/mediumseagreen-eel-531711.hostingersite.com\\\/#\\\/schema\\\/logo\\\/image\\\/\"},\"email\":\"info@bladnanews.com\",\"legalName\":\"Bladna News\"},{\"@type\":\"Person\",\"@id\":\"https:\\\/\\\/mediumseagreen-eel-531711.hostingersite.com\\\/#\\\/schema\\\/person\\\/6712b38fabe810f7eb8d15ed30d90f1e\",\"name\":\"Bladna Sports Desk\",\"url\":\"https:\\\/\\\/bladnanews.com\\\/fr\\\/author\\\/bladna-sports-desk\\\/\"}]}<\/script>\n<!-- \/ Yoast SEO Premium plugin. -->","yoast_head_json":{"title":"Amr Adeeb critique s\u00e9v\u00e8rement les jumeaux Hassan pour leurs propos sur le Maroc - Bladna News","robots":{"index":"index","follow":"follow","max-snippet":"max-snippet:-1","max-image-preview":"max-image-preview:large","max-video-preview":"max-video-preview:-1"},"canonical":"https:\/\/bladnanews.com\/fr\/amr-adeeb-slams-hassan-twins-over-morocco-remarks\/","og_locale":"fr_FR","og_type":"article","og_title":"Amr Adeeb slams Hassan twins over Morocco remarks","og_description":"Egyptian TV host Amr Adeeb launched a fierce on-air attack on the Hassan twins, Ibrahim Hassan and Hossam Hassan, after [&hellip;]","og_url":"https:\/\/bladnanews.com\/fr\/amr-adeeb-slams-hassan-twins-over-morocco-remarks\/","og_site_name":"Bladna News","article_published_time":"2026-01-17T08:51:00+00:00","og_image":[{"width":1312,"height":736,"url":"https:\/\/bladnanews.com\/wp-content\/uploads\/2025\/12\/freepik__bladna-newscom-moroccan-soccer-homepage-banner-mor__41838.png","type":"image\/png"}],"author":"Bladna Sports Desk","twitter_card":"summary_large_image","twitter_misc":{"\u00c9crit par":"Bladna Sports Desk","Dur\u00e9e de lecture estim\u00e9e":"1 minute"},"schema":{"@context":"https:\/\/schema.org","@graph":[{"@type":"Article","@id":"https:\/\/bladnanews.com\/amr-adeeb-slams-hassan-twins-over-morocco-remarks\/#article","isPartOf":{"@id":"https:\/\/bladnanews.com\/amr-adeeb-slams-hassan-twins-over-morocco-remarks\/"},"author":{"name":"Bladna Sports Desk","@id":"https:\/\/mediumseagreen-eel-531711.hostingersite.com\/#\/schema\/person\/6712b38fabe810f7eb8d15ed30d90f1e"},"headline":"Amr Adeeb slams Hassan twins over Morocco remarks","datePublished":"2026-01-17T08:51:00+00:00","mainEntityOfPage":{"@id":"https:\/\/bladnanews.com\/amr-adeeb-slams-hassan-twins-over-morocco-remarks\/"},"wordCount":182,"publisher":{"@id":"https:\/\/mediumseagreen-eel-531711.hostingersite.com\/#organization"},"image":{"@id":"https:\/\/bladnanews.com\/amr-adeeb-slams-hassan-twins-over-morocco-remarks\/#primaryimage"},"thumbnailUrl":"https:\/\/bladnanews.com\/wp-content\/uploads\/2026\/01\/Capture-decran-2026-01-17-a-09.57.31_1768640279.webp","articleSection":["Latest News","Morocco National Team"],"inLanguage":"fr-FR","copyrightYear":"2026","copyrightHolder":{"@id":"https:\/\/bladnanews.com\/fr\/#organization"}},{"@type":"WebPage","@id":"https:\/\/bladnanews.com\/amr-adeeb-slams-hassan-twins-over-morocco-remarks\/","url":"https:\/\/bladnanews.com\/amr-adeeb-slams-hassan-twins-over-morocco-remarks\/","name":"Amr Adeeb critique s\u00e9v\u00e8rement les jumeaux Hassan pour leurs propos sur le Maroc - Bladna News","isPartOf":{"@id":"https:\/\/mediumseagreen-eel-531711.hostingersite.com\/#website"},"primaryImageOfPage":{"@id":"https:\/\/bladnanews.com\/amr-adeeb-slams-hassan-twins-over-morocco-remarks\/#primaryimage"},"image":{"@id":"https:\/\/bladnanews.com\/amr-adeeb-slams-hassan-twins-over-morocco-remarks\/#primaryimage"},"thumbnailUrl":"https:\/\/bladnanews.com\/wp-content\/uploads\/2026\/01\/Capture-decran-2026-01-17-a-09.57.31_1768640279.webp","datePublished":"2026-01-17T08:51:00+00:00","breadcrumb":{"@id":"https:\/\/bladnanews.com\/amr-adeeb-slams-hassan-twins-over-morocco-remarks\/#breadcrumb"},"inLanguage":"fr-FR","potentialAction":[{"@type":"ReadAction","target":["https:\/\/bladnanews.com\/amr-adeeb-slams-hassan-twins-over-morocco-remarks\/"]}]},{"@type":"ImageObject","inLanguage":"fr-FR","@id":"https:\/\/bladnanews.com\/amr-adeeb-slams-hassan-twins-over-morocco-remarks\/#primaryimage","url":"https:\/\/bladnanews.com\/wp-content\/uploads\/2026\/01\/Capture-decran-2026-01-17-a-09.57.31_1768640279.webp","contentUrl":"https:\/\/bladnanews.com\/wp-content\/uploads\/2026\/01\/Capture-decran-2026-01-17-a-09.57.31_1768640279.webp","width":860,"height":695,"caption":"Key figures in Moroccan football are depicted: two coaches flanking a central figure in a suit, against a red background with Moroccan motifs."},{"@type":"BreadcrumbList","@id":"https:\/\/bladnanews.com\/amr-adeeb-slams-hassan-twins-over-morocco-remarks\/#breadcrumb","itemListElement":[{"@type":"ListItem","position":1,"name":"Home","item":"https:\/\/bladnanews.com\/"},{"@type":"ListItem","position":2,"name":"Amr Adeeb slams Hassan twins over Morocco remarks"}]},{"@type":"WebSite","@id":"https:\/\/mediumseagreen-eel-531711.hostingersite.com\/#website","url":"https:\/\/mediumseagreen-eel-531711.hostingersite.com\/","name":"Bladna News - Maroc","description":"Quand le football marocain rencontre le monde","publisher":{"@id":"https:\/\/mediumseagreen-eel-531711.hostingersite.com\/#organization"},"potentialAction":[{"@type":"SearchAction","target":{"@type":"EntryPoint","urlTemplate":"https:\/\/mediumseagreen-eel-531711.hostingersite.com\/?s={search_term_string}"},"query-input":{"@type":"PropertyValueSpecification","valueRequired":true,"valueName":"search_term_string"}}],"inLanguage":"fr-FR"},{"@type":"Organization","@id":"https:\/\/mediumseagreen-eel-531711.hostingersite.com\/#organization","name":"Bladna News.com","url":"https:\/\/mediumseagreen-eel-531711.hostingersite.com\/","logo":{"@type":"ImageObject","inLanguage":"fr-FR","@id":"https:\/\/mediumseagreen-eel-531711.hostingersite.com\/#\/schema\/logo\/image\/","url":"https:\/\/bladnanews.com\/wp-content\/uploads\/2025\/12\/logo-bladnanews-V2-web-black-red.png","contentUrl":"https:\/\/bladnanews.com\/wp-content\/uploads\/2025\/12\/logo-bladnanews-V2-web-black-red.png","width":703,"height":287,"caption":"Bladna News.com"},"image":{"@id":"https:\/\/mediumseagreen-eel-531711.hostingersite.com\/#\/schema\/logo\/image\/"},"email":"info@bladnanews.com","legalName":"Bladna News"},{"@type":"Person","@id":"https:\/\/mediumseagreen-eel-531711.hostingersite.com\/#\/schema\/person\/6712b38fabe810f7eb8d15ed30d90f1e","name":"Bladna Sports Desk","url":"https:\/\/bladnanews.com\/fr\/author\/bladna-sports-desk\/"}]}},"_links":{"self":[{"href":"https:\/\/bladnanews.com\/fr\/wp-json\/wp\/v2\/posts\/6592","targetHints":{"allow":["GET"]}}],"collection":[{"href":"https:\/\/bladnanews.com\/fr\/wp-json\/wp\/v2\/posts"}],"about":[{"href":"https:\/\/bladnanews.com\/fr\/wp-json\/wp\/v2\/types\/post"}],"author":[{"embeddable":true,"href":"https:\/\/bladnanews.com\/fr\/wp-json\/wp\/v2\/users\/4"}],"replies":[{"embeddable":true,"href":"https:\/\/bladnanews.com\/fr\/wp-json\/wp\/v2\/comments?post=6592"}],"version-history":[{"count":0,"href":"https:\/\/bladnanews.com\/fr\/wp-json\/wp\/v2\/posts\/6592\/revisions"}],"wp:featuredmedia":[{"embeddable":true,"href":"https:\/\/bladnanews.com\/fr\/wp-json\/wp\/v2\/media\/6591"}],"wp:attachment":[{"href":"https:\/\/bladnanews.com\/fr\/wp-json\/wp\/v2\/media?parent=6592"}],"wp:term":[{"taxonomy":"category","embeddable":true,"href":"https:\/\/bladnanews.com\/fr\/wp-json\/wp\/v2\/categories?post=6592"},{"taxonomy":"post_tag","embeddable":true,"href":"https:\/\/bladnanews.com\/fr\/wp-json\/wp\/v2\/tags?post=6592"}],"curies":[{"name":"wp","href":"https:\/\/api.w.org\/{rel}","templated":true}]}}