{"id":6661,"date":"2026-01-17T13:36:23","date_gmt":"2026-01-17T13:36:23","guid":{"rendered":"https:\/\/bladnanews.com\/antonio-conte-calls-ruben-amorim-arrogant-over-hojlund\/"},"modified":"2026-01-17T13:36:23","modified_gmt":"2026-01-17T13:36:23","slug":"antonio-conte-qualifie-ruben-amorim-darrogant-a-propos-de-hojlund","status":"publish","type":"post","link":"https:\/\/bladnanews.com\/fr\/antonio-conte-qualifie-ruben-amorim-darrogant-a-propos-de-hojlund\/","title":{"rendered":"Antonio Conte traite Ruben Amorim d'arrogant au sujet de Hojlund"},"content":{"rendered":"<p>Antonio Conte a lanc\u00e9 une pique ac\u00e9r\u00e9e \u00e0 Ruben Amorim, qualifiant l'ancien entra\u00eeneur de Manchester United d\u201c\u201d arrogant \u00bb pour la mani\u00e8re dont il a g\u00e9r\u00e9 Rasmus Hojlund durant son passage \u00e0 Old Trafford.<\/p>\n<p>Le patron du Napoli a \u00e9t\u00e9 interrog\u00e9 sur Hojlund apr\u00e8s le transfert de l'attaquant en Italie et a clairement indiqu\u00e9 qu'il n'approuvait pas l'utilisation du Danois en Angleterre. Conte a d\u00e9clar\u00e9 que l'approche d'Amorim \u00e9tait \u201c arrogante \u201d, soulignant que le joueur avait \u00e9t\u00e9 priv\u00e9 du soutien et des conseils n\u00e9cessaires \u00e0 un stade cl\u00e9 de son d\u00e9veloppement.<\/p>\n<p>Conte ne s'est pas retenu en \u00e9voquant la pression pesant sur un jeune attaquant appel\u00e9 \u00e0 porter l'attaque d'un club de l'envergure de United. Il a insist\u00e9 sur le fait qu'un avant-centre de l'\u00e2ge de Hojlund a besoin d'un cadre structur\u00e9 et d'un encadrement qui renforce la confiance, plut\u00f4t que d'\u00eatre cens\u00e9 porter l'\u00e9quipe \u00e0 lui seul.<\/p>\n<p>Ces commentaires r\u00e9v\u00e8lent \u00e9galement l'agacement de Conte face \u00e0 ce qu'il per\u00e7oit comme une tendance plus large des entra\u00eeneurs \u00e0 privil\u00e9gier leurs id\u00e9es au d\u00e9triment du d\u00e9veloppement des joueurs, ses remarques constituant une \u00e9vidente attaque envers Amorim apr\u00e8s son licenciement par Manchester United.<\/p>\n<p>Hojlund reste un sujet de discussion majeur depuis son d\u00e9part de la Premier League, et les propos de Conte alimenteront le d\u00e9bat sur la question de savoir si le passage de l'attaquant \u00e0 United lui a permis de progresser comme beaucoup l'escomptaient \u00e0 son arriv\u00e9e, aur\u00e9ol\u00e9 d'une grande r\u00e9putation.<\/p>","protected":false},"excerpt":{"rendered":"<p>Antonio Conte has aimed a sharp dig at Ruben Amorim, calling the former Manchester United head coach \u201carrogant\u201d over the [&hellip;]<\/p>\n","protected":false},"author":3,"featured_media":6660,"comment_status":"","ping_status":"open","sticky":false,"template":"","format":"standard","meta":{"googlesitekit_rrm_CAow_uzEDA:productID":"","site-sidebar-layout":"default","site-content-layout":"","ast-site-content-layout":"default","site-content-style":"default","site-sidebar-style":"default","ast-global-header-display":"","ast-banner-title-visibility":"","ast-main-header-display":"","ast-hfb-above-header-display":"","ast-hfb-below-header-display":"","ast-hfb-mobile-header-display":"","site-post-title":"","ast-breadcrumbs-content":"","ast-featured-img":"","footer-sml-layout":"","ast-disable-related-posts":"","theme-transparent-header-meta":"","adv-header-id-meta":"","stick-header-meta":"","header-above-stick-meta":"","header-main-stick-meta":"","header-below-stick-meta":"","astra-migrate-meta-layouts":"default","ast-page-background-enabled":"default","ast-page-background-meta":{"desktop":{"background-color":"var(--ast-global-color-5)","background-image":"","background-repeat":"repeat","background-position":"center center","background-size":"auto","background-attachment":"scroll","background-type":"","background-media":"","overlay-type":"","overlay-color":"","overlay-opacity":"","overlay-gradient":""},"tablet":{"background-color":"","background-image":"","background-repeat":"repeat","background-position":"center center","background-size":"auto","background-attachment":"scroll","background-type":"","background-media":"","overlay-type":"","overlay-color":"","overlay-opacity":"","overlay-gradient":""},"mobile":{"background-color":"","background-image":"","background-repeat":"repeat","background-position":"center center","background-size":"auto","background-attachment":"scroll","background-type":"","background-media":"","overlay-type":"","overlay-color":"","overlay-opacity":"","overlay-gradient":""}},"ast-content-background-meta":{"desktop":{"background-color":"var(--ast-global-color-4)","background-image":"","background-repeat":"repeat","background-position":"center center","background-size":"auto","background-attachment":"scroll","background-type":"","background-media":"","overlay-type":"","overlay-color":"","overlay-opacity":"","overlay-gradient":""},"tablet":{"background-color":"var(--ast-global-color-4)","background-image":"","background-repeat":"repeat","background-position":"center center","background-size":"auto","background-attachment":"scroll","background-type":"","background-media":"","overlay-type":"","overlay-color":"","overlay-opacity":"","overlay-gradient":""},"mobile":{"background-color":"var(--ast-global-color-4)","background-image":"","background-repeat":"repeat","background-position":"center center","background-size":"auto","background-attachment":"scroll","background-type":"","background-media":"","overlay-type":"","overlay-color":"","overlay-opacity":"","overlay-gradient":""}},"footnotes":""},"categories":[20,1],"tags":[],"class_list":["post-6661","post","type-post","status-publish","format-standard","has-post-thumbnail","hentry","category-international","category-football-latest-news"],"yoast_head":"<!-- This site is optimized with the Yoast SEO Premium plugin v26.6 (Yoast SEO v27.5) - https:\/\/yoast.com\/product\/yoast-seo-premium-wordpress\/ -->\n<title>Antonio Conte calls Ruben Amorim arrogant over Hojlund - Bladna News<\/title>\n<meta name=\"robots\" content=\"index, follow, max-snippet:-1, max-image-preview:large, max-video-preview:-1\" \/>\n<link rel=\"canonical\" href=\"https:\/\/bladnanews.com\/fr\/antonio-conte-qualifie-ruben-amorim-darrogant-a-propos-de-hojlund\/\" \/>\n<meta property=\"og:locale\" content=\"fr_FR\" \/>\n<meta property=\"og:type\" content=\"article\" \/>\n<meta property=\"og:title\" content=\"Antonio Conte calls Ruben Amorim arrogant over Hojlund\" \/>\n<meta property=\"og:description\" content=\"Antonio Conte has aimed a sharp dig at Ruben Amorim, calling the former Manchester United head coach \u201carrogant\u201d over the [&hellip;]\" \/>\n<meta property=\"og:url\" content=\"https:\/\/bladnanews.com\/fr\/antonio-conte-qualifie-ruben-amorim-darrogant-a-propos-de-hojlund\/\" \/>\n<meta property=\"og:site_name\" content=\"Bladna News\" \/>\n<meta property=\"article:published_time\" content=\"2026-01-17T13:36:23+00:00\" \/>\n<meta property=\"og:image\" content=\"https:\/\/bladnanews.com\/wp-content\/uploads\/2025\/12\/freepik__bladna-newscom-moroccan-soccer-homepage-banner-mor__41838.png\" \/>\n\t<meta property=\"og:image:width\" content=\"1312\" \/>\n\t<meta property=\"og:image:height\" content=\"736\" \/>\n\t<meta property=\"og:image:type\" content=\"image\/png\" \/>\n<meta name=\"author\" content=\"Bladna News Staff\" \/>\n<meta name=\"twitter:card\" content=\"summary_large_image\" \/>\n<meta name=\"twitter:label1\" content=\"\u00c9crit par\" \/>\n\t<meta name=\"twitter:data1\" content=\"Bladna News Staff\" \/>\n\t<meta name=\"twitter:label2\" content=\"Dur\u00e9e de lecture estim\u00e9e\" \/>\n\t<meta name=\"twitter:data2\" content=\"1 minute\" \/>\n<script type=\"application\/ld+json\" class=\"yoast-schema-graph\">{\"@context\":\"https:\\\/\\\/schema.org\",\"@graph\":[{\"@type\":\"Article\",\"@id\":\"https:\\\/\\\/bladnanews.com\\\/antonio-conte-calls-ruben-amorim-arrogant-over-hojlund\\\/#article\",\"isPartOf\":{\"@id\":\"https:\\\/\\\/bladnanews.com\\\/antonio-conte-calls-ruben-amorim-arrogant-over-hojlund\\\/\"},\"author\":{\"name\":\"Bladna News Staff\",\"@id\":\"https:\\\/\\\/mediumseagreen-eel-531711.hostingersite.com\\\/#\\\/schema\\\/person\\\/268e18a453ab080ebf76df6ef7845083\"},\"headline\":\"Antonio Conte calls Ruben Amorim arrogant over Hojlund\",\"datePublished\":\"2026-01-17T13:36:23+00:00\",\"mainEntityOfPage\":{\"@id\":\"https:\\\/\\\/bladnanews.com\\\/antonio-conte-calls-ruben-amorim-arrogant-over-hojlund\\\/\"},\"wordCount\":233,\"publisher\":{\"@id\":\"https:\\\/\\\/mediumseagreen-eel-531711.hostingersite.com\\\/#organization\"},\"image\":{\"@id\":\"https:\\\/\\\/bladnanews.com\\\/antonio-conte-calls-ruben-amorim-arrogant-over-hojlund\\\/#primaryimage\"},\"thumbnailUrl\":\"https:\\\/\\\/bladnanews.com\\\/wp-content\\\/uploads\\\/2026\\\/01\\\/BladnaNews-Antonio-Conte-calls-Ruben-Amorim-arrogant-over-Hojlund-2026-01-18T010935.769Z-scaled.jpg\",\"articleSection\":[\"International\",\"Latest News\"],\"inLanguage\":\"fr-FR\",\"copyrightYear\":\"2026\",\"copyrightHolder\":{\"@id\":\"https:\\\/\\\/bladnanews.com\\\/fr\\\/#organization\"}},{\"@type\":\"WebPage\",\"@id\":\"https:\\\/\\\/bladnanews.com\\\/antonio-conte-calls-ruben-amorim-arrogant-over-hojlund\\\/\",\"url\":\"https:\\\/\\\/bladnanews.com\\\/antonio-conte-calls-ruben-amorim-arrogant-over-hojlund\\\/\",\"name\":\"Antonio Conte calls Ruben Amorim arrogant over Hojlund - Bladna News\",\"isPartOf\":{\"@id\":\"https:\\\/\\\/mediumseagreen-eel-531711.hostingersite.com\\\/#website\"},\"primaryImageOfPage\":{\"@id\":\"https:\\\/\\\/bladnanews.com\\\/antonio-conte-calls-ruben-amorim-arrogant-over-hojlund\\\/#primaryimage\"},\"image\":{\"@id\":\"https:\\\/\\\/bladnanews.com\\\/antonio-conte-calls-ruben-amorim-arrogant-over-hojlund\\\/#primaryimage\"},\"thumbnailUrl\":\"https:\\\/\\\/bladnanews.com\\\/wp-content\\\/uploads\\\/2026\\\/01\\\/BladnaNews-Antonio-Conte-calls-Ruben-Amorim-arrogant-over-Hojlund-2026-01-18T010935.769Z-scaled.jpg\",\"datePublished\":\"2026-01-17T13:36:23+00:00\",\"breadcrumb\":{\"@id\":\"https:\\\/\\\/bladnanews.com\\\/antonio-conte-calls-ruben-amorim-arrogant-over-hojlund\\\/#breadcrumb\"},\"inLanguage\":\"fr-FR\",\"potentialAction\":[{\"@type\":\"ReadAction\",\"target\":[\"https:\\\/\\\/bladnanews.com\\\/antonio-conte-calls-ruben-amorim-arrogant-over-hojlund\\\/\"]}]},{\"@type\":\"ImageObject\",\"inLanguage\":\"fr-FR\",\"@id\":\"https:\\\/\\\/bladnanews.com\\\/antonio-conte-calls-ruben-amorim-arrogant-over-hojlund\\\/#primaryimage\",\"url\":\"https:\\\/\\\/bladnanews.com\\\/wp-content\\\/uploads\\\/2026\\\/01\\\/BladnaNews-Antonio-Conte-calls-Ruben-Amorim-arrogant-over-Hojlund-2026-01-18T010935.769Z-scaled.jpg\",\"contentUrl\":\"https:\\\/\\\/bladnanews.com\\\/wp-content\\\/uploads\\\/2026\\\/01\\\/BladnaNews-Antonio-Conte-calls-Ruben-Amorim-arrogant-over-Hojlund-2026-01-18T010935.769Z-scaled.jpg\",\"width\":2560,\"height\":1440,\"caption\":\"Ruben Amorim appears contemplative, wearing a black padded jacket, with a stadium blurred in the background, reflecting a tense match atmosphere.\"},{\"@type\":\"BreadcrumbList\",\"@id\":\"https:\\\/\\\/bladnanews.com\\\/antonio-conte-calls-ruben-amorim-arrogant-over-hojlund\\\/#breadcrumb\",\"itemListElement\":[{\"@type\":\"ListItem\",\"position\":1,\"name\":\"Home\",\"item\":\"https:\\\/\\\/bladnanews.com\\\/\"},{\"@type\":\"ListItem\",\"position\":2,\"name\":\"Antonio Conte calls Ruben Amorim arrogant over Hojlund\"}]},{\"@type\":\"WebSite\",\"@id\":\"https:\\\/\\\/mediumseagreen-eel-531711.hostingersite.com\\\/#website\",\"url\":\"https:\\\/\\\/mediumseagreen-eel-531711.hostingersite.com\\\/\",\"name\":\"Bladna News - Morocco\",\"description\":\"Where Moroccan Football Meets the World\",\"publisher\":{\"@id\":\"https:\\\/\\\/mediumseagreen-eel-531711.hostingersite.com\\\/#organization\"},\"potentialAction\":[{\"@type\":\"SearchAction\",\"target\":{\"@type\":\"EntryPoint\",\"urlTemplate\":\"https:\\\/\\\/mediumseagreen-eel-531711.hostingersite.com\\\/?s={search_term_string}\"},\"query-input\":{\"@type\":\"PropertyValueSpecification\",\"valueRequired\":true,\"valueName\":\"search_term_string\"}}],\"inLanguage\":\"fr-FR\"},{\"@type\":\"Organization\",\"@id\":\"https:\\\/\\\/mediumseagreen-eel-531711.hostingersite.com\\\/#organization\",\"name\":\"Bladna News.com\",\"url\":\"https:\\\/\\\/mediumseagreen-eel-531711.hostingersite.com\\\/\",\"logo\":{\"@type\":\"ImageObject\",\"inLanguage\":\"fr-FR\",\"@id\":\"https:\\\/\\\/mediumseagreen-eel-531711.hostingersite.com\\\/#\\\/schema\\\/logo\\\/image\\\/\",\"url\":\"https:\\\/\\\/bladnanews.com\\\/wp-content\\\/uploads\\\/2025\\\/12\\\/logo-bladnanews-V2-web-black-red.png\",\"contentUrl\":\"https:\\\/\\\/bladnanews.com\\\/wp-content\\\/uploads\\\/2025\\\/12\\\/logo-bladnanews-V2-web-black-red.png\",\"width\":703,\"height\":287,\"caption\":\"Bladna News.com\"},\"image\":{\"@id\":\"https:\\\/\\\/mediumseagreen-eel-531711.hostingersite.com\\\/#\\\/schema\\\/logo\\\/image\\\/\"},\"email\":\"info@bladnanews.com\",\"legalName\":\"Bladna News\"},{\"@type\":\"Person\",\"@id\":\"https:\\\/\\\/mediumseagreen-eel-531711.hostingersite.com\\\/#\\\/schema\\\/person\\\/268e18a453ab080ebf76df6ef7845083\",\"name\":\"Bladna News Staff\",\"url\":\"https:\\\/\\\/bladnanews.com\\\/fr\\\/author\\\/bladna-news-staff\\\/\"}]}<\/script>\n<!-- \/ Yoast SEO Premium plugin. -->","yoast_head_json":{"title":"Antonio Conte qualifie Ruben Amorim d'arrogant au sujet de Hojlund - Bladna News","robots":{"index":"index","follow":"follow","max-snippet":"max-snippet:-1","max-image-preview":"max-image-preview:large","max-video-preview":"max-video-preview:-1"},"canonical":"https:\/\/bladnanews.com\/fr\/antonio-conte-qualifie-ruben-amorim-darrogant-a-propos-de-hojlund\/","og_locale":"fr_FR","og_type":"article","og_title":"Antonio Conte calls Ruben Amorim arrogant over Hojlund","og_description":"Antonio Conte has aimed a sharp dig at Ruben Amorim, calling the former Manchester United head coach \u201carrogant\u201d over the [&hellip;]","og_url":"https:\/\/bladnanews.com\/fr\/antonio-conte-qualifie-ruben-amorim-darrogant-a-propos-de-hojlund\/","og_site_name":"Bladna News","article_published_time":"2026-01-17T13:36:23+00:00","og_image":[{"width":1312,"height":736,"url":"https:\/\/bladnanews.com\/wp-content\/uploads\/2025\/12\/freepik__bladna-newscom-moroccan-soccer-homepage-banner-mor__41838.png","type":"image\/png"}],"author":"Bladna News Staff","twitter_card":"summary_large_image","twitter_misc":{"\u00c9crit par":"Bladna News Staff","Dur\u00e9e de lecture estim\u00e9e":"1 minute"},"schema":{"@context":"https:\/\/schema.org","@graph":[{"@type":"Article","@id":"https:\/\/bladnanews.com\/antonio-conte-calls-ruben-amorim-arrogant-over-hojlund\/#article","isPartOf":{"@id":"https:\/\/bladnanews.com\/antonio-conte-calls-ruben-amorim-arrogant-over-hojlund\/"},"author":{"name":"Bladna News Staff","@id":"https:\/\/mediumseagreen-eel-531711.hostingersite.com\/#\/schema\/person\/268e18a453ab080ebf76df6ef7845083"},"headline":"Antonio Conte calls Ruben Amorim arrogant over Hojlund","datePublished":"2026-01-17T13:36:23+00:00","mainEntityOfPage":{"@id":"https:\/\/bladnanews.com\/antonio-conte-calls-ruben-amorim-arrogant-over-hojlund\/"},"wordCount":233,"publisher":{"@id":"https:\/\/mediumseagreen-eel-531711.hostingersite.com\/#organization"},"image":{"@id":"https:\/\/bladnanews.com\/antonio-conte-calls-ruben-amorim-arrogant-over-hojlund\/#primaryimage"},"thumbnailUrl":"https:\/\/bladnanews.com\/wp-content\/uploads\/2026\/01\/BladnaNews-Antonio-Conte-calls-Ruben-Amorim-arrogant-over-Hojlund-2026-01-18T010935.769Z-scaled.jpg","articleSection":["International","Latest News"],"inLanguage":"fr-FR","copyrightYear":"2026","copyrightHolder":{"@id":"https:\/\/bladnanews.com\/fr\/#organization"}},{"@type":"WebPage","@id":"https:\/\/bladnanews.com\/antonio-conte-calls-ruben-amorim-arrogant-over-hojlund\/","url":"https:\/\/bladnanews.com\/antonio-conte-calls-ruben-amorim-arrogant-over-hojlund\/","name":"Antonio Conte qualifie Ruben Amorim d'arrogant au sujet de Hojlund - Bladna News","isPartOf":{"@id":"https:\/\/mediumseagreen-eel-531711.hostingersite.com\/#website"},"primaryImageOfPage":{"@id":"https:\/\/bladnanews.com\/antonio-conte-calls-ruben-amorim-arrogant-over-hojlund\/#primaryimage"},"image":{"@id":"https:\/\/bladnanews.com\/antonio-conte-calls-ruben-amorim-arrogant-over-hojlund\/#primaryimage"},"thumbnailUrl":"https:\/\/bladnanews.com\/wp-content\/uploads\/2026\/01\/BladnaNews-Antonio-Conte-calls-Ruben-Amorim-arrogant-over-Hojlund-2026-01-18T010935.769Z-scaled.jpg","datePublished":"2026-01-17T13:36:23+00:00","breadcrumb":{"@id":"https:\/\/bladnanews.com\/antonio-conte-calls-ruben-amorim-arrogant-over-hojlund\/#breadcrumb"},"inLanguage":"fr-FR","potentialAction":[{"@type":"ReadAction","target":["https:\/\/bladnanews.com\/antonio-conte-calls-ruben-amorim-arrogant-over-hojlund\/"]}]},{"@type":"ImageObject","inLanguage":"fr-FR","@id":"https:\/\/bladnanews.com\/antonio-conte-calls-ruben-amorim-arrogant-over-hojlund\/#primaryimage","url":"https:\/\/bladnanews.com\/wp-content\/uploads\/2026\/01\/BladnaNews-Antonio-Conte-calls-Ruben-Amorim-arrogant-over-Hojlund-2026-01-18T010935.769Z-scaled.jpg","contentUrl":"https:\/\/bladnanews.com\/wp-content\/uploads\/2026\/01\/BladnaNews-Antonio-Conte-calls-Ruben-Amorim-arrogant-over-Hojlund-2026-01-18T010935.769Z-scaled.jpg","width":2560,"height":1440,"caption":"Ruben Amorim appears contemplative, wearing a black padded jacket, with a stadium blurred in the background, reflecting a tense match atmosphere."},{"@type":"BreadcrumbList","@id":"https:\/\/bladnanews.com\/antonio-conte-calls-ruben-amorim-arrogant-over-hojlund\/#breadcrumb","itemListElement":[{"@type":"ListItem","position":1,"name":"Home","item":"https:\/\/bladnanews.com\/"},{"@type":"ListItem","position":2,"name":"Antonio Conte calls Ruben Amorim arrogant over Hojlund"}]},{"@type":"WebSite","@id":"https:\/\/mediumseagreen-eel-531711.hostingersite.com\/#website","url":"https:\/\/mediumseagreen-eel-531711.hostingersite.com\/","name":"Bladna News - Maroc","description":"Quand le football marocain rencontre le monde","publisher":{"@id":"https:\/\/mediumseagreen-eel-531711.hostingersite.com\/#organization"},"potentialAction":[{"@type":"SearchAction","target":{"@type":"EntryPoint","urlTemplate":"https:\/\/mediumseagreen-eel-531711.hostingersite.com\/?s={search_term_string}"},"query-input":{"@type":"PropertyValueSpecification","valueRequired":true,"valueName":"search_term_string"}}],"inLanguage":"fr-FR"},{"@type":"Organization","@id":"https:\/\/mediumseagreen-eel-531711.hostingersite.com\/#organization","name":"Bladna News.com","url":"https:\/\/mediumseagreen-eel-531711.hostingersite.com\/","logo":{"@type":"ImageObject","inLanguage":"fr-FR","@id":"https:\/\/mediumseagreen-eel-531711.hostingersite.com\/#\/schema\/logo\/image\/","url":"https:\/\/bladnanews.com\/wp-content\/uploads\/2025\/12\/logo-bladnanews-V2-web-black-red.png","contentUrl":"https:\/\/bladnanews.com\/wp-content\/uploads\/2025\/12\/logo-bladnanews-V2-web-black-red.png","width":703,"height":287,"caption":"Bladna News.com"},"image":{"@id":"https:\/\/mediumseagreen-eel-531711.hostingersite.com\/#\/schema\/logo\/image\/"},"email":"info@bladnanews.com","legalName":"Bladna News"},{"@type":"Person","@id":"https:\/\/mediumseagreen-eel-531711.hostingersite.com\/#\/schema\/person\/268e18a453ab080ebf76df6ef7845083","name":"\u00c9quipe r\u00e9dactionnelle de Bladna News","url":"https:\/\/bladnanews.com\/fr\/author\/bladna-news-staff\/"}]}},"_links":{"self":[{"href":"https:\/\/bladnanews.com\/fr\/wp-json\/wp\/v2\/posts\/6661","targetHints":{"allow":["GET"]}}],"collection":[{"href":"https:\/\/bladnanews.com\/fr\/wp-json\/wp\/v2\/posts"}],"about":[{"href":"https:\/\/bladnanews.com\/fr\/wp-json\/wp\/v2\/types\/post"}],"author":[{"embeddable":true,"href":"https:\/\/bladnanews.com\/fr\/wp-json\/wp\/v2\/users\/3"}],"replies":[{"embeddable":true,"href":"https:\/\/bladnanews.com\/fr\/wp-json\/wp\/v2\/comments?post=6661"}],"version-history":[{"count":0,"href":"https:\/\/bladnanews.com\/fr\/wp-json\/wp\/v2\/posts\/6661\/revisions"}],"wp:featuredmedia":[{"embeddable":true,"href":"https:\/\/bladnanews.com\/fr\/wp-json\/wp\/v2\/media\/6660"}],"wp:attachment":[{"href":"https:\/\/bladnanews.com\/fr\/wp-json\/wp\/v2\/media?parent=6661"}],"wp:term":[{"taxonomy":"category","embeddable":true,"href":"https:\/\/bladnanews.com\/fr\/wp-json\/wp\/v2\/categories?post=6661"},{"taxonomy":"post_tag","embeddable":true,"href":"https:\/\/bladnanews.com\/fr\/wp-json\/wp\/v2\/tags?post=6661"}],"curies":[{"name":"wp","href":"https:\/\/api.w.org\/{rel}","templated":true}]}}