{"id":6667,"date":"2026-01-17T15:01:25","date_gmt":"2026-01-17T15:01:25","guid":{"rendered":"https:\/\/bladnanews.com\/vinicius-jr-and-bellingham-booed-by-real-madrid-fans\/"},"modified":"2026-01-17T15:01:25","modified_gmt":"2026-01-17T15:01:25","slug":"vinicius-jr-et-bellingham-siffles-par-les-supporters-du-real-madrid","status":"publish","type":"post","link":"https:\/\/bladnanews.com\/fr\/vinicius-jr-et-bellingham-siffles-par-les-supporters-du-real-madrid\/","title":{"rendered":"Vinicius Jr et Bellingham siffl\u00e9s par les supporters du Real Madrid"},"content":{"rendered":"<p>La soir\u00e9e du Real Madrid au Santiago Bernab\u00e9u a vir\u00e9 au vinaigre lorsque <strong>Vinicius Jr<\/strong> et <strong>Jude Bellingham<\/strong> ont \u00e9t\u00e9 conspu\u00e9s par une partie du public local suite \u00e0 <strong>l'humiliation en Coupe du Roi<\/strong> et \u00e0 la confirmation du <strong>licenciement de Xabi Alonso.<\/strong>.<\/p>\n<p>L'atmosph\u00e8re \u00e9tait tendue d\u00e8s le d\u00e9but, les supporters manifestant clairement leur m\u00e9contentement apr\u00e8s une p\u00e9riode n\u00e9faste qui a \u00e9puis\u00e9 la patience. Lorsque Vinicius et Bellingham sont entr\u00e9s en jeu, sifflets et moqueries ont retenti, refl\u00e9tant la col\u00e8re qui s'est propag\u00e9e dans les tribunes.<\/p>\n<p>Cela ne s'est pas limit\u00e9 \u00e0 un seul moment. Les r\u00e9actions se sont r\u00e9p\u00e9t\u00e9es \u00e0 chaque implication du duo dans le jeu, les fid\u00e8les du Bernab\u00e9u dirigeant leur frustration vers deux des plus grandes stars de l'\u00e9quipe, tout en exprimant leur d\u00e9ception plus large face au d\u00e9roulement de la saison.<\/p>\n<p>Ces hu\u00e9es ont suivi une p\u00e9riode turbulente au club, qui a culmin\u00e9 avec le licenciement d'Alonso, une d\u00e9cision qui n'a gu\u00e8re apais\u00e9 l'humeur des supporters. L'\u00e9limination du Real Madrid en Coupe du Roi n'a fait qu'ajouter \u00e0 la sensation de honte, et la r\u00e9action dans le stade a soulign\u00e9 la rapidit\u00e9 avec laquelle la pression s'est accumul\u00e9e.<\/p>\n<p>Pour Vinicius et Bellingham, tous deux habitu\u00e9s \u00e0 \u00eatre des artisans de la victoire lors des grandes soir\u00e9es madril\u00e8nes, cet accueil a \u00e9t\u00e9 un signe marquant du climat actuel. Le message des tribunes \u00e9tait clair : les supporters exigent une r\u00e9action imm\u00e9diate apr\u00e8s une semaine que peu au Bernab\u00e9u voudront se rappeler.<\/p>","protected":false},"excerpt":{"rendered":"<p>Real Madrid\u2019s night at the Santiago Bernabeu turned toxic as Vinicius Jr and Jude Bellingham were loudly booed by sections [&hellip;]<\/p>\n","protected":false},"author":3,"featured_media":6666,"comment_status":"","ping_status":"open","sticky":false,"template":"","format":"standard","meta":{"googlesitekit_rrm_CAow_uzEDA:productID":"","site-sidebar-layout":"default","site-content-layout":"","ast-site-content-layout":"default","site-content-style":"default","site-sidebar-style":"default","ast-global-header-display":"","ast-banner-title-visibility":"","ast-main-header-display":"","ast-hfb-above-header-display":"","ast-hfb-below-header-display":"","ast-hfb-mobile-header-display":"","site-post-title":"","ast-breadcrumbs-content":"","ast-featured-img":"","footer-sml-layout":"","ast-disable-related-posts":"","theme-transparent-header-meta":"","adv-header-id-meta":"","stick-header-meta":"","header-above-stick-meta":"","header-main-stick-meta":"","header-below-stick-meta":"","astra-migrate-meta-layouts":"default","ast-page-background-enabled":"default","ast-page-background-meta":{"desktop":{"background-color":"var(--ast-global-color-5)","background-image":"","background-repeat":"repeat","background-position":"center center","background-size":"auto","background-attachment":"scroll","background-type":"","background-media":"","overlay-type":"","overlay-color":"","overlay-opacity":"","overlay-gradient":""},"tablet":{"background-color":"","background-image":"","background-repeat":"repeat","background-position":"center center","background-size":"auto","background-attachment":"scroll","background-type":"","background-media":"","overlay-type":"","overlay-color":"","overlay-opacity":"","overlay-gradient":""},"mobile":{"background-color":"","background-image":"","background-repeat":"repeat","background-position":"center center","background-size":"auto","background-attachment":"scroll","background-type":"","background-media":"","overlay-type":"","overlay-color":"","overlay-opacity":"","overlay-gradient":""}},"ast-content-background-meta":{"desktop":{"background-color":"var(--ast-global-color-4)","background-image":"","background-repeat":"repeat","background-position":"center center","background-size":"auto","background-attachment":"scroll","background-type":"","background-media":"","overlay-type":"","overlay-color":"","overlay-opacity":"","overlay-gradient":""},"tablet":{"background-color":"var(--ast-global-color-4)","background-image":"","background-repeat":"repeat","background-position":"center center","background-size":"auto","background-attachment":"scroll","background-type":"","background-media":"","overlay-type":"","overlay-color":"","overlay-opacity":"","overlay-gradient":""},"mobile":{"background-color":"var(--ast-global-color-4)","background-image":"","background-repeat":"repeat","background-position":"center center","background-size":"auto","background-attachment":"scroll","background-type":"","background-media":"","overlay-type":"","overlay-color":"","overlay-opacity":"","overlay-gradient":""}},"footnotes":""},"categories":[20,1],"tags":[],"class_list":["post-6667","post","type-post","status-publish","format-standard","has-post-thumbnail","hentry","category-international","category-football-latest-news"],"yoast_head":"<!-- This site is optimized with the Yoast SEO Premium plugin v26.6 (Yoast SEO v27.5) - https:\/\/yoast.com\/product\/yoast-seo-premium-wordpress\/ -->\n<title>Vinicius Jr and Bellingham booed by Real Madrid fans - Bladna News<\/title>\n<meta name=\"robots\" content=\"index, follow, max-snippet:-1, max-image-preview:large, max-video-preview:-1\" \/>\n<link rel=\"canonical\" href=\"https:\/\/bladnanews.com\/fr\/vinicius-jr-et-bellingham-siffles-par-les-supporters-du-real-madrid\/\" \/>\n<meta property=\"og:locale\" content=\"fr_FR\" \/>\n<meta property=\"og:type\" content=\"article\" \/>\n<meta property=\"og:title\" content=\"Vinicius Jr and Bellingham booed by Real Madrid fans\" \/>\n<meta property=\"og:description\" content=\"Real Madrid\u2019s night at the Santiago Bernabeu turned toxic as Vinicius Jr and Jude Bellingham were loudly booed by sections [&hellip;]\" \/>\n<meta property=\"og:url\" content=\"https:\/\/bladnanews.com\/fr\/vinicius-jr-et-bellingham-siffles-par-les-supporters-du-real-madrid\/\" \/>\n<meta property=\"og:site_name\" content=\"Bladna News\" \/>\n<meta property=\"article:published_time\" content=\"2026-01-17T15:01:25+00:00\" \/>\n<meta property=\"og:image\" content=\"https:\/\/bladnanews.com\/wp-content\/uploads\/2025\/12\/freepik__bladna-newscom-moroccan-soccer-homepage-banner-mor__41838.png\" \/>\n\t<meta property=\"og:image:width\" content=\"1312\" \/>\n\t<meta property=\"og:image:height\" content=\"736\" \/>\n\t<meta property=\"og:image:type\" content=\"image\/png\" \/>\n<meta name=\"author\" content=\"Bladna News Staff\" \/>\n<meta name=\"twitter:card\" content=\"summary_large_image\" \/>\n<meta name=\"twitter:label1\" content=\"\u00c9crit par\" \/>\n\t<meta name=\"twitter:data1\" content=\"Bladna News Staff\" \/>\n\t<meta name=\"twitter:label2\" content=\"Dur\u00e9e de lecture estim\u00e9e\" \/>\n\t<meta name=\"twitter:data2\" content=\"1 minute\" \/>\n<script type=\"application\/ld+json\" class=\"yoast-schema-graph\">{\"@context\":\"https:\\\/\\\/schema.org\",\"@graph\":[{\"@type\":\"Article\",\"@id\":\"https:\\\/\\\/bladnanews.com\\\/vinicius-jr-and-bellingham-booed-by-real-madrid-fans\\\/#article\",\"isPartOf\":{\"@id\":\"https:\\\/\\\/bladnanews.com\\\/vinicius-jr-and-bellingham-booed-by-real-madrid-fans\\\/\"},\"author\":{\"name\":\"Bladna News Staff\",\"@id\":\"https:\\\/\\\/mediumseagreen-eel-531711.hostingersite.com\\\/#\\\/schema\\\/person\\\/268e18a453ab080ebf76df6ef7845083\"},\"headline\":\"Vinicius Jr and Bellingham booed by Real Madrid fans\",\"datePublished\":\"2026-01-17T15:01:25+00:00\",\"mainEntityOfPage\":{\"@id\":\"https:\\\/\\\/bladnanews.com\\\/vinicius-jr-and-bellingham-booed-by-real-madrid-fans\\\/\"},\"wordCount\":246,\"publisher\":{\"@id\":\"https:\\\/\\\/mediumseagreen-eel-531711.hostingersite.com\\\/#organization\"},\"image\":{\"@id\":\"https:\\\/\\\/bladnanews.com\\\/vinicius-jr-and-bellingham-booed-by-real-madrid-fans\\\/#primaryimage\"},\"thumbnailUrl\":\"https:\\\/\\\/bladnanews.com\\\/wp-content\\\/uploads\\\/2026\\\/01\\\/BladnaNews-Vinicius-Jr-and-Bellingham-booed-by-Real-Madrid-fans-2026-01-18T011114.016Z.jpg\",\"articleSection\":[\"International\",\"Latest News\"],\"inLanguage\":\"fr-FR\",\"copyrightYear\":\"2026\",\"copyrightHolder\":{\"@id\":\"https:\\\/\\\/bladnanews.com\\\/fr\\\/#organization\"}},{\"@type\":\"WebPage\",\"@id\":\"https:\\\/\\\/bladnanews.com\\\/vinicius-jr-and-bellingham-booed-by-real-madrid-fans\\\/\",\"url\":\"https:\\\/\\\/bladnanews.com\\\/vinicius-jr-and-bellingham-booed-by-real-madrid-fans\\\/\",\"name\":\"Vinicius Jr and Bellingham booed by Real Madrid fans - Bladna News\",\"isPartOf\":{\"@id\":\"https:\\\/\\\/mediumseagreen-eel-531711.hostingersite.com\\\/#website\"},\"primaryImageOfPage\":{\"@id\":\"https:\\\/\\\/bladnanews.com\\\/vinicius-jr-and-bellingham-booed-by-real-madrid-fans\\\/#primaryimage\"},\"image\":{\"@id\":\"https:\\\/\\\/bladnanews.com\\\/vinicius-jr-and-bellingham-booed-by-real-madrid-fans\\\/#primaryimage\"},\"thumbnailUrl\":\"https:\\\/\\\/bladnanews.com\\\/wp-content\\\/uploads\\\/2026\\\/01\\\/BladnaNews-Vinicius-Jr-and-Bellingham-booed-by-Real-Madrid-fans-2026-01-18T011114.016Z.jpg\",\"datePublished\":\"2026-01-17T15:01:25+00:00\",\"breadcrumb\":{\"@id\":\"https:\\\/\\\/bladnanews.com\\\/vinicius-jr-and-bellingham-booed-by-real-madrid-fans\\\/#breadcrumb\"},\"inLanguage\":\"fr-FR\",\"potentialAction\":[{\"@type\":\"ReadAction\",\"target\":[\"https:\\\/\\\/bladnanews.com\\\/vinicius-jr-and-bellingham-booed-by-real-madrid-fans\\\/\"]}]},{\"@type\":\"ImageObject\",\"inLanguage\":\"fr-FR\",\"@id\":\"https:\\\/\\\/bladnanews.com\\\/vinicius-jr-and-bellingham-booed-by-real-madrid-fans\\\/#primaryimage\",\"url\":\"https:\\\/\\\/bladnanews.com\\\/wp-content\\\/uploads\\\/2026\\\/01\\\/BladnaNews-Vinicius-Jr-and-Bellingham-booed-by-Real-Madrid-fans-2026-01-18T011114.016Z.jpg\",\"contentUrl\":\"https:\\\/\\\/bladnanews.com\\\/wp-content\\\/uploads\\\/2026\\\/01\\\/BladnaNews-Vinicius-Jr-and-Bellingham-booed-by-Real-Madrid-fans-2026-01-18T011114.016Z.jpg\",\"width\":1776,\"height\":999,\"caption\":\"Vin\u00edcius Jr. and Jude Bellingham share a moment of encouragement, both wearing striking patterned jerseys, amidst a vibrant stadium atmosphere.\"},{\"@type\":\"BreadcrumbList\",\"@id\":\"https:\\\/\\\/bladnanews.com\\\/vinicius-jr-and-bellingham-booed-by-real-madrid-fans\\\/#breadcrumb\",\"itemListElement\":[{\"@type\":\"ListItem\",\"position\":1,\"name\":\"Home\",\"item\":\"https:\\\/\\\/bladnanews.com\\\/\"},{\"@type\":\"ListItem\",\"position\":2,\"name\":\"Vinicius Jr and Bellingham booed by Real Madrid fans\"}]},{\"@type\":\"WebSite\",\"@id\":\"https:\\\/\\\/mediumseagreen-eel-531711.hostingersite.com\\\/#website\",\"url\":\"https:\\\/\\\/mediumseagreen-eel-531711.hostingersite.com\\\/\",\"name\":\"Bladna News - Morocco\",\"description\":\"Where Moroccan Football Meets the World\",\"publisher\":{\"@id\":\"https:\\\/\\\/mediumseagreen-eel-531711.hostingersite.com\\\/#organization\"},\"potentialAction\":[{\"@type\":\"SearchAction\",\"target\":{\"@type\":\"EntryPoint\",\"urlTemplate\":\"https:\\\/\\\/mediumseagreen-eel-531711.hostingersite.com\\\/?s={search_term_string}\"},\"query-input\":{\"@type\":\"PropertyValueSpecification\",\"valueRequired\":true,\"valueName\":\"search_term_string\"}}],\"inLanguage\":\"fr-FR\"},{\"@type\":\"Organization\",\"@id\":\"https:\\\/\\\/mediumseagreen-eel-531711.hostingersite.com\\\/#organization\",\"name\":\"Bladna News.com\",\"url\":\"https:\\\/\\\/mediumseagreen-eel-531711.hostingersite.com\\\/\",\"logo\":{\"@type\":\"ImageObject\",\"inLanguage\":\"fr-FR\",\"@id\":\"https:\\\/\\\/mediumseagreen-eel-531711.hostingersite.com\\\/#\\\/schema\\\/logo\\\/image\\\/\",\"url\":\"https:\\\/\\\/bladnanews.com\\\/wp-content\\\/uploads\\\/2025\\\/12\\\/logo-bladnanews-V2-web-black-red.png\",\"contentUrl\":\"https:\\\/\\\/bladnanews.com\\\/wp-content\\\/uploads\\\/2025\\\/12\\\/logo-bladnanews-V2-web-black-red.png\",\"width\":703,\"height\":287,\"caption\":\"Bladna News.com\"},\"image\":{\"@id\":\"https:\\\/\\\/mediumseagreen-eel-531711.hostingersite.com\\\/#\\\/schema\\\/logo\\\/image\\\/\"},\"email\":\"info@bladnanews.com\",\"legalName\":\"Bladna News\"},{\"@type\":\"Person\",\"@id\":\"https:\\\/\\\/mediumseagreen-eel-531711.hostingersite.com\\\/#\\\/schema\\\/person\\\/268e18a453ab080ebf76df6ef7845083\",\"name\":\"Bladna News Staff\",\"url\":\"https:\\\/\\\/bladnanews.com\\\/fr\\\/author\\\/bladna-news-staff\\\/\"}]}<\/script>\n<!-- \/ Yoast SEO Premium plugin. -->","yoast_head_json":{"title":"Vinicius Jr et Bellingham siffl\u00e9s par les supporters du Real Madrid - Bladna News","robots":{"index":"index","follow":"follow","max-snippet":"max-snippet:-1","max-image-preview":"max-image-preview:large","max-video-preview":"max-video-preview:-1"},"canonical":"https:\/\/bladnanews.com\/fr\/vinicius-jr-et-bellingham-siffles-par-les-supporters-du-real-madrid\/","og_locale":"fr_FR","og_type":"article","og_title":"Vinicius Jr and Bellingham booed by Real Madrid fans","og_description":"Real Madrid\u2019s night at the Santiago Bernabeu turned toxic as Vinicius Jr and Jude Bellingham were loudly booed by sections [&hellip;]","og_url":"https:\/\/bladnanews.com\/fr\/vinicius-jr-et-bellingham-siffles-par-les-supporters-du-real-madrid\/","og_site_name":"Bladna News","article_published_time":"2026-01-17T15:01:25+00:00","og_image":[{"width":1312,"height":736,"url":"https:\/\/bladnanews.com\/wp-content\/uploads\/2025\/12\/freepik__bladna-newscom-moroccan-soccer-homepage-banner-mor__41838.png","type":"image\/png"}],"author":"Bladna News Staff","twitter_card":"summary_large_image","twitter_misc":{"\u00c9crit par":"Bladna News Staff","Dur\u00e9e de lecture estim\u00e9e":"1 minute"},"schema":{"@context":"https:\/\/schema.org","@graph":[{"@type":"Article","@id":"https:\/\/bladnanews.com\/vinicius-jr-and-bellingham-booed-by-real-madrid-fans\/#article","isPartOf":{"@id":"https:\/\/bladnanews.com\/vinicius-jr-and-bellingham-booed-by-real-madrid-fans\/"},"author":{"name":"Bladna News Staff","@id":"https:\/\/mediumseagreen-eel-531711.hostingersite.com\/#\/schema\/person\/268e18a453ab080ebf76df6ef7845083"},"headline":"Vinicius Jr and Bellingham booed by Real Madrid fans","datePublished":"2026-01-17T15:01:25+00:00","mainEntityOfPage":{"@id":"https:\/\/bladnanews.com\/vinicius-jr-and-bellingham-booed-by-real-madrid-fans\/"},"wordCount":246,"publisher":{"@id":"https:\/\/mediumseagreen-eel-531711.hostingersite.com\/#organization"},"image":{"@id":"https:\/\/bladnanews.com\/vinicius-jr-and-bellingham-booed-by-real-madrid-fans\/#primaryimage"},"thumbnailUrl":"https:\/\/bladnanews.com\/wp-content\/uploads\/2026\/01\/BladnaNews-Vinicius-Jr-and-Bellingham-booed-by-Real-Madrid-fans-2026-01-18T011114.016Z.jpg","articleSection":["International","Latest News"],"inLanguage":"fr-FR","copyrightYear":"2026","copyrightHolder":{"@id":"https:\/\/bladnanews.com\/fr\/#organization"}},{"@type":"WebPage","@id":"https:\/\/bladnanews.com\/vinicius-jr-and-bellingham-booed-by-real-madrid-fans\/","url":"https:\/\/bladnanews.com\/vinicius-jr-and-bellingham-booed-by-real-madrid-fans\/","name":"Vinicius Jr et Bellingham siffl\u00e9s par les supporters du Real Madrid - Bladna News","isPartOf":{"@id":"https:\/\/mediumseagreen-eel-531711.hostingersite.com\/#website"},"primaryImageOfPage":{"@id":"https:\/\/bladnanews.com\/vinicius-jr-and-bellingham-booed-by-real-madrid-fans\/#primaryimage"},"image":{"@id":"https:\/\/bladnanews.com\/vinicius-jr-and-bellingham-booed-by-real-madrid-fans\/#primaryimage"},"thumbnailUrl":"https:\/\/bladnanews.com\/wp-content\/uploads\/2026\/01\/BladnaNews-Vinicius-Jr-and-Bellingham-booed-by-Real-Madrid-fans-2026-01-18T011114.016Z.jpg","datePublished":"2026-01-17T15:01:25+00:00","breadcrumb":{"@id":"https:\/\/bladnanews.com\/vinicius-jr-and-bellingham-booed-by-real-madrid-fans\/#breadcrumb"},"inLanguage":"fr-FR","potentialAction":[{"@type":"ReadAction","target":["https:\/\/bladnanews.com\/vinicius-jr-and-bellingham-booed-by-real-madrid-fans\/"]}]},{"@type":"ImageObject","inLanguage":"fr-FR","@id":"https:\/\/bladnanews.com\/vinicius-jr-and-bellingham-booed-by-real-madrid-fans\/#primaryimage","url":"https:\/\/bladnanews.com\/wp-content\/uploads\/2026\/01\/BladnaNews-Vinicius-Jr-and-Bellingham-booed-by-Real-Madrid-fans-2026-01-18T011114.016Z.jpg","contentUrl":"https:\/\/bladnanews.com\/wp-content\/uploads\/2026\/01\/BladnaNews-Vinicius-Jr-and-Bellingham-booed-by-Real-Madrid-fans-2026-01-18T011114.016Z.jpg","width":1776,"height":999,"caption":"Vin\u00edcius Jr. and Jude Bellingham share a moment of encouragement, both wearing striking patterned jerseys, amidst a vibrant stadium atmosphere."},{"@type":"BreadcrumbList","@id":"https:\/\/bladnanews.com\/vinicius-jr-and-bellingham-booed-by-real-madrid-fans\/#breadcrumb","itemListElement":[{"@type":"ListItem","position":1,"name":"Home","item":"https:\/\/bladnanews.com\/"},{"@type":"ListItem","position":2,"name":"Vinicius Jr and Bellingham booed by Real Madrid fans"}]},{"@type":"WebSite","@id":"https:\/\/mediumseagreen-eel-531711.hostingersite.com\/#website","url":"https:\/\/mediumseagreen-eel-531711.hostingersite.com\/","name":"Bladna News - Maroc","description":"Quand le football marocain rencontre le monde","publisher":{"@id":"https:\/\/mediumseagreen-eel-531711.hostingersite.com\/#organization"},"potentialAction":[{"@type":"SearchAction","target":{"@type":"EntryPoint","urlTemplate":"https:\/\/mediumseagreen-eel-531711.hostingersite.com\/?s={search_term_string}"},"query-input":{"@type":"PropertyValueSpecification","valueRequired":true,"valueName":"search_term_string"}}],"inLanguage":"fr-FR"},{"@type":"Organization","@id":"https:\/\/mediumseagreen-eel-531711.hostingersite.com\/#organization","name":"Bladna News.com","url":"https:\/\/mediumseagreen-eel-531711.hostingersite.com\/","logo":{"@type":"ImageObject","inLanguage":"fr-FR","@id":"https:\/\/mediumseagreen-eel-531711.hostingersite.com\/#\/schema\/logo\/image\/","url":"https:\/\/bladnanews.com\/wp-content\/uploads\/2025\/12\/logo-bladnanews-V2-web-black-red.png","contentUrl":"https:\/\/bladnanews.com\/wp-content\/uploads\/2025\/12\/logo-bladnanews-V2-web-black-red.png","width":703,"height":287,"caption":"Bladna News.com"},"image":{"@id":"https:\/\/mediumseagreen-eel-531711.hostingersite.com\/#\/schema\/logo\/image\/"},"email":"info@bladnanews.com","legalName":"Bladna News"},{"@type":"Person","@id":"https:\/\/mediumseagreen-eel-531711.hostingersite.com\/#\/schema\/person\/268e18a453ab080ebf76df6ef7845083","name":"\u00c9quipe r\u00e9dactionnelle de Bladna News","url":"https:\/\/bladnanews.com\/fr\/author\/bladna-news-staff\/"}]}},"_links":{"self":[{"href":"https:\/\/bladnanews.com\/fr\/wp-json\/wp\/v2\/posts\/6667","targetHints":{"allow":["GET"]}}],"collection":[{"href":"https:\/\/bladnanews.com\/fr\/wp-json\/wp\/v2\/posts"}],"about":[{"href":"https:\/\/bladnanews.com\/fr\/wp-json\/wp\/v2\/types\/post"}],"author":[{"embeddable":true,"href":"https:\/\/bladnanews.com\/fr\/wp-json\/wp\/v2\/users\/3"}],"replies":[{"embeddable":true,"href":"https:\/\/bladnanews.com\/fr\/wp-json\/wp\/v2\/comments?post=6667"}],"version-history":[{"count":0,"href":"https:\/\/bladnanews.com\/fr\/wp-json\/wp\/v2\/posts\/6667\/revisions"}],"wp:featuredmedia":[{"embeddable":true,"href":"https:\/\/bladnanews.com\/fr\/wp-json\/wp\/v2\/media\/6666"}],"wp:attachment":[{"href":"https:\/\/bladnanews.com\/fr\/wp-json\/wp\/v2\/media?parent=6667"}],"wp:term":[{"taxonomy":"category","embeddable":true,"href":"https:\/\/bladnanews.com\/fr\/wp-json\/wp\/v2\/categories?post=6667"},{"taxonomy":"post_tag","embeddable":true,"href":"https:\/\/bladnanews.com\/fr\/wp-json\/wp\/v2\/tags?post=6667"}],"curies":[{"name":"wp","href":"https:\/\/api.w.org\/{rel}","templated":true}]}}