{"id":6723,"date":"2026-01-17T18:30:01","date_gmt":"2026-01-17T18:30:01","guid":{"rendered":"https:\/\/bladnanews.com\/guardiola-linked-with-man-city-exit-after-derby-loss\/"},"modified":"2026-01-17T18:30:01","modified_gmt":"2026-01-17T18:30:01","slug":"guardiola-lie-a-une-sortie-de-manchester-city-apres-la-defaite-en-derby","status":"publish","type":"post","link":"https:\/\/bladnanews.com\/fr\/guardiola-lie-a-une-sortie-de-manchester-city-apres-la-defaite-en-derby\/","title":{"rendered":"Guardiola li\u00e9 \u00e0 un d\u00e9part de Manchester City apr\u00e8s la d\u00e9faite en derby"},"content":{"rendered":"<p>Pep Guardiola a \u00e9t\u00e9 \u00e9voqu\u00e9 pour un d\u00e9part possible de Manchester City apr\u00e8s la d\u00e9faite de son \u00e9quipe lors du derby mancunien, l'ancien entra\u00eeneur de Premier League Steve Cooper \u00e9tant cit\u00e9 comme un candidat surprise pour le remplacer.<\/p>\n<p>City a \u00e9t\u00e9 battu par Manchester United dans le derby, un r\u00e9sultat qui a intensifi\u00e9 les projecteurs sur Guardiola alors que la pression monte dans une p\u00e9riode difficile. Les sp\u00e9culations sur son avenir ont \u00e9t\u00e9 attis\u00e9es par de nouveaux rapports l'associant \u00e0 un d\u00e9part \u201c extraordinaire \u201d de l'Etihad Stadium.<\/p>\n<p>Guardiola est toujours sous contrat avec City, mais le rapport sugg\u00e8re qu'un d\u00e9part inattendu est discut\u00e9 dans certains milieux apr\u00e8s la d\u00e9faite du derby. Cela survient \u00e0 un moment o\u00f9 les standards de City sont remis en question apr\u00e8s une s\u00e9rie de performances en de\u00e7\u00e0 de leur niveau habituel.<\/p>\n<p>L'une des affirmations les plus frappantes est que Cooper, licenci\u00e9 de son poste en Premier League, a \u00e9t\u00e9 mentionn\u00e9 comme un successeur potentiel si City \u00e9tait contraint \u00e0 un changement. Cette suggestion a suscit\u00e9 l'\u00e9tonnement compte tenu de l'envergure du poste et de la domination de Guardiola durant son mandat.<\/p>\n<p>City n'a fait aucune annonce officielle concernant la position de Guardiola, et le club n'a pas confirm\u00e9 que la d\u00e9faite contre United avait d\u00e9clench\u00e9 une quelconque planification de succession.<\/p>\n<p>Pour l'instant, Guardiola et City restent concentr\u00e9s sur la r\u00e9ponse \u00e0 apporter sur le terrain apr\u00e8s le revers du derby, les champions visant \u00e0 se stabiliser et \u00e0 retrouver leur \u00e9lan.<\/p>","protected":false},"excerpt":{"rendered":"<p>Pep Guardiola has been linked with a possible Manchester City exit after his side\u2019s Manchester derby defeat, with former Premier [&hellip;]<\/p>\n","protected":false},"author":3,"featured_media":6722,"comment_status":"","ping_status":"open","sticky":false,"template":"","format":"standard","meta":{"googlesitekit_rrm_CAow_uzEDA:productID":"","site-sidebar-layout":"default","site-content-layout":"","ast-site-content-layout":"default","site-content-style":"default","site-sidebar-style":"default","ast-global-header-display":"","ast-banner-title-visibility":"","ast-main-header-display":"","ast-hfb-above-header-display":"","ast-hfb-below-header-display":"","ast-hfb-mobile-header-display":"","site-post-title":"","ast-breadcrumbs-content":"","ast-featured-img":"","footer-sml-layout":"","ast-disable-related-posts":"","theme-transparent-header-meta":"","adv-header-id-meta":"","stick-header-meta":"","header-above-stick-meta":"","header-main-stick-meta":"","header-below-stick-meta":"","astra-migrate-meta-layouts":"default","ast-page-background-enabled":"default","ast-page-background-meta":{"desktop":{"background-color":"var(--ast-global-color-5)","background-image":"","background-repeat":"repeat","background-position":"center center","background-size":"auto","background-attachment":"scroll","background-type":"","background-media":"","overlay-type":"","overlay-color":"","overlay-opacity":"","overlay-gradient":""},"tablet":{"background-color":"","background-image":"","background-repeat":"repeat","background-position":"center center","background-size":"auto","background-attachment":"scroll","background-type":"","background-media":"","overlay-type":"","overlay-color":"","overlay-opacity":"","overlay-gradient":""},"mobile":{"background-color":"","background-image":"","background-repeat":"repeat","background-position":"center center","background-size":"auto","background-attachment":"scroll","background-type":"","background-media":"","overlay-type":"","overlay-color":"","overlay-opacity":"","overlay-gradient":""}},"ast-content-background-meta":{"desktop":{"background-color":"var(--ast-global-color-4)","background-image":"","background-repeat":"repeat","background-position":"center center","background-size":"auto","background-attachment":"scroll","background-type":"","background-media":"","overlay-type":"","overlay-color":"","overlay-opacity":"","overlay-gradient":""},"tablet":{"background-color":"var(--ast-global-color-4)","background-image":"","background-repeat":"repeat","background-position":"center center","background-size":"auto","background-attachment":"scroll","background-type":"","background-media":"","overlay-type":"","overlay-color":"","overlay-opacity":"","overlay-gradient":""},"mobile":{"background-color":"var(--ast-global-color-4)","background-image":"","background-repeat":"repeat","background-position":"center center","background-size":"auto","background-attachment":"scroll","background-type":"","background-media":"","overlay-type":"","overlay-color":"","overlay-opacity":"","overlay-gradient":""}},"footnotes":""},"categories":[20,1],"tags":[],"class_list":["post-6723","post","type-post","status-publish","format-standard","has-post-thumbnail","hentry","category-international","category-football-latest-news"],"yoast_head":"<!-- This site is optimized with the Yoast SEO Premium plugin v26.6 (Yoast SEO v27.5) - https:\/\/yoast.com\/product\/yoast-seo-premium-wordpress\/ -->\n<title>Guardiola linked with Man City exit after derby loss - Bladna News<\/title>\n<meta name=\"robots\" content=\"index, follow, max-snippet:-1, max-image-preview:large, max-video-preview:-1\" \/>\n<link rel=\"canonical\" href=\"https:\/\/bladnanews.com\/fr\/guardiola-lie-a-une-sortie-de-manchester-city-apres-la-defaite-en-derby\/\" \/>\n<meta property=\"og:locale\" content=\"fr_FR\" \/>\n<meta property=\"og:type\" content=\"article\" \/>\n<meta property=\"og:title\" content=\"Guardiola linked with Man City exit after derby loss\" \/>\n<meta property=\"og:description\" content=\"Pep Guardiola has been linked with a possible Manchester City exit after his side\u2019s Manchester derby defeat, with former Premier [&hellip;]\" \/>\n<meta property=\"og:url\" content=\"https:\/\/bladnanews.com\/fr\/guardiola-lie-a-une-sortie-de-manchester-city-apres-la-defaite-en-derby\/\" \/>\n<meta property=\"og:site_name\" content=\"Bladna News\" \/>\n<meta property=\"article:published_time\" content=\"2026-01-17T18:30:01+00:00\" \/>\n<meta property=\"og:image\" content=\"https:\/\/bladnanews.com\/wp-content\/uploads\/2025\/12\/freepik__bladna-newscom-moroccan-soccer-homepage-banner-mor__41838.png\" \/>\n\t<meta property=\"og:image:width\" content=\"1312\" \/>\n\t<meta property=\"og:image:height\" content=\"736\" \/>\n\t<meta property=\"og:image:type\" content=\"image\/png\" \/>\n<meta name=\"author\" content=\"Bladna News Staff\" \/>\n<meta name=\"twitter:card\" content=\"summary_large_image\" \/>\n<meta name=\"twitter:label1\" content=\"\u00c9crit par\" \/>\n\t<meta name=\"twitter:data1\" content=\"Bladna News Staff\" \/>\n\t<meta name=\"twitter:label2\" content=\"Dur\u00e9e de lecture estim\u00e9e\" \/>\n\t<meta name=\"twitter:data2\" content=\"1 minute\" \/>\n<script type=\"application\/ld+json\" class=\"yoast-schema-graph\">{\"@context\":\"https:\\\/\\\/schema.org\",\"@graph\":[{\"@type\":\"Article\",\"@id\":\"https:\\\/\\\/bladnanews.com\\\/guardiola-linked-with-man-city-exit-after-derby-loss\\\/#article\",\"isPartOf\":{\"@id\":\"https:\\\/\\\/bladnanews.com\\\/guardiola-linked-with-man-city-exit-after-derby-loss\\\/\"},\"author\":{\"name\":\"Bladna News Staff\",\"@id\":\"https:\\\/\\\/mediumseagreen-eel-531711.hostingersite.com\\\/#\\\/schema\\\/person\\\/268e18a453ab080ebf76df6ef7845083\"},\"headline\":\"Guardiola linked with Man City exit after derby loss\",\"datePublished\":\"2026-01-17T18:30:01+00:00\",\"mainEntityOfPage\":{\"@id\":\"https:\\\/\\\/bladnanews.com\\\/guardiola-linked-with-man-city-exit-after-derby-loss\\\/\"},\"wordCount\":252,\"publisher\":{\"@id\":\"https:\\\/\\\/mediumseagreen-eel-531711.hostingersite.com\\\/#organization\"},\"image\":{\"@id\":\"https:\\\/\\\/bladnanews.com\\\/guardiola-linked-with-man-city-exit-after-derby-loss\\\/#primaryimage\"},\"thumbnailUrl\":\"https:\\\/\\\/bladnanews.com\\\/wp-content\\\/uploads\\\/2026\\\/01\\\/BladnaNews-Guardiola-linked-with-Man-City-exit-after-derby-loss-2026-01-18T091044.496Z-scaled.jpg\",\"articleSection\":[\"International\",\"Latest News\"],\"inLanguage\":\"fr-FR\",\"copyrightYear\":\"2026\",\"copyrightHolder\":{\"@id\":\"https:\\\/\\\/bladnanews.com\\\/fr\\\/#organization\"}},{\"@type\":\"WebPage\",\"@id\":\"https:\\\/\\\/bladnanews.com\\\/guardiola-linked-with-man-city-exit-after-derby-loss\\\/\",\"url\":\"https:\\\/\\\/bladnanews.com\\\/guardiola-linked-with-man-city-exit-after-derby-loss\\\/\",\"name\":\"Guardiola linked with Man City exit after derby loss - Bladna News\",\"isPartOf\":{\"@id\":\"https:\\\/\\\/mediumseagreen-eel-531711.hostingersite.com\\\/#website\"},\"primaryImageOfPage\":{\"@id\":\"https:\\\/\\\/bladnanews.com\\\/guardiola-linked-with-man-city-exit-after-derby-loss\\\/#primaryimage\"},\"image\":{\"@id\":\"https:\\\/\\\/bladnanews.com\\\/guardiola-linked-with-man-city-exit-after-derby-loss\\\/#primaryimage\"},\"thumbnailUrl\":\"https:\\\/\\\/bladnanews.com\\\/wp-content\\\/uploads\\\/2026\\\/01\\\/BladnaNews-Guardiola-linked-with-Man-City-exit-after-derby-loss-2026-01-18T091044.496Z-scaled.jpg\",\"datePublished\":\"2026-01-17T18:30:01+00:00\",\"breadcrumb\":{\"@id\":\"https:\\\/\\\/bladnanews.com\\\/guardiola-linked-with-man-city-exit-after-derby-loss\\\/#breadcrumb\"},\"inLanguage\":\"fr-FR\",\"potentialAction\":[{\"@type\":\"ReadAction\",\"target\":[\"https:\\\/\\\/bladnanews.com\\\/guardiola-linked-with-man-city-exit-after-derby-loss\\\/\"]}]},{\"@type\":\"ImageObject\",\"inLanguage\":\"fr-FR\",\"@id\":\"https:\\\/\\\/bladnanews.com\\\/guardiola-linked-with-man-city-exit-after-derby-loss\\\/#primaryimage\",\"url\":\"https:\\\/\\\/bladnanews.com\\\/wp-content\\\/uploads\\\/2026\\\/01\\\/BladnaNews-Guardiola-linked-with-Man-City-exit-after-derby-loss-2026-01-18T091044.496Z-scaled.jpg\",\"contentUrl\":\"https:\\\/\\\/bladnanews.com\\\/wp-content\\\/uploads\\\/2026\\\/01\\\/BladnaNews-Guardiola-linked-with-Man-City-exit-after-derby-loss-2026-01-18T091044.496Z-scaled.jpg\",\"width\":2560,\"height\":1440,\"caption\":\"Pep Guardiola with a solemn expression, wearing a dark jacket, after Manchester City's derby loss; blurred stadium background.\"},{\"@type\":\"BreadcrumbList\",\"@id\":\"https:\\\/\\\/bladnanews.com\\\/guardiola-linked-with-man-city-exit-after-derby-loss\\\/#breadcrumb\",\"itemListElement\":[{\"@type\":\"ListItem\",\"position\":1,\"name\":\"Home\",\"item\":\"https:\\\/\\\/bladnanews.com\\\/\"},{\"@type\":\"ListItem\",\"position\":2,\"name\":\"Guardiola linked with Man City exit after derby loss\"}]},{\"@type\":\"WebSite\",\"@id\":\"https:\\\/\\\/mediumseagreen-eel-531711.hostingersite.com\\\/#website\",\"url\":\"https:\\\/\\\/mediumseagreen-eel-531711.hostingersite.com\\\/\",\"name\":\"Bladna News - Morocco\",\"description\":\"Where Moroccan Football Meets the World\",\"publisher\":{\"@id\":\"https:\\\/\\\/mediumseagreen-eel-531711.hostingersite.com\\\/#organization\"},\"potentialAction\":[{\"@type\":\"SearchAction\",\"target\":{\"@type\":\"EntryPoint\",\"urlTemplate\":\"https:\\\/\\\/mediumseagreen-eel-531711.hostingersite.com\\\/?s={search_term_string}\"},\"query-input\":{\"@type\":\"PropertyValueSpecification\",\"valueRequired\":true,\"valueName\":\"search_term_string\"}}],\"inLanguage\":\"fr-FR\"},{\"@type\":\"Organization\",\"@id\":\"https:\\\/\\\/mediumseagreen-eel-531711.hostingersite.com\\\/#organization\",\"name\":\"Bladna News.com\",\"url\":\"https:\\\/\\\/mediumseagreen-eel-531711.hostingersite.com\\\/\",\"logo\":{\"@type\":\"ImageObject\",\"inLanguage\":\"fr-FR\",\"@id\":\"https:\\\/\\\/mediumseagreen-eel-531711.hostingersite.com\\\/#\\\/schema\\\/logo\\\/image\\\/\",\"url\":\"https:\\\/\\\/bladnanews.com\\\/wp-content\\\/uploads\\\/2025\\\/12\\\/logo-bladnanews-V2-web-black-red.png\",\"contentUrl\":\"https:\\\/\\\/bladnanews.com\\\/wp-content\\\/uploads\\\/2025\\\/12\\\/logo-bladnanews-V2-web-black-red.png\",\"width\":703,\"height\":287,\"caption\":\"Bladna News.com\"},\"image\":{\"@id\":\"https:\\\/\\\/mediumseagreen-eel-531711.hostingersite.com\\\/#\\\/schema\\\/logo\\\/image\\\/\"},\"email\":\"info@bladnanews.com\",\"legalName\":\"Bladna News\"},{\"@type\":\"Person\",\"@id\":\"https:\\\/\\\/mediumseagreen-eel-531711.hostingersite.com\\\/#\\\/schema\\\/person\\\/268e18a453ab080ebf76df6ef7845083\",\"name\":\"Bladna News Staff\",\"url\":\"https:\\\/\\\/bladnanews.com\\\/fr\\\/author\\\/bladna-news-staff\\\/\"}]}<\/script>\n<!-- \/ Yoast SEO Premium plugin. -->","yoast_head_json":{"title":"Guardiola li\u00e9 \u00e0 une sortie de Manchester City apr\u00e8s la d\u00e9faite en derby - Bladna News","robots":{"index":"index","follow":"follow","max-snippet":"max-snippet:-1","max-image-preview":"max-image-preview:large","max-video-preview":"max-video-preview:-1"},"canonical":"https:\/\/bladnanews.com\/fr\/guardiola-lie-a-une-sortie-de-manchester-city-apres-la-defaite-en-derby\/","og_locale":"fr_FR","og_type":"article","og_title":"Guardiola linked with Man City exit after derby loss","og_description":"Pep Guardiola has been linked with a possible Manchester City exit after his side\u2019s Manchester derby defeat, with former Premier [&hellip;]","og_url":"https:\/\/bladnanews.com\/fr\/guardiola-lie-a-une-sortie-de-manchester-city-apres-la-defaite-en-derby\/","og_site_name":"Bladna News","article_published_time":"2026-01-17T18:30:01+00:00","og_image":[{"width":1312,"height":736,"url":"https:\/\/bladnanews.com\/wp-content\/uploads\/2025\/12\/freepik__bladna-newscom-moroccan-soccer-homepage-banner-mor__41838.png","type":"image\/png"}],"author":"Bladna News Staff","twitter_card":"summary_large_image","twitter_misc":{"\u00c9crit par":"Bladna News Staff","Dur\u00e9e de lecture estim\u00e9e":"1 minute"},"schema":{"@context":"https:\/\/schema.org","@graph":[{"@type":"Article","@id":"https:\/\/bladnanews.com\/guardiola-linked-with-man-city-exit-after-derby-loss\/#article","isPartOf":{"@id":"https:\/\/bladnanews.com\/guardiola-linked-with-man-city-exit-after-derby-loss\/"},"author":{"name":"Bladna News Staff","@id":"https:\/\/mediumseagreen-eel-531711.hostingersite.com\/#\/schema\/person\/268e18a453ab080ebf76df6ef7845083"},"headline":"Guardiola linked with Man City exit after derby loss","datePublished":"2026-01-17T18:30:01+00:00","mainEntityOfPage":{"@id":"https:\/\/bladnanews.com\/guardiola-linked-with-man-city-exit-after-derby-loss\/"},"wordCount":252,"publisher":{"@id":"https:\/\/mediumseagreen-eel-531711.hostingersite.com\/#organization"},"image":{"@id":"https:\/\/bladnanews.com\/guardiola-linked-with-man-city-exit-after-derby-loss\/#primaryimage"},"thumbnailUrl":"https:\/\/bladnanews.com\/wp-content\/uploads\/2026\/01\/BladnaNews-Guardiola-linked-with-Man-City-exit-after-derby-loss-2026-01-18T091044.496Z-scaled.jpg","articleSection":["International","Latest News"],"inLanguage":"fr-FR","copyrightYear":"2026","copyrightHolder":{"@id":"https:\/\/bladnanews.com\/fr\/#organization"}},{"@type":"WebPage","@id":"https:\/\/bladnanews.com\/guardiola-linked-with-man-city-exit-after-derby-loss\/","url":"https:\/\/bladnanews.com\/guardiola-linked-with-man-city-exit-after-derby-loss\/","name":"Guardiola li\u00e9 \u00e0 une sortie de Manchester City apr\u00e8s la d\u00e9faite en derby - Bladna News","isPartOf":{"@id":"https:\/\/mediumseagreen-eel-531711.hostingersite.com\/#website"},"primaryImageOfPage":{"@id":"https:\/\/bladnanews.com\/guardiola-linked-with-man-city-exit-after-derby-loss\/#primaryimage"},"image":{"@id":"https:\/\/bladnanews.com\/guardiola-linked-with-man-city-exit-after-derby-loss\/#primaryimage"},"thumbnailUrl":"https:\/\/bladnanews.com\/wp-content\/uploads\/2026\/01\/BladnaNews-Guardiola-linked-with-Man-City-exit-after-derby-loss-2026-01-18T091044.496Z-scaled.jpg","datePublished":"2026-01-17T18:30:01+00:00","breadcrumb":{"@id":"https:\/\/bladnanews.com\/guardiola-linked-with-man-city-exit-after-derby-loss\/#breadcrumb"},"inLanguage":"fr-FR","potentialAction":[{"@type":"ReadAction","target":["https:\/\/bladnanews.com\/guardiola-linked-with-man-city-exit-after-derby-loss\/"]}]},{"@type":"ImageObject","inLanguage":"fr-FR","@id":"https:\/\/bladnanews.com\/guardiola-linked-with-man-city-exit-after-derby-loss\/#primaryimage","url":"https:\/\/bladnanews.com\/wp-content\/uploads\/2026\/01\/BladnaNews-Guardiola-linked-with-Man-City-exit-after-derby-loss-2026-01-18T091044.496Z-scaled.jpg","contentUrl":"https:\/\/bladnanews.com\/wp-content\/uploads\/2026\/01\/BladnaNews-Guardiola-linked-with-Man-City-exit-after-derby-loss-2026-01-18T091044.496Z-scaled.jpg","width":2560,"height":1440,"caption":"Pep Guardiola with a solemn expression, wearing a dark jacket, after Manchester City's derby loss; blurred stadium background."},{"@type":"BreadcrumbList","@id":"https:\/\/bladnanews.com\/guardiola-linked-with-man-city-exit-after-derby-loss\/#breadcrumb","itemListElement":[{"@type":"ListItem","position":1,"name":"Home","item":"https:\/\/bladnanews.com\/"},{"@type":"ListItem","position":2,"name":"Guardiola linked with Man City exit after derby loss"}]},{"@type":"WebSite","@id":"https:\/\/mediumseagreen-eel-531711.hostingersite.com\/#website","url":"https:\/\/mediumseagreen-eel-531711.hostingersite.com\/","name":"Bladna News - Maroc","description":"Quand le football marocain rencontre le monde","publisher":{"@id":"https:\/\/mediumseagreen-eel-531711.hostingersite.com\/#organization"},"potentialAction":[{"@type":"SearchAction","target":{"@type":"EntryPoint","urlTemplate":"https:\/\/mediumseagreen-eel-531711.hostingersite.com\/?s={search_term_string}"},"query-input":{"@type":"PropertyValueSpecification","valueRequired":true,"valueName":"search_term_string"}}],"inLanguage":"fr-FR"},{"@type":"Organization","@id":"https:\/\/mediumseagreen-eel-531711.hostingersite.com\/#organization","name":"Bladna News.com","url":"https:\/\/mediumseagreen-eel-531711.hostingersite.com\/","logo":{"@type":"ImageObject","inLanguage":"fr-FR","@id":"https:\/\/mediumseagreen-eel-531711.hostingersite.com\/#\/schema\/logo\/image\/","url":"https:\/\/bladnanews.com\/wp-content\/uploads\/2025\/12\/logo-bladnanews-V2-web-black-red.png","contentUrl":"https:\/\/bladnanews.com\/wp-content\/uploads\/2025\/12\/logo-bladnanews-V2-web-black-red.png","width":703,"height":287,"caption":"Bladna News.com"},"image":{"@id":"https:\/\/mediumseagreen-eel-531711.hostingersite.com\/#\/schema\/logo\/image\/"},"email":"info@bladnanews.com","legalName":"Bladna News"},{"@type":"Person","@id":"https:\/\/mediumseagreen-eel-531711.hostingersite.com\/#\/schema\/person\/268e18a453ab080ebf76df6ef7845083","name":"\u00c9quipe r\u00e9dactionnelle de Bladna News","url":"https:\/\/bladnanews.com\/fr\/author\/bladna-news-staff\/"}]}},"_links":{"self":[{"href":"https:\/\/bladnanews.com\/fr\/wp-json\/wp\/v2\/posts\/6723","targetHints":{"allow":["GET"]}}],"collection":[{"href":"https:\/\/bladnanews.com\/fr\/wp-json\/wp\/v2\/posts"}],"about":[{"href":"https:\/\/bladnanews.com\/fr\/wp-json\/wp\/v2\/types\/post"}],"author":[{"embeddable":true,"href":"https:\/\/bladnanews.com\/fr\/wp-json\/wp\/v2\/users\/3"}],"replies":[{"embeddable":true,"href":"https:\/\/bladnanews.com\/fr\/wp-json\/wp\/v2\/comments?post=6723"}],"version-history":[{"count":0,"href":"https:\/\/bladnanews.com\/fr\/wp-json\/wp\/v2\/posts\/6723\/revisions"}],"wp:featuredmedia":[{"embeddable":true,"href":"https:\/\/bladnanews.com\/fr\/wp-json\/wp\/v2\/media\/6722"}],"wp:attachment":[{"href":"https:\/\/bladnanews.com\/fr\/wp-json\/wp\/v2\/media?parent=6723"}],"wp:term":[{"taxonomy":"category","embeddable":true,"href":"https:\/\/bladnanews.com\/fr\/wp-json\/wp\/v2\/categories?post=6723"},{"taxonomy":"post_tag","embeddable":true,"href":"https:\/\/bladnanews.com\/fr\/wp-json\/wp\/v2\/tags?post=6723"}],"curies":[{"name":"wp","href":"https:\/\/api.w.org\/{rel}","templated":true}]}}