{"id":6795,"date":"2026-01-18T12:20:58","date_gmt":"2026-01-18T12:20:58","guid":{"rendered":"https:\/\/bladnanews.com\/inter-miami-in-talks-to-let-lionel-messi-play-copa-libertadores\/"},"modified":"2026-01-18T12:20:58","modified_gmt":"2026-01-18T12:20:58","slug":"linter-miami-en-pourparlers-pour-laisser-lionel-messi-jouer-la-copa-libertadores","status":"publish","type":"post","link":"https:\/\/bladnanews.com\/fr\/linter-miami-en-pourparlers-pour-laisser-lionel-messi-jouer-la-copa-libertadores\/","title":{"rendered":"L'Inter Miami en pourparlers pour laisser Lionel Messi jouer la Copa Libertadores"},"content":{"rendered":"<p>L'Inter Miami est en pourparlers concernant un projet qui pourrait permettre \u00e0 Lionel Messi de disputer la Copa Libertadores pour la premi\u00e8re fois de sa carri\u00e8re.<\/p>\n<p>Les vainqueurs de la Coupe MLS ont confirm\u00e9 que des discussions \u00e9taient en cours, alors qu'ils poursuivent ce qui a \u00e9t\u00e9 d\u00e9crit comme un sc\u00e9nario \u201c r\u00eav\u00e9 \u201d pour l'Argentin, qui n'a jamais particip\u00e9 \u00e0 la plus grande comp\u00e9tition club d'Am\u00e9rique du Sud.<\/p>\n<p>Messi, largement consid\u00e9r\u00e9 comme le plus grand de tous les temps, a men\u00e9 sa carri\u00e8re de club en Europe et d\u00e9sormais aux \u00c9tats-Unis, brillant au FC Barcelone et au Paris Saint-Germain avant de rejoindre l'Inter Miami. Malgr\u00e9 sa longue liste de troph\u00e9es, la Copa Libertadores reste l'un des rares grands honneurs qu'il n'a jamais eu l'occasion de disputer.<\/p>\n<p>L'ambition de l'Inter Miami est d\u00e9sormais d'explorer un accord qui pourrait rendre cela possible, des pourparlers \u00e9tant en cours sur un arrangement qui ouvrirait la porte \u00e0 une participation de Messi \u00e0 la comp\u00e9tition.<\/p>\n<p>Toute initiative constituerait un moment historique, offrant au vainqueur de la Coupe du Monde l'opportunit\u00e9 de d\u00e9couvrir une comp\u00e9tition qui a fa\u00e7onn\u00e9 la carri\u00e8re de nombreuses l\u00e9gendes sud-am\u00e9ricaines, mais qui manquait jusqu'\u00e0 pr\u00e9sent \u00e0 son propre palmar\u00e8s.<\/p>\n<p>Ces conversations ont \u00e9t\u00e9 confirm\u00e9es, soulignant la volont\u00e9 de Miami de saisir cette opportunit\u00e9 et d'offrir potentiellement \u00e0 Messi un nouveau chapitre unique, alors qu'il poursuit sa carri\u00e8re en MLS.<\/p>","protected":false},"excerpt":{"rendered":"<p>Inter Miami are in talks over a plan that could allow Lionel Messi to play in the Copa Libertadores for [&hellip;]<\/p>\n","protected":false},"author":3,"featured_media":6794,"comment_status":"","ping_status":"open","sticky":false,"template":"","format":"standard","meta":{"googlesitekit_rrm_CAow_uzEDA:productID":"","site-sidebar-layout":"default","site-content-layout":"","ast-site-content-layout":"default","site-content-style":"default","site-sidebar-style":"default","ast-global-header-display":"","ast-banner-title-visibility":"","ast-main-header-display":"","ast-hfb-above-header-display":"","ast-hfb-below-header-display":"","ast-hfb-mobile-header-display":"","site-post-title":"","ast-breadcrumbs-content":"","ast-featured-img":"","footer-sml-layout":"","ast-disable-related-posts":"","theme-transparent-header-meta":"","adv-header-id-meta":"","stick-header-meta":"","header-above-stick-meta":"","header-main-stick-meta":"","header-below-stick-meta":"","astra-migrate-meta-layouts":"default","ast-page-background-enabled":"default","ast-page-background-meta":{"desktop":{"background-color":"var(--ast-global-color-5)","background-image":"","background-repeat":"repeat","background-position":"center center","background-size":"auto","background-attachment":"scroll","background-type":"","background-media":"","overlay-type":"","overlay-color":"","overlay-opacity":"","overlay-gradient":""},"tablet":{"background-color":"","background-image":"","background-repeat":"repeat","background-position":"center center","background-size":"auto","background-attachment":"scroll","background-type":"","background-media":"","overlay-type":"","overlay-color":"","overlay-opacity":"","overlay-gradient":""},"mobile":{"background-color":"","background-image":"","background-repeat":"repeat","background-position":"center center","background-size":"auto","background-attachment":"scroll","background-type":"","background-media":"","overlay-type":"","overlay-color":"","overlay-opacity":"","overlay-gradient":""}},"ast-content-background-meta":{"desktop":{"background-color":"var(--ast-global-color-4)","background-image":"","background-repeat":"repeat","background-position":"center center","background-size":"auto","background-attachment":"scroll","background-type":"","background-media":"","overlay-type":"","overlay-color":"","overlay-opacity":"","overlay-gradient":""},"tablet":{"background-color":"var(--ast-global-color-4)","background-image":"","background-repeat":"repeat","background-position":"center center","background-size":"auto","background-attachment":"scroll","background-type":"","background-media":"","overlay-type":"","overlay-color":"","overlay-opacity":"","overlay-gradient":""},"mobile":{"background-color":"var(--ast-global-color-4)","background-image":"","background-repeat":"repeat","background-position":"center center","background-size":"auto","background-attachment":"scroll","background-type":"","background-media":"","overlay-type":"","overlay-color":"","overlay-opacity":"","overlay-gradient":""}},"footnotes":""},"categories":[20,1],"tags":[],"class_list":["post-6795","post","type-post","status-publish","format-standard","has-post-thumbnail","hentry","category-international","category-football-latest-news"],"yoast_head":"<!-- This site is optimized with the Yoast SEO Premium plugin v26.6 (Yoast SEO v27.5) - https:\/\/yoast.com\/product\/yoast-seo-premium-wordpress\/ -->\n<title>Inter Miami in talks to let Lionel Messi play Copa Libertadores - Bladna News<\/title>\n<meta name=\"robots\" content=\"index, follow, max-snippet:-1, max-image-preview:large, max-video-preview:-1\" \/>\n<link rel=\"canonical\" href=\"https:\/\/bladnanews.com\/fr\/linter-miami-en-pourparlers-pour-laisser-lionel-messi-jouer-la-copa-libertadores\/\" \/>\n<meta property=\"og:locale\" content=\"fr_FR\" \/>\n<meta property=\"og:type\" content=\"article\" \/>\n<meta property=\"og:title\" content=\"Inter Miami in talks to let Lionel Messi play Copa Libertadores\" \/>\n<meta property=\"og:description\" content=\"Inter Miami are in talks over a plan that could allow Lionel Messi to play in the Copa Libertadores for [&hellip;]\" \/>\n<meta property=\"og:url\" content=\"https:\/\/bladnanews.com\/fr\/linter-miami-en-pourparlers-pour-laisser-lionel-messi-jouer-la-copa-libertadores\/\" \/>\n<meta property=\"og:site_name\" content=\"Bladna News\" \/>\n<meta property=\"article:published_time\" content=\"2026-01-18T12:20:58+00:00\" \/>\n<meta property=\"og:image\" content=\"https:\/\/bladnanews.com\/wp-content\/uploads\/2025\/12\/freepik__bladna-newscom-moroccan-soccer-homepage-banner-mor__41838.png\" \/>\n\t<meta property=\"og:image:width\" content=\"1312\" \/>\n\t<meta property=\"og:image:height\" content=\"736\" \/>\n\t<meta property=\"og:image:type\" content=\"image\/png\" \/>\n<meta name=\"author\" content=\"Bladna News Staff\" \/>\n<meta name=\"twitter:card\" content=\"summary_large_image\" \/>\n<meta name=\"twitter:label1\" content=\"\u00c9crit par\" \/>\n\t<meta name=\"twitter:data1\" content=\"Bladna News Staff\" \/>\n\t<meta name=\"twitter:label2\" content=\"Dur\u00e9e de lecture estim\u00e9e\" \/>\n\t<meta name=\"twitter:data2\" content=\"1 minute\" \/>\n<script type=\"application\/ld+json\" class=\"yoast-schema-graph\">{\"@context\":\"https:\\\/\\\/schema.org\",\"@graph\":[{\"@type\":\"Article\",\"@id\":\"https:\\\/\\\/bladnanews.com\\\/inter-miami-in-talks-to-let-lionel-messi-play-copa-libertadores\\\/#article\",\"isPartOf\":{\"@id\":\"https:\\\/\\\/bladnanews.com\\\/inter-miami-in-talks-to-let-lionel-messi-play-copa-libertadores\\\/\"},\"author\":{\"name\":\"Bladna News Staff\",\"@id\":\"https:\\\/\\\/mediumseagreen-eel-531711.hostingersite.com\\\/#\\\/schema\\\/person\\\/268e18a453ab080ebf76df6ef7845083\"},\"headline\":\"Inter Miami in talks to let Lionel Messi play Copa Libertadores\",\"datePublished\":\"2026-01-18T12:20:58+00:00\",\"mainEntityOfPage\":{\"@id\":\"https:\\\/\\\/bladnanews.com\\\/inter-miami-in-talks-to-let-lionel-messi-play-copa-libertadores\\\/\"},\"wordCount\":227,\"publisher\":{\"@id\":\"https:\\\/\\\/mediumseagreen-eel-531711.hostingersite.com\\\/#organization\"},\"image\":{\"@id\":\"https:\\\/\\\/bladnanews.com\\\/inter-miami-in-talks-to-let-lionel-messi-play-copa-libertadores\\\/#primaryimage\"},\"thumbnailUrl\":\"https:\\\/\\\/bladnanews.com\\\/wp-content\\\/uploads\\\/2026\\\/01\\\/BladnaNews-Inter-Miami-in-talks-to-let-Lionel-Messi-play-Copa-Libertadores-2026-01-18T211001.768Z.jpg\",\"articleSection\":[\"International\",\"Latest News\"],\"inLanguage\":\"fr-FR\",\"copyrightYear\":\"2026\",\"copyrightHolder\":{\"@id\":\"https:\\\/\\\/bladnanews.com\\\/fr\\\/#organization\"}},{\"@type\":\"WebPage\",\"@id\":\"https:\\\/\\\/bladnanews.com\\\/inter-miami-in-talks-to-let-lionel-messi-play-copa-libertadores\\\/\",\"url\":\"https:\\\/\\\/bladnanews.com\\\/inter-miami-in-talks-to-let-lionel-messi-play-copa-libertadores\\\/\",\"name\":\"Inter Miami in talks to let Lionel Messi play Copa Libertadores - Bladna News\",\"isPartOf\":{\"@id\":\"https:\\\/\\\/mediumseagreen-eel-531711.hostingersite.com\\\/#website\"},\"primaryImageOfPage\":{\"@id\":\"https:\\\/\\\/bladnanews.com\\\/inter-miami-in-talks-to-let-lionel-messi-play-copa-libertadores\\\/#primaryimage\"},\"image\":{\"@id\":\"https:\\\/\\\/bladnanews.com\\\/inter-miami-in-talks-to-let-lionel-messi-play-copa-libertadores\\\/#primaryimage\"},\"thumbnailUrl\":\"https:\\\/\\\/bladnanews.com\\\/wp-content\\\/uploads\\\/2026\\\/01\\\/BladnaNews-Inter-Miami-in-talks-to-let-Lionel-Messi-play-Copa-Libertadores-2026-01-18T211001.768Z.jpg\",\"datePublished\":\"2026-01-18T12:20:58+00:00\",\"breadcrumb\":{\"@id\":\"https:\\\/\\\/bladnanews.com\\\/inter-miami-in-talks-to-let-lionel-messi-play-copa-libertadores\\\/#breadcrumb\"},\"inLanguage\":\"fr-FR\",\"potentialAction\":[{\"@type\":\"ReadAction\",\"target\":[\"https:\\\/\\\/bladnanews.com\\\/inter-miami-in-talks-to-let-lionel-messi-play-copa-libertadores\\\/\"]}]},{\"@type\":\"ImageObject\",\"inLanguage\":\"fr-FR\",\"@id\":\"https:\\\/\\\/bladnanews.com\\\/inter-miami-in-talks-to-let-lionel-messi-play-copa-libertadores\\\/#primaryimage\",\"url\":\"https:\\\/\\\/bladnanews.com\\\/wp-content\\\/uploads\\\/2026\\\/01\\\/BladnaNews-Inter-Miami-in-talks-to-let-Lionel-Messi-play-Copa-Libertadores-2026-01-18T211001.768Z.jpg\",\"contentUrl\":\"https:\\\/\\\/bladnanews.com\\\/wp-content\\\/uploads\\\/2026\\\/01\\\/BladnaNews-Inter-Miami-in-talks-to-let-Lionel-Messi-play-Copa-Libertadores-2026-01-18T211001.768Z.jpg\",\"width\":1920,\"height\":1080,\"caption\":\"Lionel Messi, wearing a black Inter Miami kit with a pink captain's armband, gazes intently off-camera against a dark background.\"},{\"@type\":\"BreadcrumbList\",\"@id\":\"https:\\\/\\\/bladnanews.com\\\/inter-miami-in-talks-to-let-lionel-messi-play-copa-libertadores\\\/#breadcrumb\",\"itemListElement\":[{\"@type\":\"ListItem\",\"position\":1,\"name\":\"Home\",\"item\":\"https:\\\/\\\/bladnanews.com\\\/\"},{\"@type\":\"ListItem\",\"position\":2,\"name\":\"Inter Miami in talks to let Lionel Messi play Copa Libertadores\"}]},{\"@type\":\"WebSite\",\"@id\":\"https:\\\/\\\/mediumseagreen-eel-531711.hostingersite.com\\\/#website\",\"url\":\"https:\\\/\\\/mediumseagreen-eel-531711.hostingersite.com\\\/\",\"name\":\"Bladna News - Morocco\",\"description\":\"Where Moroccan Football Meets the World\",\"publisher\":{\"@id\":\"https:\\\/\\\/mediumseagreen-eel-531711.hostingersite.com\\\/#organization\"},\"potentialAction\":[{\"@type\":\"SearchAction\",\"target\":{\"@type\":\"EntryPoint\",\"urlTemplate\":\"https:\\\/\\\/mediumseagreen-eel-531711.hostingersite.com\\\/?s={search_term_string}\"},\"query-input\":{\"@type\":\"PropertyValueSpecification\",\"valueRequired\":true,\"valueName\":\"search_term_string\"}}],\"inLanguage\":\"fr-FR\"},{\"@type\":\"Organization\",\"@id\":\"https:\\\/\\\/mediumseagreen-eel-531711.hostingersite.com\\\/#organization\",\"name\":\"Bladna News.com\",\"url\":\"https:\\\/\\\/mediumseagreen-eel-531711.hostingersite.com\\\/\",\"logo\":{\"@type\":\"ImageObject\",\"inLanguage\":\"fr-FR\",\"@id\":\"https:\\\/\\\/mediumseagreen-eel-531711.hostingersite.com\\\/#\\\/schema\\\/logo\\\/image\\\/\",\"url\":\"https:\\\/\\\/bladnanews.com\\\/wp-content\\\/uploads\\\/2025\\\/12\\\/logo-bladnanews-V2-web-black-red.png\",\"contentUrl\":\"https:\\\/\\\/bladnanews.com\\\/wp-content\\\/uploads\\\/2025\\\/12\\\/logo-bladnanews-V2-web-black-red.png\",\"width\":703,\"height\":287,\"caption\":\"Bladna News.com\"},\"image\":{\"@id\":\"https:\\\/\\\/mediumseagreen-eel-531711.hostingersite.com\\\/#\\\/schema\\\/logo\\\/image\\\/\"},\"email\":\"info@bladnanews.com\",\"legalName\":\"Bladna News\"},{\"@type\":\"Person\",\"@id\":\"https:\\\/\\\/mediumseagreen-eel-531711.hostingersite.com\\\/#\\\/schema\\\/person\\\/268e18a453ab080ebf76df6ef7845083\",\"name\":\"Bladna News Staff\",\"url\":\"https:\\\/\\\/bladnanews.com\\\/fr\\\/author\\\/bladna-news-staff\\\/\"}]}<\/script>\n<!-- \/ Yoast SEO Premium plugin. -->","yoast_head_json":{"title":"L'Inter Miami en pourparlers pour laisser Lionel Messi jouer la Copa Libertadores - Bladna News","robots":{"index":"index","follow":"follow","max-snippet":"max-snippet:-1","max-image-preview":"max-image-preview:large","max-video-preview":"max-video-preview:-1"},"canonical":"https:\/\/bladnanews.com\/fr\/linter-miami-en-pourparlers-pour-laisser-lionel-messi-jouer-la-copa-libertadores\/","og_locale":"fr_FR","og_type":"article","og_title":"Inter Miami in talks to let Lionel Messi play Copa Libertadores","og_description":"Inter Miami are in talks over a plan that could allow Lionel Messi to play in the Copa Libertadores for [&hellip;]","og_url":"https:\/\/bladnanews.com\/fr\/linter-miami-en-pourparlers-pour-laisser-lionel-messi-jouer-la-copa-libertadores\/","og_site_name":"Bladna News","article_published_time":"2026-01-18T12:20:58+00:00","og_image":[{"width":1312,"height":736,"url":"https:\/\/bladnanews.com\/wp-content\/uploads\/2025\/12\/freepik__bladna-newscom-moroccan-soccer-homepage-banner-mor__41838.png","type":"image\/png"}],"author":"Bladna News Staff","twitter_card":"summary_large_image","twitter_misc":{"\u00c9crit par":"Bladna News Staff","Dur\u00e9e de lecture estim\u00e9e":"1 minute"},"schema":{"@context":"https:\/\/schema.org","@graph":[{"@type":"Article","@id":"https:\/\/bladnanews.com\/inter-miami-in-talks-to-let-lionel-messi-play-copa-libertadores\/#article","isPartOf":{"@id":"https:\/\/bladnanews.com\/inter-miami-in-talks-to-let-lionel-messi-play-copa-libertadores\/"},"author":{"name":"Bladna News Staff","@id":"https:\/\/mediumseagreen-eel-531711.hostingersite.com\/#\/schema\/person\/268e18a453ab080ebf76df6ef7845083"},"headline":"Inter Miami in talks to let Lionel Messi play Copa Libertadores","datePublished":"2026-01-18T12:20:58+00:00","mainEntityOfPage":{"@id":"https:\/\/bladnanews.com\/inter-miami-in-talks-to-let-lionel-messi-play-copa-libertadores\/"},"wordCount":227,"publisher":{"@id":"https:\/\/mediumseagreen-eel-531711.hostingersite.com\/#organization"},"image":{"@id":"https:\/\/bladnanews.com\/inter-miami-in-talks-to-let-lionel-messi-play-copa-libertadores\/#primaryimage"},"thumbnailUrl":"https:\/\/bladnanews.com\/wp-content\/uploads\/2026\/01\/BladnaNews-Inter-Miami-in-talks-to-let-Lionel-Messi-play-Copa-Libertadores-2026-01-18T211001.768Z.jpg","articleSection":["International","Latest News"],"inLanguage":"fr-FR","copyrightYear":"2026","copyrightHolder":{"@id":"https:\/\/bladnanews.com\/fr\/#organization"}},{"@type":"WebPage","@id":"https:\/\/bladnanews.com\/inter-miami-in-talks-to-let-lionel-messi-play-copa-libertadores\/","url":"https:\/\/bladnanews.com\/inter-miami-in-talks-to-let-lionel-messi-play-copa-libertadores\/","name":"L'Inter Miami en pourparlers pour laisser Lionel Messi jouer la Copa Libertadores - Bladna News","isPartOf":{"@id":"https:\/\/mediumseagreen-eel-531711.hostingersite.com\/#website"},"primaryImageOfPage":{"@id":"https:\/\/bladnanews.com\/inter-miami-in-talks-to-let-lionel-messi-play-copa-libertadores\/#primaryimage"},"image":{"@id":"https:\/\/bladnanews.com\/inter-miami-in-talks-to-let-lionel-messi-play-copa-libertadores\/#primaryimage"},"thumbnailUrl":"https:\/\/bladnanews.com\/wp-content\/uploads\/2026\/01\/BladnaNews-Inter-Miami-in-talks-to-let-Lionel-Messi-play-Copa-Libertadores-2026-01-18T211001.768Z.jpg","datePublished":"2026-01-18T12:20:58+00:00","breadcrumb":{"@id":"https:\/\/bladnanews.com\/inter-miami-in-talks-to-let-lionel-messi-play-copa-libertadores\/#breadcrumb"},"inLanguage":"fr-FR","potentialAction":[{"@type":"ReadAction","target":["https:\/\/bladnanews.com\/inter-miami-in-talks-to-let-lionel-messi-play-copa-libertadores\/"]}]},{"@type":"ImageObject","inLanguage":"fr-FR","@id":"https:\/\/bladnanews.com\/inter-miami-in-talks-to-let-lionel-messi-play-copa-libertadores\/#primaryimage","url":"https:\/\/bladnanews.com\/wp-content\/uploads\/2026\/01\/BladnaNews-Inter-Miami-in-talks-to-let-Lionel-Messi-play-Copa-Libertadores-2026-01-18T211001.768Z.jpg","contentUrl":"https:\/\/bladnanews.com\/wp-content\/uploads\/2026\/01\/BladnaNews-Inter-Miami-in-talks-to-let-Lionel-Messi-play-Copa-Libertadores-2026-01-18T211001.768Z.jpg","width":1920,"height":1080,"caption":"Lionel Messi, wearing a black Inter Miami kit with a pink captain's armband, gazes intently off-camera against a dark background."},{"@type":"BreadcrumbList","@id":"https:\/\/bladnanews.com\/inter-miami-in-talks-to-let-lionel-messi-play-copa-libertadores\/#breadcrumb","itemListElement":[{"@type":"ListItem","position":1,"name":"Home","item":"https:\/\/bladnanews.com\/"},{"@type":"ListItem","position":2,"name":"Inter Miami in talks to let Lionel Messi play Copa Libertadores"}]},{"@type":"WebSite","@id":"https:\/\/mediumseagreen-eel-531711.hostingersite.com\/#website","url":"https:\/\/mediumseagreen-eel-531711.hostingersite.com\/","name":"Bladna News - Maroc","description":"Quand le football marocain rencontre le monde","publisher":{"@id":"https:\/\/mediumseagreen-eel-531711.hostingersite.com\/#organization"},"potentialAction":[{"@type":"SearchAction","target":{"@type":"EntryPoint","urlTemplate":"https:\/\/mediumseagreen-eel-531711.hostingersite.com\/?s={search_term_string}"},"query-input":{"@type":"PropertyValueSpecification","valueRequired":true,"valueName":"search_term_string"}}],"inLanguage":"fr-FR"},{"@type":"Organization","@id":"https:\/\/mediumseagreen-eel-531711.hostingersite.com\/#organization","name":"Bladna News.com","url":"https:\/\/mediumseagreen-eel-531711.hostingersite.com\/","logo":{"@type":"ImageObject","inLanguage":"fr-FR","@id":"https:\/\/mediumseagreen-eel-531711.hostingersite.com\/#\/schema\/logo\/image\/","url":"https:\/\/bladnanews.com\/wp-content\/uploads\/2025\/12\/logo-bladnanews-V2-web-black-red.png","contentUrl":"https:\/\/bladnanews.com\/wp-content\/uploads\/2025\/12\/logo-bladnanews-V2-web-black-red.png","width":703,"height":287,"caption":"Bladna News.com"},"image":{"@id":"https:\/\/mediumseagreen-eel-531711.hostingersite.com\/#\/schema\/logo\/image\/"},"email":"info@bladnanews.com","legalName":"Bladna News"},{"@type":"Person","@id":"https:\/\/mediumseagreen-eel-531711.hostingersite.com\/#\/schema\/person\/268e18a453ab080ebf76df6ef7845083","name":"\u00c9quipe r\u00e9dactionnelle de Bladna News","url":"https:\/\/bladnanews.com\/fr\/author\/bladna-news-staff\/"}]}},"_links":{"self":[{"href":"https:\/\/bladnanews.com\/fr\/wp-json\/wp\/v2\/posts\/6795","targetHints":{"allow":["GET"]}}],"collection":[{"href":"https:\/\/bladnanews.com\/fr\/wp-json\/wp\/v2\/posts"}],"about":[{"href":"https:\/\/bladnanews.com\/fr\/wp-json\/wp\/v2\/types\/post"}],"author":[{"embeddable":true,"href":"https:\/\/bladnanews.com\/fr\/wp-json\/wp\/v2\/users\/3"}],"replies":[{"embeddable":true,"href":"https:\/\/bladnanews.com\/fr\/wp-json\/wp\/v2\/comments?post=6795"}],"version-history":[{"count":0,"href":"https:\/\/bladnanews.com\/fr\/wp-json\/wp\/v2\/posts\/6795\/revisions"}],"wp:featuredmedia":[{"embeddable":true,"href":"https:\/\/bladnanews.com\/fr\/wp-json\/wp\/v2\/media\/6794"}],"wp:attachment":[{"href":"https:\/\/bladnanews.com\/fr\/wp-json\/wp\/v2\/media?parent=6795"}],"wp:term":[{"taxonomy":"category","embeddable":true,"href":"https:\/\/bladnanews.com\/fr\/wp-json\/wp\/v2\/categories?post=6795"},{"taxonomy":"post_tag","embeddable":true,"href":"https:\/\/bladnanews.com\/fr\/wp-json\/wp\/v2\/tags?post=6795"}],"curies":[{"name":"wp","href":"https:\/\/api.w.org\/{rel}","templated":true}]}}