{"id":6819,"date":"2026-01-18T13:37:07","date_gmt":"2026-01-18T13:37:07","guid":{"rendered":"https:\/\/bladnanews.com\/crystal-palace-decide-oliver-glasner-future-after-outburst\/"},"modified":"2026-01-18T13:37:07","modified_gmt":"2026-01-18T13:37:07","slug":"crystal-palace-decide-de-lavenir-doliver-glasner-apres-son-eclat","status":"publish","type":"post","link":"https:\/\/bladnanews.com\/fr\/crystal-palace-decide-de-lavenir-doliver-glasner-apres-son-eclat\/","title":{"rendered":"Crystal Palace d\u00e9cide de l'avenir d'Oliver Glasner apr\u00e8s son \u00e9clat"},"content":{"rendered":"<p>Crystal Palace a d\u00e9cid\u00e9 de maintenir Oliver Glasner \u00e0 son poste malgr\u00e9 des rapports faisant \u00e9tat d'une violente explosion de col\u00e8re au cours de laquelle l'entra\u00eeneur aurait d\u00e9clar\u00e9 avoir \u00e9t\u00e9 \u201cabandonn\u00e9\u201d.<\/p>\n<p>L'avenir de Glasner avait \u00e9t\u00e9 remis en question apr\u00e8s que le vainqueur de la FA Cup serait entr\u00e9 en conflit avec la hi\u00e9rarchie du club, l'Autrichien exprimant son m\u00e9contentement face \u00e0 ce qu'il percevait comme un manque de soutien dans les coulisses.<\/p>\n<p><strong>Il a \u00e9t\u00e9 r\u00e9v\u00e9l\u00e9<\/strong> Il s'av\u00e8re que le conseil d'administration de Palace a tenu des discussions internes et a choisi de ne pas effectuer de changement. Le club maintient sa confiance en Glasner, le soutenant pour qu'il poursuive sa mission apr\u00e8s avoir remport\u00e9 la FA Cup.<\/p>\n<p>Le rapport indiquait que Glasner avait exprim\u00e9 sa frustration durant l'\u00e9t\u00e9, estimant que des d\u00e9cisions cl\u00e9s \u00e9taient prises sans sa pleine contribution et qu'il avait \u00e9t\u00e9 laiss\u00e9 en position d\u00e9licate. Mais Palace a d\u00e9sormais pris des mesures pour tourner la page.<\/p>\n<p>Glasner n'est arriv\u00e9 \u00e0 Selhurst Park qu'en f\u00e9vrier et a rapidement marqu\u00e9 les esprits, guidant Palace vers un troph\u00e9e majeur et renfor\u00e7ant sa stature aupr\u00e8s des supporters.<\/p>\n<p>La d\u00e9cision de Palace signifie que l'ancien patron de l'Eintracht Francfort restera en poste \u00e0 l'aube de la nouvelle saison, le club esp\u00e9rant que l'attention se reconcentrera sur le football apr\u00e8s une p\u00e9riode tendue en dehors du terrain.<\/p>","protected":false},"excerpt":{"rendered":"<p>Crystal Palace have decided to keep Oliver Glasner in charge despite reports of a furious outburst in which the manager [&hellip;]<\/p>\n","protected":false},"author":3,"featured_media":6818,"comment_status":"","ping_status":"open","sticky":false,"template":"","format":"standard","meta":{"googlesitekit_rrm_CAow_uzEDA:productID":"","site-sidebar-layout":"default","site-content-layout":"","ast-site-content-layout":"default","site-content-style":"default","site-sidebar-style":"default","ast-global-header-display":"","ast-banner-title-visibility":"","ast-main-header-display":"","ast-hfb-above-header-display":"","ast-hfb-below-header-display":"","ast-hfb-mobile-header-display":"","site-post-title":"","ast-breadcrumbs-content":"","ast-featured-img":"","footer-sml-layout":"","ast-disable-related-posts":"","theme-transparent-header-meta":"","adv-header-id-meta":"","stick-header-meta":"","header-above-stick-meta":"","header-main-stick-meta":"","header-below-stick-meta":"","astra-migrate-meta-layouts":"default","ast-page-background-enabled":"default","ast-page-background-meta":{"desktop":{"background-color":"var(--ast-global-color-5)","background-image":"","background-repeat":"repeat","background-position":"center center","background-size":"auto","background-attachment":"scroll","background-type":"","background-media":"","overlay-type":"","overlay-color":"","overlay-opacity":"","overlay-gradient":""},"tablet":{"background-color":"","background-image":"","background-repeat":"repeat","background-position":"center center","background-size":"auto","background-attachment":"scroll","background-type":"","background-media":"","overlay-type":"","overlay-color":"","overlay-opacity":"","overlay-gradient":""},"mobile":{"background-color":"","background-image":"","background-repeat":"repeat","background-position":"center center","background-size":"auto","background-attachment":"scroll","background-type":"","background-media":"","overlay-type":"","overlay-color":"","overlay-opacity":"","overlay-gradient":""}},"ast-content-background-meta":{"desktop":{"background-color":"var(--ast-global-color-4)","background-image":"","background-repeat":"repeat","background-position":"center center","background-size":"auto","background-attachment":"scroll","background-type":"","background-media":"","overlay-type":"","overlay-color":"","overlay-opacity":"","overlay-gradient":""},"tablet":{"background-color":"var(--ast-global-color-4)","background-image":"","background-repeat":"repeat","background-position":"center center","background-size":"auto","background-attachment":"scroll","background-type":"","background-media":"","overlay-type":"","overlay-color":"","overlay-opacity":"","overlay-gradient":""},"mobile":{"background-color":"var(--ast-global-color-4)","background-image":"","background-repeat":"repeat","background-position":"center center","background-size":"auto","background-attachment":"scroll","background-type":"","background-media":"","overlay-type":"","overlay-color":"","overlay-opacity":"","overlay-gradient":""}},"footnotes":""},"categories":[20,1],"tags":[],"class_list":["post-6819","post","type-post","status-publish","format-standard","has-post-thumbnail","hentry","category-international","category-football-latest-news"],"yoast_head":"<!-- This site is optimized with the Yoast SEO Premium plugin v26.6 (Yoast SEO v27.5) - https:\/\/yoast.com\/product\/yoast-seo-premium-wordpress\/ -->\n<title>Crystal Palace decide Oliver Glasner future after outburst - Bladna News<\/title>\n<meta name=\"robots\" content=\"index, follow, max-snippet:-1, max-image-preview:large, max-video-preview:-1\" \/>\n<link rel=\"canonical\" href=\"https:\/\/bladnanews.com\/fr\/crystal-palace-decide-de-lavenir-doliver-glasner-apres-son-eclat\/\" \/>\n<meta property=\"og:locale\" content=\"fr_FR\" \/>\n<meta property=\"og:type\" content=\"article\" \/>\n<meta property=\"og:title\" content=\"Crystal Palace decide Oliver Glasner future after outburst\" \/>\n<meta property=\"og:description\" content=\"Crystal Palace have decided to keep Oliver Glasner in charge despite reports of a furious outburst in which the manager [&hellip;]\" \/>\n<meta property=\"og:url\" content=\"https:\/\/bladnanews.com\/fr\/crystal-palace-decide-de-lavenir-doliver-glasner-apres-son-eclat\/\" \/>\n<meta property=\"og:site_name\" content=\"Bladna News\" \/>\n<meta property=\"article:published_time\" content=\"2026-01-18T13:37:07+00:00\" \/>\n<meta property=\"og:image\" content=\"https:\/\/bladnanews.com\/wp-content\/uploads\/2025\/12\/freepik__bladna-newscom-moroccan-soccer-homepage-banner-mor__41838.png\" \/>\n\t<meta property=\"og:image:width\" content=\"1312\" \/>\n\t<meta property=\"og:image:height\" content=\"736\" \/>\n\t<meta property=\"og:image:type\" content=\"image\/png\" \/>\n<meta name=\"author\" content=\"Bladna News Staff\" \/>\n<meta name=\"twitter:card\" content=\"summary_large_image\" \/>\n<meta name=\"twitter:label1\" content=\"\u00c9crit par\" \/>\n\t<meta name=\"twitter:data1\" content=\"Bladna News Staff\" \/>\n\t<meta name=\"twitter:label2\" content=\"Dur\u00e9e de lecture estim\u00e9e\" \/>\n\t<meta name=\"twitter:data2\" content=\"1 minute\" \/>\n<script type=\"application\/ld+json\" class=\"yoast-schema-graph\">{\"@context\":\"https:\\\/\\\/schema.org\",\"@graph\":[{\"@type\":\"Article\",\"@id\":\"https:\\\/\\\/bladnanews.com\\\/crystal-palace-decide-oliver-glasner-future-after-outburst\\\/#article\",\"isPartOf\":{\"@id\":\"https:\\\/\\\/bladnanews.com\\\/crystal-palace-decide-oliver-glasner-future-after-outburst\\\/\"},\"author\":{\"name\":\"Bladna News Staff\",\"@id\":\"https:\\\/\\\/mediumseagreen-eel-531711.hostingersite.com\\\/#\\\/schema\\\/person\\\/268e18a453ab080ebf76df6ef7845083\"},\"headline\":\"Crystal Palace decide Oliver Glasner future after outburst\",\"datePublished\":\"2026-01-18T13:37:07+00:00\",\"mainEntityOfPage\":{\"@id\":\"https:\\\/\\\/bladnanews.com\\\/crystal-palace-decide-oliver-glasner-future-after-outburst\\\/\"},\"wordCount\":205,\"publisher\":{\"@id\":\"https:\\\/\\\/mediumseagreen-eel-531711.hostingersite.com\\\/#organization\"},\"image\":{\"@id\":\"https:\\\/\\\/bladnanews.com\\\/crystal-palace-decide-oliver-glasner-future-after-outburst\\\/#primaryimage\"},\"thumbnailUrl\":\"https:\\\/\\\/bladnanews.com\\\/wp-content\\\/uploads\\\/2026\\\/01\\\/BladnaNews-Crystal-Palace-decide-Oliver-Glasner-future-after-outburst-2026-01-19T010959.450Z.jpg\",\"articleSection\":[\"International\",\"Latest News\"],\"inLanguage\":\"fr-FR\",\"copyrightYear\":\"2026\",\"copyrightHolder\":{\"@id\":\"https:\\\/\\\/bladnanews.com\\\/fr\\\/#organization\"}},{\"@type\":\"WebPage\",\"@id\":\"https:\\\/\\\/bladnanews.com\\\/crystal-palace-decide-oliver-glasner-future-after-outburst\\\/\",\"url\":\"https:\\\/\\\/bladnanews.com\\\/crystal-palace-decide-oliver-glasner-future-after-outburst\\\/\",\"name\":\"Crystal Palace decide Oliver Glasner future after outburst - Bladna News\",\"isPartOf\":{\"@id\":\"https:\\\/\\\/mediumseagreen-eel-531711.hostingersite.com\\\/#website\"},\"primaryImageOfPage\":{\"@id\":\"https:\\\/\\\/bladnanews.com\\\/crystal-palace-decide-oliver-glasner-future-after-outburst\\\/#primaryimage\"},\"image\":{\"@id\":\"https:\\\/\\\/bladnanews.com\\\/crystal-palace-decide-oliver-glasner-future-after-outburst\\\/#primaryimage\"},\"thumbnailUrl\":\"https:\\\/\\\/bladnanews.com\\\/wp-content\\\/uploads\\\/2026\\\/01\\\/BladnaNews-Crystal-Palace-decide-Oliver-Glasner-future-after-outburst-2026-01-19T010959.450Z.jpg\",\"datePublished\":\"2026-01-18T13:37:07+00:00\",\"breadcrumb\":{\"@id\":\"https:\\\/\\\/bladnanews.com\\\/crystal-palace-decide-oliver-glasner-future-after-outburst\\\/#breadcrumb\"},\"inLanguage\":\"fr-FR\",\"potentialAction\":[{\"@type\":\"ReadAction\",\"target\":[\"https:\\\/\\\/bladnanews.com\\\/crystal-palace-decide-oliver-glasner-future-after-outburst\\\/\"]}]},{\"@type\":\"ImageObject\",\"inLanguage\":\"fr-FR\",\"@id\":\"https:\\\/\\\/bladnanews.com\\\/crystal-palace-decide-oliver-glasner-future-after-outburst\\\/#primaryimage\",\"url\":\"https:\\\/\\\/bladnanews.com\\\/wp-content\\\/uploads\\\/2026\\\/01\\\/BladnaNews-Crystal-Palace-decide-Oliver-Glasner-future-after-outburst-2026-01-19T010959.450Z.jpg\",\"contentUrl\":\"https:\\\/\\\/bladnanews.com\\\/wp-content\\\/uploads\\\/2026\\\/01\\\/BladnaNews-Crystal-Palace-decide-Oliver-Glasner-future-after-outburst-2026-01-19T010959.450Z.jpg\",\"width\":1920,\"height\":1080,\"caption\":\"Oliver Glasner waves to the crowd, wearing a dark coat with a white ribbon pinned on the shoulder, during a matchday event.\"},{\"@type\":\"BreadcrumbList\",\"@id\":\"https:\\\/\\\/bladnanews.com\\\/crystal-palace-decide-oliver-glasner-future-after-outburst\\\/#breadcrumb\",\"itemListElement\":[{\"@type\":\"ListItem\",\"position\":1,\"name\":\"Home\",\"item\":\"https:\\\/\\\/bladnanews.com\\\/\"},{\"@type\":\"ListItem\",\"position\":2,\"name\":\"Crystal Palace decide Oliver Glasner future after outburst\"}]},{\"@type\":\"WebSite\",\"@id\":\"https:\\\/\\\/mediumseagreen-eel-531711.hostingersite.com\\\/#website\",\"url\":\"https:\\\/\\\/mediumseagreen-eel-531711.hostingersite.com\\\/\",\"name\":\"Bladna News - Morocco\",\"description\":\"Where Moroccan Football Meets the World\",\"publisher\":{\"@id\":\"https:\\\/\\\/mediumseagreen-eel-531711.hostingersite.com\\\/#organization\"},\"potentialAction\":[{\"@type\":\"SearchAction\",\"target\":{\"@type\":\"EntryPoint\",\"urlTemplate\":\"https:\\\/\\\/mediumseagreen-eel-531711.hostingersite.com\\\/?s={search_term_string}\"},\"query-input\":{\"@type\":\"PropertyValueSpecification\",\"valueRequired\":true,\"valueName\":\"search_term_string\"}}],\"inLanguage\":\"fr-FR\"},{\"@type\":\"Organization\",\"@id\":\"https:\\\/\\\/mediumseagreen-eel-531711.hostingersite.com\\\/#organization\",\"name\":\"Bladna News.com\",\"url\":\"https:\\\/\\\/mediumseagreen-eel-531711.hostingersite.com\\\/\",\"logo\":{\"@type\":\"ImageObject\",\"inLanguage\":\"fr-FR\",\"@id\":\"https:\\\/\\\/mediumseagreen-eel-531711.hostingersite.com\\\/#\\\/schema\\\/logo\\\/image\\\/\",\"url\":\"https:\\\/\\\/bladnanews.com\\\/wp-content\\\/uploads\\\/2025\\\/12\\\/logo-bladnanews-V2-web-black-red.png\",\"contentUrl\":\"https:\\\/\\\/bladnanews.com\\\/wp-content\\\/uploads\\\/2025\\\/12\\\/logo-bladnanews-V2-web-black-red.png\",\"width\":703,\"height\":287,\"caption\":\"Bladna News.com\"},\"image\":{\"@id\":\"https:\\\/\\\/mediumseagreen-eel-531711.hostingersite.com\\\/#\\\/schema\\\/logo\\\/image\\\/\"},\"email\":\"info@bladnanews.com\",\"legalName\":\"Bladna News\"},{\"@type\":\"Person\",\"@id\":\"https:\\\/\\\/mediumseagreen-eel-531711.hostingersite.com\\\/#\\\/schema\\\/person\\\/268e18a453ab080ebf76df6ef7845083\",\"name\":\"Bladna News Staff\",\"url\":\"https:\\\/\\\/bladnanews.com\\\/fr\\\/author\\\/bladna-news-staff\\\/\"}]}<\/script>\n<!-- \/ Yoast SEO Premium plugin. -->","yoast_head_json":{"title":"Crystal Palace d\u00e9cide de l'avenir d'Oliver Glasner apr\u00e8s son \u00e9clat - Bladna News","robots":{"index":"index","follow":"follow","max-snippet":"max-snippet:-1","max-image-preview":"max-image-preview:large","max-video-preview":"max-video-preview:-1"},"canonical":"https:\/\/bladnanews.com\/fr\/crystal-palace-decide-de-lavenir-doliver-glasner-apres-son-eclat\/","og_locale":"fr_FR","og_type":"article","og_title":"Crystal Palace decide Oliver Glasner future after outburst","og_description":"Crystal Palace have decided to keep Oliver Glasner in charge despite reports of a furious outburst in which the manager [&hellip;]","og_url":"https:\/\/bladnanews.com\/fr\/crystal-palace-decide-de-lavenir-doliver-glasner-apres-son-eclat\/","og_site_name":"Bladna News","article_published_time":"2026-01-18T13:37:07+00:00","og_image":[{"width":1312,"height":736,"url":"https:\/\/bladnanews.com\/wp-content\/uploads\/2025\/12\/freepik__bladna-newscom-moroccan-soccer-homepage-banner-mor__41838.png","type":"image\/png"}],"author":"Bladna News Staff","twitter_card":"summary_large_image","twitter_misc":{"\u00c9crit par":"Bladna News Staff","Dur\u00e9e de lecture estim\u00e9e":"1 minute"},"schema":{"@context":"https:\/\/schema.org","@graph":[{"@type":"Article","@id":"https:\/\/bladnanews.com\/crystal-palace-decide-oliver-glasner-future-after-outburst\/#article","isPartOf":{"@id":"https:\/\/bladnanews.com\/crystal-palace-decide-oliver-glasner-future-after-outburst\/"},"author":{"name":"Bladna News Staff","@id":"https:\/\/mediumseagreen-eel-531711.hostingersite.com\/#\/schema\/person\/268e18a453ab080ebf76df6ef7845083"},"headline":"Crystal Palace decide Oliver Glasner future after outburst","datePublished":"2026-01-18T13:37:07+00:00","mainEntityOfPage":{"@id":"https:\/\/bladnanews.com\/crystal-palace-decide-oliver-glasner-future-after-outburst\/"},"wordCount":205,"publisher":{"@id":"https:\/\/mediumseagreen-eel-531711.hostingersite.com\/#organization"},"image":{"@id":"https:\/\/bladnanews.com\/crystal-palace-decide-oliver-glasner-future-after-outburst\/#primaryimage"},"thumbnailUrl":"https:\/\/bladnanews.com\/wp-content\/uploads\/2026\/01\/BladnaNews-Crystal-Palace-decide-Oliver-Glasner-future-after-outburst-2026-01-19T010959.450Z.jpg","articleSection":["International","Latest News"],"inLanguage":"fr-FR","copyrightYear":"2026","copyrightHolder":{"@id":"https:\/\/bladnanews.com\/fr\/#organization"}},{"@type":"WebPage","@id":"https:\/\/bladnanews.com\/crystal-palace-decide-oliver-glasner-future-after-outburst\/","url":"https:\/\/bladnanews.com\/crystal-palace-decide-oliver-glasner-future-after-outburst\/","name":"Crystal Palace d\u00e9cide de l'avenir d'Oliver Glasner apr\u00e8s son \u00e9clat - Bladna News","isPartOf":{"@id":"https:\/\/mediumseagreen-eel-531711.hostingersite.com\/#website"},"primaryImageOfPage":{"@id":"https:\/\/bladnanews.com\/crystal-palace-decide-oliver-glasner-future-after-outburst\/#primaryimage"},"image":{"@id":"https:\/\/bladnanews.com\/crystal-palace-decide-oliver-glasner-future-after-outburst\/#primaryimage"},"thumbnailUrl":"https:\/\/bladnanews.com\/wp-content\/uploads\/2026\/01\/BladnaNews-Crystal-Palace-decide-Oliver-Glasner-future-after-outburst-2026-01-19T010959.450Z.jpg","datePublished":"2026-01-18T13:37:07+00:00","breadcrumb":{"@id":"https:\/\/bladnanews.com\/crystal-palace-decide-oliver-glasner-future-after-outburst\/#breadcrumb"},"inLanguage":"fr-FR","potentialAction":[{"@type":"ReadAction","target":["https:\/\/bladnanews.com\/crystal-palace-decide-oliver-glasner-future-after-outburst\/"]}]},{"@type":"ImageObject","inLanguage":"fr-FR","@id":"https:\/\/bladnanews.com\/crystal-palace-decide-oliver-glasner-future-after-outburst\/#primaryimage","url":"https:\/\/bladnanews.com\/wp-content\/uploads\/2026\/01\/BladnaNews-Crystal-Palace-decide-Oliver-Glasner-future-after-outburst-2026-01-19T010959.450Z.jpg","contentUrl":"https:\/\/bladnanews.com\/wp-content\/uploads\/2026\/01\/BladnaNews-Crystal-Palace-decide-Oliver-Glasner-future-after-outburst-2026-01-19T010959.450Z.jpg","width":1920,"height":1080,"caption":"Oliver Glasner waves to the crowd, wearing a dark coat with a white ribbon pinned on the shoulder, during a matchday event."},{"@type":"BreadcrumbList","@id":"https:\/\/bladnanews.com\/crystal-palace-decide-oliver-glasner-future-after-outburst\/#breadcrumb","itemListElement":[{"@type":"ListItem","position":1,"name":"Home","item":"https:\/\/bladnanews.com\/"},{"@type":"ListItem","position":2,"name":"Crystal Palace decide Oliver Glasner future after outburst"}]},{"@type":"WebSite","@id":"https:\/\/mediumseagreen-eel-531711.hostingersite.com\/#website","url":"https:\/\/mediumseagreen-eel-531711.hostingersite.com\/","name":"Bladna News - Maroc","description":"Quand le football marocain rencontre le monde","publisher":{"@id":"https:\/\/mediumseagreen-eel-531711.hostingersite.com\/#organization"},"potentialAction":[{"@type":"SearchAction","target":{"@type":"EntryPoint","urlTemplate":"https:\/\/mediumseagreen-eel-531711.hostingersite.com\/?s={search_term_string}"},"query-input":{"@type":"PropertyValueSpecification","valueRequired":true,"valueName":"search_term_string"}}],"inLanguage":"fr-FR"},{"@type":"Organization","@id":"https:\/\/mediumseagreen-eel-531711.hostingersite.com\/#organization","name":"Bladna News.com","url":"https:\/\/mediumseagreen-eel-531711.hostingersite.com\/","logo":{"@type":"ImageObject","inLanguage":"fr-FR","@id":"https:\/\/mediumseagreen-eel-531711.hostingersite.com\/#\/schema\/logo\/image\/","url":"https:\/\/bladnanews.com\/wp-content\/uploads\/2025\/12\/logo-bladnanews-V2-web-black-red.png","contentUrl":"https:\/\/bladnanews.com\/wp-content\/uploads\/2025\/12\/logo-bladnanews-V2-web-black-red.png","width":703,"height":287,"caption":"Bladna News.com"},"image":{"@id":"https:\/\/mediumseagreen-eel-531711.hostingersite.com\/#\/schema\/logo\/image\/"},"email":"info@bladnanews.com","legalName":"Bladna News"},{"@type":"Person","@id":"https:\/\/mediumseagreen-eel-531711.hostingersite.com\/#\/schema\/person\/268e18a453ab080ebf76df6ef7845083","name":"\u00c9quipe r\u00e9dactionnelle de Bladna News","url":"https:\/\/bladnanews.com\/fr\/author\/bladna-news-staff\/"}]}},"_links":{"self":[{"href":"https:\/\/bladnanews.com\/fr\/wp-json\/wp\/v2\/posts\/6819","targetHints":{"allow":["GET"]}}],"collection":[{"href":"https:\/\/bladnanews.com\/fr\/wp-json\/wp\/v2\/posts"}],"about":[{"href":"https:\/\/bladnanews.com\/fr\/wp-json\/wp\/v2\/types\/post"}],"author":[{"embeddable":true,"href":"https:\/\/bladnanews.com\/fr\/wp-json\/wp\/v2\/users\/3"}],"replies":[{"embeddable":true,"href":"https:\/\/bladnanews.com\/fr\/wp-json\/wp\/v2\/comments?post=6819"}],"version-history":[{"count":0,"href":"https:\/\/bladnanews.com\/fr\/wp-json\/wp\/v2\/posts\/6819\/revisions"}],"wp:featuredmedia":[{"embeddable":true,"href":"https:\/\/bladnanews.com\/fr\/wp-json\/wp\/v2\/media\/6818"}],"wp:attachment":[{"href":"https:\/\/bladnanews.com\/fr\/wp-json\/wp\/v2\/media?parent=6819"}],"wp:term":[{"taxonomy":"category","embeddable":true,"href":"https:\/\/bladnanews.com\/fr\/wp-json\/wp\/v2\/categories?post=6819"},{"taxonomy":"post_tag","embeddable":true,"href":"https:\/\/bladnanews.com\/fr\/wp-json\/wp\/v2\/tags?post=6819"}],"curies":[{"name":"wp","href":"https:\/\/api.w.org\/{rel}","templated":true}]}}