{"id":6847,"date":"2026-01-18T14:55:31","date_gmt":"2026-01-18T14:55:31","guid":{"rendered":"https:\/\/bladnanews.com\/sadio-mane-urged-to-reverse-retirement-decision-before-afcon-final\/"},"modified":"2026-01-18T14:55:31","modified_gmt":"2026-01-18T14:55:31","slug":"sadio-mane-exhorte-a-revenir-sur-sa-decision-de-prendre-sa-retraite-avant-la-finale-de-la-can","status":"publish","type":"post","link":"https:\/\/bladnanews.com\/fr\/sadio-mane-exhorte-a-revenir-sur-sa-decision-de-prendre-sa-retraite-avant-la-finale-de-la-can\/","title":{"rendered":"Sadio Man\u00e9 exhort\u00e9 \u00e0 revenir sur sa d\u00e9cision de retraite avant la finale de la CAN"},"content":{"rendered":"<p>Sadio Man\u00e9 est exhort\u00e9 \u00e0 reconsid\u00e9rer sa d\u00e9cision de prendre sa retraite internationale, alors que le S\u00e9n\u00e9gal se rapproche d'une finale de Coupe d'Afrique des Nations.<\/p>\n<p>L'ancien attaquant de Liverpool, aujourd'hui figure cl\u00e9 de son pays, s'\u00e9tait d\u00e9j\u00e0 \u00e9loign\u00e9 de la s\u00e9lection, mais les appels \u00e0 son retour se multiplient alors que la campagne du S\u00e9n\u00e9gal \u00e0 la CAN entre dans une phase d\u00e9cisive.<\/p>\n<p>Ces appels sont nourris par l'id\u00e9e que l'influence de Man\u00e9 d\u00e9passe largement le seul S\u00e9n\u00e9gal. Il est d\u00e9crit comme un joueur qui \u201c repr\u00e9sente l'Afrique et le monde \u201d, son statut et son exp\u00e9rience \u00e9tant per\u00e7us comme vitaux dans les moments les plus importants du tournoi.<\/p>\n<p>Avec une finale de CAN \u00e0 port\u00e9e de main, l'argument avanc\u00e9 est que le S\u00e9n\u00e9gal b\u00e9n\u00e9ficierait du retour de Man\u00e9, tant pour ses apports sur le terrain que pour le leadership qu'il apporte au groupe.<\/p>\n<p>Le timing du message est clair : alors que les enjeux montent et que la perspective d'un nouveau titre continental se dessine, Man\u00e9 est encourag\u00e9 \u00e0 revenir sur sa d\u00e9cision de retraite et \u00e0 s'impliquer dans la qu\u00eate du troph\u00e9e du S\u00e9n\u00e9gal.<\/p>","protected":false},"excerpt":{"rendered":"<p>Sadio Mane has been urged to rethink his decision to retire from international football, with Senegal closing in on an [&hellip;]<\/p>\n","protected":false},"author":3,"featured_media":6846,"comment_status":"","ping_status":"open","sticky":false,"template":"","format":"standard","meta":{"googlesitekit_rrm_CAow_uzEDA:productID":"","site-sidebar-layout":"default","site-content-layout":"","ast-site-content-layout":"default","site-content-style":"default","site-sidebar-style":"default","ast-global-header-display":"","ast-banner-title-visibility":"","ast-main-header-display":"","ast-hfb-above-header-display":"","ast-hfb-below-header-display":"","ast-hfb-mobile-header-display":"","site-post-title":"","ast-breadcrumbs-content":"","ast-featured-img":"","footer-sml-layout":"","ast-disable-related-posts":"","theme-transparent-header-meta":"","adv-header-id-meta":"","stick-header-meta":"","header-above-stick-meta":"","header-main-stick-meta":"","header-below-stick-meta":"","astra-migrate-meta-layouts":"default","ast-page-background-enabled":"default","ast-page-background-meta":{"desktop":{"background-color":"var(--ast-global-color-5)","background-image":"","background-repeat":"repeat","background-position":"center center","background-size":"auto","background-attachment":"scroll","background-type":"","background-media":"","overlay-type":"","overlay-color":"","overlay-opacity":"","overlay-gradient":""},"tablet":{"background-color":"","background-image":"","background-repeat":"repeat","background-position":"center center","background-size":"auto","background-attachment":"scroll","background-type":"","background-media":"","overlay-type":"","overlay-color":"","overlay-opacity":"","overlay-gradient":""},"mobile":{"background-color":"","background-image":"","background-repeat":"repeat","background-position":"center center","background-size":"auto","background-attachment":"scroll","background-type":"","background-media":"","overlay-type":"","overlay-color":"","overlay-opacity":"","overlay-gradient":""}},"ast-content-background-meta":{"desktop":{"background-color":"var(--ast-global-color-4)","background-image":"","background-repeat":"repeat","background-position":"center center","background-size":"auto","background-attachment":"scroll","background-type":"","background-media":"","overlay-type":"","overlay-color":"","overlay-opacity":"","overlay-gradient":""},"tablet":{"background-color":"var(--ast-global-color-4)","background-image":"","background-repeat":"repeat","background-position":"center center","background-size":"auto","background-attachment":"scroll","background-type":"","background-media":"","overlay-type":"","overlay-color":"","overlay-opacity":"","overlay-gradient":""},"mobile":{"background-color":"var(--ast-global-color-4)","background-image":"","background-repeat":"repeat","background-position":"center center","background-size":"auto","background-attachment":"scroll","background-type":"","background-media":"","overlay-type":"","overlay-color":"","overlay-opacity":"","overlay-gradient":""}},"footnotes":""},"categories":[20,1],"tags":[],"class_list":["post-6847","post","type-post","status-publish","format-standard","has-post-thumbnail","hentry","category-international","category-football-latest-news"],"yoast_head":"<!-- This site is optimized with the Yoast SEO Premium plugin v26.6 (Yoast SEO v27.5) - https:\/\/yoast.com\/product\/yoast-seo-premium-wordpress\/ -->\n<title>Sadio Mane urged to reverse retirement decision before AFCON final - Bladna News<\/title>\n<meta name=\"robots\" content=\"index, follow, max-snippet:-1, max-image-preview:large, max-video-preview:-1\" \/>\n<link rel=\"canonical\" href=\"https:\/\/bladnanews.com\/fr\/sadio-mane-exhorte-a-revenir-sur-sa-decision-de-prendre-sa-retraite-avant-la-finale-de-la-can\/\" \/>\n<meta property=\"og:locale\" content=\"fr_FR\" \/>\n<meta property=\"og:type\" content=\"article\" \/>\n<meta property=\"og:title\" content=\"Sadio Mane urged to reverse retirement decision before AFCON final\" \/>\n<meta property=\"og:description\" content=\"Sadio Mane has been urged to rethink his decision to retire from international football, with Senegal closing in on an [&hellip;]\" \/>\n<meta property=\"og:url\" content=\"https:\/\/bladnanews.com\/fr\/sadio-mane-exhorte-a-revenir-sur-sa-decision-de-prendre-sa-retraite-avant-la-finale-de-la-can\/\" \/>\n<meta property=\"og:site_name\" content=\"Bladna News\" \/>\n<meta property=\"article:published_time\" content=\"2026-01-18T14:55:31+00:00\" \/>\n<meta property=\"og:image\" content=\"https:\/\/bladnanews.com\/wp-content\/uploads\/2025\/12\/freepik__bladna-newscom-moroccan-soccer-homepage-banner-mor__41838.png\" \/>\n\t<meta property=\"og:image:width\" content=\"1312\" \/>\n\t<meta property=\"og:image:height\" content=\"736\" \/>\n\t<meta property=\"og:image:type\" content=\"image\/png\" \/>\n<meta name=\"author\" content=\"Bladna News Staff\" \/>\n<meta name=\"twitter:card\" content=\"summary_large_image\" \/>\n<meta name=\"twitter:label1\" content=\"\u00c9crit par\" \/>\n\t<meta name=\"twitter:data1\" content=\"Bladna News Staff\" \/>\n\t<meta name=\"twitter:label2\" content=\"Dur\u00e9e de lecture estim\u00e9e\" \/>\n\t<meta name=\"twitter:data2\" content=\"1 minute\" \/>\n<script type=\"application\/ld+json\" class=\"yoast-schema-graph\">{\"@context\":\"https:\\\/\\\/schema.org\",\"@graph\":[{\"@type\":\"Article\",\"@id\":\"https:\\\/\\\/bladnanews.com\\\/sadio-mane-urged-to-reverse-retirement-decision-before-afcon-final\\\/#article\",\"isPartOf\":{\"@id\":\"https:\\\/\\\/bladnanews.com\\\/sadio-mane-urged-to-reverse-retirement-decision-before-afcon-final\\\/\"},\"author\":{\"name\":\"Bladna News Staff\",\"@id\":\"https:\\\/\\\/mediumseagreen-eel-531711.hostingersite.com\\\/#\\\/schema\\\/person\\\/268e18a453ab080ebf76df6ef7845083\"},\"headline\":\"Sadio Mane urged to reverse retirement decision before AFCON final\",\"datePublished\":\"2026-01-18T14:55:31+00:00\",\"mainEntityOfPage\":{\"@id\":\"https:\\\/\\\/bladnanews.com\\\/sadio-mane-urged-to-reverse-retirement-decision-before-afcon-final\\\/\"},\"wordCount\":193,\"publisher\":{\"@id\":\"https:\\\/\\\/mediumseagreen-eel-531711.hostingersite.com\\\/#organization\"},\"image\":{\"@id\":\"https:\\\/\\\/bladnanews.com\\\/sadio-mane-urged-to-reverse-retirement-decision-before-afcon-final\\\/#primaryimage\"},\"thumbnailUrl\":\"https:\\\/\\\/bladnanews.com\\\/wp-content\\\/uploads\\\/2026\\\/01\\\/BladnaNews-Sadio-Mane-urged-to-reverse-retirement-decision-before-AFCON-final-2026-01-19T050951.060Z-scaled.jpg\",\"articleSection\":[\"International\",\"Latest News\"],\"inLanguage\":\"fr-FR\",\"copyrightYear\":\"2026\",\"copyrightHolder\":{\"@id\":\"https:\\\/\\\/bladnanews.com\\\/fr\\\/#organization\"}},{\"@type\":\"WebPage\",\"@id\":\"https:\\\/\\\/bladnanews.com\\\/sadio-mane-urged-to-reverse-retirement-decision-before-afcon-final\\\/\",\"url\":\"https:\\\/\\\/bladnanews.com\\\/sadio-mane-urged-to-reverse-retirement-decision-before-afcon-final\\\/\",\"name\":\"Sadio Mane urged to reverse retirement decision before AFCON final - Bladna News\",\"isPartOf\":{\"@id\":\"https:\\\/\\\/mediumseagreen-eel-531711.hostingersite.com\\\/#website\"},\"primaryImageOfPage\":{\"@id\":\"https:\\\/\\\/bladnanews.com\\\/sadio-mane-urged-to-reverse-retirement-decision-before-afcon-final\\\/#primaryimage\"},\"image\":{\"@id\":\"https:\\\/\\\/bladnanews.com\\\/sadio-mane-urged-to-reverse-retirement-decision-before-afcon-final\\\/#primaryimage\"},\"thumbnailUrl\":\"https:\\\/\\\/bladnanews.com\\\/wp-content\\\/uploads\\\/2026\\\/01\\\/BladnaNews-Sadio-Mane-urged-to-reverse-retirement-decision-before-AFCON-final-2026-01-19T050951.060Z-scaled.jpg\",\"datePublished\":\"2026-01-18T14:55:31+00:00\",\"breadcrumb\":{\"@id\":\"https:\\\/\\\/bladnanews.com\\\/sadio-mane-urged-to-reverse-retirement-decision-before-afcon-final\\\/#breadcrumb\"},\"inLanguage\":\"fr-FR\",\"potentialAction\":[{\"@type\":\"ReadAction\",\"target\":[\"https:\\\/\\\/bladnanews.com\\\/sadio-mane-urged-to-reverse-retirement-decision-before-afcon-final\\\/\"]}]},{\"@type\":\"ImageObject\",\"inLanguage\":\"fr-FR\",\"@id\":\"https:\\\/\\\/bladnanews.com\\\/sadio-mane-urged-to-reverse-retirement-decision-before-afcon-final\\\/#primaryimage\",\"url\":\"https:\\\/\\\/bladnanews.com\\\/wp-content\\\/uploads\\\/2026\\\/01\\\/BladnaNews-Sadio-Mane-urged-to-reverse-retirement-decision-before-AFCON-final-2026-01-19T050951.060Z-scaled.jpg\",\"contentUrl\":\"https:\\\/\\\/bladnanews.com\\\/wp-content\\\/uploads\\\/2026\\\/01\\\/BladnaNews-Sadio-Mane-urged-to-reverse-retirement-decision-before-AFCON-final-2026-01-19T050951.060Z-scaled.jpg\",\"width\":2560,\"height\":1440,\"caption\":\"Sadio Man\u00e9 in a green Senegal national team kit, looking thoughtful during a match, with team logo visible on his chest.\"},{\"@type\":\"BreadcrumbList\",\"@id\":\"https:\\\/\\\/bladnanews.com\\\/sadio-mane-urged-to-reverse-retirement-decision-before-afcon-final\\\/#breadcrumb\",\"itemListElement\":[{\"@type\":\"ListItem\",\"position\":1,\"name\":\"Home\",\"item\":\"https:\\\/\\\/bladnanews.com\\\/\"},{\"@type\":\"ListItem\",\"position\":2,\"name\":\"Sadio Mane urged to reverse retirement decision before AFCON final\"}]},{\"@type\":\"WebSite\",\"@id\":\"https:\\\/\\\/mediumseagreen-eel-531711.hostingersite.com\\\/#website\",\"url\":\"https:\\\/\\\/mediumseagreen-eel-531711.hostingersite.com\\\/\",\"name\":\"Bladna News - Morocco\",\"description\":\"Where Moroccan Football Meets the World\",\"publisher\":{\"@id\":\"https:\\\/\\\/mediumseagreen-eel-531711.hostingersite.com\\\/#organization\"},\"potentialAction\":[{\"@type\":\"SearchAction\",\"target\":{\"@type\":\"EntryPoint\",\"urlTemplate\":\"https:\\\/\\\/mediumseagreen-eel-531711.hostingersite.com\\\/?s={search_term_string}\"},\"query-input\":{\"@type\":\"PropertyValueSpecification\",\"valueRequired\":true,\"valueName\":\"search_term_string\"}}],\"inLanguage\":\"fr-FR\"},{\"@type\":\"Organization\",\"@id\":\"https:\\\/\\\/mediumseagreen-eel-531711.hostingersite.com\\\/#organization\",\"name\":\"Bladna News.com\",\"url\":\"https:\\\/\\\/mediumseagreen-eel-531711.hostingersite.com\\\/\",\"logo\":{\"@type\":\"ImageObject\",\"inLanguage\":\"fr-FR\",\"@id\":\"https:\\\/\\\/mediumseagreen-eel-531711.hostingersite.com\\\/#\\\/schema\\\/logo\\\/image\\\/\",\"url\":\"https:\\\/\\\/bladnanews.com\\\/wp-content\\\/uploads\\\/2025\\\/12\\\/logo-bladnanews-V2-web-black-red.png\",\"contentUrl\":\"https:\\\/\\\/bladnanews.com\\\/wp-content\\\/uploads\\\/2025\\\/12\\\/logo-bladnanews-V2-web-black-red.png\",\"width\":703,\"height\":287,\"caption\":\"Bladna News.com\"},\"image\":{\"@id\":\"https:\\\/\\\/mediumseagreen-eel-531711.hostingersite.com\\\/#\\\/schema\\\/logo\\\/image\\\/\"},\"email\":\"info@bladnanews.com\",\"legalName\":\"Bladna News\"},{\"@type\":\"Person\",\"@id\":\"https:\\\/\\\/mediumseagreen-eel-531711.hostingersite.com\\\/#\\\/schema\\\/person\\\/268e18a453ab080ebf76df6ef7845083\",\"name\":\"Bladna News Staff\",\"url\":\"https:\\\/\\\/bladnanews.com\\\/fr\\\/author\\\/bladna-news-staff\\\/\"}]}<\/script>\n<!-- \/ Yoast SEO Premium plugin. -->","yoast_head_json":{"title":"Sadio Man\u00e9 exhort\u00e9 \u00e0 revenir sur sa d\u00e9cision de retraite avant la finale de la CAN - Bladna News","robots":{"index":"index","follow":"follow","max-snippet":"max-snippet:-1","max-image-preview":"max-image-preview:large","max-video-preview":"max-video-preview:-1"},"canonical":"https:\/\/bladnanews.com\/fr\/sadio-mane-exhorte-a-revenir-sur-sa-decision-de-prendre-sa-retraite-avant-la-finale-de-la-can\/","og_locale":"fr_FR","og_type":"article","og_title":"Sadio Mane urged to reverse retirement decision before AFCON final","og_description":"Sadio Mane has been urged to rethink his decision to retire from international football, with Senegal closing in on an [&hellip;]","og_url":"https:\/\/bladnanews.com\/fr\/sadio-mane-exhorte-a-revenir-sur-sa-decision-de-prendre-sa-retraite-avant-la-finale-de-la-can\/","og_site_name":"Bladna News","article_published_time":"2026-01-18T14:55:31+00:00","og_image":[{"width":1312,"height":736,"url":"https:\/\/bladnanews.com\/wp-content\/uploads\/2025\/12\/freepik__bladna-newscom-moroccan-soccer-homepage-banner-mor__41838.png","type":"image\/png"}],"author":"Bladna News Staff","twitter_card":"summary_large_image","twitter_misc":{"\u00c9crit par":"Bladna News Staff","Dur\u00e9e de lecture estim\u00e9e":"1 minute"},"schema":{"@context":"https:\/\/schema.org","@graph":[{"@type":"Article","@id":"https:\/\/bladnanews.com\/sadio-mane-urged-to-reverse-retirement-decision-before-afcon-final\/#article","isPartOf":{"@id":"https:\/\/bladnanews.com\/sadio-mane-urged-to-reverse-retirement-decision-before-afcon-final\/"},"author":{"name":"Bladna News Staff","@id":"https:\/\/mediumseagreen-eel-531711.hostingersite.com\/#\/schema\/person\/268e18a453ab080ebf76df6ef7845083"},"headline":"Sadio Mane urged to reverse retirement decision before AFCON final","datePublished":"2026-01-18T14:55:31+00:00","mainEntityOfPage":{"@id":"https:\/\/bladnanews.com\/sadio-mane-urged-to-reverse-retirement-decision-before-afcon-final\/"},"wordCount":193,"publisher":{"@id":"https:\/\/mediumseagreen-eel-531711.hostingersite.com\/#organization"},"image":{"@id":"https:\/\/bladnanews.com\/sadio-mane-urged-to-reverse-retirement-decision-before-afcon-final\/#primaryimage"},"thumbnailUrl":"https:\/\/bladnanews.com\/wp-content\/uploads\/2026\/01\/BladnaNews-Sadio-Mane-urged-to-reverse-retirement-decision-before-AFCON-final-2026-01-19T050951.060Z-scaled.jpg","articleSection":["International","Latest News"],"inLanguage":"fr-FR","copyrightYear":"2026","copyrightHolder":{"@id":"https:\/\/bladnanews.com\/fr\/#organization"}},{"@type":"WebPage","@id":"https:\/\/bladnanews.com\/sadio-mane-urged-to-reverse-retirement-decision-before-afcon-final\/","url":"https:\/\/bladnanews.com\/sadio-mane-urged-to-reverse-retirement-decision-before-afcon-final\/","name":"Sadio Man\u00e9 exhort\u00e9 \u00e0 revenir sur sa d\u00e9cision de retraite avant la finale de la CAN - Bladna News","isPartOf":{"@id":"https:\/\/mediumseagreen-eel-531711.hostingersite.com\/#website"},"primaryImageOfPage":{"@id":"https:\/\/bladnanews.com\/sadio-mane-urged-to-reverse-retirement-decision-before-afcon-final\/#primaryimage"},"image":{"@id":"https:\/\/bladnanews.com\/sadio-mane-urged-to-reverse-retirement-decision-before-afcon-final\/#primaryimage"},"thumbnailUrl":"https:\/\/bladnanews.com\/wp-content\/uploads\/2026\/01\/BladnaNews-Sadio-Mane-urged-to-reverse-retirement-decision-before-AFCON-final-2026-01-19T050951.060Z-scaled.jpg","datePublished":"2026-01-18T14:55:31+00:00","breadcrumb":{"@id":"https:\/\/bladnanews.com\/sadio-mane-urged-to-reverse-retirement-decision-before-afcon-final\/#breadcrumb"},"inLanguage":"fr-FR","potentialAction":[{"@type":"ReadAction","target":["https:\/\/bladnanews.com\/sadio-mane-urged-to-reverse-retirement-decision-before-afcon-final\/"]}]},{"@type":"ImageObject","inLanguage":"fr-FR","@id":"https:\/\/bladnanews.com\/sadio-mane-urged-to-reverse-retirement-decision-before-afcon-final\/#primaryimage","url":"https:\/\/bladnanews.com\/wp-content\/uploads\/2026\/01\/BladnaNews-Sadio-Mane-urged-to-reverse-retirement-decision-before-AFCON-final-2026-01-19T050951.060Z-scaled.jpg","contentUrl":"https:\/\/bladnanews.com\/wp-content\/uploads\/2026\/01\/BladnaNews-Sadio-Mane-urged-to-reverse-retirement-decision-before-AFCON-final-2026-01-19T050951.060Z-scaled.jpg","width":2560,"height":1440,"caption":"Sadio Man\u00e9 in a green Senegal national team kit, looking thoughtful during a match, with team logo visible on his chest."},{"@type":"BreadcrumbList","@id":"https:\/\/bladnanews.com\/sadio-mane-urged-to-reverse-retirement-decision-before-afcon-final\/#breadcrumb","itemListElement":[{"@type":"ListItem","position":1,"name":"Home","item":"https:\/\/bladnanews.com\/"},{"@type":"ListItem","position":2,"name":"Sadio Mane urged to reverse retirement decision before AFCON final"}]},{"@type":"WebSite","@id":"https:\/\/mediumseagreen-eel-531711.hostingersite.com\/#website","url":"https:\/\/mediumseagreen-eel-531711.hostingersite.com\/","name":"Bladna News - Maroc","description":"Quand le football marocain rencontre le monde","publisher":{"@id":"https:\/\/mediumseagreen-eel-531711.hostingersite.com\/#organization"},"potentialAction":[{"@type":"SearchAction","target":{"@type":"EntryPoint","urlTemplate":"https:\/\/mediumseagreen-eel-531711.hostingersite.com\/?s={search_term_string}"},"query-input":{"@type":"PropertyValueSpecification","valueRequired":true,"valueName":"search_term_string"}}],"inLanguage":"fr-FR"},{"@type":"Organization","@id":"https:\/\/mediumseagreen-eel-531711.hostingersite.com\/#organization","name":"Bladna News.com","url":"https:\/\/mediumseagreen-eel-531711.hostingersite.com\/","logo":{"@type":"ImageObject","inLanguage":"fr-FR","@id":"https:\/\/mediumseagreen-eel-531711.hostingersite.com\/#\/schema\/logo\/image\/","url":"https:\/\/bladnanews.com\/wp-content\/uploads\/2025\/12\/logo-bladnanews-V2-web-black-red.png","contentUrl":"https:\/\/bladnanews.com\/wp-content\/uploads\/2025\/12\/logo-bladnanews-V2-web-black-red.png","width":703,"height":287,"caption":"Bladna News.com"},"image":{"@id":"https:\/\/mediumseagreen-eel-531711.hostingersite.com\/#\/schema\/logo\/image\/"},"email":"info@bladnanews.com","legalName":"Bladna News"},{"@type":"Person","@id":"https:\/\/mediumseagreen-eel-531711.hostingersite.com\/#\/schema\/person\/268e18a453ab080ebf76df6ef7845083","name":"\u00c9quipe r\u00e9dactionnelle de Bladna News","url":"https:\/\/bladnanews.com\/fr\/author\/bladna-news-staff\/"}]}},"_links":{"self":[{"href":"https:\/\/bladnanews.com\/fr\/wp-json\/wp\/v2\/posts\/6847","targetHints":{"allow":["GET"]}}],"collection":[{"href":"https:\/\/bladnanews.com\/fr\/wp-json\/wp\/v2\/posts"}],"about":[{"href":"https:\/\/bladnanews.com\/fr\/wp-json\/wp\/v2\/types\/post"}],"author":[{"embeddable":true,"href":"https:\/\/bladnanews.com\/fr\/wp-json\/wp\/v2\/users\/3"}],"replies":[{"embeddable":true,"href":"https:\/\/bladnanews.com\/fr\/wp-json\/wp\/v2\/comments?post=6847"}],"version-history":[{"count":0,"href":"https:\/\/bladnanews.com\/fr\/wp-json\/wp\/v2\/posts\/6847\/revisions"}],"wp:featuredmedia":[{"embeddable":true,"href":"https:\/\/bladnanews.com\/fr\/wp-json\/wp\/v2\/media\/6846"}],"wp:attachment":[{"href":"https:\/\/bladnanews.com\/fr\/wp-json\/wp\/v2\/media?parent=6847"}],"wp:term":[{"taxonomy":"category","embeddable":true,"href":"https:\/\/bladnanews.com\/fr\/wp-json\/wp\/v2\/categories?post=6847"},{"taxonomy":"post_tag","embeddable":true,"href":"https:\/\/bladnanews.com\/fr\/wp-json\/wp\/v2\/tags?post=6847"}],"curies":[{"name":"wp","href":"https:\/\/api.w.org\/{rel}","templated":true}]}}