{"id":6871,"date":"2026-01-18T16:01:17","date_gmt":"2026-01-18T16:01:17","guid":{"rendered":"https:\/\/bladnanews.com\/arbeloa-fumes-at-real-madrid-fans-chanting-against-perez\/"},"modified":"2026-01-18T16:01:17","modified_gmt":"2026-01-18T16:01:17","slug":"arbeloa-fulmine-contre-les-supporters-du-real-madrid-qui-scandent-des-slogans-contre-perez","status":"publish","type":"post","link":"https:\/\/bladnanews.com\/fr\/arbeloa-fulmine-contre-les-supporters-du-real-madrid-qui-scandent-des-slogans-contre-perez\/","title":{"rendered":"Arbeloa s'indigne contre les supporters du Real Madrid qui scandent contre P\u00e9rez"},"content":{"rendered":"<p>\u00c1lvaro Arbeloa s'est montr\u00e9 furieux envers une partie des supporters du Real Madrid apr\u00e8s que des chants aient vis\u00e9 le pr\u00e9sident du club Florentino P\u00e9rez lors d'un match au Santiago Bernab\u00e9u, plusieurs joueurs stars ayant \u00e9galement \u00e9t\u00e9 la cible de hu\u00e9es.<\/p>\n<p>L'ancien d\u00e9fenseur madril\u00e8ne, qui occupe d\u00e9sormais un r\u00f4le d'entra\u00eeneur au club, a pris les r\u00e9seaux sociaux apr\u00e8s le match pour critiquer le comportement dans les tribunes. Arbeloa a clairement indiqu\u00e9 qu'il jugeait ces protestations d\u00e9plac\u00e9es et nuisibles, surtout alors que l'\u00e9quipe est encore en lice sur plusieurs fronts.<\/p>\n<p>Les supporters pr\u00e9sents ont exprim\u00e9 leur frustration \u00e0 diff\u00e9rents moments, ciblant P\u00e9rez ainsi que des membres de l'\u00e9quipe premi\u00e8re. L'atmosph\u00e8re est devenue tendue avec des sifflets et des hu\u00e9es, refl\u00e9tant un m\u00e9contentement croissant parmi une partie des adeptes.<\/p>\n<p>Arbeloa n'a pas m\u00e2ch\u00e9 ses mots dans sa r\u00e9ponse. Il a d\u00e9fendu l'action du pr\u00e9sident et rappel\u00e9 ce que P\u00e9rez a accompli durant son mandat, tout en soutenant les joueurs pris pour cible.<\/p>\n<p>Cet \u00e9pisode a accru l'attention port\u00e9e aux relations entre le Madrid et son public, dans une saison o\u00f9 les \u00e9motions sont vives et o\u00f9 la pression ainsi que l'examen permanent persistent au Bernab\u00e9u.<\/p>","protected":false},"excerpt":{"rendered":"<p>Alvaro Arbeloa was left furious with sections of the Real Madrid support after chants were aimed at club president Florentino [&hellip;]<\/p>\n","protected":false},"author":3,"featured_media":6870,"comment_status":"","ping_status":"open","sticky":false,"template":"","format":"standard","meta":{"googlesitekit_rrm_CAow_uzEDA:productID":"","site-sidebar-layout":"default","site-content-layout":"","ast-site-content-layout":"default","site-content-style":"default","site-sidebar-style":"default","ast-global-header-display":"","ast-banner-title-visibility":"","ast-main-header-display":"","ast-hfb-above-header-display":"","ast-hfb-below-header-display":"","ast-hfb-mobile-header-display":"","site-post-title":"","ast-breadcrumbs-content":"","ast-featured-img":"","footer-sml-layout":"","ast-disable-related-posts":"","theme-transparent-header-meta":"","adv-header-id-meta":"","stick-header-meta":"","header-above-stick-meta":"","header-main-stick-meta":"","header-below-stick-meta":"","astra-migrate-meta-layouts":"default","ast-page-background-enabled":"default","ast-page-background-meta":{"desktop":{"background-color":"var(--ast-global-color-5)","background-image":"","background-repeat":"repeat","background-position":"center center","background-size":"auto","background-attachment":"scroll","background-type":"","background-media":"","overlay-type":"","overlay-color":"","overlay-opacity":"","overlay-gradient":""},"tablet":{"background-color":"","background-image":"","background-repeat":"repeat","background-position":"center center","background-size":"auto","background-attachment":"scroll","background-type":"","background-media":"","overlay-type":"","overlay-color":"","overlay-opacity":"","overlay-gradient":""},"mobile":{"background-color":"","background-image":"","background-repeat":"repeat","background-position":"center center","background-size":"auto","background-attachment":"scroll","background-type":"","background-media":"","overlay-type":"","overlay-color":"","overlay-opacity":"","overlay-gradient":""}},"ast-content-background-meta":{"desktop":{"background-color":"var(--ast-global-color-4)","background-image":"","background-repeat":"repeat","background-position":"center center","background-size":"auto","background-attachment":"scroll","background-type":"","background-media":"","overlay-type":"","overlay-color":"","overlay-opacity":"","overlay-gradient":""},"tablet":{"background-color":"var(--ast-global-color-4)","background-image":"","background-repeat":"repeat","background-position":"center center","background-size":"auto","background-attachment":"scroll","background-type":"","background-media":"","overlay-type":"","overlay-color":"","overlay-opacity":"","overlay-gradient":""},"mobile":{"background-color":"var(--ast-global-color-4)","background-image":"","background-repeat":"repeat","background-position":"center center","background-size":"auto","background-attachment":"scroll","background-type":"","background-media":"","overlay-type":"","overlay-color":"","overlay-opacity":"","overlay-gradient":""}},"footnotes":""},"categories":[20,1],"tags":[],"class_list":["post-6871","post","type-post","status-publish","format-standard","has-post-thumbnail","hentry","category-international","category-football-latest-news"],"yoast_head":"<!-- This site is optimized with the Yoast SEO Premium plugin v26.6 (Yoast SEO v27.5) - https:\/\/yoast.com\/product\/yoast-seo-premium-wordpress\/ -->\n<title>Arbeloa fumes at Real Madrid fans chanting against Perez - Bladna News<\/title>\n<meta name=\"robots\" content=\"index, follow, max-snippet:-1, max-image-preview:large, max-video-preview:-1\" \/>\n<link rel=\"canonical\" href=\"https:\/\/bladnanews.com\/fr\/arbeloa-fulmine-contre-les-supporters-du-real-madrid-qui-scandent-des-slogans-contre-perez\/\" \/>\n<meta property=\"og:locale\" content=\"fr_FR\" \/>\n<meta property=\"og:type\" content=\"article\" \/>\n<meta property=\"og:title\" content=\"Arbeloa fumes at Real Madrid fans chanting against Perez\" \/>\n<meta property=\"og:description\" content=\"Alvaro Arbeloa was left furious with sections of the Real Madrid support after chants were aimed at club president Florentino [&hellip;]\" \/>\n<meta property=\"og:url\" content=\"https:\/\/bladnanews.com\/fr\/arbeloa-fulmine-contre-les-supporters-du-real-madrid-qui-scandent-des-slogans-contre-perez\/\" \/>\n<meta property=\"og:site_name\" content=\"Bladna News\" \/>\n<meta property=\"article:published_time\" content=\"2026-01-18T16:01:17+00:00\" \/>\n<meta property=\"og:image\" content=\"https:\/\/bladnanews.com\/wp-content\/uploads\/2025\/12\/freepik__bladna-newscom-moroccan-soccer-homepage-banner-mor__41838.png\" \/>\n\t<meta property=\"og:image:width\" content=\"1312\" \/>\n\t<meta property=\"og:image:height\" content=\"736\" \/>\n\t<meta property=\"og:image:type\" content=\"image\/png\" \/>\n<meta name=\"author\" content=\"Bladna News Staff\" \/>\n<meta name=\"twitter:card\" content=\"summary_large_image\" \/>\n<meta name=\"twitter:label1\" content=\"\u00c9crit par\" \/>\n\t<meta name=\"twitter:data1\" content=\"Bladna News Staff\" \/>\n\t<meta name=\"twitter:label2\" content=\"Dur\u00e9e de lecture estim\u00e9e\" \/>\n\t<meta name=\"twitter:data2\" content=\"1 minute\" \/>\n<script type=\"application\/ld+json\" class=\"yoast-schema-graph\">{\"@context\":\"https:\\\/\\\/schema.org\",\"@graph\":[{\"@type\":\"Article\",\"@id\":\"https:\\\/\\\/bladnanews.com\\\/arbeloa-fumes-at-real-madrid-fans-chanting-against-perez\\\/#article\",\"isPartOf\":{\"@id\":\"https:\\\/\\\/bladnanews.com\\\/arbeloa-fumes-at-real-madrid-fans-chanting-against-perez\\\/\"},\"author\":{\"name\":\"Bladna News Staff\",\"@id\":\"https:\\\/\\\/mediumseagreen-eel-531711.hostingersite.com\\\/#\\\/schema\\\/person\\\/268e18a453ab080ebf76df6ef7845083\"},\"headline\":\"Arbeloa fumes at Real Madrid fans chanting against Perez\",\"datePublished\":\"2026-01-18T16:01:17+00:00\",\"mainEntityOfPage\":{\"@id\":\"https:\\\/\\\/bladnanews.com\\\/arbeloa-fumes-at-real-madrid-fans-chanting-against-perez\\\/\"},\"wordCount\":204,\"publisher\":{\"@id\":\"https:\\\/\\\/mediumseagreen-eel-531711.hostingersite.com\\\/#organization\"},\"image\":{\"@id\":\"https:\\\/\\\/bladnanews.com\\\/arbeloa-fumes-at-real-madrid-fans-chanting-against-perez\\\/#primaryimage\"},\"thumbnailUrl\":\"https:\\\/\\\/bladnanews.com\\\/wp-content\\\/uploads\\\/2026\\\/01\\\/BladnaNews-Arbeloa-fumes-at-Real-Madrid-fans-chanting-against-Perez-2026-01-19T090929.679Z.jpg\",\"articleSection\":[\"International\",\"Latest News\"],\"inLanguage\":\"fr-FR\",\"copyrightYear\":\"2026\",\"copyrightHolder\":{\"@id\":\"https:\\\/\\\/bladnanews.com\\\/fr\\\/#organization\"}},{\"@type\":\"WebPage\",\"@id\":\"https:\\\/\\\/bladnanews.com\\\/arbeloa-fumes-at-real-madrid-fans-chanting-against-perez\\\/\",\"url\":\"https:\\\/\\\/bladnanews.com\\\/arbeloa-fumes-at-real-madrid-fans-chanting-against-perez\\\/\",\"name\":\"Arbeloa fumes at Real Madrid fans chanting against Perez - Bladna News\",\"isPartOf\":{\"@id\":\"https:\\\/\\\/mediumseagreen-eel-531711.hostingersite.com\\\/#website\"},\"primaryImageOfPage\":{\"@id\":\"https:\\\/\\\/bladnanews.com\\\/arbeloa-fumes-at-real-madrid-fans-chanting-against-perez\\\/#primaryimage\"},\"image\":{\"@id\":\"https:\\\/\\\/bladnanews.com\\\/arbeloa-fumes-at-real-madrid-fans-chanting-against-perez\\\/#primaryimage\"},\"thumbnailUrl\":\"https:\\\/\\\/bladnanews.com\\\/wp-content\\\/uploads\\\/2026\\\/01\\\/BladnaNews-Arbeloa-fumes-at-Real-Madrid-fans-chanting-against-Perez-2026-01-19T090929.679Z.jpg\",\"datePublished\":\"2026-01-18T16:01:17+00:00\",\"breadcrumb\":{\"@id\":\"https:\\\/\\\/bladnanews.com\\\/arbeloa-fumes-at-real-madrid-fans-chanting-against-perez\\\/#breadcrumb\"},\"inLanguage\":\"fr-FR\",\"potentialAction\":[{\"@type\":\"ReadAction\",\"target\":[\"https:\\\/\\\/bladnanews.com\\\/arbeloa-fumes-at-real-madrid-fans-chanting-against-perez\\\/\"]}]},{\"@type\":\"ImageObject\",\"inLanguage\":\"fr-FR\",\"@id\":\"https:\\\/\\\/bladnanews.com\\\/arbeloa-fumes-at-real-madrid-fans-chanting-against-perez\\\/#primaryimage\",\"url\":\"https:\\\/\\\/bladnanews.com\\\/wp-content\\\/uploads\\\/2026\\\/01\\\/BladnaNews-Arbeloa-fumes-at-Real-Madrid-fans-chanting-against-Perez-2026-01-19T090929.679Z.jpg\",\"contentUrl\":\"https:\\\/\\\/bladnanews.com\\\/wp-content\\\/uploads\\\/2026\\\/01\\\/BladnaNews-Arbeloa-fumes-at-Real-Madrid-fans-chanting-against-Perez-2026-01-19T090929.679Z.jpg\",\"width\":1449,\"height\":815,\"caption\":\"\u00c1lvaro Arbeloa applauding the crowd, dressed in a dark coat, with a blurred stadium backdrop, capturing a moment of appreciation.\"},{\"@type\":\"BreadcrumbList\",\"@id\":\"https:\\\/\\\/bladnanews.com\\\/arbeloa-fumes-at-real-madrid-fans-chanting-against-perez\\\/#breadcrumb\",\"itemListElement\":[{\"@type\":\"ListItem\",\"position\":1,\"name\":\"Home\",\"item\":\"https:\\\/\\\/bladnanews.com\\\/\"},{\"@type\":\"ListItem\",\"position\":2,\"name\":\"Arbeloa fumes at Real Madrid fans chanting against Perez\"}]},{\"@type\":\"WebSite\",\"@id\":\"https:\\\/\\\/mediumseagreen-eel-531711.hostingersite.com\\\/#website\",\"url\":\"https:\\\/\\\/mediumseagreen-eel-531711.hostingersite.com\\\/\",\"name\":\"Bladna News - Morocco\",\"description\":\"Where Moroccan Football Meets the World\",\"publisher\":{\"@id\":\"https:\\\/\\\/mediumseagreen-eel-531711.hostingersite.com\\\/#organization\"},\"potentialAction\":[{\"@type\":\"SearchAction\",\"target\":{\"@type\":\"EntryPoint\",\"urlTemplate\":\"https:\\\/\\\/mediumseagreen-eel-531711.hostingersite.com\\\/?s={search_term_string}\"},\"query-input\":{\"@type\":\"PropertyValueSpecification\",\"valueRequired\":true,\"valueName\":\"search_term_string\"}}],\"inLanguage\":\"fr-FR\"},{\"@type\":\"Organization\",\"@id\":\"https:\\\/\\\/mediumseagreen-eel-531711.hostingersite.com\\\/#organization\",\"name\":\"Bladna News.com\",\"url\":\"https:\\\/\\\/mediumseagreen-eel-531711.hostingersite.com\\\/\",\"logo\":{\"@type\":\"ImageObject\",\"inLanguage\":\"fr-FR\",\"@id\":\"https:\\\/\\\/mediumseagreen-eel-531711.hostingersite.com\\\/#\\\/schema\\\/logo\\\/image\\\/\",\"url\":\"https:\\\/\\\/bladnanews.com\\\/wp-content\\\/uploads\\\/2025\\\/12\\\/logo-bladnanews-V2-web-black-red.png\",\"contentUrl\":\"https:\\\/\\\/bladnanews.com\\\/wp-content\\\/uploads\\\/2025\\\/12\\\/logo-bladnanews-V2-web-black-red.png\",\"width\":703,\"height\":287,\"caption\":\"Bladna News.com\"},\"image\":{\"@id\":\"https:\\\/\\\/mediumseagreen-eel-531711.hostingersite.com\\\/#\\\/schema\\\/logo\\\/image\\\/\"},\"email\":\"info@bladnanews.com\",\"legalName\":\"Bladna News\"},{\"@type\":\"Person\",\"@id\":\"https:\\\/\\\/mediumseagreen-eel-531711.hostingersite.com\\\/#\\\/schema\\\/person\\\/268e18a453ab080ebf76df6ef7845083\",\"name\":\"Bladna News Staff\",\"url\":\"https:\\\/\\\/bladnanews.com\\\/fr\\\/author\\\/bladna-news-staff\\\/\"}]}<\/script>\n<!-- \/ Yoast SEO Premium plugin. -->","yoast_head_json":{"title":"Arbeloa s'emporte contre les supporters du Real Madrid qui scandent des slogans contre P\u00e9rez - Bladna News","robots":{"index":"index","follow":"follow","max-snippet":"max-snippet:-1","max-image-preview":"max-image-preview:large","max-video-preview":"max-video-preview:-1"},"canonical":"https:\/\/bladnanews.com\/fr\/arbeloa-fulmine-contre-les-supporters-du-real-madrid-qui-scandent-des-slogans-contre-perez\/","og_locale":"fr_FR","og_type":"article","og_title":"Arbeloa fumes at Real Madrid fans chanting against Perez","og_description":"Alvaro Arbeloa was left furious with sections of the Real Madrid support after chants were aimed at club president Florentino [&hellip;]","og_url":"https:\/\/bladnanews.com\/fr\/arbeloa-fulmine-contre-les-supporters-du-real-madrid-qui-scandent-des-slogans-contre-perez\/","og_site_name":"Bladna News","article_published_time":"2026-01-18T16:01:17+00:00","og_image":[{"width":1312,"height":736,"url":"https:\/\/bladnanews.com\/wp-content\/uploads\/2025\/12\/freepik__bladna-newscom-moroccan-soccer-homepage-banner-mor__41838.png","type":"image\/png"}],"author":"Bladna News Staff","twitter_card":"summary_large_image","twitter_misc":{"\u00c9crit par":"Bladna News Staff","Dur\u00e9e de lecture estim\u00e9e":"1 minute"},"schema":{"@context":"https:\/\/schema.org","@graph":[{"@type":"Article","@id":"https:\/\/bladnanews.com\/arbeloa-fumes-at-real-madrid-fans-chanting-against-perez\/#article","isPartOf":{"@id":"https:\/\/bladnanews.com\/arbeloa-fumes-at-real-madrid-fans-chanting-against-perez\/"},"author":{"name":"Bladna News Staff","@id":"https:\/\/mediumseagreen-eel-531711.hostingersite.com\/#\/schema\/person\/268e18a453ab080ebf76df6ef7845083"},"headline":"Arbeloa fumes at Real Madrid fans chanting against Perez","datePublished":"2026-01-18T16:01:17+00:00","mainEntityOfPage":{"@id":"https:\/\/bladnanews.com\/arbeloa-fumes-at-real-madrid-fans-chanting-against-perez\/"},"wordCount":204,"publisher":{"@id":"https:\/\/mediumseagreen-eel-531711.hostingersite.com\/#organization"},"image":{"@id":"https:\/\/bladnanews.com\/arbeloa-fumes-at-real-madrid-fans-chanting-against-perez\/#primaryimage"},"thumbnailUrl":"https:\/\/bladnanews.com\/wp-content\/uploads\/2026\/01\/BladnaNews-Arbeloa-fumes-at-Real-Madrid-fans-chanting-against-Perez-2026-01-19T090929.679Z.jpg","articleSection":["International","Latest News"],"inLanguage":"fr-FR","copyrightYear":"2026","copyrightHolder":{"@id":"https:\/\/bladnanews.com\/fr\/#organization"}},{"@type":"WebPage","@id":"https:\/\/bladnanews.com\/arbeloa-fumes-at-real-madrid-fans-chanting-against-perez\/","url":"https:\/\/bladnanews.com\/arbeloa-fumes-at-real-madrid-fans-chanting-against-perez\/","name":"Arbeloa s'emporte contre les supporters du Real Madrid qui scandent des slogans contre P\u00e9rez - Bladna News","isPartOf":{"@id":"https:\/\/mediumseagreen-eel-531711.hostingersite.com\/#website"},"primaryImageOfPage":{"@id":"https:\/\/bladnanews.com\/arbeloa-fumes-at-real-madrid-fans-chanting-against-perez\/#primaryimage"},"image":{"@id":"https:\/\/bladnanews.com\/arbeloa-fumes-at-real-madrid-fans-chanting-against-perez\/#primaryimage"},"thumbnailUrl":"https:\/\/bladnanews.com\/wp-content\/uploads\/2026\/01\/BladnaNews-Arbeloa-fumes-at-Real-Madrid-fans-chanting-against-Perez-2026-01-19T090929.679Z.jpg","datePublished":"2026-01-18T16:01:17+00:00","breadcrumb":{"@id":"https:\/\/bladnanews.com\/arbeloa-fumes-at-real-madrid-fans-chanting-against-perez\/#breadcrumb"},"inLanguage":"fr-FR","potentialAction":[{"@type":"ReadAction","target":["https:\/\/bladnanews.com\/arbeloa-fumes-at-real-madrid-fans-chanting-against-perez\/"]}]},{"@type":"ImageObject","inLanguage":"fr-FR","@id":"https:\/\/bladnanews.com\/arbeloa-fumes-at-real-madrid-fans-chanting-against-perez\/#primaryimage","url":"https:\/\/bladnanews.com\/wp-content\/uploads\/2026\/01\/BladnaNews-Arbeloa-fumes-at-Real-Madrid-fans-chanting-against-Perez-2026-01-19T090929.679Z.jpg","contentUrl":"https:\/\/bladnanews.com\/wp-content\/uploads\/2026\/01\/BladnaNews-Arbeloa-fumes-at-Real-Madrid-fans-chanting-against-Perez-2026-01-19T090929.679Z.jpg","width":1449,"height":815,"caption":"\u00c1lvaro Arbeloa applauding the crowd, dressed in a dark coat, with a blurred stadium backdrop, capturing a moment of appreciation."},{"@type":"BreadcrumbList","@id":"https:\/\/bladnanews.com\/arbeloa-fumes-at-real-madrid-fans-chanting-against-perez\/#breadcrumb","itemListElement":[{"@type":"ListItem","position":1,"name":"Home","item":"https:\/\/bladnanews.com\/"},{"@type":"ListItem","position":2,"name":"Arbeloa fumes at Real Madrid fans chanting against Perez"}]},{"@type":"WebSite","@id":"https:\/\/mediumseagreen-eel-531711.hostingersite.com\/#website","url":"https:\/\/mediumseagreen-eel-531711.hostingersite.com\/","name":"Bladna News - Maroc","description":"Quand le football marocain rencontre le monde","publisher":{"@id":"https:\/\/mediumseagreen-eel-531711.hostingersite.com\/#organization"},"potentialAction":[{"@type":"SearchAction","target":{"@type":"EntryPoint","urlTemplate":"https:\/\/mediumseagreen-eel-531711.hostingersite.com\/?s={search_term_string}"},"query-input":{"@type":"PropertyValueSpecification","valueRequired":true,"valueName":"search_term_string"}}],"inLanguage":"fr-FR"},{"@type":"Organization","@id":"https:\/\/mediumseagreen-eel-531711.hostingersite.com\/#organization","name":"Bladna News.com","url":"https:\/\/mediumseagreen-eel-531711.hostingersite.com\/","logo":{"@type":"ImageObject","inLanguage":"fr-FR","@id":"https:\/\/mediumseagreen-eel-531711.hostingersite.com\/#\/schema\/logo\/image\/","url":"https:\/\/bladnanews.com\/wp-content\/uploads\/2025\/12\/logo-bladnanews-V2-web-black-red.png","contentUrl":"https:\/\/bladnanews.com\/wp-content\/uploads\/2025\/12\/logo-bladnanews-V2-web-black-red.png","width":703,"height":287,"caption":"Bladna News.com"},"image":{"@id":"https:\/\/mediumseagreen-eel-531711.hostingersite.com\/#\/schema\/logo\/image\/"},"email":"info@bladnanews.com","legalName":"Bladna News"},{"@type":"Person","@id":"https:\/\/mediumseagreen-eel-531711.hostingersite.com\/#\/schema\/person\/268e18a453ab080ebf76df6ef7845083","name":"\u00c9quipe r\u00e9dactionnelle de Bladna News","url":"https:\/\/bladnanews.com\/fr\/author\/bladna-news-staff\/"}]}},"_links":{"self":[{"href":"https:\/\/bladnanews.com\/fr\/wp-json\/wp\/v2\/posts\/6871","targetHints":{"allow":["GET"]}}],"collection":[{"href":"https:\/\/bladnanews.com\/fr\/wp-json\/wp\/v2\/posts"}],"about":[{"href":"https:\/\/bladnanews.com\/fr\/wp-json\/wp\/v2\/types\/post"}],"author":[{"embeddable":true,"href":"https:\/\/bladnanews.com\/fr\/wp-json\/wp\/v2\/users\/3"}],"replies":[{"embeddable":true,"href":"https:\/\/bladnanews.com\/fr\/wp-json\/wp\/v2\/comments?post=6871"}],"version-history":[{"count":0,"href":"https:\/\/bladnanews.com\/fr\/wp-json\/wp\/v2\/posts\/6871\/revisions"}],"wp:featuredmedia":[{"embeddable":true,"href":"https:\/\/bladnanews.com\/fr\/wp-json\/wp\/v2\/media\/6870"}],"wp:attachment":[{"href":"https:\/\/bladnanews.com\/fr\/wp-json\/wp\/v2\/media?parent=6871"}],"wp:term":[{"taxonomy":"category","embeddable":true,"href":"https:\/\/bladnanews.com\/fr\/wp-json\/wp\/v2\/categories?post=6871"},{"taxonomy":"post_tag","embeddable":true,"href":"https:\/\/bladnanews.com\/fr\/wp-json\/wp\/v2\/tags?post=6871"}],"curies":[{"name":"wp","href":"https:\/\/api.w.org\/{rel}","templated":true}]}}