{"id":6873,"date":"2026-01-18T16:18:37","date_gmt":"2026-01-18T16:18:37","guid":{"rendered":"https:\/\/bladnanews.com\/van-dijk-tells-liverpool-fans-he-does-not-like-boos\/"},"modified":"2026-01-18T16:18:37","modified_gmt":"2026-01-18T16:18:37","slug":"van-dijk-dit-aux-supporters-de-liverpool-quil-naime-pas-les-huees","status":"publish","type":"post","link":"https:\/\/bladnanews.com\/fr\/van-dijk-dit-aux-supporters-de-liverpool-quil-naime-pas-les-huees\/","title":{"rendered":"Van Dijk explique aux supporters de Liverpool qu'il n'appr\u00e9cie pas les hu\u00e9es"},"content":{"rendered":"<p><strong>Van Dijk explique aux supporters de Liverpool qu'il n'appr\u00e9cie pas les hu\u00e9es<\/strong><\/p>\n<p>Virgil van Dijk a d\u00e9clar\u00e9 aux supporters de Liverpool qu'il \u201c n'aime pas les hu\u00e9es \u201d apr\u00e8s que certains fans aient chahut\u00e9 l'\u00e9quipe \u00e0 la suite du match nul 1-1 contre Burnley \u00e0 Anfield.<\/p>\n<p>Les Reds ont conc\u00e9d\u00e9 un point lors de ce choc de Premier League, Burnley parvenant \u00e0 obtenir sa part du butin. Apr\u00e8s le coup de sifflet final, des hu\u00e9es provenant de certaines sections du public ont vis\u00e9 la performance de Liverpool.<\/p>\n<p>\u00c9voquant cette r\u00e9action, Van Dijk a clairement indiqu\u00e9 qu'il n'appr\u00e9ciait pas entendre des sifflets dirig\u00e9s contre l'\u00e9quipe. \u201c Je n'aime pas les hu\u00e9es \u201d, a d\u00e9clar\u00e9 le capitaine de Liverpool.<\/p>\n<p>Van Dijk a \u00e9galement soulign\u00e9 que les joueurs et les supporters sont unis dans cette aventure et que le soutien des tribunes compte, surtout dans les matchs serr\u00e9s o\u00f9 le r\u00e9sultat peut basculer sur des d\u00e9tails.<\/p>\n<p>Les commentaires du d\u00e9fenseur sont intervenus alors que Liverpool traverse une p\u00e9riode exigeante de la saison, avec la pression au sommet du classement o\u00f9 chaque point rev\u00eat une importance particuli\u00e8re.<\/p>","protected":false},"excerpt":{"rendered":"<p>Van Dijk tells Liverpool fans he does not like boos Virgil van Dijk has told Liverpool supporters he \u201cdoesn\u2019t like [&hellip;]<\/p>\n","protected":false},"author":3,"featured_media":6872,"comment_status":"","ping_status":"open","sticky":false,"template":"","format":"standard","meta":{"googlesitekit_rrm_CAow_uzEDA:productID":"","site-sidebar-layout":"default","site-content-layout":"","ast-site-content-layout":"default","site-content-style":"default","site-sidebar-style":"default","ast-global-header-display":"","ast-banner-title-visibility":"","ast-main-header-display":"","ast-hfb-above-header-display":"","ast-hfb-below-header-display":"","ast-hfb-mobile-header-display":"","site-post-title":"","ast-breadcrumbs-content":"","ast-featured-img":"","footer-sml-layout":"","ast-disable-related-posts":"","theme-transparent-header-meta":"","adv-header-id-meta":"","stick-header-meta":"","header-above-stick-meta":"","header-main-stick-meta":"","header-below-stick-meta":"","astra-migrate-meta-layouts":"default","ast-page-background-enabled":"default","ast-page-background-meta":{"desktop":{"background-color":"var(--ast-global-color-5)","background-image":"","background-repeat":"repeat","background-position":"center center","background-size":"auto","background-attachment":"scroll","background-type":"","background-media":"","overlay-type":"","overlay-color":"","overlay-opacity":"","overlay-gradient":""},"tablet":{"background-color":"","background-image":"","background-repeat":"repeat","background-position":"center center","background-size":"auto","background-attachment":"scroll","background-type":"","background-media":"","overlay-type":"","overlay-color":"","overlay-opacity":"","overlay-gradient":""},"mobile":{"background-color":"","background-image":"","background-repeat":"repeat","background-position":"center center","background-size":"auto","background-attachment":"scroll","background-type":"","background-media":"","overlay-type":"","overlay-color":"","overlay-opacity":"","overlay-gradient":""}},"ast-content-background-meta":{"desktop":{"background-color":"var(--ast-global-color-4)","background-image":"","background-repeat":"repeat","background-position":"center center","background-size":"auto","background-attachment":"scroll","background-type":"","background-media":"","overlay-type":"","overlay-color":"","overlay-opacity":"","overlay-gradient":""},"tablet":{"background-color":"var(--ast-global-color-4)","background-image":"","background-repeat":"repeat","background-position":"center center","background-size":"auto","background-attachment":"scroll","background-type":"","background-media":"","overlay-type":"","overlay-color":"","overlay-opacity":"","overlay-gradient":""},"mobile":{"background-color":"var(--ast-global-color-4)","background-image":"","background-repeat":"repeat","background-position":"center center","background-size":"auto","background-attachment":"scroll","background-type":"","background-media":"","overlay-type":"","overlay-color":"","overlay-opacity":"","overlay-gradient":""}},"footnotes":""},"categories":[20,1],"tags":[],"class_list":["post-6873","post","type-post","status-publish","format-standard","has-post-thumbnail","hentry","category-international","category-football-latest-news"],"yoast_head":"<!-- This site is optimized with the Yoast SEO Premium plugin v26.6 (Yoast SEO v27.5) - https:\/\/yoast.com\/product\/yoast-seo-premium-wordpress\/ -->\n<title>Van Dijk tells Liverpool fans he does not like boos - Bladna News<\/title>\n<meta name=\"robots\" content=\"index, follow, max-snippet:-1, max-image-preview:large, max-video-preview:-1\" \/>\n<link rel=\"canonical\" href=\"https:\/\/bladnanews.com\/fr\/van-dijk-dit-aux-supporters-de-liverpool-quil-naime-pas-les-huees\/\" \/>\n<meta property=\"og:locale\" content=\"fr_FR\" \/>\n<meta property=\"og:type\" content=\"article\" \/>\n<meta property=\"og:title\" content=\"Van Dijk tells Liverpool fans he does not like boos\" \/>\n<meta property=\"og:description\" content=\"Van Dijk tells Liverpool fans he does not like boos Virgil van Dijk has told Liverpool supporters he \u201cdoesn\u2019t like [&hellip;]\" \/>\n<meta property=\"og:url\" content=\"https:\/\/bladnanews.com\/fr\/van-dijk-dit-aux-supporters-de-liverpool-quil-naime-pas-les-huees\/\" \/>\n<meta property=\"og:site_name\" content=\"Bladna News\" \/>\n<meta property=\"article:published_time\" content=\"2026-01-18T16:18:37+00:00\" \/>\n<meta property=\"og:image\" content=\"https:\/\/bladnanews.com\/wp-content\/uploads\/2025\/12\/freepik__bladna-newscom-moroccan-soccer-homepage-banner-mor__41838.png\" \/>\n\t<meta property=\"og:image:width\" content=\"1312\" \/>\n\t<meta property=\"og:image:height\" content=\"736\" \/>\n\t<meta property=\"og:image:type\" content=\"image\/png\" \/>\n<meta name=\"author\" content=\"Bladna News Staff\" \/>\n<meta name=\"twitter:card\" content=\"summary_large_image\" \/>\n<meta name=\"twitter:label1\" content=\"\u00c9crit par\" \/>\n\t<meta name=\"twitter:data1\" content=\"Bladna News Staff\" \/>\n\t<meta name=\"twitter:label2\" content=\"Dur\u00e9e de lecture estim\u00e9e\" \/>\n\t<meta name=\"twitter:data2\" content=\"1 minute\" \/>\n<script type=\"application\/ld+json\" class=\"yoast-schema-graph\">{\"@context\":\"https:\\\/\\\/schema.org\",\"@graph\":[{\"@type\":\"Article\",\"@id\":\"https:\\\/\\\/bladnanews.com\\\/van-dijk-tells-liverpool-fans-he-does-not-like-boos\\\/#article\",\"isPartOf\":{\"@id\":\"https:\\\/\\\/bladnanews.com\\\/van-dijk-tells-liverpool-fans-he-does-not-like-boos\\\/\"},\"author\":{\"name\":\"Bladna News Staff\",\"@id\":\"https:\\\/\\\/mediumseagreen-eel-531711.hostingersite.com\\\/#\\\/schema\\\/person\\\/268e18a453ab080ebf76df6ef7845083\"},\"headline\":\"Van Dijk tells Liverpool fans he does not like boos\",\"datePublished\":\"2026-01-18T16:18:37+00:00\",\"mainEntityOfPage\":{\"@id\":\"https:\\\/\\\/bladnanews.com\\\/van-dijk-tells-liverpool-fans-he-does-not-like-boos\\\/\"},\"wordCount\":178,\"publisher\":{\"@id\":\"https:\\\/\\\/mediumseagreen-eel-531711.hostingersite.com\\\/#organization\"},\"image\":{\"@id\":\"https:\\\/\\\/bladnanews.com\\\/van-dijk-tells-liverpool-fans-he-does-not-like-boos\\\/#primaryimage\"},\"thumbnailUrl\":\"https:\\\/\\\/bladnanews.com\\\/wp-content\\\/uploads\\\/2026\\\/01\\\/BladnaNews-Van-Dijk-tells-Liverpool-fans-he-does-not-like-boos-2026-01-19T090952.908Z-scaled.jpg\",\"articleSection\":[\"International\",\"Latest News\"],\"inLanguage\":\"fr-FR\",\"copyrightYear\":\"2026\",\"copyrightHolder\":{\"@id\":\"https:\\\/\\\/bladnanews.com\\\/fr\\\/#organization\"}},{\"@type\":\"WebPage\",\"@id\":\"https:\\\/\\\/bladnanews.com\\\/van-dijk-tells-liverpool-fans-he-does-not-like-boos\\\/\",\"url\":\"https:\\\/\\\/bladnanews.com\\\/van-dijk-tells-liverpool-fans-he-does-not-like-boos\\\/\",\"name\":\"Van Dijk tells Liverpool fans he does not like boos - Bladna News\",\"isPartOf\":{\"@id\":\"https:\\\/\\\/mediumseagreen-eel-531711.hostingersite.com\\\/#website\"},\"primaryImageOfPage\":{\"@id\":\"https:\\\/\\\/bladnanews.com\\\/van-dijk-tells-liverpool-fans-he-does-not-like-boos\\\/#primaryimage\"},\"image\":{\"@id\":\"https:\\\/\\\/bladnanews.com\\\/van-dijk-tells-liverpool-fans-he-does-not-like-boos\\\/#primaryimage\"},\"thumbnailUrl\":\"https:\\\/\\\/bladnanews.com\\\/wp-content\\\/uploads\\\/2026\\\/01\\\/BladnaNews-Van-Dijk-tells-Liverpool-fans-he-does-not-like-boos-2026-01-19T090952.908Z-scaled.jpg\",\"datePublished\":\"2026-01-18T16:18:37+00:00\",\"breadcrumb\":{\"@id\":\"https:\\\/\\\/bladnanews.com\\\/van-dijk-tells-liverpool-fans-he-does-not-like-boos\\\/#breadcrumb\"},\"inLanguage\":\"fr-FR\",\"potentialAction\":[{\"@type\":\"ReadAction\",\"target\":[\"https:\\\/\\\/bladnanews.com\\\/van-dijk-tells-liverpool-fans-he-does-not-like-boos\\\/\"]}]},{\"@type\":\"ImageObject\",\"inLanguage\":\"fr-FR\",\"@id\":\"https:\\\/\\\/bladnanews.com\\\/van-dijk-tells-liverpool-fans-he-does-not-like-boos\\\/#primaryimage\",\"url\":\"https:\\\/\\\/bladnanews.com\\\/wp-content\\\/uploads\\\/2026\\\/01\\\/BladnaNews-Van-Dijk-tells-Liverpool-fans-he-does-not-like-boos-2026-01-19T090952.908Z-scaled.jpg\",\"contentUrl\":\"https:\\\/\\\/bladnanews.com\\\/wp-content\\\/uploads\\\/2026\\\/01\\\/BladnaNews-Van-Dijk-tells-Liverpool-fans-he-does-not-like-boos-2026-01-19T090952.908Z-scaled.jpg\",\"width\":2560,\"height\":1440,\"caption\":\"Virgil van Dijk in a red Liverpool kit gestures with his hands, displaying determination and leadership during a match.\"},{\"@type\":\"BreadcrumbList\",\"@id\":\"https:\\\/\\\/bladnanews.com\\\/van-dijk-tells-liverpool-fans-he-does-not-like-boos\\\/#breadcrumb\",\"itemListElement\":[{\"@type\":\"ListItem\",\"position\":1,\"name\":\"Home\",\"item\":\"https:\\\/\\\/bladnanews.com\\\/\"},{\"@type\":\"ListItem\",\"position\":2,\"name\":\"Van Dijk tells Liverpool fans he does not like boos\"}]},{\"@type\":\"WebSite\",\"@id\":\"https:\\\/\\\/mediumseagreen-eel-531711.hostingersite.com\\\/#website\",\"url\":\"https:\\\/\\\/mediumseagreen-eel-531711.hostingersite.com\\\/\",\"name\":\"Bladna News - Morocco\",\"description\":\"Where Moroccan Football Meets the World\",\"publisher\":{\"@id\":\"https:\\\/\\\/mediumseagreen-eel-531711.hostingersite.com\\\/#organization\"},\"potentialAction\":[{\"@type\":\"SearchAction\",\"target\":{\"@type\":\"EntryPoint\",\"urlTemplate\":\"https:\\\/\\\/mediumseagreen-eel-531711.hostingersite.com\\\/?s={search_term_string}\"},\"query-input\":{\"@type\":\"PropertyValueSpecification\",\"valueRequired\":true,\"valueName\":\"search_term_string\"}}],\"inLanguage\":\"fr-FR\"},{\"@type\":\"Organization\",\"@id\":\"https:\\\/\\\/mediumseagreen-eel-531711.hostingersite.com\\\/#organization\",\"name\":\"Bladna News.com\",\"url\":\"https:\\\/\\\/mediumseagreen-eel-531711.hostingersite.com\\\/\",\"logo\":{\"@type\":\"ImageObject\",\"inLanguage\":\"fr-FR\",\"@id\":\"https:\\\/\\\/mediumseagreen-eel-531711.hostingersite.com\\\/#\\\/schema\\\/logo\\\/image\\\/\",\"url\":\"https:\\\/\\\/bladnanews.com\\\/wp-content\\\/uploads\\\/2025\\\/12\\\/logo-bladnanews-V2-web-black-red.png\",\"contentUrl\":\"https:\\\/\\\/bladnanews.com\\\/wp-content\\\/uploads\\\/2025\\\/12\\\/logo-bladnanews-V2-web-black-red.png\",\"width\":703,\"height\":287,\"caption\":\"Bladna News.com\"},\"image\":{\"@id\":\"https:\\\/\\\/mediumseagreen-eel-531711.hostingersite.com\\\/#\\\/schema\\\/logo\\\/image\\\/\"},\"email\":\"info@bladnanews.com\",\"legalName\":\"Bladna News\"},{\"@type\":\"Person\",\"@id\":\"https:\\\/\\\/mediumseagreen-eel-531711.hostingersite.com\\\/#\\\/schema\\\/person\\\/268e18a453ab080ebf76df6ef7845083\",\"name\":\"Bladna News Staff\",\"url\":\"https:\\\/\\\/bladnanews.com\\\/fr\\\/author\\\/bladna-news-staff\\\/\"}]}<\/script>\n<!-- \/ Yoast SEO Premium plugin. -->","yoast_head_json":{"title":"Van Dijk dit aux fans de Liverpool qu'il n'aime pas les hu\u00e9es - Bladna News","robots":{"index":"index","follow":"follow","max-snippet":"max-snippet:-1","max-image-preview":"max-image-preview:large","max-video-preview":"max-video-preview:-1"},"canonical":"https:\/\/bladnanews.com\/fr\/van-dijk-dit-aux-supporters-de-liverpool-quil-naime-pas-les-huees\/","og_locale":"fr_FR","og_type":"article","og_title":"Van Dijk tells Liverpool fans he does not like boos","og_description":"Van Dijk tells Liverpool fans he does not like boos Virgil van Dijk has told Liverpool supporters he \u201cdoesn\u2019t like [&hellip;]","og_url":"https:\/\/bladnanews.com\/fr\/van-dijk-dit-aux-supporters-de-liverpool-quil-naime-pas-les-huees\/","og_site_name":"Bladna News","article_published_time":"2026-01-18T16:18:37+00:00","og_image":[{"width":1312,"height":736,"url":"https:\/\/bladnanews.com\/wp-content\/uploads\/2025\/12\/freepik__bladna-newscom-moroccan-soccer-homepage-banner-mor__41838.png","type":"image\/png"}],"author":"Bladna News Staff","twitter_card":"summary_large_image","twitter_misc":{"\u00c9crit par":"Bladna News Staff","Dur\u00e9e de lecture estim\u00e9e":"1 minute"},"schema":{"@context":"https:\/\/schema.org","@graph":[{"@type":"Article","@id":"https:\/\/bladnanews.com\/van-dijk-tells-liverpool-fans-he-does-not-like-boos\/#article","isPartOf":{"@id":"https:\/\/bladnanews.com\/van-dijk-tells-liverpool-fans-he-does-not-like-boos\/"},"author":{"name":"Bladna News Staff","@id":"https:\/\/mediumseagreen-eel-531711.hostingersite.com\/#\/schema\/person\/268e18a453ab080ebf76df6ef7845083"},"headline":"Van Dijk tells Liverpool fans he does not like boos","datePublished":"2026-01-18T16:18:37+00:00","mainEntityOfPage":{"@id":"https:\/\/bladnanews.com\/van-dijk-tells-liverpool-fans-he-does-not-like-boos\/"},"wordCount":178,"publisher":{"@id":"https:\/\/mediumseagreen-eel-531711.hostingersite.com\/#organization"},"image":{"@id":"https:\/\/bladnanews.com\/van-dijk-tells-liverpool-fans-he-does-not-like-boos\/#primaryimage"},"thumbnailUrl":"https:\/\/bladnanews.com\/wp-content\/uploads\/2026\/01\/BladnaNews-Van-Dijk-tells-Liverpool-fans-he-does-not-like-boos-2026-01-19T090952.908Z-scaled.jpg","articleSection":["International","Latest News"],"inLanguage":"fr-FR","copyrightYear":"2026","copyrightHolder":{"@id":"https:\/\/bladnanews.com\/fr\/#organization"}},{"@type":"WebPage","@id":"https:\/\/bladnanews.com\/van-dijk-tells-liverpool-fans-he-does-not-like-boos\/","url":"https:\/\/bladnanews.com\/van-dijk-tells-liverpool-fans-he-does-not-like-boos\/","name":"Van Dijk dit aux fans de Liverpool qu'il n'aime pas les hu\u00e9es - Bladna News","isPartOf":{"@id":"https:\/\/mediumseagreen-eel-531711.hostingersite.com\/#website"},"primaryImageOfPage":{"@id":"https:\/\/bladnanews.com\/van-dijk-tells-liverpool-fans-he-does-not-like-boos\/#primaryimage"},"image":{"@id":"https:\/\/bladnanews.com\/van-dijk-tells-liverpool-fans-he-does-not-like-boos\/#primaryimage"},"thumbnailUrl":"https:\/\/bladnanews.com\/wp-content\/uploads\/2026\/01\/BladnaNews-Van-Dijk-tells-Liverpool-fans-he-does-not-like-boos-2026-01-19T090952.908Z-scaled.jpg","datePublished":"2026-01-18T16:18:37+00:00","breadcrumb":{"@id":"https:\/\/bladnanews.com\/van-dijk-tells-liverpool-fans-he-does-not-like-boos\/#breadcrumb"},"inLanguage":"fr-FR","potentialAction":[{"@type":"ReadAction","target":["https:\/\/bladnanews.com\/van-dijk-tells-liverpool-fans-he-does-not-like-boos\/"]}]},{"@type":"ImageObject","inLanguage":"fr-FR","@id":"https:\/\/bladnanews.com\/van-dijk-tells-liverpool-fans-he-does-not-like-boos\/#primaryimage","url":"https:\/\/bladnanews.com\/wp-content\/uploads\/2026\/01\/BladnaNews-Van-Dijk-tells-Liverpool-fans-he-does-not-like-boos-2026-01-19T090952.908Z-scaled.jpg","contentUrl":"https:\/\/bladnanews.com\/wp-content\/uploads\/2026\/01\/BladnaNews-Van-Dijk-tells-Liverpool-fans-he-does-not-like-boos-2026-01-19T090952.908Z-scaled.jpg","width":2560,"height":1440,"caption":"Virgil van Dijk in a red Liverpool kit gestures with his hands, displaying determination and leadership during a match."},{"@type":"BreadcrumbList","@id":"https:\/\/bladnanews.com\/van-dijk-tells-liverpool-fans-he-does-not-like-boos\/#breadcrumb","itemListElement":[{"@type":"ListItem","position":1,"name":"Home","item":"https:\/\/bladnanews.com\/"},{"@type":"ListItem","position":2,"name":"Van Dijk tells Liverpool fans he does not like boos"}]},{"@type":"WebSite","@id":"https:\/\/mediumseagreen-eel-531711.hostingersite.com\/#website","url":"https:\/\/mediumseagreen-eel-531711.hostingersite.com\/","name":"Bladna News - Maroc","description":"Quand le football marocain rencontre le monde","publisher":{"@id":"https:\/\/mediumseagreen-eel-531711.hostingersite.com\/#organization"},"potentialAction":[{"@type":"SearchAction","target":{"@type":"EntryPoint","urlTemplate":"https:\/\/mediumseagreen-eel-531711.hostingersite.com\/?s={search_term_string}"},"query-input":{"@type":"PropertyValueSpecification","valueRequired":true,"valueName":"search_term_string"}}],"inLanguage":"fr-FR"},{"@type":"Organization","@id":"https:\/\/mediumseagreen-eel-531711.hostingersite.com\/#organization","name":"Bladna News.com","url":"https:\/\/mediumseagreen-eel-531711.hostingersite.com\/","logo":{"@type":"ImageObject","inLanguage":"fr-FR","@id":"https:\/\/mediumseagreen-eel-531711.hostingersite.com\/#\/schema\/logo\/image\/","url":"https:\/\/bladnanews.com\/wp-content\/uploads\/2025\/12\/logo-bladnanews-V2-web-black-red.png","contentUrl":"https:\/\/bladnanews.com\/wp-content\/uploads\/2025\/12\/logo-bladnanews-V2-web-black-red.png","width":703,"height":287,"caption":"Bladna News.com"},"image":{"@id":"https:\/\/mediumseagreen-eel-531711.hostingersite.com\/#\/schema\/logo\/image\/"},"email":"info@bladnanews.com","legalName":"Bladna News"},{"@type":"Person","@id":"https:\/\/mediumseagreen-eel-531711.hostingersite.com\/#\/schema\/person\/268e18a453ab080ebf76df6ef7845083","name":"\u00c9quipe r\u00e9dactionnelle de Bladna News","url":"https:\/\/bladnanews.com\/fr\/author\/bladna-news-staff\/"}]}},"_links":{"self":[{"href":"https:\/\/bladnanews.com\/fr\/wp-json\/wp\/v2\/posts\/6873","targetHints":{"allow":["GET"]}}],"collection":[{"href":"https:\/\/bladnanews.com\/fr\/wp-json\/wp\/v2\/posts"}],"about":[{"href":"https:\/\/bladnanews.com\/fr\/wp-json\/wp\/v2\/types\/post"}],"author":[{"embeddable":true,"href":"https:\/\/bladnanews.com\/fr\/wp-json\/wp\/v2\/users\/3"}],"replies":[{"embeddable":true,"href":"https:\/\/bladnanews.com\/fr\/wp-json\/wp\/v2\/comments?post=6873"}],"version-history":[{"count":0,"href":"https:\/\/bladnanews.com\/fr\/wp-json\/wp\/v2\/posts\/6873\/revisions"}],"wp:featuredmedia":[{"embeddable":true,"href":"https:\/\/bladnanews.com\/fr\/wp-json\/wp\/v2\/media\/6872"}],"wp:attachment":[{"href":"https:\/\/bladnanews.com\/fr\/wp-json\/wp\/v2\/media?parent=6873"}],"wp:term":[{"taxonomy":"category","embeddable":true,"href":"https:\/\/bladnanews.com\/fr\/wp-json\/wp\/v2\/categories?post=6873"},{"taxonomy":"post_tag","embeddable":true,"href":"https:\/\/bladnanews.com\/fr\/wp-json\/wp\/v2\/tags?post=6873"}],"curies":[{"name":"wp","href":"https:\/\/api.w.org\/{rel}","templated":true}]}}