{"id":6954,"date":"2026-01-19T12:06:17","date_gmt":"2026-01-19T12:06:17","guid":{"rendered":"https:\/\/bladnanews.com\/senegal-face-punishment-after-walking-off-in-afcon-final-chaos\/"},"modified":"2026-01-19T12:06:17","modified_gmt":"2026-01-19T12:06:17","slug":"le-senegal-risque-une-sanction-apres-avoir-quitte-le-terrain-lors-du-chaos-de-la-finale-de-la-can","status":"publish","type":"post","link":"https:\/\/bladnanews.com\/fr\/le-senegal-risque-une-sanction-apres-avoir-quitte-le-terrain-lors-du-chaos-de-la-finale-de-la-can\/","title":{"rendered":"Le S\u00e9n\u00e9gal risque une sanction apr\u00e8s avoir quitt\u00e9 le terrain dans le chaos de la finale de la CAN."},"content":{"rendered":"<p>Le S\u00e9n\u00e9gal pourrait faire face \u00e0 des sanctions apr\u00e8s que ses joueuses aient quitt\u00e9 le terrain lors de la finale de la Coupe d'Afrique des Nations f\u00e9minine, alors que le match phare contre le Maroc, pays h\u00f4te, a sombr\u00e9 dans le chaos.<\/p>\n<p>Les vainqueures de la CAN ont quitt\u00e9 le terrain en plein match, entra\u00eenant l'arr\u00eat de la rencontre alors que les tensions montaient et que les officiels tentaient de reprendre le contr\u00f4le. Cet incident a provoqu\u00e9 une grande confusion dans le stade, la finale \u00e9tant \u00e9clips\u00e9e par cet arr\u00eat et les r\u00e9actions depuis les deux bancs.<\/p>\n<p>La d\u00e9cision du S\u00e9n\u00e9gal de quitter le terrain expose les championnes en titre \u00e0 un risque de mesures disciplinaires, les instances dirigeantes \u00e9tant susceptibles d'examiner les images du match. Toute sanction interviendra apr\u00e8s que les officiels auront \u00e9valu\u00e9 les rapports complets du match et les circonstances ayant conduit \u00e0 l'arr\u00eat.<\/p>\n<p>La finale elle-m\u00eame, disput\u00e9e contre le Maroc \u00e0 domicile, \u00e9tait d\u00e9j\u00e0 tendue avant le point de crispation. Mais l'abandon du terrain a transform\u00e9 la rencontre en une soir\u00e9e chaotique, avec de longs d\u00e9lais et une col\u00e8re accrue autour des d\u00e9cisions cl\u00e9s.<\/p>\n<p>Il a \u00e9t\u00e9 r\u00e9v\u00e9l\u00e9 que l'incident sera d\u00e9sormais examin\u00e9 dans le cadre des r\u00e8gles disciplinaires de la comp\u00e9tition, ce qui expose le S\u00e9n\u00e9gal \u00e0 de possibles cons\u00e9quences malgr\u00e9 son statut de vainqueur de la CAN.<\/p>\n<p>De plus amples d\u00e9tails devraient \u00eatre communiqu\u00e9s une fois le processus officiel termin\u00e9, le S\u00e9n\u00e9gal et le Maroc attendant tous deux la suite apr\u00e8s une finale qui s'est achev\u00e9e dans le d\u00e9sordre.<\/p>","protected":false},"excerpt":{"rendered":"<p>Senegal could face punishment after their players walked off during the Women\u2019s Africa Cup of Nations final, as the showpiece [&hellip;]<\/p>\n","protected":false},"author":3,"featured_media":6953,"comment_status":"","ping_status":"open","sticky":false,"template":"","format":"standard","meta":{"googlesitekit_rrm_CAow_uzEDA:productID":"","site-sidebar-layout":"default","site-content-layout":"","ast-site-content-layout":"default","site-content-style":"default","site-sidebar-style":"default","ast-global-header-display":"","ast-banner-title-visibility":"","ast-main-header-display":"","ast-hfb-above-header-display":"","ast-hfb-below-header-display":"","ast-hfb-mobile-header-display":"","site-post-title":"","ast-breadcrumbs-content":"","ast-featured-img":"","footer-sml-layout":"","ast-disable-related-posts":"","theme-transparent-header-meta":"","adv-header-id-meta":"","stick-header-meta":"","header-above-stick-meta":"","header-main-stick-meta":"","header-below-stick-meta":"","astra-migrate-meta-layouts":"default","ast-page-background-enabled":"default","ast-page-background-meta":{"desktop":{"background-color":"var(--ast-global-color-5)","background-image":"","background-repeat":"repeat","background-position":"center center","background-size":"auto","background-attachment":"scroll","background-type":"","background-media":"","overlay-type":"","overlay-color":"","overlay-opacity":"","overlay-gradient":""},"tablet":{"background-color":"","background-image":"","background-repeat":"repeat","background-position":"center center","background-size":"auto","background-attachment":"scroll","background-type":"","background-media":"","overlay-type":"","overlay-color":"","overlay-opacity":"","overlay-gradient":""},"mobile":{"background-color":"","background-image":"","background-repeat":"repeat","background-position":"center center","background-size":"auto","background-attachment":"scroll","background-type":"","background-media":"","overlay-type":"","overlay-color":"","overlay-opacity":"","overlay-gradient":""}},"ast-content-background-meta":{"desktop":{"background-color":"var(--ast-global-color-4)","background-image":"","background-repeat":"repeat","background-position":"center center","background-size":"auto","background-attachment":"scroll","background-type":"","background-media":"","overlay-type":"","overlay-color":"","overlay-opacity":"","overlay-gradient":""},"tablet":{"background-color":"var(--ast-global-color-4)","background-image":"","background-repeat":"repeat","background-position":"center center","background-size":"auto","background-attachment":"scroll","background-type":"","background-media":"","overlay-type":"","overlay-color":"","overlay-opacity":"","overlay-gradient":""},"mobile":{"background-color":"var(--ast-global-color-4)","background-image":"","background-repeat":"repeat","background-position":"center center","background-size":"auto","background-attachment":"scroll","background-type":"","background-media":"","overlay-type":"","overlay-color":"","overlay-opacity":"","overlay-gradient":""}},"footnotes":""},"categories":[20,1],"tags":[],"class_list":["post-6954","post","type-post","status-publish","format-standard","has-post-thumbnail","hentry","category-international","category-football-latest-news"],"yoast_head":"<!-- This site is optimized with the Yoast SEO Premium plugin v26.6 (Yoast SEO v27.5) - https:\/\/yoast.com\/product\/yoast-seo-premium-wordpress\/ -->\n<title>Senegal face punishment after walking off in AFCON final chaos - Bladna News<\/title>\n<meta name=\"robots\" content=\"index, follow, max-snippet:-1, max-image-preview:large, max-video-preview:-1\" \/>\n<link rel=\"canonical\" href=\"https:\/\/bladnanews.com\/fr\/le-senegal-risque-une-sanction-apres-avoir-quitte-le-terrain-lors-du-chaos-de-la-finale-de-la-can\/\" \/>\n<meta property=\"og:locale\" content=\"fr_FR\" \/>\n<meta property=\"og:type\" content=\"article\" \/>\n<meta property=\"og:title\" content=\"Senegal face punishment after walking off in AFCON final chaos\" \/>\n<meta property=\"og:description\" content=\"Senegal could face punishment after their players walked off during the Women\u2019s Africa Cup of Nations final, as the showpiece [&hellip;]\" \/>\n<meta property=\"og:url\" content=\"https:\/\/bladnanews.com\/fr\/le-senegal-risque-une-sanction-apres-avoir-quitte-le-terrain-lors-du-chaos-de-la-finale-de-la-can\/\" \/>\n<meta property=\"og:site_name\" content=\"Bladna News\" \/>\n<meta property=\"article:published_time\" content=\"2026-01-19T12:06:17+00:00\" \/>\n<meta property=\"og:image\" content=\"https:\/\/bladnanews.com\/wp-content\/uploads\/2025\/12\/freepik__bladna-newscom-moroccan-soccer-homepage-banner-mor__41838.png\" \/>\n\t<meta property=\"og:image:width\" content=\"1312\" \/>\n\t<meta property=\"og:image:height\" content=\"736\" \/>\n\t<meta property=\"og:image:type\" content=\"image\/png\" \/>\n<meta name=\"author\" content=\"Bladna News Staff\" \/>\n<meta name=\"twitter:card\" content=\"summary_large_image\" \/>\n<meta name=\"twitter:label1\" content=\"\u00c9crit par\" \/>\n\t<meta name=\"twitter:data1\" content=\"Bladna News Staff\" \/>\n\t<meta name=\"twitter:label2\" content=\"Dur\u00e9e de lecture estim\u00e9e\" \/>\n\t<meta name=\"twitter:data2\" content=\"1 minute\" \/>\n<script type=\"application\/ld+json\" class=\"yoast-schema-graph\">{\"@context\":\"https:\\\/\\\/schema.org\",\"@graph\":[{\"@type\":\"Article\",\"@id\":\"https:\\\/\\\/bladnanews.com\\\/senegal-face-punishment-after-walking-off-in-afcon-final-chaos\\\/#article\",\"isPartOf\":{\"@id\":\"https:\\\/\\\/bladnanews.com\\\/senegal-face-punishment-after-walking-off-in-afcon-final-chaos\\\/\"},\"author\":{\"name\":\"Bladna News Staff\",\"@id\":\"https:\\\/\\\/mediumseagreen-eel-531711.hostingersite.com\\\/#\\\/schema\\\/person\\\/268e18a453ab080ebf76df6ef7845083\"},\"headline\":\"Senegal face punishment after walking off in AFCON final chaos\",\"datePublished\":\"2026-01-19T12:06:17+00:00\",\"mainEntityOfPage\":{\"@id\":\"https:\\\/\\\/bladnanews.com\\\/senegal-face-punishment-after-walking-off-in-afcon-final-chaos\\\/\"},\"wordCount\":219,\"publisher\":{\"@id\":\"https:\\\/\\\/mediumseagreen-eel-531711.hostingersite.com\\\/#organization\"},\"image\":{\"@id\":\"https:\\\/\\\/bladnanews.com\\\/senegal-face-punishment-after-walking-off-in-afcon-final-chaos\\\/#primaryimage\"},\"thumbnailUrl\":\"https:\\\/\\\/bladnanews.com\\\/wp-content\\\/uploads\\\/2026\\\/01\\\/BladnaNews-Senegal-face-punishment-after-walking-off-in-AFCON-final-chaos-2026-01-19T211016.438Z-scaled.jpg\",\"articleSection\":[\"International\",\"Latest News\"],\"inLanguage\":\"fr-FR\",\"copyrightYear\":\"2026\",\"copyrightHolder\":{\"@id\":\"https:\\\/\\\/bladnanews.com\\\/fr\\\/#organization\"}},{\"@type\":\"WebPage\",\"@id\":\"https:\\\/\\\/bladnanews.com\\\/senegal-face-punishment-after-walking-off-in-afcon-final-chaos\\\/\",\"url\":\"https:\\\/\\\/bladnanews.com\\\/senegal-face-punishment-after-walking-off-in-afcon-final-chaos\\\/\",\"name\":\"Senegal face punishment after walking off in AFCON final chaos - Bladna News\",\"isPartOf\":{\"@id\":\"https:\\\/\\\/mediumseagreen-eel-531711.hostingersite.com\\\/#website\"},\"primaryImageOfPage\":{\"@id\":\"https:\\\/\\\/bladnanews.com\\\/senegal-face-punishment-after-walking-off-in-afcon-final-chaos\\\/#primaryimage\"},\"image\":{\"@id\":\"https:\\\/\\\/bladnanews.com\\\/senegal-face-punishment-after-walking-off-in-afcon-final-chaos\\\/#primaryimage\"},\"thumbnailUrl\":\"https:\\\/\\\/bladnanews.com\\\/wp-content\\\/uploads\\\/2026\\\/01\\\/BladnaNews-Senegal-face-punishment-after-walking-off-in-AFCON-final-chaos-2026-01-19T211016.438Z-scaled.jpg\",\"datePublished\":\"2026-01-19T12:06:17+00:00\",\"breadcrumb\":{\"@id\":\"https:\\\/\\\/bladnanews.com\\\/senegal-face-punishment-after-walking-off-in-afcon-final-chaos\\\/#breadcrumb\"},\"inLanguage\":\"fr-FR\",\"potentialAction\":[{\"@type\":\"ReadAction\",\"target\":[\"https:\\\/\\\/bladnanews.com\\\/senegal-face-punishment-after-walking-off-in-afcon-final-chaos\\\/\"]}]},{\"@type\":\"ImageObject\",\"inLanguage\":\"fr-FR\",\"@id\":\"https:\\\/\\\/bladnanews.com\\\/senegal-face-punishment-after-walking-off-in-afcon-final-chaos\\\/#primaryimage\",\"url\":\"https:\\\/\\\/bladnanews.com\\\/wp-content\\\/uploads\\\/2026\\\/01\\\/BladnaNews-Senegal-face-punishment-after-walking-off-in-AFCON-final-chaos-2026-01-19T211016.438Z-scaled.jpg\",\"contentUrl\":\"https:\\\/\\\/bladnanews.com\\\/wp-content\\\/uploads\\\/2026\\\/01\\\/BladnaNews-Senegal-face-punishment-after-walking-off-in-AFCON-final-chaos-2026-01-19T211016.438Z-scaled.jpg\",\"width\":2560,\"height\":1440,\"caption\":\"Sadio Man\u00e9 celebrates lifting the AFCON trophy, surrounded by teammates in green jerseys, showered with rain and joy.\"},{\"@type\":\"BreadcrumbList\",\"@id\":\"https:\\\/\\\/bladnanews.com\\\/senegal-face-punishment-after-walking-off-in-afcon-final-chaos\\\/#breadcrumb\",\"itemListElement\":[{\"@type\":\"ListItem\",\"position\":1,\"name\":\"Home\",\"item\":\"https:\\\/\\\/bladnanews.com\\\/\"},{\"@type\":\"ListItem\",\"position\":2,\"name\":\"Senegal face punishment after walking off in AFCON final chaos\"}]},{\"@type\":\"WebSite\",\"@id\":\"https:\\\/\\\/mediumseagreen-eel-531711.hostingersite.com\\\/#website\",\"url\":\"https:\\\/\\\/mediumseagreen-eel-531711.hostingersite.com\\\/\",\"name\":\"Bladna News - Morocco\",\"description\":\"Where Moroccan Football Meets the World\",\"publisher\":{\"@id\":\"https:\\\/\\\/mediumseagreen-eel-531711.hostingersite.com\\\/#organization\"},\"potentialAction\":[{\"@type\":\"SearchAction\",\"target\":{\"@type\":\"EntryPoint\",\"urlTemplate\":\"https:\\\/\\\/mediumseagreen-eel-531711.hostingersite.com\\\/?s={search_term_string}\"},\"query-input\":{\"@type\":\"PropertyValueSpecification\",\"valueRequired\":true,\"valueName\":\"search_term_string\"}}],\"inLanguage\":\"fr-FR\"},{\"@type\":\"Organization\",\"@id\":\"https:\\\/\\\/mediumseagreen-eel-531711.hostingersite.com\\\/#organization\",\"name\":\"Bladna News.com\",\"url\":\"https:\\\/\\\/mediumseagreen-eel-531711.hostingersite.com\\\/\",\"logo\":{\"@type\":\"ImageObject\",\"inLanguage\":\"fr-FR\",\"@id\":\"https:\\\/\\\/mediumseagreen-eel-531711.hostingersite.com\\\/#\\\/schema\\\/logo\\\/image\\\/\",\"url\":\"https:\\\/\\\/bladnanews.com\\\/wp-content\\\/uploads\\\/2025\\\/12\\\/logo-bladnanews-V2-web-black-red.png\",\"contentUrl\":\"https:\\\/\\\/bladnanews.com\\\/wp-content\\\/uploads\\\/2025\\\/12\\\/logo-bladnanews-V2-web-black-red.png\",\"width\":703,\"height\":287,\"caption\":\"Bladna News.com\"},\"image\":{\"@id\":\"https:\\\/\\\/mediumseagreen-eel-531711.hostingersite.com\\\/#\\\/schema\\\/logo\\\/image\\\/\"},\"email\":\"info@bladnanews.com\",\"legalName\":\"Bladna News\"},{\"@type\":\"Person\",\"@id\":\"https:\\\/\\\/mediumseagreen-eel-531711.hostingersite.com\\\/#\\\/schema\\\/person\\\/268e18a453ab080ebf76df6ef7845083\",\"name\":\"Bladna News Staff\",\"url\":\"https:\\\/\\\/bladnanews.com\\\/fr\\\/author\\\/bladna-news-staff\\\/\"}]}<\/script>\n<!-- \/ Yoast SEO Premium plugin. -->","yoast_head_json":{"title":"Le S\u00e9n\u00e9gal risque des sanctions apr\u00e8s avoir quitt\u00e9 le terrain dans le chaos de la finale de la CAN - Bladna News","robots":{"index":"index","follow":"follow","max-snippet":"max-snippet:-1","max-image-preview":"max-image-preview:large","max-video-preview":"max-video-preview:-1"},"canonical":"https:\/\/bladnanews.com\/fr\/le-senegal-risque-une-sanction-apres-avoir-quitte-le-terrain-lors-du-chaos-de-la-finale-de-la-can\/","og_locale":"fr_FR","og_type":"article","og_title":"Senegal face punishment after walking off in AFCON final chaos","og_description":"Senegal could face punishment after their players walked off during the Women\u2019s Africa Cup of Nations final, as the showpiece [&hellip;]","og_url":"https:\/\/bladnanews.com\/fr\/le-senegal-risque-une-sanction-apres-avoir-quitte-le-terrain-lors-du-chaos-de-la-finale-de-la-can\/","og_site_name":"Bladna News","article_published_time":"2026-01-19T12:06:17+00:00","og_image":[{"width":1312,"height":736,"url":"https:\/\/bladnanews.com\/wp-content\/uploads\/2025\/12\/freepik__bladna-newscom-moroccan-soccer-homepage-banner-mor__41838.png","type":"image\/png"}],"author":"Bladna News Staff","twitter_card":"summary_large_image","twitter_misc":{"\u00c9crit par":"Bladna News Staff","Dur\u00e9e de lecture estim\u00e9e":"1 minute"},"schema":{"@context":"https:\/\/schema.org","@graph":[{"@type":"Article","@id":"https:\/\/bladnanews.com\/senegal-face-punishment-after-walking-off-in-afcon-final-chaos\/#article","isPartOf":{"@id":"https:\/\/bladnanews.com\/senegal-face-punishment-after-walking-off-in-afcon-final-chaos\/"},"author":{"name":"Bladna News Staff","@id":"https:\/\/mediumseagreen-eel-531711.hostingersite.com\/#\/schema\/person\/268e18a453ab080ebf76df6ef7845083"},"headline":"Senegal face punishment after walking off in AFCON final chaos","datePublished":"2026-01-19T12:06:17+00:00","mainEntityOfPage":{"@id":"https:\/\/bladnanews.com\/senegal-face-punishment-after-walking-off-in-afcon-final-chaos\/"},"wordCount":219,"publisher":{"@id":"https:\/\/mediumseagreen-eel-531711.hostingersite.com\/#organization"},"image":{"@id":"https:\/\/bladnanews.com\/senegal-face-punishment-after-walking-off-in-afcon-final-chaos\/#primaryimage"},"thumbnailUrl":"https:\/\/bladnanews.com\/wp-content\/uploads\/2026\/01\/BladnaNews-Senegal-face-punishment-after-walking-off-in-AFCON-final-chaos-2026-01-19T211016.438Z-scaled.jpg","articleSection":["International","Latest News"],"inLanguage":"fr-FR","copyrightYear":"2026","copyrightHolder":{"@id":"https:\/\/bladnanews.com\/fr\/#organization"}},{"@type":"WebPage","@id":"https:\/\/bladnanews.com\/senegal-face-punishment-after-walking-off-in-afcon-final-chaos\/","url":"https:\/\/bladnanews.com\/senegal-face-punishment-after-walking-off-in-afcon-final-chaos\/","name":"Le S\u00e9n\u00e9gal risque des sanctions apr\u00e8s avoir quitt\u00e9 le terrain dans le chaos de la finale de la CAN - Bladna News","isPartOf":{"@id":"https:\/\/mediumseagreen-eel-531711.hostingersite.com\/#website"},"primaryImageOfPage":{"@id":"https:\/\/bladnanews.com\/senegal-face-punishment-after-walking-off-in-afcon-final-chaos\/#primaryimage"},"image":{"@id":"https:\/\/bladnanews.com\/senegal-face-punishment-after-walking-off-in-afcon-final-chaos\/#primaryimage"},"thumbnailUrl":"https:\/\/bladnanews.com\/wp-content\/uploads\/2026\/01\/BladnaNews-Senegal-face-punishment-after-walking-off-in-AFCON-final-chaos-2026-01-19T211016.438Z-scaled.jpg","datePublished":"2026-01-19T12:06:17+00:00","breadcrumb":{"@id":"https:\/\/bladnanews.com\/senegal-face-punishment-after-walking-off-in-afcon-final-chaos\/#breadcrumb"},"inLanguage":"fr-FR","potentialAction":[{"@type":"ReadAction","target":["https:\/\/bladnanews.com\/senegal-face-punishment-after-walking-off-in-afcon-final-chaos\/"]}]},{"@type":"ImageObject","inLanguage":"fr-FR","@id":"https:\/\/bladnanews.com\/senegal-face-punishment-after-walking-off-in-afcon-final-chaos\/#primaryimage","url":"https:\/\/bladnanews.com\/wp-content\/uploads\/2026\/01\/BladnaNews-Senegal-face-punishment-after-walking-off-in-AFCON-final-chaos-2026-01-19T211016.438Z-scaled.jpg","contentUrl":"https:\/\/bladnanews.com\/wp-content\/uploads\/2026\/01\/BladnaNews-Senegal-face-punishment-after-walking-off-in-AFCON-final-chaos-2026-01-19T211016.438Z-scaled.jpg","width":2560,"height":1440,"caption":"Sadio Man\u00e9 celebrates lifting the AFCON trophy, surrounded by teammates in green jerseys, showered with rain and joy."},{"@type":"BreadcrumbList","@id":"https:\/\/bladnanews.com\/senegal-face-punishment-after-walking-off-in-afcon-final-chaos\/#breadcrumb","itemListElement":[{"@type":"ListItem","position":1,"name":"Home","item":"https:\/\/bladnanews.com\/"},{"@type":"ListItem","position":2,"name":"Senegal face punishment after walking off in AFCON final chaos"}]},{"@type":"WebSite","@id":"https:\/\/mediumseagreen-eel-531711.hostingersite.com\/#website","url":"https:\/\/mediumseagreen-eel-531711.hostingersite.com\/","name":"Bladna News - Maroc","description":"Quand le football marocain rencontre le monde","publisher":{"@id":"https:\/\/mediumseagreen-eel-531711.hostingersite.com\/#organization"},"potentialAction":[{"@type":"SearchAction","target":{"@type":"EntryPoint","urlTemplate":"https:\/\/mediumseagreen-eel-531711.hostingersite.com\/?s={search_term_string}"},"query-input":{"@type":"PropertyValueSpecification","valueRequired":true,"valueName":"search_term_string"}}],"inLanguage":"fr-FR"},{"@type":"Organization","@id":"https:\/\/mediumseagreen-eel-531711.hostingersite.com\/#organization","name":"Bladna News.com","url":"https:\/\/mediumseagreen-eel-531711.hostingersite.com\/","logo":{"@type":"ImageObject","inLanguage":"fr-FR","@id":"https:\/\/mediumseagreen-eel-531711.hostingersite.com\/#\/schema\/logo\/image\/","url":"https:\/\/bladnanews.com\/wp-content\/uploads\/2025\/12\/logo-bladnanews-V2-web-black-red.png","contentUrl":"https:\/\/bladnanews.com\/wp-content\/uploads\/2025\/12\/logo-bladnanews-V2-web-black-red.png","width":703,"height":287,"caption":"Bladna News.com"},"image":{"@id":"https:\/\/mediumseagreen-eel-531711.hostingersite.com\/#\/schema\/logo\/image\/"},"email":"info@bladnanews.com","legalName":"Bladna News"},{"@type":"Person","@id":"https:\/\/mediumseagreen-eel-531711.hostingersite.com\/#\/schema\/person\/268e18a453ab080ebf76df6ef7845083","name":"\u00c9quipe r\u00e9dactionnelle de Bladna News","url":"https:\/\/bladnanews.com\/fr\/author\/bladna-news-staff\/"}]}},"_links":{"self":[{"href":"https:\/\/bladnanews.com\/fr\/wp-json\/wp\/v2\/posts\/6954","targetHints":{"allow":["GET"]}}],"collection":[{"href":"https:\/\/bladnanews.com\/fr\/wp-json\/wp\/v2\/posts"}],"about":[{"href":"https:\/\/bladnanews.com\/fr\/wp-json\/wp\/v2\/types\/post"}],"author":[{"embeddable":true,"href":"https:\/\/bladnanews.com\/fr\/wp-json\/wp\/v2\/users\/3"}],"replies":[{"embeddable":true,"href":"https:\/\/bladnanews.com\/fr\/wp-json\/wp\/v2\/comments?post=6954"}],"version-history":[{"count":0,"href":"https:\/\/bladnanews.com\/fr\/wp-json\/wp\/v2\/posts\/6954\/revisions"}],"wp:featuredmedia":[{"embeddable":true,"href":"https:\/\/bladnanews.com\/fr\/wp-json\/wp\/v2\/media\/6953"}],"wp:attachment":[{"href":"https:\/\/bladnanews.com\/fr\/wp-json\/wp\/v2\/media?parent=6954"}],"wp:term":[{"taxonomy":"category","embeddable":true,"href":"https:\/\/bladnanews.com\/fr\/wp-json\/wp\/v2\/categories?post=6954"},{"taxonomy":"post_tag","embeddable":true,"href":"https:\/\/bladnanews.com\/fr\/wp-json\/wp\/v2\/tags?post=6954"}],"curies":[{"name":"wp","href":"https:\/\/api.w.org\/{rel}","templated":true}]}}