{"id":6956,"date":"2026-01-19T12:15:33","date_gmt":"2026-01-19T12:15:33","guid":{"rendered":"https:\/\/bladnanews.com\/tottenham-star-rushed-to-hospital-after-illness-in-afcon-final\/"},"modified":"2026-01-19T12:15:33","modified_gmt":"2026-01-19T12:15:33","slug":"la-star-de-tottenham-sest-precipitee-a-lhopital-apres-un-malaise-lors-de-la-finale-de-la-can","status":"publish","type":"post","link":"https:\/\/bladnanews.com\/fr\/la-star-de-tottenham-sest-precipitee-a-lhopital-apres-un-malaise-lors-de-la-finale-de-la-can\/","title":{"rendered":"Une star de Tottenham transport\u00e9e d'urgence \u00e0 l'h\u00f4pital apr\u00e8s un malaise en finale de la CAN."},"content":{"rendered":"<p><strong>Une star de Tottenham transport\u00e9e d'urgence \u00e0 l'h\u00f4pital apr\u00e8s un malaise en finale de la CAN.<\/strong><\/p>\n<p>D\u00e9fenseur de Tottenham <strong>Pape Matar Sarr<\/strong> a \u00e9t\u00e9 transport\u00e9 d'urgence \u00e0 l'h\u00f4pital apr\u00e8s \u00eatre tomb\u00e9 malade pendant <strong>la victoire finale du S\u00e9n\u00e9gal en Coupe d'Afrique des Nations face au pays h\u00f4te, le Maroc,<\/strong>, dans une fin de tournoi chaotique.<\/p>\n<p>Sarr, qui faisait partie du groupe match du S\u00e9n\u00e9gal pour la finale, s'est senti mal pendant le match et a n\u00e9cessit\u00e9 une attention m\u00e9dicale. Il a \u00e9t\u00e9 conduit \u00e0 l'h\u00f4pital par pr\u00e9caution tandis que le S\u00e9n\u00e9gal remportait le titre de la CAN.<\/p>\n<p>La finale elle-m\u00eame s'est d\u00e9roul\u00e9e dans une atmosph\u00e8re tendue et a connu plusieurs arr\u00eats de jeu et moments de tension alors que le Maroc, port\u00e9 par son public, cherchait une r\u00e9action tardive. Le S\u00e9n\u00e9gal a gard\u00e9 son sang-froid pour assurer la victoire et soulever le troph\u00e9e.<\/p>\n<p>Apr\u00e8s le match, il a \u00e9t\u00e9 r\u00e9v\u00e9l\u00e9 que Sarr avait \u00e9t\u00e9 conduit \u00e0 l'h\u00f4pital suite \u00e0 son malaise pendant la rencontre. Rien ne laissait supposer un probl\u00e8me \u00e0 long terme, mais le milieu de terrain a \u00e9t\u00e9 surveill\u00e9 par le personnel m\u00e9dical tandis que le S\u00e9n\u00e9gal c\u00e9l\u00e9brait son triomphe.<\/p>\n<p>Sarr devrait maintenant retourner \u00e0 Tottenham avant la prochaine phase de la saison, une fois que les examens hospitaliers lui auront donn\u00e9 le feu vert.<\/p>","protected":false},"excerpt":{"rendered":"<p>Tottenham star rushed to hospital after illness in AFCON final Tottenham defender Pape Matar Sarr was rushed to hospital after [&hellip;]<\/p>\n","protected":false},"author":3,"featured_media":6955,"comment_status":"","ping_status":"open","sticky":false,"template":"","format":"standard","meta":{"googlesitekit_rrm_CAow_uzEDA:productID":"","site-sidebar-layout":"default","site-content-layout":"","ast-site-content-layout":"default","site-content-style":"default","site-sidebar-style":"default","ast-global-header-display":"","ast-banner-title-visibility":"","ast-main-header-display":"","ast-hfb-above-header-display":"","ast-hfb-below-header-display":"","ast-hfb-mobile-header-display":"","site-post-title":"","ast-breadcrumbs-content":"","ast-featured-img":"","footer-sml-layout":"","ast-disable-related-posts":"","theme-transparent-header-meta":"","adv-header-id-meta":"","stick-header-meta":"","header-above-stick-meta":"","header-main-stick-meta":"","header-below-stick-meta":"","astra-migrate-meta-layouts":"default","ast-page-background-enabled":"default","ast-page-background-meta":{"desktop":{"background-color":"var(--ast-global-color-5)","background-image":"","background-repeat":"repeat","background-position":"center center","background-size":"auto","background-attachment":"scroll","background-type":"","background-media":"","overlay-type":"","overlay-color":"","overlay-opacity":"","overlay-gradient":""},"tablet":{"background-color":"","background-image":"","background-repeat":"repeat","background-position":"center center","background-size":"auto","background-attachment":"scroll","background-type":"","background-media":"","overlay-type":"","overlay-color":"","overlay-opacity":"","overlay-gradient":""},"mobile":{"background-color":"","background-image":"","background-repeat":"repeat","background-position":"center center","background-size":"auto","background-attachment":"scroll","background-type":"","background-media":"","overlay-type":"","overlay-color":"","overlay-opacity":"","overlay-gradient":""}},"ast-content-background-meta":{"desktop":{"background-color":"var(--ast-global-color-4)","background-image":"","background-repeat":"repeat","background-position":"center center","background-size":"auto","background-attachment":"scroll","background-type":"","background-media":"","overlay-type":"","overlay-color":"","overlay-opacity":"","overlay-gradient":""},"tablet":{"background-color":"var(--ast-global-color-4)","background-image":"","background-repeat":"repeat","background-position":"center center","background-size":"auto","background-attachment":"scroll","background-type":"","background-media":"","overlay-type":"","overlay-color":"","overlay-opacity":"","overlay-gradient":""},"mobile":{"background-color":"var(--ast-global-color-4)","background-image":"","background-repeat":"repeat","background-position":"center center","background-size":"auto","background-attachment":"scroll","background-type":"","background-media":"","overlay-type":"","overlay-color":"","overlay-opacity":"","overlay-gradient":""}},"footnotes":""},"categories":[20,1],"tags":[],"class_list":["post-6956","post","type-post","status-publish","format-standard","has-post-thumbnail","hentry","category-international","category-football-latest-news"],"yoast_head":"<!-- This site is optimized with the Yoast SEO Premium plugin v26.6 (Yoast SEO v27.5) - https:\/\/yoast.com\/product\/yoast-seo-premium-wordpress\/ -->\n<title>Tottenham star rushed to hospital after illness in AFCON final - Bladna News<\/title>\n<meta name=\"robots\" content=\"index, follow, max-snippet:-1, max-image-preview:large, max-video-preview:-1\" \/>\n<link rel=\"canonical\" href=\"https:\/\/bladnanews.com\/fr\/la-star-de-tottenham-sest-precipitee-a-lhopital-apres-un-malaise-lors-de-la-finale-de-la-can\/\" \/>\n<meta property=\"og:locale\" content=\"fr_FR\" \/>\n<meta property=\"og:type\" content=\"article\" \/>\n<meta property=\"og:title\" content=\"Tottenham star rushed to hospital after illness in AFCON final\" \/>\n<meta property=\"og:description\" content=\"Tottenham star rushed to hospital after illness in AFCON final Tottenham defender Pape Matar Sarr was rushed to hospital after [&hellip;]\" \/>\n<meta property=\"og:url\" content=\"https:\/\/bladnanews.com\/fr\/la-star-de-tottenham-sest-precipitee-a-lhopital-apres-un-malaise-lors-de-la-finale-de-la-can\/\" \/>\n<meta property=\"og:site_name\" content=\"Bladna News\" \/>\n<meta property=\"article:published_time\" content=\"2026-01-19T12:15:33+00:00\" \/>\n<meta property=\"og:image\" content=\"https:\/\/bladnanews.com\/wp-content\/uploads\/2025\/12\/freepik__bladna-newscom-moroccan-soccer-homepage-banner-mor__41838.png\" \/>\n\t<meta property=\"og:image:width\" content=\"1312\" \/>\n\t<meta property=\"og:image:height\" content=\"736\" \/>\n\t<meta property=\"og:image:type\" content=\"image\/png\" \/>\n<meta name=\"author\" content=\"Bladna News Staff\" \/>\n<meta name=\"twitter:card\" content=\"summary_large_image\" \/>\n<meta name=\"twitter:label1\" content=\"\u00c9crit par\" \/>\n\t<meta name=\"twitter:data1\" content=\"Bladna News Staff\" \/>\n\t<meta name=\"twitter:label2\" content=\"Dur\u00e9e de lecture estim\u00e9e\" \/>\n\t<meta name=\"twitter:data2\" content=\"1 minute\" \/>\n<script type=\"application\/ld+json\" class=\"yoast-schema-graph\">{\"@context\":\"https:\\\/\\\/schema.org\",\"@graph\":[{\"@type\":\"Article\",\"@id\":\"https:\\\/\\\/bladnanews.com\\\/tottenham-star-rushed-to-hospital-after-illness-in-afcon-final\\\/#article\",\"isPartOf\":{\"@id\":\"https:\\\/\\\/bladnanews.com\\\/tottenham-star-rushed-to-hospital-after-illness-in-afcon-final\\\/\"},\"author\":{\"name\":\"Bladna News Staff\",\"@id\":\"https:\\\/\\\/mediumseagreen-eel-531711.hostingersite.com\\\/#\\\/schema\\\/person\\\/268e18a453ab080ebf76df6ef7845083\"},\"headline\":\"Tottenham star rushed to hospital after illness in AFCON final\",\"datePublished\":\"2026-01-19T12:15:33+00:00\",\"mainEntityOfPage\":{\"@id\":\"https:\\\/\\\/bladnanews.com\\\/tottenham-star-rushed-to-hospital-after-illness-in-afcon-final\\\/\"},\"wordCount\":197,\"publisher\":{\"@id\":\"https:\\\/\\\/mediumseagreen-eel-531711.hostingersite.com\\\/#organization\"},\"image\":{\"@id\":\"https:\\\/\\\/bladnanews.com\\\/tottenham-star-rushed-to-hospital-after-illness-in-afcon-final\\\/#primaryimage\"},\"thumbnailUrl\":\"https:\\\/\\\/bladnanews.com\\\/wp-content\\\/uploads\\\/2026\\\/01\\\/BladnaNews-Tottenham-star-rushed-to-hospital-after-illness-in-AFCON-final-2026-01-19T211042.417Z.jpg\",\"articleSection\":[\"International\",\"Latest News\"],\"inLanguage\":\"fr-FR\",\"copyrightYear\":\"2026\",\"copyrightHolder\":{\"@id\":\"https:\\\/\\\/bladnanews.com\\\/fr\\\/#organization\"}},{\"@type\":\"WebPage\",\"@id\":\"https:\\\/\\\/bladnanews.com\\\/tottenham-star-rushed-to-hospital-after-illness-in-afcon-final\\\/\",\"url\":\"https:\\\/\\\/bladnanews.com\\\/tottenham-star-rushed-to-hospital-after-illness-in-afcon-final\\\/\",\"name\":\"Tottenham star rushed to hospital after illness in AFCON final - Bladna News\",\"isPartOf\":{\"@id\":\"https:\\\/\\\/mediumseagreen-eel-531711.hostingersite.com\\\/#website\"},\"primaryImageOfPage\":{\"@id\":\"https:\\\/\\\/bladnanews.com\\\/tottenham-star-rushed-to-hospital-after-illness-in-afcon-final\\\/#primaryimage\"},\"image\":{\"@id\":\"https:\\\/\\\/bladnanews.com\\\/tottenham-star-rushed-to-hospital-after-illness-in-afcon-final\\\/#primaryimage\"},\"thumbnailUrl\":\"https:\\\/\\\/bladnanews.com\\\/wp-content\\\/uploads\\\/2026\\\/01\\\/BladnaNews-Tottenham-star-rushed-to-hospital-after-illness-in-AFCON-final-2026-01-19T211042.417Z.jpg\",\"datePublished\":\"2026-01-19T12:15:33+00:00\",\"breadcrumb\":{\"@id\":\"https:\\\/\\\/bladnanews.com\\\/tottenham-star-rushed-to-hospital-after-illness-in-afcon-final\\\/#breadcrumb\"},\"inLanguage\":\"fr-FR\",\"potentialAction\":[{\"@type\":\"ReadAction\",\"target\":[\"https:\\\/\\\/bladnanews.com\\\/tottenham-star-rushed-to-hospital-after-illness-in-afcon-final\\\/\"]}]},{\"@type\":\"ImageObject\",\"inLanguage\":\"fr-FR\",\"@id\":\"https:\\\/\\\/bladnanews.com\\\/tottenham-star-rushed-to-hospital-after-illness-in-afcon-final\\\/#primaryimage\",\"url\":\"https:\\\/\\\/bladnanews.com\\\/wp-content\\\/uploads\\\/2026\\\/01\\\/BladnaNews-Tottenham-star-rushed-to-hospital-after-illness-in-AFCON-final-2026-01-19T211042.417Z.jpg\",\"contentUrl\":\"https:\\\/\\\/bladnanews.com\\\/wp-content\\\/uploads\\\/2026\\\/01\\\/BladnaNews-Tottenham-star-rushed-to-hospital-after-illness-in-AFCON-final-2026-01-19T211042.417Z.jpg\",\"width\":1920,\"height\":1080,\"caption\":\"Senegalese player in a vibrant green kit with yellow accents, focused on the game during the AFCON final.\"},{\"@type\":\"BreadcrumbList\",\"@id\":\"https:\\\/\\\/bladnanews.com\\\/tottenham-star-rushed-to-hospital-after-illness-in-afcon-final\\\/#breadcrumb\",\"itemListElement\":[{\"@type\":\"ListItem\",\"position\":1,\"name\":\"Home\",\"item\":\"https:\\\/\\\/bladnanews.com\\\/\"},{\"@type\":\"ListItem\",\"position\":2,\"name\":\"Tottenham star rushed to hospital after illness in AFCON final\"}]},{\"@type\":\"WebSite\",\"@id\":\"https:\\\/\\\/mediumseagreen-eel-531711.hostingersite.com\\\/#website\",\"url\":\"https:\\\/\\\/mediumseagreen-eel-531711.hostingersite.com\\\/\",\"name\":\"Bladna News - Morocco\",\"description\":\"Where Moroccan Football Meets the World\",\"publisher\":{\"@id\":\"https:\\\/\\\/mediumseagreen-eel-531711.hostingersite.com\\\/#organization\"},\"potentialAction\":[{\"@type\":\"SearchAction\",\"target\":{\"@type\":\"EntryPoint\",\"urlTemplate\":\"https:\\\/\\\/mediumseagreen-eel-531711.hostingersite.com\\\/?s={search_term_string}\"},\"query-input\":{\"@type\":\"PropertyValueSpecification\",\"valueRequired\":true,\"valueName\":\"search_term_string\"}}],\"inLanguage\":\"fr-FR\"},{\"@type\":\"Organization\",\"@id\":\"https:\\\/\\\/mediumseagreen-eel-531711.hostingersite.com\\\/#organization\",\"name\":\"Bladna News.com\",\"url\":\"https:\\\/\\\/mediumseagreen-eel-531711.hostingersite.com\\\/\",\"logo\":{\"@type\":\"ImageObject\",\"inLanguage\":\"fr-FR\",\"@id\":\"https:\\\/\\\/mediumseagreen-eel-531711.hostingersite.com\\\/#\\\/schema\\\/logo\\\/image\\\/\",\"url\":\"https:\\\/\\\/bladnanews.com\\\/wp-content\\\/uploads\\\/2025\\\/12\\\/logo-bladnanews-V2-web-black-red.png\",\"contentUrl\":\"https:\\\/\\\/bladnanews.com\\\/wp-content\\\/uploads\\\/2025\\\/12\\\/logo-bladnanews-V2-web-black-red.png\",\"width\":703,\"height\":287,\"caption\":\"Bladna News.com\"},\"image\":{\"@id\":\"https:\\\/\\\/mediumseagreen-eel-531711.hostingersite.com\\\/#\\\/schema\\\/logo\\\/image\\\/\"},\"email\":\"info@bladnanews.com\",\"legalName\":\"Bladna News\"},{\"@type\":\"Person\",\"@id\":\"https:\\\/\\\/mediumseagreen-eel-531711.hostingersite.com\\\/#\\\/schema\\\/person\\\/268e18a453ab080ebf76df6ef7845083\",\"name\":\"Bladna News Staff\",\"url\":\"https:\\\/\\\/bladnanews.com\\\/fr\\\/author\\\/bladna-news-staff\\\/\"}]}<\/script>\n<!-- \/ Yoast SEO Premium plugin. -->","yoast_head_json":{"title":"Star de Tottenham transport\u00e9 d'urgence \u00e0 l'h\u00f4pital apr\u00e8s un malaise lors de la finale de la CAN - Bladna News","robots":{"index":"index","follow":"follow","max-snippet":"max-snippet:-1","max-image-preview":"max-image-preview:large","max-video-preview":"max-video-preview:-1"},"canonical":"https:\/\/bladnanews.com\/fr\/la-star-de-tottenham-sest-precipitee-a-lhopital-apres-un-malaise-lors-de-la-finale-de-la-can\/","og_locale":"fr_FR","og_type":"article","og_title":"Tottenham star rushed to hospital after illness in AFCON final","og_description":"Tottenham star rushed to hospital after illness in AFCON final Tottenham defender Pape Matar Sarr was rushed to hospital after [&hellip;]","og_url":"https:\/\/bladnanews.com\/fr\/la-star-de-tottenham-sest-precipitee-a-lhopital-apres-un-malaise-lors-de-la-finale-de-la-can\/","og_site_name":"Bladna News","article_published_time":"2026-01-19T12:15:33+00:00","og_image":[{"width":1312,"height":736,"url":"https:\/\/bladnanews.com\/wp-content\/uploads\/2025\/12\/freepik__bladna-newscom-moroccan-soccer-homepage-banner-mor__41838.png","type":"image\/png"}],"author":"Bladna News Staff","twitter_card":"summary_large_image","twitter_misc":{"\u00c9crit par":"Bladna News Staff","Dur\u00e9e de lecture estim\u00e9e":"1 minute"},"schema":{"@context":"https:\/\/schema.org","@graph":[{"@type":"Article","@id":"https:\/\/bladnanews.com\/tottenham-star-rushed-to-hospital-after-illness-in-afcon-final\/#article","isPartOf":{"@id":"https:\/\/bladnanews.com\/tottenham-star-rushed-to-hospital-after-illness-in-afcon-final\/"},"author":{"name":"Bladna News Staff","@id":"https:\/\/mediumseagreen-eel-531711.hostingersite.com\/#\/schema\/person\/268e18a453ab080ebf76df6ef7845083"},"headline":"Tottenham star rushed to hospital after illness in AFCON final","datePublished":"2026-01-19T12:15:33+00:00","mainEntityOfPage":{"@id":"https:\/\/bladnanews.com\/tottenham-star-rushed-to-hospital-after-illness-in-afcon-final\/"},"wordCount":197,"publisher":{"@id":"https:\/\/mediumseagreen-eel-531711.hostingersite.com\/#organization"},"image":{"@id":"https:\/\/bladnanews.com\/tottenham-star-rushed-to-hospital-after-illness-in-afcon-final\/#primaryimage"},"thumbnailUrl":"https:\/\/bladnanews.com\/wp-content\/uploads\/2026\/01\/BladnaNews-Tottenham-star-rushed-to-hospital-after-illness-in-AFCON-final-2026-01-19T211042.417Z.jpg","articleSection":["International","Latest News"],"inLanguage":"fr-FR","copyrightYear":"2026","copyrightHolder":{"@id":"https:\/\/bladnanews.com\/fr\/#organization"}},{"@type":"WebPage","@id":"https:\/\/bladnanews.com\/tottenham-star-rushed-to-hospital-after-illness-in-afcon-final\/","url":"https:\/\/bladnanews.com\/tottenham-star-rushed-to-hospital-after-illness-in-afcon-final\/","name":"Star de Tottenham transport\u00e9 d'urgence \u00e0 l'h\u00f4pital apr\u00e8s un malaise lors de la finale de la CAN - Bladna News","isPartOf":{"@id":"https:\/\/mediumseagreen-eel-531711.hostingersite.com\/#website"},"primaryImageOfPage":{"@id":"https:\/\/bladnanews.com\/tottenham-star-rushed-to-hospital-after-illness-in-afcon-final\/#primaryimage"},"image":{"@id":"https:\/\/bladnanews.com\/tottenham-star-rushed-to-hospital-after-illness-in-afcon-final\/#primaryimage"},"thumbnailUrl":"https:\/\/bladnanews.com\/wp-content\/uploads\/2026\/01\/BladnaNews-Tottenham-star-rushed-to-hospital-after-illness-in-AFCON-final-2026-01-19T211042.417Z.jpg","datePublished":"2026-01-19T12:15:33+00:00","breadcrumb":{"@id":"https:\/\/bladnanews.com\/tottenham-star-rushed-to-hospital-after-illness-in-afcon-final\/#breadcrumb"},"inLanguage":"fr-FR","potentialAction":[{"@type":"ReadAction","target":["https:\/\/bladnanews.com\/tottenham-star-rushed-to-hospital-after-illness-in-afcon-final\/"]}]},{"@type":"ImageObject","inLanguage":"fr-FR","@id":"https:\/\/bladnanews.com\/tottenham-star-rushed-to-hospital-after-illness-in-afcon-final\/#primaryimage","url":"https:\/\/bladnanews.com\/wp-content\/uploads\/2026\/01\/BladnaNews-Tottenham-star-rushed-to-hospital-after-illness-in-AFCON-final-2026-01-19T211042.417Z.jpg","contentUrl":"https:\/\/bladnanews.com\/wp-content\/uploads\/2026\/01\/BladnaNews-Tottenham-star-rushed-to-hospital-after-illness-in-AFCON-final-2026-01-19T211042.417Z.jpg","width":1920,"height":1080,"caption":"Senegalese player in a vibrant green kit with yellow accents, focused on the game during the AFCON final."},{"@type":"BreadcrumbList","@id":"https:\/\/bladnanews.com\/tottenham-star-rushed-to-hospital-after-illness-in-afcon-final\/#breadcrumb","itemListElement":[{"@type":"ListItem","position":1,"name":"Home","item":"https:\/\/bladnanews.com\/"},{"@type":"ListItem","position":2,"name":"Tottenham star rushed to hospital after illness in AFCON final"}]},{"@type":"WebSite","@id":"https:\/\/mediumseagreen-eel-531711.hostingersite.com\/#website","url":"https:\/\/mediumseagreen-eel-531711.hostingersite.com\/","name":"Bladna News - Maroc","description":"Quand le football marocain rencontre le monde","publisher":{"@id":"https:\/\/mediumseagreen-eel-531711.hostingersite.com\/#organization"},"potentialAction":[{"@type":"SearchAction","target":{"@type":"EntryPoint","urlTemplate":"https:\/\/mediumseagreen-eel-531711.hostingersite.com\/?s={search_term_string}"},"query-input":{"@type":"PropertyValueSpecification","valueRequired":true,"valueName":"search_term_string"}}],"inLanguage":"fr-FR"},{"@type":"Organization","@id":"https:\/\/mediumseagreen-eel-531711.hostingersite.com\/#organization","name":"Bladna News.com","url":"https:\/\/mediumseagreen-eel-531711.hostingersite.com\/","logo":{"@type":"ImageObject","inLanguage":"fr-FR","@id":"https:\/\/mediumseagreen-eel-531711.hostingersite.com\/#\/schema\/logo\/image\/","url":"https:\/\/bladnanews.com\/wp-content\/uploads\/2025\/12\/logo-bladnanews-V2-web-black-red.png","contentUrl":"https:\/\/bladnanews.com\/wp-content\/uploads\/2025\/12\/logo-bladnanews-V2-web-black-red.png","width":703,"height":287,"caption":"Bladna News.com"},"image":{"@id":"https:\/\/mediumseagreen-eel-531711.hostingersite.com\/#\/schema\/logo\/image\/"},"email":"info@bladnanews.com","legalName":"Bladna News"},{"@type":"Person","@id":"https:\/\/mediumseagreen-eel-531711.hostingersite.com\/#\/schema\/person\/268e18a453ab080ebf76df6ef7845083","name":"\u00c9quipe r\u00e9dactionnelle de Bladna News","url":"https:\/\/bladnanews.com\/fr\/author\/bladna-news-staff\/"}]}},"_links":{"self":[{"href":"https:\/\/bladnanews.com\/fr\/wp-json\/wp\/v2\/posts\/6956","targetHints":{"allow":["GET"]}}],"collection":[{"href":"https:\/\/bladnanews.com\/fr\/wp-json\/wp\/v2\/posts"}],"about":[{"href":"https:\/\/bladnanews.com\/fr\/wp-json\/wp\/v2\/types\/post"}],"author":[{"embeddable":true,"href":"https:\/\/bladnanews.com\/fr\/wp-json\/wp\/v2\/users\/3"}],"replies":[{"embeddable":true,"href":"https:\/\/bladnanews.com\/fr\/wp-json\/wp\/v2\/comments?post=6956"}],"version-history":[{"count":0,"href":"https:\/\/bladnanews.com\/fr\/wp-json\/wp\/v2\/posts\/6956\/revisions"}],"wp:featuredmedia":[{"embeddable":true,"href":"https:\/\/bladnanews.com\/fr\/wp-json\/wp\/v2\/media\/6955"}],"wp:attachment":[{"href":"https:\/\/bladnanews.com\/fr\/wp-json\/wp\/v2\/media?parent=6956"}],"wp:term":[{"taxonomy":"category","embeddable":true,"href":"https:\/\/bladnanews.com\/fr\/wp-json\/wp\/v2\/categories?post=6956"},{"taxonomy":"post_tag","embeddable":true,"href":"https:\/\/bladnanews.com\/fr\/wp-json\/wp\/v2\/tags?post=6956"}],"curies":[{"name":"wp","href":"https:\/\/api.w.org\/{rel}","templated":true}]}}