{"id":6974,"date":"2026-01-19T12:54:15","date_gmt":"2026-01-19T12:54:15","guid":{"rendered":"https:\/\/bladnanews.com\/xabi-alonso-to-decide-his-future-in-march-amid-links\/"},"modified":"2026-01-19T12:54:15","modified_gmt":"2026-01-19T12:54:15","slug":"xabi-alonso-decidera-de-son-avenir-en-mars-alors-que-des-rumeurs-de-transfert-circulent","status":"publish","type":"post","link":"https:\/\/bladnanews.com\/fr\/xabi-alonso-decidera-de-son-avenir-en-mars-alors-que-des-rumeurs-de-transfert-circulent\/","title":{"rendered":"Xabi Alonso d\u00e9cidera de son futur en mars malgr\u00e9 les rumeurs."},"content":{"rendered":"<p>Xabi Alonso devrait d\u00e9cider de son avenir en mars, alors que les sp\u00e9culations concernant son prochain mouvement continuent de cro\u00eetre.<\/p>\n<p>La l\u00e9gende de Liverpool est fortement pressentie pour occuper l'un des postes les plus prestigieux d'Europe apr\u00e8s son travail remarquable au Bayer Leverkusen, plusieurs directions manifestant leur int\u00e9r\u00eat \u00e0 l'approche de l'\u00e9t\u00e9.<\/p>\n<p>Il a d\u00e9sormais \u00e9t\u00e9 r\u00e9v\u00e9l\u00e9 qu'Alonso prendra une d\u00e9cision finale concernant ses projets en mars, apr\u00e8s de nouvelles discussions avec Leverkusen alors que la saison entre dans une phase cruciale. L'entra\u00eeneur espagnol est rest\u00e9 concentr\u00e9 sur la campagne en cours et ne s'est pas publiquement engag\u00e9 \u00e0 rester au-del\u00e0 de la saison actuelle.<\/p>\n<p>Les discussions sur un \u00e9ventuel retour en Premier League demeurent en arri\u00e8re-plan, tandis que le Real Madrid a \u00e9galement \u00e9t\u00e9 mentionn\u00e9 parmi les clubs surveillant la situation.<\/p>\n<p>Parall\u00e8lement, l'ancien manager du Real Madrid Julen Lopetegui, licenci\u00e9 par le g\u00e9ant espagnol en 2018, envisage un retour en Premier League alors qu'il recherche son prochain r\u00f4le.<\/p>\n<p>Le calendrier d'Alonso signifie qu'une vision plus claire devrait \u00e9merger le mois prochain, les clubs devant mieux comprendre sa position avant que les d\u00e9cisions ne s'acc\u00e9l\u00e8rent \u00e0 l'approche du mercato estival.<\/p>","protected":false},"excerpt":{"rendered":"<p>Xabi Alonso is set to decide his future in March as speculation continues to grow around his next move. The [&hellip;]<\/p>\n","protected":false},"author":3,"featured_media":6973,"comment_status":"","ping_status":"open","sticky":false,"template":"","format":"standard","meta":{"googlesitekit_rrm_CAow_uzEDA:productID":"","site-sidebar-layout":"default","site-content-layout":"","ast-site-content-layout":"default","site-content-style":"default","site-sidebar-style":"default","ast-global-header-display":"","ast-banner-title-visibility":"","ast-main-header-display":"","ast-hfb-above-header-display":"","ast-hfb-below-header-display":"","ast-hfb-mobile-header-display":"","site-post-title":"","ast-breadcrumbs-content":"","ast-featured-img":"","footer-sml-layout":"","ast-disable-related-posts":"","theme-transparent-header-meta":"","adv-header-id-meta":"","stick-header-meta":"","header-above-stick-meta":"","header-main-stick-meta":"","header-below-stick-meta":"","astra-migrate-meta-layouts":"default","ast-page-background-enabled":"default","ast-page-background-meta":{"desktop":{"background-color":"var(--ast-global-color-5)","background-image":"","background-repeat":"repeat","background-position":"center center","background-size":"auto","background-attachment":"scroll","background-type":"","background-media":"","overlay-type":"","overlay-color":"","overlay-opacity":"","overlay-gradient":""},"tablet":{"background-color":"","background-image":"","background-repeat":"repeat","background-position":"center center","background-size":"auto","background-attachment":"scroll","background-type":"","background-media":"","overlay-type":"","overlay-color":"","overlay-opacity":"","overlay-gradient":""},"mobile":{"background-color":"","background-image":"","background-repeat":"repeat","background-position":"center center","background-size":"auto","background-attachment":"scroll","background-type":"","background-media":"","overlay-type":"","overlay-color":"","overlay-opacity":"","overlay-gradient":""}},"ast-content-background-meta":{"desktop":{"background-color":"var(--ast-global-color-4)","background-image":"","background-repeat":"repeat","background-position":"center center","background-size":"auto","background-attachment":"scroll","background-type":"","background-media":"","overlay-type":"","overlay-color":"","overlay-opacity":"","overlay-gradient":""},"tablet":{"background-color":"var(--ast-global-color-4)","background-image":"","background-repeat":"repeat","background-position":"center center","background-size":"auto","background-attachment":"scroll","background-type":"","background-media":"","overlay-type":"","overlay-color":"","overlay-opacity":"","overlay-gradient":""},"mobile":{"background-color":"var(--ast-global-color-4)","background-image":"","background-repeat":"repeat","background-position":"center center","background-size":"auto","background-attachment":"scroll","background-type":"","background-media":"","overlay-type":"","overlay-color":"","overlay-opacity":"","overlay-gradient":""}},"footnotes":""},"categories":[20,1],"tags":[],"class_list":["post-6974","post","type-post","status-publish","format-standard","has-post-thumbnail","hentry","category-international","category-football-latest-news"],"yoast_head":"<!-- This site is optimized with the Yoast SEO Premium plugin v26.6 (Yoast SEO v27.5) - https:\/\/yoast.com\/product\/yoast-seo-premium-wordpress\/ -->\n<title>Xabi Alonso to decide his future in March amid links - Bladna News<\/title>\n<meta name=\"robots\" content=\"index, follow, max-snippet:-1, max-image-preview:large, max-video-preview:-1\" \/>\n<link rel=\"canonical\" href=\"https:\/\/bladnanews.com\/fr\/xabi-alonso-decidera-de-son-avenir-en-mars-alors-que-des-rumeurs-de-transfert-circulent\/\" \/>\n<meta property=\"og:locale\" content=\"fr_FR\" \/>\n<meta property=\"og:type\" content=\"article\" \/>\n<meta property=\"og:title\" content=\"Xabi Alonso to decide his future in March amid links\" \/>\n<meta property=\"og:description\" content=\"Xabi Alonso is set to decide his future in March as speculation continues to grow around his next move. The [&hellip;]\" \/>\n<meta property=\"og:url\" content=\"https:\/\/bladnanews.com\/fr\/xabi-alonso-decidera-de-son-avenir-en-mars-alors-que-des-rumeurs-de-transfert-circulent\/\" \/>\n<meta property=\"og:site_name\" content=\"Bladna News\" \/>\n<meta property=\"article:published_time\" content=\"2026-01-19T12:54:15+00:00\" \/>\n<meta property=\"og:image\" content=\"https:\/\/bladnanews.com\/wp-content\/uploads\/2025\/12\/freepik__bladna-newscom-moroccan-soccer-homepage-banner-mor__41838.png\" \/>\n\t<meta property=\"og:image:width\" content=\"1312\" \/>\n\t<meta property=\"og:image:height\" content=\"736\" \/>\n\t<meta property=\"og:image:type\" content=\"image\/png\" \/>\n<meta name=\"author\" content=\"Bladna News Staff\" \/>\n<meta name=\"twitter:card\" content=\"summary_large_image\" \/>\n<meta name=\"twitter:label1\" content=\"\u00c9crit par\" \/>\n\t<meta name=\"twitter:data1\" content=\"Bladna News Staff\" \/>\n\t<meta name=\"twitter:label2\" content=\"Dur\u00e9e de lecture estim\u00e9e\" \/>\n\t<meta name=\"twitter:data2\" content=\"1 minute\" \/>\n<script type=\"application\/ld+json\" class=\"yoast-schema-graph\">{\"@context\":\"https:\\\/\\\/schema.org\",\"@graph\":[{\"@type\":\"Article\",\"@id\":\"https:\\\/\\\/bladnanews.com\\\/xabi-alonso-to-decide-his-future-in-march-amid-links\\\/#article\",\"isPartOf\":{\"@id\":\"https:\\\/\\\/bladnanews.com\\\/xabi-alonso-to-decide-his-future-in-march-amid-links\\\/\"},\"author\":{\"name\":\"Bladna News Staff\",\"@id\":\"https:\\\/\\\/mediumseagreen-eel-531711.hostingersite.com\\\/#\\\/schema\\\/person\\\/268e18a453ab080ebf76df6ef7845083\"},\"headline\":\"Xabi Alonso to decide his future in March amid links\",\"datePublished\":\"2026-01-19T12:54:15+00:00\",\"mainEntityOfPage\":{\"@id\":\"https:\\\/\\\/bladnanews.com\\\/xabi-alonso-to-decide-his-future-in-march-amid-links\\\/\"},\"wordCount\":201,\"publisher\":{\"@id\":\"https:\\\/\\\/mediumseagreen-eel-531711.hostingersite.com\\\/#organization\"},\"image\":{\"@id\":\"https:\\\/\\\/bladnanews.com\\\/xabi-alonso-to-decide-his-future-in-march-amid-links\\\/#primaryimage\"},\"thumbnailUrl\":\"https:\\\/\\\/bladnanews.com\\\/wp-content\\\/uploads\\\/2026\\\/01\\\/BladnaNews-Xabi-Alonso-to-decide-his-future-in-March-amid-links-2026-01-20T010930.758Z.jpg\",\"articleSection\":[\"International\",\"Latest News\"],\"inLanguage\":\"fr-FR\",\"copyrightYear\":\"2026\",\"copyrightHolder\":{\"@id\":\"https:\\\/\\\/bladnanews.com\\\/fr\\\/#organization\"}},{\"@type\":\"WebPage\",\"@id\":\"https:\\\/\\\/bladnanews.com\\\/xabi-alonso-to-decide-his-future-in-march-amid-links\\\/\",\"url\":\"https:\\\/\\\/bladnanews.com\\\/xabi-alonso-to-decide-his-future-in-march-amid-links\\\/\",\"name\":\"Xabi Alonso to decide his future in March amid links - Bladna News\",\"isPartOf\":{\"@id\":\"https:\\\/\\\/mediumseagreen-eel-531711.hostingersite.com\\\/#website\"},\"primaryImageOfPage\":{\"@id\":\"https:\\\/\\\/bladnanews.com\\\/xabi-alonso-to-decide-his-future-in-march-amid-links\\\/#primaryimage\"},\"image\":{\"@id\":\"https:\\\/\\\/bladnanews.com\\\/xabi-alonso-to-decide-his-future-in-march-amid-links\\\/#primaryimage\"},\"thumbnailUrl\":\"https:\\\/\\\/bladnanews.com\\\/wp-content\\\/uploads\\\/2026\\\/01\\\/BladnaNews-Xabi-Alonso-to-decide-his-future-in-March-amid-links-2026-01-20T010930.758Z.jpg\",\"datePublished\":\"2026-01-19T12:54:15+00:00\",\"breadcrumb\":{\"@id\":\"https:\\\/\\\/bladnanews.com\\\/xabi-alonso-to-decide-his-future-in-march-amid-links\\\/#breadcrumb\"},\"inLanguage\":\"fr-FR\",\"potentialAction\":[{\"@type\":\"ReadAction\",\"target\":[\"https:\\\/\\\/bladnanews.com\\\/xabi-alonso-to-decide-his-future-in-march-amid-links\\\/\"]}]},{\"@type\":\"ImageObject\",\"inLanguage\":\"fr-FR\",\"@id\":\"https:\\\/\\\/bladnanews.com\\\/xabi-alonso-to-decide-his-future-in-march-amid-links\\\/#primaryimage\",\"url\":\"https:\\\/\\\/bladnanews.com\\\/wp-content\\\/uploads\\\/2026\\\/01\\\/BladnaNews-Xabi-Alonso-to-decide-his-future-in-March-amid-links-2026-01-20T010930.758Z.jpg\",\"contentUrl\":\"https:\\\/\\\/bladnanews.com\\\/wp-content\\\/uploads\\\/2026\\\/01\\\/BladnaNews-Xabi-Alonso-to-decide-his-future-in-March-amid-links-2026-01-20T010930.758Z.jpg\",\"width\":1920,\"height\":1080,\"caption\":\"Xabi Alonso intently observing from the sidelines, wearing a dark coat, with a focused expression during a match.\"},{\"@type\":\"BreadcrumbList\",\"@id\":\"https:\\\/\\\/bladnanews.com\\\/xabi-alonso-to-decide-his-future-in-march-amid-links\\\/#breadcrumb\",\"itemListElement\":[{\"@type\":\"ListItem\",\"position\":1,\"name\":\"Home\",\"item\":\"https:\\\/\\\/bladnanews.com\\\/\"},{\"@type\":\"ListItem\",\"position\":2,\"name\":\"Xabi Alonso to decide his future in March amid links\"}]},{\"@type\":\"WebSite\",\"@id\":\"https:\\\/\\\/mediumseagreen-eel-531711.hostingersite.com\\\/#website\",\"url\":\"https:\\\/\\\/mediumseagreen-eel-531711.hostingersite.com\\\/\",\"name\":\"Bladna News - Morocco\",\"description\":\"Where Moroccan Football Meets the World\",\"publisher\":{\"@id\":\"https:\\\/\\\/mediumseagreen-eel-531711.hostingersite.com\\\/#organization\"},\"potentialAction\":[{\"@type\":\"SearchAction\",\"target\":{\"@type\":\"EntryPoint\",\"urlTemplate\":\"https:\\\/\\\/mediumseagreen-eel-531711.hostingersite.com\\\/?s={search_term_string}\"},\"query-input\":{\"@type\":\"PropertyValueSpecification\",\"valueRequired\":true,\"valueName\":\"search_term_string\"}}],\"inLanguage\":\"fr-FR\"},{\"@type\":\"Organization\",\"@id\":\"https:\\\/\\\/mediumseagreen-eel-531711.hostingersite.com\\\/#organization\",\"name\":\"Bladna News.com\",\"url\":\"https:\\\/\\\/mediumseagreen-eel-531711.hostingersite.com\\\/\",\"logo\":{\"@type\":\"ImageObject\",\"inLanguage\":\"fr-FR\",\"@id\":\"https:\\\/\\\/mediumseagreen-eel-531711.hostingersite.com\\\/#\\\/schema\\\/logo\\\/image\\\/\",\"url\":\"https:\\\/\\\/bladnanews.com\\\/wp-content\\\/uploads\\\/2025\\\/12\\\/logo-bladnanews-V2-web-black-red.png\",\"contentUrl\":\"https:\\\/\\\/bladnanews.com\\\/wp-content\\\/uploads\\\/2025\\\/12\\\/logo-bladnanews-V2-web-black-red.png\",\"width\":703,\"height\":287,\"caption\":\"Bladna News.com\"},\"image\":{\"@id\":\"https:\\\/\\\/mediumseagreen-eel-531711.hostingersite.com\\\/#\\\/schema\\\/logo\\\/image\\\/\"},\"email\":\"info@bladnanews.com\",\"legalName\":\"Bladna News\"},{\"@type\":\"Person\",\"@id\":\"https:\\\/\\\/mediumseagreen-eel-531711.hostingersite.com\\\/#\\\/schema\\\/person\\\/268e18a453ab080ebf76df6ef7845083\",\"name\":\"Bladna News Staff\",\"url\":\"https:\\\/\\\/bladnanews.com\\\/fr\\\/author\\\/bladna-news-staff\\\/\"}]}<\/script>\n<!-- \/ Yoast SEO Premium plugin. -->","yoast_head_json":{"title":"Xabi Alonso d\u00e9cidera de son avenir en mars, alors que des rumeurs circulent - Bladna News","robots":{"index":"index","follow":"follow","max-snippet":"max-snippet:-1","max-image-preview":"max-image-preview:large","max-video-preview":"max-video-preview:-1"},"canonical":"https:\/\/bladnanews.com\/fr\/xabi-alonso-decidera-de-son-avenir-en-mars-alors-que-des-rumeurs-de-transfert-circulent\/","og_locale":"fr_FR","og_type":"article","og_title":"Xabi Alonso to decide his future in March amid links","og_description":"Xabi Alonso is set to decide his future in March as speculation continues to grow around his next move. The [&hellip;]","og_url":"https:\/\/bladnanews.com\/fr\/xabi-alonso-decidera-de-son-avenir-en-mars-alors-que-des-rumeurs-de-transfert-circulent\/","og_site_name":"Bladna News","article_published_time":"2026-01-19T12:54:15+00:00","og_image":[{"width":1312,"height":736,"url":"https:\/\/bladnanews.com\/wp-content\/uploads\/2025\/12\/freepik__bladna-newscom-moroccan-soccer-homepage-banner-mor__41838.png","type":"image\/png"}],"author":"Bladna News Staff","twitter_card":"summary_large_image","twitter_misc":{"\u00c9crit par":"Bladna News Staff","Dur\u00e9e de lecture estim\u00e9e":"1 minute"},"schema":{"@context":"https:\/\/schema.org","@graph":[{"@type":"Article","@id":"https:\/\/bladnanews.com\/xabi-alonso-to-decide-his-future-in-march-amid-links\/#article","isPartOf":{"@id":"https:\/\/bladnanews.com\/xabi-alonso-to-decide-his-future-in-march-amid-links\/"},"author":{"name":"Bladna News Staff","@id":"https:\/\/mediumseagreen-eel-531711.hostingersite.com\/#\/schema\/person\/268e18a453ab080ebf76df6ef7845083"},"headline":"Xabi Alonso to decide his future in March amid links","datePublished":"2026-01-19T12:54:15+00:00","mainEntityOfPage":{"@id":"https:\/\/bladnanews.com\/xabi-alonso-to-decide-his-future-in-march-amid-links\/"},"wordCount":201,"publisher":{"@id":"https:\/\/mediumseagreen-eel-531711.hostingersite.com\/#organization"},"image":{"@id":"https:\/\/bladnanews.com\/xabi-alonso-to-decide-his-future-in-march-amid-links\/#primaryimage"},"thumbnailUrl":"https:\/\/bladnanews.com\/wp-content\/uploads\/2026\/01\/BladnaNews-Xabi-Alonso-to-decide-his-future-in-March-amid-links-2026-01-20T010930.758Z.jpg","articleSection":["International","Latest News"],"inLanguage":"fr-FR","copyrightYear":"2026","copyrightHolder":{"@id":"https:\/\/bladnanews.com\/fr\/#organization"}},{"@type":"WebPage","@id":"https:\/\/bladnanews.com\/xabi-alonso-to-decide-his-future-in-march-amid-links\/","url":"https:\/\/bladnanews.com\/xabi-alonso-to-decide-his-future-in-march-amid-links\/","name":"Xabi Alonso d\u00e9cidera de son avenir en mars, alors que des rumeurs circulent - Bladna News","isPartOf":{"@id":"https:\/\/mediumseagreen-eel-531711.hostingersite.com\/#website"},"primaryImageOfPage":{"@id":"https:\/\/bladnanews.com\/xabi-alonso-to-decide-his-future-in-march-amid-links\/#primaryimage"},"image":{"@id":"https:\/\/bladnanews.com\/xabi-alonso-to-decide-his-future-in-march-amid-links\/#primaryimage"},"thumbnailUrl":"https:\/\/bladnanews.com\/wp-content\/uploads\/2026\/01\/BladnaNews-Xabi-Alonso-to-decide-his-future-in-March-amid-links-2026-01-20T010930.758Z.jpg","datePublished":"2026-01-19T12:54:15+00:00","breadcrumb":{"@id":"https:\/\/bladnanews.com\/xabi-alonso-to-decide-his-future-in-march-amid-links\/#breadcrumb"},"inLanguage":"fr-FR","potentialAction":[{"@type":"ReadAction","target":["https:\/\/bladnanews.com\/xabi-alonso-to-decide-his-future-in-march-amid-links\/"]}]},{"@type":"ImageObject","inLanguage":"fr-FR","@id":"https:\/\/bladnanews.com\/xabi-alonso-to-decide-his-future-in-march-amid-links\/#primaryimage","url":"https:\/\/bladnanews.com\/wp-content\/uploads\/2026\/01\/BladnaNews-Xabi-Alonso-to-decide-his-future-in-March-amid-links-2026-01-20T010930.758Z.jpg","contentUrl":"https:\/\/bladnanews.com\/wp-content\/uploads\/2026\/01\/BladnaNews-Xabi-Alonso-to-decide-his-future-in-March-amid-links-2026-01-20T010930.758Z.jpg","width":1920,"height":1080,"caption":"Xabi Alonso intently observing from the sidelines, wearing a dark coat, with a focused expression during a match."},{"@type":"BreadcrumbList","@id":"https:\/\/bladnanews.com\/xabi-alonso-to-decide-his-future-in-march-amid-links\/#breadcrumb","itemListElement":[{"@type":"ListItem","position":1,"name":"Home","item":"https:\/\/bladnanews.com\/"},{"@type":"ListItem","position":2,"name":"Xabi Alonso to decide his future in March amid links"}]},{"@type":"WebSite","@id":"https:\/\/mediumseagreen-eel-531711.hostingersite.com\/#website","url":"https:\/\/mediumseagreen-eel-531711.hostingersite.com\/","name":"Bladna News - Maroc","description":"Quand le football marocain rencontre le monde","publisher":{"@id":"https:\/\/mediumseagreen-eel-531711.hostingersite.com\/#organization"},"potentialAction":[{"@type":"SearchAction","target":{"@type":"EntryPoint","urlTemplate":"https:\/\/mediumseagreen-eel-531711.hostingersite.com\/?s={search_term_string}"},"query-input":{"@type":"PropertyValueSpecification","valueRequired":true,"valueName":"search_term_string"}}],"inLanguage":"fr-FR"},{"@type":"Organization","@id":"https:\/\/mediumseagreen-eel-531711.hostingersite.com\/#organization","name":"Bladna News.com","url":"https:\/\/mediumseagreen-eel-531711.hostingersite.com\/","logo":{"@type":"ImageObject","inLanguage":"fr-FR","@id":"https:\/\/mediumseagreen-eel-531711.hostingersite.com\/#\/schema\/logo\/image\/","url":"https:\/\/bladnanews.com\/wp-content\/uploads\/2025\/12\/logo-bladnanews-V2-web-black-red.png","contentUrl":"https:\/\/bladnanews.com\/wp-content\/uploads\/2025\/12\/logo-bladnanews-V2-web-black-red.png","width":703,"height":287,"caption":"Bladna News.com"},"image":{"@id":"https:\/\/mediumseagreen-eel-531711.hostingersite.com\/#\/schema\/logo\/image\/"},"email":"info@bladnanews.com","legalName":"Bladna News"},{"@type":"Person","@id":"https:\/\/mediumseagreen-eel-531711.hostingersite.com\/#\/schema\/person\/268e18a453ab080ebf76df6ef7845083","name":"\u00c9quipe r\u00e9dactionnelle de Bladna News","url":"https:\/\/bladnanews.com\/fr\/author\/bladna-news-staff\/"}]}},"_links":{"self":[{"href":"https:\/\/bladnanews.com\/fr\/wp-json\/wp\/v2\/posts\/6974","targetHints":{"allow":["GET"]}}],"collection":[{"href":"https:\/\/bladnanews.com\/fr\/wp-json\/wp\/v2\/posts"}],"about":[{"href":"https:\/\/bladnanews.com\/fr\/wp-json\/wp\/v2\/types\/post"}],"author":[{"embeddable":true,"href":"https:\/\/bladnanews.com\/fr\/wp-json\/wp\/v2\/users\/3"}],"replies":[{"embeddable":true,"href":"https:\/\/bladnanews.com\/fr\/wp-json\/wp\/v2\/comments?post=6974"}],"version-history":[{"count":0,"href":"https:\/\/bladnanews.com\/fr\/wp-json\/wp\/v2\/posts\/6974\/revisions"}],"wp:featuredmedia":[{"embeddable":true,"href":"https:\/\/bladnanews.com\/fr\/wp-json\/wp\/v2\/media\/6973"}],"wp:attachment":[{"href":"https:\/\/bladnanews.com\/fr\/wp-json\/wp\/v2\/media?parent=6974"}],"wp:term":[{"taxonomy":"category","embeddable":true,"href":"https:\/\/bladnanews.com\/fr\/wp-json\/wp\/v2\/categories?post=6974"},{"taxonomy":"post_tag","embeddable":true,"href":"https:\/\/bladnanews.com\/fr\/wp-json\/wp\/v2\/tags?post=6974"}],"curies":[{"name":"wp","href":"https:\/\/api.w.org\/{rel}","templated":true}]}}