{"id":6978,"date":"2026-01-19T13:52:22","date_gmt":"2026-01-19T13:52:22","guid":{"rendered":"https:\/\/bladnanews.com\/mbappe-defends-vinicius-and-bellingham-after-boos\/"},"modified":"2026-01-19T13:52:22","modified_gmt":"2026-01-19T13:52:22","slug":"mbappe-defend-vinicius-et-bellingham-apres-les-huees","status":"publish","type":"post","link":"https:\/\/bladnanews.com\/fr\/mbappe-defend-vinicius-et-bellingham-apres-les-huees\/","title":{"rendered":"Mbapp\u00e9 d\u00e9fend Vin\u00edcius et Bellingham apr\u00e8s les sifflets."},"content":{"rendered":"<p>Kylian Mbapp\u00e9 s'est fermement exprim\u00e9 en d\u00e9fense de ses co\u00e9quipiers du Real Madrid, Vinicius Junior et Jude Bellingham, apr\u00e8s que les deux joueurs ont \u00e9t\u00e9 la cible de sifflets de la part de certaines sections du public du Santiago Bernab\u00e9u.<\/p>\n<p>S'exprimant apr\u00e8s les derni\u00e8res critiques visant la ligne offensive, Mbapp\u00e9 a clairement indiqu\u00e9 qu'il estimait que l'effectif devait en faire plus pour Vinicius, r\u00e9guli\u00e8rement soumis \u00e0 un traitement hostile dans les stades et qui a d\u00e9sormais \u00e9galement d\u00fb faire face \u00e0 l'exasp\u00e9ration des supporters \u00e0 domicile.<\/p>\n<p><strong>\u201c Nous devons mieux le prot\u00e9ger, \u201d<\/strong> a d\u00e9clar\u00e9 Mbapp\u00e9, soutenant Vinicius et insistant sur le fait que le Br\u00e9silien restait essentiel au jeu offensif madril\u00e8ne.<\/p>\n<p>Le capitaine de l'\u00c9quipe de France a \u00e9galement d\u00e9fendu Bellingham, qui a \u00e9t\u00e9 sous pression et a \u00e9galement \u00e9t\u00e9 siffl\u00e9 durant la m\u00eame p\u00e9riode, Mbapp\u00e9 soulignant que les efforts et l'engagement de l'Anglais n'avaient pas chang\u00e9 malgr\u00e9 une baisse de forme.<\/p>\n<p>Les propos de Mbapp\u00e9 \u00e9taient un message clair que le vestiaire est uni derri\u00e8re les deux joueurs, alors que le Real Madrid cherche \u00e0 rester concentr\u00e9 sur ses objectifs dans une partie cruciale de la saison.<\/p>\n<p>Il a \u00e9t\u00e9 r\u00e9v\u00e9l\u00e9 que Mbapp\u00e9 a pris un r\u00f4le de leader au sein de l'effectif pour tenter d'apaiser la situation autour de Vinicius et Bellingham, consid\u00e9rant la r\u00e9action du public comme injuste et estimant que l'\u00e9quipe doit assumer davantage de responsabilit\u00e9 en les soutenant sur le terrain.<\/p>","protected":false},"excerpt":{"rendered":"<p>Kylian Mbappe has come out strongly in defence of Real Madrid team-mates Vinicius Junior and Jude Bellingham after both players [&hellip;]<\/p>\n","protected":false},"author":3,"featured_media":6977,"comment_status":"","ping_status":"open","sticky":false,"template":"","format":"standard","meta":{"googlesitekit_rrm_CAow_uzEDA:productID":"","site-sidebar-layout":"default","site-content-layout":"","ast-site-content-layout":"default","site-content-style":"default","site-sidebar-style":"default","ast-global-header-display":"","ast-banner-title-visibility":"","ast-main-header-display":"","ast-hfb-above-header-display":"","ast-hfb-below-header-display":"","ast-hfb-mobile-header-display":"","site-post-title":"","ast-breadcrumbs-content":"","ast-featured-img":"","footer-sml-layout":"","ast-disable-related-posts":"","theme-transparent-header-meta":"","adv-header-id-meta":"","stick-header-meta":"","header-above-stick-meta":"","header-main-stick-meta":"","header-below-stick-meta":"","astra-migrate-meta-layouts":"default","ast-page-background-enabled":"default","ast-page-background-meta":{"desktop":{"background-color":"var(--ast-global-color-5)","background-image":"","background-repeat":"repeat","background-position":"center center","background-size":"auto","background-attachment":"scroll","background-type":"","background-media":"","overlay-type":"","overlay-color":"","overlay-opacity":"","overlay-gradient":""},"tablet":{"background-color":"","background-image":"","background-repeat":"repeat","background-position":"center center","background-size":"auto","background-attachment":"scroll","background-type":"","background-media":"","overlay-type":"","overlay-color":"","overlay-opacity":"","overlay-gradient":""},"mobile":{"background-color":"","background-image":"","background-repeat":"repeat","background-position":"center center","background-size":"auto","background-attachment":"scroll","background-type":"","background-media":"","overlay-type":"","overlay-color":"","overlay-opacity":"","overlay-gradient":""}},"ast-content-background-meta":{"desktop":{"background-color":"var(--ast-global-color-4)","background-image":"","background-repeat":"repeat","background-position":"center center","background-size":"auto","background-attachment":"scroll","background-type":"","background-media":"","overlay-type":"","overlay-color":"","overlay-opacity":"","overlay-gradient":""},"tablet":{"background-color":"var(--ast-global-color-4)","background-image":"","background-repeat":"repeat","background-position":"center center","background-size":"auto","background-attachment":"scroll","background-type":"","background-media":"","overlay-type":"","overlay-color":"","overlay-opacity":"","overlay-gradient":""},"mobile":{"background-color":"var(--ast-global-color-4)","background-image":"","background-repeat":"repeat","background-position":"center center","background-size":"auto","background-attachment":"scroll","background-type":"","background-media":"","overlay-type":"","overlay-color":"","overlay-opacity":"","overlay-gradient":""}},"footnotes":""},"categories":[20,1],"tags":[],"class_list":["post-6978","post","type-post","status-publish","format-standard","has-post-thumbnail","hentry","category-international","category-football-latest-news"],"yoast_head":"<!-- This site is optimized with the Yoast SEO Premium plugin v26.6 (Yoast SEO v27.5) - https:\/\/yoast.com\/product\/yoast-seo-premium-wordpress\/ -->\n<title>Mbappe defends Vinicius and Bellingham after boos - Bladna News<\/title>\n<meta name=\"robots\" content=\"index, follow, max-snippet:-1, max-image-preview:large, max-video-preview:-1\" \/>\n<link rel=\"canonical\" href=\"https:\/\/bladnanews.com\/fr\/mbappe-defend-vinicius-et-bellingham-apres-les-huees\/\" \/>\n<meta property=\"og:locale\" content=\"fr_FR\" \/>\n<meta property=\"og:type\" content=\"article\" \/>\n<meta property=\"og:title\" content=\"Mbappe defends Vinicius and Bellingham after boos\" \/>\n<meta property=\"og:description\" content=\"Kylian Mbappe has come out strongly in defence of Real Madrid team-mates Vinicius Junior and Jude Bellingham after both players [&hellip;]\" \/>\n<meta property=\"og:url\" content=\"https:\/\/bladnanews.com\/fr\/mbappe-defend-vinicius-et-bellingham-apres-les-huees\/\" \/>\n<meta property=\"og:site_name\" content=\"Bladna News\" \/>\n<meta property=\"article:published_time\" content=\"2026-01-19T13:52:22+00:00\" \/>\n<meta property=\"og:image\" content=\"https:\/\/bladnanews.com\/wp-content\/uploads\/2025\/12\/freepik__bladna-newscom-moroccan-soccer-homepage-banner-mor__41838.png\" \/>\n\t<meta property=\"og:image:width\" content=\"1312\" \/>\n\t<meta property=\"og:image:height\" content=\"736\" \/>\n\t<meta property=\"og:image:type\" content=\"image\/png\" \/>\n<meta name=\"author\" content=\"Bladna News Staff\" \/>\n<meta name=\"twitter:card\" content=\"summary_large_image\" \/>\n<meta name=\"twitter:label1\" content=\"\u00c9crit par\" \/>\n\t<meta name=\"twitter:data1\" content=\"Bladna News Staff\" \/>\n\t<meta name=\"twitter:label2\" content=\"Dur\u00e9e de lecture estim\u00e9e\" \/>\n\t<meta name=\"twitter:data2\" content=\"1 minute\" \/>\n<script type=\"application\/ld+json\" class=\"yoast-schema-graph\">{\"@context\":\"https:\\\/\\\/schema.org\",\"@graph\":[{\"@type\":\"Article\",\"@id\":\"https:\\\/\\\/bladnanews.com\\\/mbappe-defends-vinicius-and-bellingham-after-boos\\\/#article\",\"isPartOf\":{\"@id\":\"https:\\\/\\\/bladnanews.com\\\/mbappe-defends-vinicius-and-bellingham-after-boos\\\/\"},\"author\":{\"name\":\"Bladna News Staff\",\"@id\":\"https:\\\/\\\/mediumseagreen-eel-531711.hostingersite.com\\\/#\\\/schema\\\/person\\\/268e18a453ab080ebf76df6ef7845083\"},\"headline\":\"Mbappe defends Vinicius and Bellingham after boos\",\"datePublished\":\"2026-01-19T13:52:22+00:00\",\"mainEntityOfPage\":{\"@id\":\"https:\\\/\\\/bladnanews.com\\\/mbappe-defends-vinicius-and-bellingham-after-boos\\\/\"},\"wordCount\":214,\"publisher\":{\"@id\":\"https:\\\/\\\/mediumseagreen-eel-531711.hostingersite.com\\\/#organization\"},\"image\":{\"@id\":\"https:\\\/\\\/bladnanews.com\\\/mbappe-defends-vinicius-and-bellingham-after-boos\\\/#primaryimage\"},\"thumbnailUrl\":\"https:\\\/\\\/bladnanews.com\\\/wp-content\\\/uploads\\\/2026\\\/01\\\/BladnaNews-Mbappe-defends-Vinicius-and-Bellingham-after-boos-2026-01-20T011012.988Z.jpg\",\"articleSection\":[\"International\",\"Latest News\"],\"inLanguage\":\"fr-FR\",\"copyrightYear\":\"2026\",\"copyrightHolder\":{\"@id\":\"https:\\\/\\\/bladnanews.com\\\/fr\\\/#organization\"}},{\"@type\":\"WebPage\",\"@id\":\"https:\\\/\\\/bladnanews.com\\\/mbappe-defends-vinicius-and-bellingham-after-boos\\\/\",\"url\":\"https:\\\/\\\/bladnanews.com\\\/mbappe-defends-vinicius-and-bellingham-after-boos\\\/\",\"name\":\"Mbappe defends Vinicius and Bellingham after boos - Bladna News\",\"isPartOf\":{\"@id\":\"https:\\\/\\\/mediumseagreen-eel-531711.hostingersite.com\\\/#website\"},\"primaryImageOfPage\":{\"@id\":\"https:\\\/\\\/bladnanews.com\\\/mbappe-defends-vinicius-and-bellingham-after-boos\\\/#primaryimage\"},\"image\":{\"@id\":\"https:\\\/\\\/bladnanews.com\\\/mbappe-defends-vinicius-and-bellingham-after-boos\\\/#primaryimage\"},\"thumbnailUrl\":\"https:\\\/\\\/bladnanews.com\\\/wp-content\\\/uploads\\\/2026\\\/01\\\/BladnaNews-Mbappe-defends-Vinicius-and-Bellingham-after-boos-2026-01-20T011012.988Z.jpg\",\"datePublished\":\"2026-01-19T13:52:22+00:00\",\"breadcrumb\":{\"@id\":\"https:\\\/\\\/bladnanews.com\\\/mbappe-defends-vinicius-and-bellingham-after-boos\\\/#breadcrumb\"},\"inLanguage\":\"fr-FR\",\"potentialAction\":[{\"@type\":\"ReadAction\",\"target\":[\"https:\\\/\\\/bladnanews.com\\\/mbappe-defends-vinicius-and-bellingham-after-boos\\\/\"]}]},{\"@type\":\"ImageObject\",\"inLanguage\":\"fr-FR\",\"@id\":\"https:\\\/\\\/bladnanews.com\\\/mbappe-defends-vinicius-and-bellingham-after-boos\\\/#primaryimage\",\"url\":\"https:\\\/\\\/bladnanews.com\\\/wp-content\\\/uploads\\\/2026\\\/01\\\/BladnaNews-Mbappe-defends-Vinicius-and-Bellingham-after-boos-2026-01-20T011012.988Z.jpg\",\"contentUrl\":\"https:\\\/\\\/bladnanews.com\\\/wp-content\\\/uploads\\\/2026\\\/01\\\/BladnaNews-Mbappe-defends-Vinicius-and-Bellingham-after-boos-2026-01-20T011012.988Z.jpg\",\"width\":1920,\"height\":1080,\"caption\":\"Mbapp\u00e9 celebrates with Vin\u00edcius and Jude Bellingham, all in Real Madrid's white kit, showcasing joy after a match moment.\"},{\"@type\":\"BreadcrumbList\",\"@id\":\"https:\\\/\\\/bladnanews.com\\\/mbappe-defends-vinicius-and-bellingham-after-boos\\\/#breadcrumb\",\"itemListElement\":[{\"@type\":\"ListItem\",\"position\":1,\"name\":\"Home\",\"item\":\"https:\\\/\\\/bladnanews.com\\\/\"},{\"@type\":\"ListItem\",\"position\":2,\"name\":\"Mbappe defends Vinicius and Bellingham after boos\"}]},{\"@type\":\"WebSite\",\"@id\":\"https:\\\/\\\/mediumseagreen-eel-531711.hostingersite.com\\\/#website\",\"url\":\"https:\\\/\\\/mediumseagreen-eel-531711.hostingersite.com\\\/\",\"name\":\"Bladna News - Morocco\",\"description\":\"Where Moroccan Football Meets the World\",\"publisher\":{\"@id\":\"https:\\\/\\\/mediumseagreen-eel-531711.hostingersite.com\\\/#organization\"},\"potentialAction\":[{\"@type\":\"SearchAction\",\"target\":{\"@type\":\"EntryPoint\",\"urlTemplate\":\"https:\\\/\\\/mediumseagreen-eel-531711.hostingersite.com\\\/?s={search_term_string}\"},\"query-input\":{\"@type\":\"PropertyValueSpecification\",\"valueRequired\":true,\"valueName\":\"search_term_string\"}}],\"inLanguage\":\"fr-FR\"},{\"@type\":\"Organization\",\"@id\":\"https:\\\/\\\/mediumseagreen-eel-531711.hostingersite.com\\\/#organization\",\"name\":\"Bladna News.com\",\"url\":\"https:\\\/\\\/mediumseagreen-eel-531711.hostingersite.com\\\/\",\"logo\":{\"@type\":\"ImageObject\",\"inLanguage\":\"fr-FR\",\"@id\":\"https:\\\/\\\/mediumseagreen-eel-531711.hostingersite.com\\\/#\\\/schema\\\/logo\\\/image\\\/\",\"url\":\"https:\\\/\\\/bladnanews.com\\\/wp-content\\\/uploads\\\/2025\\\/12\\\/logo-bladnanews-V2-web-black-red.png\",\"contentUrl\":\"https:\\\/\\\/bladnanews.com\\\/wp-content\\\/uploads\\\/2025\\\/12\\\/logo-bladnanews-V2-web-black-red.png\",\"width\":703,\"height\":287,\"caption\":\"Bladna News.com\"},\"image\":{\"@id\":\"https:\\\/\\\/mediumseagreen-eel-531711.hostingersite.com\\\/#\\\/schema\\\/logo\\\/image\\\/\"},\"email\":\"info@bladnanews.com\",\"legalName\":\"Bladna News\"},{\"@type\":\"Person\",\"@id\":\"https:\\\/\\\/mediumseagreen-eel-531711.hostingersite.com\\\/#\\\/schema\\\/person\\\/268e18a453ab080ebf76df6ef7845083\",\"name\":\"Bladna News Staff\",\"url\":\"https:\\\/\\\/bladnanews.com\\\/fr\\\/author\\\/bladna-news-staff\\\/\"}]}<\/script>\n<!-- \/ Yoast SEO Premium plugin. -->","yoast_head_json":{"title":"Mbapp\u00e9 d\u00e9fend Vinicius et Bellingham apr\u00e8s les hu\u00e9es - Bladna News","robots":{"index":"index","follow":"follow","max-snippet":"max-snippet:-1","max-image-preview":"max-image-preview:large","max-video-preview":"max-video-preview:-1"},"canonical":"https:\/\/bladnanews.com\/fr\/mbappe-defend-vinicius-et-bellingham-apres-les-huees\/","og_locale":"fr_FR","og_type":"article","og_title":"Mbappe defends Vinicius and Bellingham after boos","og_description":"Kylian Mbappe has come out strongly in defence of Real Madrid team-mates Vinicius Junior and Jude Bellingham after both players [&hellip;]","og_url":"https:\/\/bladnanews.com\/fr\/mbappe-defend-vinicius-et-bellingham-apres-les-huees\/","og_site_name":"Bladna News","article_published_time":"2026-01-19T13:52:22+00:00","og_image":[{"width":1312,"height":736,"url":"https:\/\/bladnanews.com\/wp-content\/uploads\/2025\/12\/freepik__bladna-newscom-moroccan-soccer-homepage-banner-mor__41838.png","type":"image\/png"}],"author":"Bladna News Staff","twitter_card":"summary_large_image","twitter_misc":{"\u00c9crit par":"Bladna News Staff","Dur\u00e9e de lecture estim\u00e9e":"1 minute"},"schema":{"@context":"https:\/\/schema.org","@graph":[{"@type":"Article","@id":"https:\/\/bladnanews.com\/mbappe-defends-vinicius-and-bellingham-after-boos\/#article","isPartOf":{"@id":"https:\/\/bladnanews.com\/mbappe-defends-vinicius-and-bellingham-after-boos\/"},"author":{"name":"Bladna News Staff","@id":"https:\/\/mediumseagreen-eel-531711.hostingersite.com\/#\/schema\/person\/268e18a453ab080ebf76df6ef7845083"},"headline":"Mbappe defends Vinicius and Bellingham after boos","datePublished":"2026-01-19T13:52:22+00:00","mainEntityOfPage":{"@id":"https:\/\/bladnanews.com\/mbappe-defends-vinicius-and-bellingham-after-boos\/"},"wordCount":214,"publisher":{"@id":"https:\/\/mediumseagreen-eel-531711.hostingersite.com\/#organization"},"image":{"@id":"https:\/\/bladnanews.com\/mbappe-defends-vinicius-and-bellingham-after-boos\/#primaryimage"},"thumbnailUrl":"https:\/\/bladnanews.com\/wp-content\/uploads\/2026\/01\/BladnaNews-Mbappe-defends-Vinicius-and-Bellingham-after-boos-2026-01-20T011012.988Z.jpg","articleSection":["International","Latest News"],"inLanguage":"fr-FR","copyrightYear":"2026","copyrightHolder":{"@id":"https:\/\/bladnanews.com\/fr\/#organization"}},{"@type":"WebPage","@id":"https:\/\/bladnanews.com\/mbappe-defends-vinicius-and-bellingham-after-boos\/","url":"https:\/\/bladnanews.com\/mbappe-defends-vinicius-and-bellingham-after-boos\/","name":"Mbapp\u00e9 d\u00e9fend Vinicius et Bellingham apr\u00e8s les hu\u00e9es - Bladna News","isPartOf":{"@id":"https:\/\/mediumseagreen-eel-531711.hostingersite.com\/#website"},"primaryImageOfPage":{"@id":"https:\/\/bladnanews.com\/mbappe-defends-vinicius-and-bellingham-after-boos\/#primaryimage"},"image":{"@id":"https:\/\/bladnanews.com\/mbappe-defends-vinicius-and-bellingham-after-boos\/#primaryimage"},"thumbnailUrl":"https:\/\/bladnanews.com\/wp-content\/uploads\/2026\/01\/BladnaNews-Mbappe-defends-Vinicius-and-Bellingham-after-boos-2026-01-20T011012.988Z.jpg","datePublished":"2026-01-19T13:52:22+00:00","breadcrumb":{"@id":"https:\/\/bladnanews.com\/mbappe-defends-vinicius-and-bellingham-after-boos\/#breadcrumb"},"inLanguage":"fr-FR","potentialAction":[{"@type":"ReadAction","target":["https:\/\/bladnanews.com\/mbappe-defends-vinicius-and-bellingham-after-boos\/"]}]},{"@type":"ImageObject","inLanguage":"fr-FR","@id":"https:\/\/bladnanews.com\/mbappe-defends-vinicius-and-bellingham-after-boos\/#primaryimage","url":"https:\/\/bladnanews.com\/wp-content\/uploads\/2026\/01\/BladnaNews-Mbappe-defends-Vinicius-and-Bellingham-after-boos-2026-01-20T011012.988Z.jpg","contentUrl":"https:\/\/bladnanews.com\/wp-content\/uploads\/2026\/01\/BladnaNews-Mbappe-defends-Vinicius-and-Bellingham-after-boos-2026-01-20T011012.988Z.jpg","width":1920,"height":1080,"caption":"Mbapp\u00e9 celebrates with Vin\u00edcius and Jude Bellingham, all in Real Madrid's white kit, showcasing joy after a match moment."},{"@type":"BreadcrumbList","@id":"https:\/\/bladnanews.com\/mbappe-defends-vinicius-and-bellingham-after-boos\/#breadcrumb","itemListElement":[{"@type":"ListItem","position":1,"name":"Home","item":"https:\/\/bladnanews.com\/"},{"@type":"ListItem","position":2,"name":"Mbappe defends Vinicius and Bellingham after boos"}]},{"@type":"WebSite","@id":"https:\/\/mediumseagreen-eel-531711.hostingersite.com\/#website","url":"https:\/\/mediumseagreen-eel-531711.hostingersite.com\/","name":"Bladna News - Maroc","description":"Quand le football marocain rencontre le monde","publisher":{"@id":"https:\/\/mediumseagreen-eel-531711.hostingersite.com\/#organization"},"potentialAction":[{"@type":"SearchAction","target":{"@type":"EntryPoint","urlTemplate":"https:\/\/mediumseagreen-eel-531711.hostingersite.com\/?s={search_term_string}"},"query-input":{"@type":"PropertyValueSpecification","valueRequired":true,"valueName":"search_term_string"}}],"inLanguage":"fr-FR"},{"@type":"Organization","@id":"https:\/\/mediumseagreen-eel-531711.hostingersite.com\/#organization","name":"Bladna News.com","url":"https:\/\/mediumseagreen-eel-531711.hostingersite.com\/","logo":{"@type":"ImageObject","inLanguage":"fr-FR","@id":"https:\/\/mediumseagreen-eel-531711.hostingersite.com\/#\/schema\/logo\/image\/","url":"https:\/\/bladnanews.com\/wp-content\/uploads\/2025\/12\/logo-bladnanews-V2-web-black-red.png","contentUrl":"https:\/\/bladnanews.com\/wp-content\/uploads\/2025\/12\/logo-bladnanews-V2-web-black-red.png","width":703,"height":287,"caption":"Bladna News.com"},"image":{"@id":"https:\/\/mediumseagreen-eel-531711.hostingersite.com\/#\/schema\/logo\/image\/"},"email":"info@bladnanews.com","legalName":"Bladna News"},{"@type":"Person","@id":"https:\/\/mediumseagreen-eel-531711.hostingersite.com\/#\/schema\/person\/268e18a453ab080ebf76df6ef7845083","name":"\u00c9quipe r\u00e9dactionnelle de Bladna News","url":"https:\/\/bladnanews.com\/fr\/author\/bladna-news-staff\/"}]}},"_links":{"self":[{"href":"https:\/\/bladnanews.com\/fr\/wp-json\/wp\/v2\/posts\/6978","targetHints":{"allow":["GET"]}}],"collection":[{"href":"https:\/\/bladnanews.com\/fr\/wp-json\/wp\/v2\/posts"}],"about":[{"href":"https:\/\/bladnanews.com\/fr\/wp-json\/wp\/v2\/types\/post"}],"author":[{"embeddable":true,"href":"https:\/\/bladnanews.com\/fr\/wp-json\/wp\/v2\/users\/3"}],"replies":[{"embeddable":true,"href":"https:\/\/bladnanews.com\/fr\/wp-json\/wp\/v2\/comments?post=6978"}],"version-history":[{"count":0,"href":"https:\/\/bladnanews.com\/fr\/wp-json\/wp\/v2\/posts\/6978\/revisions"}],"wp:featuredmedia":[{"embeddable":true,"href":"https:\/\/bladnanews.com\/fr\/wp-json\/wp\/v2\/media\/6977"}],"wp:attachment":[{"href":"https:\/\/bladnanews.com\/fr\/wp-json\/wp\/v2\/media?parent=6978"}],"wp:term":[{"taxonomy":"category","embeddable":true,"href":"https:\/\/bladnanews.com\/fr\/wp-json\/wp\/v2\/categories?post=6978"},{"taxonomy":"post_tag","embeddable":true,"href":"https:\/\/bladnanews.com\/fr\/wp-json\/wp\/v2\/tags?post=6978"}],"curies":[{"name":"wp","href":"https:\/\/api.w.org\/{rel}","templated":true}]}}