{"id":6980,"date":"2026-01-19T14:13:18","date_gmt":"2026-01-19T14:13:18","guid":{"rendered":"https:\/\/bladnanews.com\/donnarumma-agent-admits-serie-a-transfer-talk-after-city-move\/"},"modified":"2026-01-19T14:13:18","modified_gmt":"2026-01-19T14:13:18","slug":"lagent-de-donnarumma-admet-des-discussions-de-transfert-en-serie-a-apres-son-depart-pour-city","status":"publish","type":"post","link":"https:\/\/bladnanews.com\/fr\/lagent-de-donnarumma-admet-des-discussions-de-transfert-en-serie-a-apres-son-depart-pour-city\/","title":{"rendered":"L'agent de Donnarumma admet des discussions de transfert en Serie A apr\u00e8s son arriv\u00e9e \u00e0 City."},"content":{"rendered":"<p>L'avenir de Gianluigi Donnarumma \u00e0 Manchester City est sous les projecteurs apr\u00e8s que son agent a fait une admission franche sur un possible retour en Serie A, et ce malgr\u00e9 l'arriv\u00e9e r\u00e9cente du gardien de but chez les champions de Premier League.<\/p>\n<p>\u00c9voquant les prochaines \u00e9tapes de Donnarumma, le repr\u00e9sentant du joueur a r\u00e9v\u00e9l\u00e9 qu'un retour en Italie ne pouvait \u00eatre exclu, m\u00eame si l'international italien vient tout juste de rejoindre City. C'est un aveu frappant si peu de temps apr\u00e8s le transfert, et il a imm\u00e9diatement aliment\u00e9 les sp\u00e9culations sur une \u00e9ventuelle porte rest\u00e9e ouverte pour les clubs de Serie A.<\/p>\n<p>L'agent a soulign\u00e9 que Donnarumma avait rejoint Manchester City pour concourir au plus haut niveau et qu'il \u00e9tait pleinement concentr\u00e9 sur son nouveau d\u00e9fi, mais il a \u00e9galement admis que le football italien restait une option pour l'avenir. Cette d\u00e9claration a confirm\u00e9 ce qui avait \u00e9t\u00e9 r\u00e9v\u00e9l\u00e9 : un transfert potentiel en Serie A reste envisageable malgr\u00e9 le timing de son arriv\u00e9e en Angleterre.<\/p>\n<p>Donnarumma, l'un des gardiens de but les plus en vue d'Europe, a \u00e9t\u00e9 li\u00e9 \u00e0 plusieurs grands clubs ces derni\u00e8res saisons, et toute suggestion d'un retour en Italie sera certainement suivie de pr\u00e8s. Pour l'instant, cependant, il reste un joueur de City et s'appr\u00eate \u00e0 s'adapter \u00e0 la vie sous la direction de Pep Guardiola.<\/p>\n<p>Manchester City n'a fait aucun commentaire officiel sur les d\u00e9clarations de l'agent, et le club n'a donn\u00e9 aucune indication que Donnarumma ne faisait pas partie de ses plans. Les propos de l'agent garantissent n\u00e9anmoins que sa situation \u00e0 long terme continuera d'attirer l'attention des deux c\u00f4t\u00e9s de la Manche.<\/p>","protected":false},"excerpt":{"rendered":"<p>Gianluigi Donnarumma\u2019s future at Manchester City has been thrown into the spotlight after his agent made a candid admission about [&hellip;]<\/p>\n","protected":false},"author":3,"featured_media":6979,"comment_status":"","ping_status":"open","sticky":false,"template":"","format":"standard","meta":{"googlesitekit_rrm_CAow_uzEDA:productID":"","site-sidebar-layout":"default","site-content-layout":"","ast-site-content-layout":"default","site-content-style":"default","site-sidebar-style":"default","ast-global-header-display":"","ast-banner-title-visibility":"","ast-main-header-display":"","ast-hfb-above-header-display":"","ast-hfb-below-header-display":"","ast-hfb-mobile-header-display":"","site-post-title":"","ast-breadcrumbs-content":"","ast-featured-img":"","footer-sml-layout":"","ast-disable-related-posts":"","theme-transparent-header-meta":"","adv-header-id-meta":"","stick-header-meta":"","header-above-stick-meta":"","header-main-stick-meta":"","header-below-stick-meta":"","astra-migrate-meta-layouts":"default","ast-page-background-enabled":"default","ast-page-background-meta":{"desktop":{"background-color":"var(--ast-global-color-5)","background-image":"","background-repeat":"repeat","background-position":"center center","background-size":"auto","background-attachment":"scroll","background-type":"","background-media":"","overlay-type":"","overlay-color":"","overlay-opacity":"","overlay-gradient":""},"tablet":{"background-color":"","background-image":"","background-repeat":"repeat","background-position":"center center","background-size":"auto","background-attachment":"scroll","background-type":"","background-media":"","overlay-type":"","overlay-color":"","overlay-opacity":"","overlay-gradient":""},"mobile":{"background-color":"","background-image":"","background-repeat":"repeat","background-position":"center center","background-size":"auto","background-attachment":"scroll","background-type":"","background-media":"","overlay-type":"","overlay-color":"","overlay-opacity":"","overlay-gradient":""}},"ast-content-background-meta":{"desktop":{"background-color":"var(--ast-global-color-4)","background-image":"","background-repeat":"repeat","background-position":"center center","background-size":"auto","background-attachment":"scroll","background-type":"","background-media":"","overlay-type":"","overlay-color":"","overlay-opacity":"","overlay-gradient":""},"tablet":{"background-color":"var(--ast-global-color-4)","background-image":"","background-repeat":"repeat","background-position":"center center","background-size":"auto","background-attachment":"scroll","background-type":"","background-media":"","overlay-type":"","overlay-color":"","overlay-opacity":"","overlay-gradient":""},"mobile":{"background-color":"var(--ast-global-color-4)","background-image":"","background-repeat":"repeat","background-position":"center center","background-size":"auto","background-attachment":"scroll","background-type":"","background-media":"","overlay-type":"","overlay-color":"","overlay-opacity":"","overlay-gradient":""}},"footnotes":""},"categories":[20,1],"tags":[],"class_list":["post-6980","post","type-post","status-publish","format-standard","has-post-thumbnail","hentry","category-international","category-football-latest-news"],"yoast_head":"<!-- This site is optimized with the Yoast SEO Premium plugin v26.6 (Yoast SEO v27.5) - https:\/\/yoast.com\/product\/yoast-seo-premium-wordpress\/ -->\n<title>Donnarumma agent admits Serie A transfer talk after City move - Bladna News<\/title>\n<meta name=\"robots\" content=\"index, follow, max-snippet:-1, max-image-preview:large, max-video-preview:-1\" \/>\n<link rel=\"canonical\" href=\"https:\/\/bladnanews.com\/fr\/lagent-de-donnarumma-admet-des-discussions-de-transfert-en-serie-a-apres-son-depart-pour-city\/\" \/>\n<meta property=\"og:locale\" content=\"fr_FR\" \/>\n<meta property=\"og:type\" content=\"article\" \/>\n<meta property=\"og:title\" content=\"Donnarumma agent admits Serie A transfer talk after City move\" \/>\n<meta property=\"og:description\" content=\"Gianluigi Donnarumma\u2019s future at Manchester City has been thrown into the spotlight after his agent made a candid admission about [&hellip;]\" \/>\n<meta property=\"og:url\" content=\"https:\/\/bladnanews.com\/fr\/lagent-de-donnarumma-admet-des-discussions-de-transfert-en-serie-a-apres-son-depart-pour-city\/\" \/>\n<meta property=\"og:site_name\" content=\"Bladna News\" \/>\n<meta property=\"article:published_time\" content=\"2026-01-19T14:13:18+00:00\" \/>\n<meta property=\"og:image\" content=\"https:\/\/bladnanews.com\/wp-content\/uploads\/2025\/12\/freepik__bladna-newscom-moroccan-soccer-homepage-banner-mor__41838.png\" \/>\n\t<meta property=\"og:image:width\" content=\"1312\" \/>\n\t<meta property=\"og:image:height\" content=\"736\" \/>\n\t<meta property=\"og:image:type\" content=\"image\/png\" \/>\n<meta name=\"author\" content=\"Bladna News Staff\" \/>\n<meta name=\"twitter:card\" content=\"summary_large_image\" \/>\n<meta name=\"twitter:label1\" content=\"\u00c9crit par\" \/>\n\t<meta name=\"twitter:data1\" content=\"Bladna News Staff\" \/>\n\t<meta name=\"twitter:label2\" content=\"Dur\u00e9e de lecture estim\u00e9e\" \/>\n\t<meta name=\"twitter:data2\" content=\"1 minute\" \/>\n<script type=\"application\/ld+json\" class=\"yoast-schema-graph\">{\"@context\":\"https:\\\/\\\/schema.org\",\"@graph\":[{\"@type\":\"Article\",\"@id\":\"https:\\\/\\\/bladnanews.com\\\/donnarumma-agent-admits-serie-a-transfer-talk-after-city-move\\\/#article\",\"isPartOf\":{\"@id\":\"https:\\\/\\\/bladnanews.com\\\/donnarumma-agent-admits-serie-a-transfer-talk-after-city-move\\\/\"},\"author\":{\"name\":\"Bladna News Staff\",\"@id\":\"https:\\\/\\\/mediumseagreen-eel-531711.hostingersite.com\\\/#\\\/schema\\\/person\\\/268e18a453ab080ebf76df6ef7845083\"},\"headline\":\"Donnarumma agent admits Serie A transfer talk after City move\",\"datePublished\":\"2026-01-19T14:13:18+00:00\",\"mainEntityOfPage\":{\"@id\":\"https:\\\/\\\/bladnanews.com\\\/donnarumma-agent-admits-serie-a-transfer-talk-after-city-move\\\/\"},\"wordCount\":271,\"publisher\":{\"@id\":\"https:\\\/\\\/mediumseagreen-eel-531711.hostingersite.com\\\/#organization\"},\"image\":{\"@id\":\"https:\\\/\\\/bladnanews.com\\\/donnarumma-agent-admits-serie-a-transfer-talk-after-city-move\\\/#primaryimage\"},\"thumbnailUrl\":\"https:\\\/\\\/bladnanews.com\\\/wp-content\\\/uploads\\\/2026\\\/01\\\/BladnaNews-Donnarumma-agent-admits-Serie-A-transfer-talk-after-City-move-2026-01-20T011032.513Z-scaled.jpg\",\"articleSection\":[\"International\",\"Latest News\"],\"inLanguage\":\"fr-FR\",\"copyrightYear\":\"2026\",\"copyrightHolder\":{\"@id\":\"https:\\\/\\\/bladnanews.com\\\/fr\\\/#organization\"}},{\"@type\":\"WebPage\",\"@id\":\"https:\\\/\\\/bladnanews.com\\\/donnarumma-agent-admits-serie-a-transfer-talk-after-city-move\\\/\",\"url\":\"https:\\\/\\\/bladnanews.com\\\/donnarumma-agent-admits-serie-a-transfer-talk-after-city-move\\\/\",\"name\":\"Donnarumma agent admits Serie A transfer talk after City move - Bladna News\",\"isPartOf\":{\"@id\":\"https:\\\/\\\/mediumseagreen-eel-531711.hostingersite.com\\\/#website\"},\"primaryImageOfPage\":{\"@id\":\"https:\\\/\\\/bladnanews.com\\\/donnarumma-agent-admits-serie-a-transfer-talk-after-city-move\\\/#primaryimage\"},\"image\":{\"@id\":\"https:\\\/\\\/bladnanews.com\\\/donnarumma-agent-admits-serie-a-transfer-talk-after-city-move\\\/#primaryimage\"},\"thumbnailUrl\":\"https:\\\/\\\/bladnanews.com\\\/wp-content\\\/uploads\\\/2026\\\/01\\\/BladnaNews-Donnarumma-agent-admits-Serie-A-transfer-talk-after-City-move-2026-01-20T011032.513Z-scaled.jpg\",\"datePublished\":\"2026-01-19T14:13:18+00:00\",\"breadcrumb\":{\"@id\":\"https:\\\/\\\/bladnanews.com\\\/donnarumma-agent-admits-serie-a-transfer-talk-after-city-move\\\/#breadcrumb\"},\"inLanguage\":\"fr-FR\",\"potentialAction\":[{\"@type\":\"ReadAction\",\"target\":[\"https:\\\/\\\/bladnanews.com\\\/donnarumma-agent-admits-serie-a-transfer-talk-after-city-move\\\/\"]}]},{\"@type\":\"ImageObject\",\"inLanguage\":\"fr-FR\",\"@id\":\"https:\\\/\\\/bladnanews.com\\\/donnarumma-agent-admits-serie-a-transfer-talk-after-city-move\\\/#primaryimage\",\"url\":\"https:\\\/\\\/bladnanews.com\\\/wp-content\\\/uploads\\\/2026\\\/01\\\/BladnaNews-Donnarumma-agent-admits-Serie-A-transfer-talk-after-City-move-2026-01-20T011032.513Z-scaled.jpg\",\"contentUrl\":\"https:\\\/\\\/bladnanews.com\\\/wp-content\\\/uploads\\\/2026\\\/01\\\/BladnaNews-Donnarumma-agent-admits-Serie-A-transfer-talk-after-City-move-2026-01-20T011032.513Z-scaled.jpg\",\"width\":2560,\"height\":1440,\"caption\":\"Donnarumma, in a bright green Manchester City kit, waves to the crowd with a smile, showcasing his role as goalkeeper.\"},{\"@type\":\"BreadcrumbList\",\"@id\":\"https:\\\/\\\/bladnanews.com\\\/donnarumma-agent-admits-serie-a-transfer-talk-after-city-move\\\/#breadcrumb\",\"itemListElement\":[{\"@type\":\"ListItem\",\"position\":1,\"name\":\"Home\",\"item\":\"https:\\\/\\\/bladnanews.com\\\/\"},{\"@type\":\"ListItem\",\"position\":2,\"name\":\"Donnarumma agent admits Serie A transfer talk after City move\"}]},{\"@type\":\"WebSite\",\"@id\":\"https:\\\/\\\/mediumseagreen-eel-531711.hostingersite.com\\\/#website\",\"url\":\"https:\\\/\\\/mediumseagreen-eel-531711.hostingersite.com\\\/\",\"name\":\"Bladna News - Morocco\",\"description\":\"Where Moroccan Football Meets the World\",\"publisher\":{\"@id\":\"https:\\\/\\\/mediumseagreen-eel-531711.hostingersite.com\\\/#organization\"},\"potentialAction\":[{\"@type\":\"SearchAction\",\"target\":{\"@type\":\"EntryPoint\",\"urlTemplate\":\"https:\\\/\\\/mediumseagreen-eel-531711.hostingersite.com\\\/?s={search_term_string}\"},\"query-input\":{\"@type\":\"PropertyValueSpecification\",\"valueRequired\":true,\"valueName\":\"search_term_string\"}}],\"inLanguage\":\"fr-FR\"},{\"@type\":\"Organization\",\"@id\":\"https:\\\/\\\/mediumseagreen-eel-531711.hostingersite.com\\\/#organization\",\"name\":\"Bladna News.com\",\"url\":\"https:\\\/\\\/mediumseagreen-eel-531711.hostingersite.com\\\/\",\"logo\":{\"@type\":\"ImageObject\",\"inLanguage\":\"fr-FR\",\"@id\":\"https:\\\/\\\/mediumseagreen-eel-531711.hostingersite.com\\\/#\\\/schema\\\/logo\\\/image\\\/\",\"url\":\"https:\\\/\\\/bladnanews.com\\\/wp-content\\\/uploads\\\/2025\\\/12\\\/logo-bladnanews-V2-web-black-red.png\",\"contentUrl\":\"https:\\\/\\\/bladnanews.com\\\/wp-content\\\/uploads\\\/2025\\\/12\\\/logo-bladnanews-V2-web-black-red.png\",\"width\":703,\"height\":287,\"caption\":\"Bladna News.com\"},\"image\":{\"@id\":\"https:\\\/\\\/mediumseagreen-eel-531711.hostingersite.com\\\/#\\\/schema\\\/logo\\\/image\\\/\"},\"email\":\"info@bladnanews.com\",\"legalName\":\"Bladna News\"},{\"@type\":\"Person\",\"@id\":\"https:\\\/\\\/mediumseagreen-eel-531711.hostingersite.com\\\/#\\\/schema\\\/person\\\/268e18a453ab080ebf76df6ef7845083\",\"name\":\"Bladna News Staff\",\"url\":\"https:\\\/\\\/bladnanews.com\\\/fr\\\/author\\\/bladna-news-staff\\\/\"}]}<\/script>\n<!-- \/ Yoast SEO Premium plugin. -->","yoast_head_json":{"title":"L'agent de Donnarumma admet des discussions de transfert en Serie A apr\u00e8s son d\u00e9part pour City - Bladna News","robots":{"index":"index","follow":"follow","max-snippet":"max-snippet:-1","max-image-preview":"max-image-preview:large","max-video-preview":"max-video-preview:-1"},"canonical":"https:\/\/bladnanews.com\/fr\/lagent-de-donnarumma-admet-des-discussions-de-transfert-en-serie-a-apres-son-depart-pour-city\/","og_locale":"fr_FR","og_type":"article","og_title":"Donnarumma agent admits Serie A transfer talk after City move","og_description":"Gianluigi Donnarumma\u2019s future at Manchester City has been thrown into the spotlight after his agent made a candid admission about [&hellip;]","og_url":"https:\/\/bladnanews.com\/fr\/lagent-de-donnarumma-admet-des-discussions-de-transfert-en-serie-a-apres-son-depart-pour-city\/","og_site_name":"Bladna News","article_published_time":"2026-01-19T14:13:18+00:00","og_image":[{"width":1312,"height":736,"url":"https:\/\/bladnanews.com\/wp-content\/uploads\/2025\/12\/freepik__bladna-newscom-moroccan-soccer-homepage-banner-mor__41838.png","type":"image\/png"}],"author":"Bladna News Staff","twitter_card":"summary_large_image","twitter_misc":{"\u00c9crit par":"Bladna News Staff","Dur\u00e9e de lecture estim\u00e9e":"1 minute"},"schema":{"@context":"https:\/\/schema.org","@graph":[{"@type":"Article","@id":"https:\/\/bladnanews.com\/donnarumma-agent-admits-serie-a-transfer-talk-after-city-move\/#article","isPartOf":{"@id":"https:\/\/bladnanews.com\/donnarumma-agent-admits-serie-a-transfer-talk-after-city-move\/"},"author":{"name":"Bladna News Staff","@id":"https:\/\/mediumseagreen-eel-531711.hostingersite.com\/#\/schema\/person\/268e18a453ab080ebf76df6ef7845083"},"headline":"Donnarumma agent admits Serie A transfer talk after City move","datePublished":"2026-01-19T14:13:18+00:00","mainEntityOfPage":{"@id":"https:\/\/bladnanews.com\/donnarumma-agent-admits-serie-a-transfer-talk-after-city-move\/"},"wordCount":271,"publisher":{"@id":"https:\/\/mediumseagreen-eel-531711.hostingersite.com\/#organization"},"image":{"@id":"https:\/\/bladnanews.com\/donnarumma-agent-admits-serie-a-transfer-talk-after-city-move\/#primaryimage"},"thumbnailUrl":"https:\/\/bladnanews.com\/wp-content\/uploads\/2026\/01\/BladnaNews-Donnarumma-agent-admits-Serie-A-transfer-talk-after-City-move-2026-01-20T011032.513Z-scaled.jpg","articleSection":["International","Latest News"],"inLanguage":"fr-FR","copyrightYear":"2026","copyrightHolder":{"@id":"https:\/\/bladnanews.com\/fr\/#organization"}},{"@type":"WebPage","@id":"https:\/\/bladnanews.com\/donnarumma-agent-admits-serie-a-transfer-talk-after-city-move\/","url":"https:\/\/bladnanews.com\/donnarumma-agent-admits-serie-a-transfer-talk-after-city-move\/","name":"L'agent de Donnarumma admet des discussions de transfert en Serie A apr\u00e8s son d\u00e9part pour City - Bladna News","isPartOf":{"@id":"https:\/\/mediumseagreen-eel-531711.hostingersite.com\/#website"},"primaryImageOfPage":{"@id":"https:\/\/bladnanews.com\/donnarumma-agent-admits-serie-a-transfer-talk-after-city-move\/#primaryimage"},"image":{"@id":"https:\/\/bladnanews.com\/donnarumma-agent-admits-serie-a-transfer-talk-after-city-move\/#primaryimage"},"thumbnailUrl":"https:\/\/bladnanews.com\/wp-content\/uploads\/2026\/01\/BladnaNews-Donnarumma-agent-admits-Serie-A-transfer-talk-after-City-move-2026-01-20T011032.513Z-scaled.jpg","datePublished":"2026-01-19T14:13:18+00:00","breadcrumb":{"@id":"https:\/\/bladnanews.com\/donnarumma-agent-admits-serie-a-transfer-talk-after-city-move\/#breadcrumb"},"inLanguage":"fr-FR","potentialAction":[{"@type":"ReadAction","target":["https:\/\/bladnanews.com\/donnarumma-agent-admits-serie-a-transfer-talk-after-city-move\/"]}]},{"@type":"ImageObject","inLanguage":"fr-FR","@id":"https:\/\/bladnanews.com\/donnarumma-agent-admits-serie-a-transfer-talk-after-city-move\/#primaryimage","url":"https:\/\/bladnanews.com\/wp-content\/uploads\/2026\/01\/BladnaNews-Donnarumma-agent-admits-Serie-A-transfer-talk-after-City-move-2026-01-20T011032.513Z-scaled.jpg","contentUrl":"https:\/\/bladnanews.com\/wp-content\/uploads\/2026\/01\/BladnaNews-Donnarumma-agent-admits-Serie-A-transfer-talk-after-City-move-2026-01-20T011032.513Z-scaled.jpg","width":2560,"height":1440,"caption":"Donnarumma, in a bright green Manchester City kit, waves to the crowd with a smile, showcasing his role as goalkeeper."},{"@type":"BreadcrumbList","@id":"https:\/\/bladnanews.com\/donnarumma-agent-admits-serie-a-transfer-talk-after-city-move\/#breadcrumb","itemListElement":[{"@type":"ListItem","position":1,"name":"Home","item":"https:\/\/bladnanews.com\/"},{"@type":"ListItem","position":2,"name":"Donnarumma agent admits Serie A transfer talk after City move"}]},{"@type":"WebSite","@id":"https:\/\/mediumseagreen-eel-531711.hostingersite.com\/#website","url":"https:\/\/mediumseagreen-eel-531711.hostingersite.com\/","name":"Bladna News - Maroc","description":"Quand le football marocain rencontre le monde","publisher":{"@id":"https:\/\/mediumseagreen-eel-531711.hostingersite.com\/#organization"},"potentialAction":[{"@type":"SearchAction","target":{"@type":"EntryPoint","urlTemplate":"https:\/\/mediumseagreen-eel-531711.hostingersite.com\/?s={search_term_string}"},"query-input":{"@type":"PropertyValueSpecification","valueRequired":true,"valueName":"search_term_string"}}],"inLanguage":"fr-FR"},{"@type":"Organization","@id":"https:\/\/mediumseagreen-eel-531711.hostingersite.com\/#organization","name":"Bladna News.com","url":"https:\/\/mediumseagreen-eel-531711.hostingersite.com\/","logo":{"@type":"ImageObject","inLanguage":"fr-FR","@id":"https:\/\/mediumseagreen-eel-531711.hostingersite.com\/#\/schema\/logo\/image\/","url":"https:\/\/bladnanews.com\/wp-content\/uploads\/2025\/12\/logo-bladnanews-V2-web-black-red.png","contentUrl":"https:\/\/bladnanews.com\/wp-content\/uploads\/2025\/12\/logo-bladnanews-V2-web-black-red.png","width":703,"height":287,"caption":"Bladna News.com"},"image":{"@id":"https:\/\/mediumseagreen-eel-531711.hostingersite.com\/#\/schema\/logo\/image\/"},"email":"info@bladnanews.com","legalName":"Bladna News"},{"@type":"Person","@id":"https:\/\/mediumseagreen-eel-531711.hostingersite.com\/#\/schema\/person\/268e18a453ab080ebf76df6ef7845083","name":"\u00c9quipe r\u00e9dactionnelle de Bladna News","url":"https:\/\/bladnanews.com\/fr\/author\/bladna-news-staff\/"}]}},"_links":{"self":[{"href":"https:\/\/bladnanews.com\/fr\/wp-json\/wp\/v2\/posts\/6980","targetHints":{"allow":["GET"]}}],"collection":[{"href":"https:\/\/bladnanews.com\/fr\/wp-json\/wp\/v2\/posts"}],"about":[{"href":"https:\/\/bladnanews.com\/fr\/wp-json\/wp\/v2\/types\/post"}],"author":[{"embeddable":true,"href":"https:\/\/bladnanews.com\/fr\/wp-json\/wp\/v2\/users\/3"}],"replies":[{"embeddable":true,"href":"https:\/\/bladnanews.com\/fr\/wp-json\/wp\/v2\/comments?post=6980"}],"version-history":[{"count":0,"href":"https:\/\/bladnanews.com\/fr\/wp-json\/wp\/v2\/posts\/6980\/revisions"}],"wp:featuredmedia":[{"embeddable":true,"href":"https:\/\/bladnanews.com\/fr\/wp-json\/wp\/v2\/media\/6979"}],"wp:attachment":[{"href":"https:\/\/bladnanews.com\/fr\/wp-json\/wp\/v2\/media?parent=6980"}],"wp:term":[{"taxonomy":"category","embeddable":true,"href":"https:\/\/bladnanews.com\/fr\/wp-json\/wp\/v2\/categories?post=6980"},{"taxonomy":"post_tag","embeddable":true,"href":"https:\/\/bladnanews.com\/fr\/wp-json\/wp\/v2\/tags?post=6980"}],"curies":[{"name":"wp","href":"https:\/\/api.w.org\/{rel}","templated":true}]}}