{"id":7006,"date":"2026-01-19T15:01:42","date_gmt":"2026-01-19T15:01:42","guid":{"rendered":"https:\/\/bladnanews.com\/james-mcclean-reveals-only-regret-after-leaving-wrexham-owners\/"},"modified":"2026-01-19T15:01:42","modified_gmt":"2026-01-19T15:01:42","slug":"james-mcclean-revele-son-seul-regret-apres-avoir-quitte-les-proprietaires-de-wrexham","status":"publish","type":"post","link":"https:\/\/bladnanews.com\/fr\/james-mcclean-revele-son-seul-regret-apres-avoir-quitte-les-proprietaires-de-wrexham\/","title":{"rendered":"James McClean r\u00e9v\u00e8le son seul regret apr\u00e8s avoir quitt\u00e9 les propri\u00e9taires de Wrexham."},"content":{"rendered":"<p>James McClean a d\u00e9clar\u00e9 n'avoir qu'un seul regret apr\u00e8s avoir rompu ses liens avec les copropri\u00e9taires de Wrexham, Ryan Reynolds et Rob McElhenney.<\/p>\n<p>L'ailier, qui a rejoint Wrexham \u00e0 l'\u00e9t\u00e9 2023, est rapidement devenu un acteur de l'ascension du club sous la direction des propri\u00e9taires hollywoodiens, l'histoire de l'\u00e9quipe galloise \u00e9tant suivie de pr\u00e8s dans le monde entier. La notori\u00e9t\u00e9 croissante de Wrexham a \u00e9galement conduit certains \u00e0 qualifier le club de \u201cDisney FC\u201d, une \u00e9tiquette que McClean a abord\u00e9e en \u00e9voquant son exp\u00e9rience sous la direction de Reynolds et McElhenney.<\/p>\n<p>McClean a d\u00e9crit les copropri\u00e9taires comme \u201cincroyables\u201d et s'est exprim\u00e9 chaleureusement sur l'exp\u00e9rience de travailler \u00e0 leurs c\u00f4t\u00e9s et sur le projet qu'ils ont construit au Racecourse Ground.<\/p>\n<p>Cependant, le joueur de 35 ans a admis que son seul regret est de ne pas avoir saisi plus d'occasions de s'entretenir avec Reynolds et McElhenney lorsqu'il \u00e9tait au club, r\u00e9v\u00e9lant qu'il choisissait parfois de les laisser tranquilles plut\u00f4t que d'engager des conversations plus longues.<\/p>\n<p>Les commentaires de McClean offrent un nouvel aper\u00e7u de l'implication directe des propri\u00e9taires de Wrexham depuis leur rachat, et de la mani\u00e8re dont les joueurs ont ressenti l'impact des projecteurs d\u00e9sormais braqu\u00e9s sur le club.<\/p>\n<p>Bien que son passage \u00e0 Wrexham soit derri\u00e8re lui, McClean a clairement indiqu\u00e9 qu'il n'y avait aucune animosit\u00e9, soulignant son respect pour Reynolds, McElhenney et le travail qu'ils ont accompli dans l'ombre.<\/p>","protected":false},"excerpt":{"rendered":"<p>James McClean has said he has only one regret after cutting ties with Wrexham co-owners Ryan Reynolds and Rob McElhenney. [&hellip;]<\/p>\n","protected":false},"author":3,"featured_media":7005,"comment_status":"","ping_status":"open","sticky":false,"template":"","format":"standard","meta":{"googlesitekit_rrm_CAow_uzEDA:productID":"","site-sidebar-layout":"default","site-content-layout":"","ast-site-content-layout":"default","site-content-style":"default","site-sidebar-style":"default","ast-global-header-display":"","ast-banner-title-visibility":"","ast-main-header-display":"","ast-hfb-above-header-display":"","ast-hfb-below-header-display":"","ast-hfb-mobile-header-display":"","site-post-title":"","ast-breadcrumbs-content":"","ast-featured-img":"","footer-sml-layout":"","ast-disable-related-posts":"","theme-transparent-header-meta":"","adv-header-id-meta":"","stick-header-meta":"","header-above-stick-meta":"","header-main-stick-meta":"","header-below-stick-meta":"","astra-migrate-meta-layouts":"default","ast-page-background-enabled":"default","ast-page-background-meta":{"desktop":{"background-color":"var(--ast-global-color-5)","background-image":"","background-repeat":"repeat","background-position":"center center","background-size":"auto","background-attachment":"scroll","background-type":"","background-media":"","overlay-type":"","overlay-color":"","overlay-opacity":"","overlay-gradient":""},"tablet":{"background-color":"","background-image":"","background-repeat":"repeat","background-position":"center center","background-size":"auto","background-attachment":"scroll","background-type":"","background-media":"","overlay-type":"","overlay-color":"","overlay-opacity":"","overlay-gradient":""},"mobile":{"background-color":"","background-image":"","background-repeat":"repeat","background-position":"center center","background-size":"auto","background-attachment":"scroll","background-type":"","background-media":"","overlay-type":"","overlay-color":"","overlay-opacity":"","overlay-gradient":""}},"ast-content-background-meta":{"desktop":{"background-color":"var(--ast-global-color-4)","background-image":"","background-repeat":"repeat","background-position":"center center","background-size":"auto","background-attachment":"scroll","background-type":"","background-media":"","overlay-type":"","overlay-color":"","overlay-opacity":"","overlay-gradient":""},"tablet":{"background-color":"var(--ast-global-color-4)","background-image":"","background-repeat":"repeat","background-position":"center center","background-size":"auto","background-attachment":"scroll","background-type":"","background-media":"","overlay-type":"","overlay-color":"","overlay-opacity":"","overlay-gradient":""},"mobile":{"background-color":"var(--ast-global-color-4)","background-image":"","background-repeat":"repeat","background-position":"center center","background-size":"auto","background-attachment":"scroll","background-type":"","background-media":"","overlay-type":"","overlay-color":"","overlay-opacity":"","overlay-gradient":""}},"footnotes":""},"categories":[20,1],"tags":[],"class_list":["post-7006","post","type-post","status-publish","format-standard","has-post-thumbnail","hentry","category-international","category-football-latest-news"],"yoast_head":"<!-- This site is optimized with the Yoast SEO Premium plugin v26.6 (Yoast SEO v27.5) - https:\/\/yoast.com\/product\/yoast-seo-premium-wordpress\/ -->\n<title>James McClean reveals only regret after leaving Wrexham owners - Bladna News<\/title>\n<meta name=\"robots\" content=\"index, follow, max-snippet:-1, max-image-preview:large, max-video-preview:-1\" \/>\n<link rel=\"canonical\" href=\"https:\/\/bladnanews.com\/fr\/james-mcclean-revele-son-seul-regret-apres-avoir-quitte-les-proprietaires-de-wrexham\/\" \/>\n<meta property=\"og:locale\" content=\"fr_FR\" \/>\n<meta property=\"og:type\" content=\"article\" \/>\n<meta property=\"og:title\" content=\"James McClean reveals only regret after leaving Wrexham owners\" \/>\n<meta property=\"og:description\" content=\"James McClean has said he has only one regret after cutting ties with Wrexham co-owners Ryan Reynolds and Rob McElhenney. [&hellip;]\" \/>\n<meta property=\"og:url\" content=\"https:\/\/bladnanews.com\/fr\/james-mcclean-revele-son-seul-regret-apres-avoir-quitte-les-proprietaires-de-wrexham\/\" \/>\n<meta property=\"og:site_name\" content=\"Bladna News\" \/>\n<meta property=\"article:published_time\" content=\"2026-01-19T15:01:42+00:00\" \/>\n<meta property=\"og:image\" content=\"https:\/\/bladnanews.com\/wp-content\/uploads\/2025\/12\/freepik__bladna-newscom-moroccan-soccer-homepage-banner-mor__41838.png\" \/>\n\t<meta property=\"og:image:width\" content=\"1312\" \/>\n\t<meta property=\"og:image:height\" content=\"736\" \/>\n\t<meta property=\"og:image:type\" content=\"image\/png\" \/>\n<meta name=\"author\" content=\"Bladna News Staff\" \/>\n<meta name=\"twitter:card\" content=\"summary_large_image\" \/>\n<meta name=\"twitter:label1\" content=\"\u00c9crit par\" \/>\n\t<meta name=\"twitter:data1\" content=\"Bladna News Staff\" \/>\n\t<meta name=\"twitter:label2\" content=\"Dur\u00e9e de lecture estim\u00e9e\" \/>\n\t<meta name=\"twitter:data2\" content=\"1 minute\" \/>\n<script type=\"application\/ld+json\" class=\"yoast-schema-graph\">{\"@context\":\"https:\\\/\\\/schema.org\",\"@graph\":[{\"@type\":\"Article\",\"@id\":\"https:\\\/\\\/bladnanews.com\\\/james-mcclean-reveals-only-regret-after-leaving-wrexham-owners\\\/#article\",\"isPartOf\":{\"@id\":\"https:\\\/\\\/bladnanews.com\\\/james-mcclean-reveals-only-regret-after-leaving-wrexham-owners\\\/\"},\"author\":{\"name\":\"Bladna News Staff\",\"@id\":\"https:\\\/\\\/mediumseagreen-eel-531711.hostingersite.com\\\/#\\\/schema\\\/person\\\/268e18a453ab080ebf76df6ef7845083\"},\"headline\":\"James McClean reveals only regret after leaving Wrexham owners\",\"datePublished\":\"2026-01-19T15:01:42+00:00\",\"mainEntityOfPage\":{\"@id\":\"https:\\\/\\\/bladnanews.com\\\/james-mcclean-reveals-only-regret-after-leaving-wrexham-owners\\\/\"},\"wordCount\":221,\"publisher\":{\"@id\":\"https:\\\/\\\/mediumseagreen-eel-531711.hostingersite.com\\\/#organization\"},\"image\":{\"@id\":\"https:\\\/\\\/bladnanews.com\\\/james-mcclean-reveals-only-regret-after-leaving-wrexham-owners\\\/#primaryimage\"},\"thumbnailUrl\":\"https:\\\/\\\/bladnanews.com\\\/wp-content\\\/uploads\\\/2026\\\/01\\\/BladnaNews-James-McClean-reveals-only-regret-after-leaving-Wrexham-owners-2026-01-20T051016.559Z.jpg\",\"articleSection\":[\"International\",\"Latest News\"],\"inLanguage\":\"fr-FR\",\"copyrightYear\":\"2026\",\"copyrightHolder\":{\"@id\":\"https:\\\/\\\/bladnanews.com\\\/fr\\\/#organization\"}},{\"@type\":\"WebPage\",\"@id\":\"https:\\\/\\\/bladnanews.com\\\/james-mcclean-reveals-only-regret-after-leaving-wrexham-owners\\\/\",\"url\":\"https:\\\/\\\/bladnanews.com\\\/james-mcclean-reveals-only-regret-after-leaving-wrexham-owners\\\/\",\"name\":\"James McClean reveals only regret after leaving Wrexham owners - Bladna News\",\"isPartOf\":{\"@id\":\"https:\\\/\\\/mediumseagreen-eel-531711.hostingersite.com\\\/#website\"},\"primaryImageOfPage\":{\"@id\":\"https:\\\/\\\/bladnanews.com\\\/james-mcclean-reveals-only-regret-after-leaving-wrexham-owners\\\/#primaryimage\"},\"image\":{\"@id\":\"https:\\\/\\\/bladnanews.com\\\/james-mcclean-reveals-only-regret-after-leaving-wrexham-owners\\\/#primaryimage\"},\"thumbnailUrl\":\"https:\\\/\\\/bladnanews.com\\\/wp-content\\\/uploads\\\/2026\\\/01\\\/BladnaNews-James-McClean-reveals-only-regret-after-leaving-Wrexham-owners-2026-01-20T051016.559Z.jpg\",\"datePublished\":\"2026-01-19T15:01:42+00:00\",\"breadcrumb\":{\"@id\":\"https:\\\/\\\/bladnanews.com\\\/james-mcclean-reveals-only-regret-after-leaving-wrexham-owners\\\/#breadcrumb\"},\"inLanguage\":\"fr-FR\",\"potentialAction\":[{\"@type\":\"ReadAction\",\"target\":[\"https:\\\/\\\/bladnanews.com\\\/james-mcclean-reveals-only-regret-after-leaving-wrexham-owners\\\/\"]}]},{\"@type\":\"ImageObject\",\"inLanguage\":\"fr-FR\",\"@id\":\"https:\\\/\\\/bladnanews.com\\\/james-mcclean-reveals-only-regret-after-leaving-wrexham-owners\\\/#primaryimage\",\"url\":\"https:\\\/\\\/bladnanews.com\\\/wp-content\\\/uploads\\\/2026\\\/01\\\/BladnaNews-James-McClean-reveals-only-regret-after-leaving-Wrexham-owners-2026-01-20T051016.559Z.jpg\",\"contentUrl\":\"https:\\\/\\\/bladnanews.com\\\/wp-content\\\/uploads\\\/2026\\\/01\\\/BladnaNews-James-McClean-reveals-only-regret-after-leaving-Wrexham-owners-2026-01-20T051016.559Z.jpg\",\"width\":1920,\"height\":1080,\"caption\":\"Ryan Reynolds and Rob McElhenney cheer in Wrexham gear, alongside James McClean in a red Wrexham shirt, gesturing on the pitch.\"},{\"@type\":\"BreadcrumbList\",\"@id\":\"https:\\\/\\\/bladnanews.com\\\/james-mcclean-reveals-only-regret-after-leaving-wrexham-owners\\\/#breadcrumb\",\"itemListElement\":[{\"@type\":\"ListItem\",\"position\":1,\"name\":\"Home\",\"item\":\"https:\\\/\\\/bladnanews.com\\\/\"},{\"@type\":\"ListItem\",\"position\":2,\"name\":\"James McClean reveals only regret after leaving Wrexham owners\"}]},{\"@type\":\"WebSite\",\"@id\":\"https:\\\/\\\/mediumseagreen-eel-531711.hostingersite.com\\\/#website\",\"url\":\"https:\\\/\\\/mediumseagreen-eel-531711.hostingersite.com\\\/\",\"name\":\"Bladna News - Morocco\",\"description\":\"Where Moroccan Football Meets the World\",\"publisher\":{\"@id\":\"https:\\\/\\\/mediumseagreen-eel-531711.hostingersite.com\\\/#organization\"},\"potentialAction\":[{\"@type\":\"SearchAction\",\"target\":{\"@type\":\"EntryPoint\",\"urlTemplate\":\"https:\\\/\\\/mediumseagreen-eel-531711.hostingersite.com\\\/?s={search_term_string}\"},\"query-input\":{\"@type\":\"PropertyValueSpecification\",\"valueRequired\":true,\"valueName\":\"search_term_string\"}}],\"inLanguage\":\"fr-FR\"},{\"@type\":\"Organization\",\"@id\":\"https:\\\/\\\/mediumseagreen-eel-531711.hostingersite.com\\\/#organization\",\"name\":\"Bladna News.com\",\"url\":\"https:\\\/\\\/mediumseagreen-eel-531711.hostingersite.com\\\/\",\"logo\":{\"@type\":\"ImageObject\",\"inLanguage\":\"fr-FR\",\"@id\":\"https:\\\/\\\/mediumseagreen-eel-531711.hostingersite.com\\\/#\\\/schema\\\/logo\\\/image\\\/\",\"url\":\"https:\\\/\\\/bladnanews.com\\\/wp-content\\\/uploads\\\/2025\\\/12\\\/logo-bladnanews-V2-web-black-red.png\",\"contentUrl\":\"https:\\\/\\\/bladnanews.com\\\/wp-content\\\/uploads\\\/2025\\\/12\\\/logo-bladnanews-V2-web-black-red.png\",\"width\":703,\"height\":287,\"caption\":\"Bladna News.com\"},\"image\":{\"@id\":\"https:\\\/\\\/mediumseagreen-eel-531711.hostingersite.com\\\/#\\\/schema\\\/logo\\\/image\\\/\"},\"email\":\"info@bladnanews.com\",\"legalName\":\"Bladna News\"},{\"@type\":\"Person\",\"@id\":\"https:\\\/\\\/mediumseagreen-eel-531711.hostingersite.com\\\/#\\\/schema\\\/person\\\/268e18a453ab080ebf76df6ef7845083\",\"name\":\"Bladna News Staff\",\"url\":\"https:\\\/\\\/bladnanews.com\\\/fr\\\/author\\\/bladna-news-staff\\\/\"}]}<\/script>\n<!-- \/ Yoast SEO Premium plugin. -->","yoast_head_json":{"title":"James McClean r\u00e9v\u00e8le son seul regret apr\u00e8s avoir quitt\u00e9 les propri\u00e9taires de Wrexham - Bladna News","robots":{"index":"index","follow":"follow","max-snippet":"max-snippet:-1","max-image-preview":"max-image-preview:large","max-video-preview":"max-video-preview:-1"},"canonical":"https:\/\/bladnanews.com\/fr\/james-mcclean-revele-son-seul-regret-apres-avoir-quitte-les-proprietaires-de-wrexham\/","og_locale":"fr_FR","og_type":"article","og_title":"James McClean reveals only regret after leaving Wrexham owners","og_description":"James McClean has said he has only one regret after cutting ties with Wrexham co-owners Ryan Reynolds and Rob McElhenney. [&hellip;]","og_url":"https:\/\/bladnanews.com\/fr\/james-mcclean-revele-son-seul-regret-apres-avoir-quitte-les-proprietaires-de-wrexham\/","og_site_name":"Bladna News","article_published_time":"2026-01-19T15:01:42+00:00","og_image":[{"width":1312,"height":736,"url":"https:\/\/bladnanews.com\/wp-content\/uploads\/2025\/12\/freepik__bladna-newscom-moroccan-soccer-homepage-banner-mor__41838.png","type":"image\/png"}],"author":"Bladna News Staff","twitter_card":"summary_large_image","twitter_misc":{"\u00c9crit par":"Bladna News Staff","Dur\u00e9e de lecture estim\u00e9e":"1 minute"},"schema":{"@context":"https:\/\/schema.org","@graph":[{"@type":"Article","@id":"https:\/\/bladnanews.com\/james-mcclean-reveals-only-regret-after-leaving-wrexham-owners\/#article","isPartOf":{"@id":"https:\/\/bladnanews.com\/james-mcclean-reveals-only-regret-after-leaving-wrexham-owners\/"},"author":{"name":"Bladna News Staff","@id":"https:\/\/mediumseagreen-eel-531711.hostingersite.com\/#\/schema\/person\/268e18a453ab080ebf76df6ef7845083"},"headline":"James McClean reveals only regret after leaving Wrexham owners","datePublished":"2026-01-19T15:01:42+00:00","mainEntityOfPage":{"@id":"https:\/\/bladnanews.com\/james-mcclean-reveals-only-regret-after-leaving-wrexham-owners\/"},"wordCount":221,"publisher":{"@id":"https:\/\/mediumseagreen-eel-531711.hostingersite.com\/#organization"},"image":{"@id":"https:\/\/bladnanews.com\/james-mcclean-reveals-only-regret-after-leaving-wrexham-owners\/#primaryimage"},"thumbnailUrl":"https:\/\/bladnanews.com\/wp-content\/uploads\/2026\/01\/BladnaNews-James-McClean-reveals-only-regret-after-leaving-Wrexham-owners-2026-01-20T051016.559Z.jpg","articleSection":["International","Latest News"],"inLanguage":"fr-FR","copyrightYear":"2026","copyrightHolder":{"@id":"https:\/\/bladnanews.com\/fr\/#organization"}},{"@type":"WebPage","@id":"https:\/\/bladnanews.com\/james-mcclean-reveals-only-regret-after-leaving-wrexham-owners\/","url":"https:\/\/bladnanews.com\/james-mcclean-reveals-only-regret-after-leaving-wrexham-owners\/","name":"James McClean r\u00e9v\u00e8le son seul regret apr\u00e8s avoir quitt\u00e9 les propri\u00e9taires de Wrexham - Bladna News","isPartOf":{"@id":"https:\/\/mediumseagreen-eel-531711.hostingersite.com\/#website"},"primaryImageOfPage":{"@id":"https:\/\/bladnanews.com\/james-mcclean-reveals-only-regret-after-leaving-wrexham-owners\/#primaryimage"},"image":{"@id":"https:\/\/bladnanews.com\/james-mcclean-reveals-only-regret-after-leaving-wrexham-owners\/#primaryimage"},"thumbnailUrl":"https:\/\/bladnanews.com\/wp-content\/uploads\/2026\/01\/BladnaNews-James-McClean-reveals-only-regret-after-leaving-Wrexham-owners-2026-01-20T051016.559Z.jpg","datePublished":"2026-01-19T15:01:42+00:00","breadcrumb":{"@id":"https:\/\/bladnanews.com\/james-mcclean-reveals-only-regret-after-leaving-wrexham-owners\/#breadcrumb"},"inLanguage":"fr-FR","potentialAction":[{"@type":"ReadAction","target":["https:\/\/bladnanews.com\/james-mcclean-reveals-only-regret-after-leaving-wrexham-owners\/"]}]},{"@type":"ImageObject","inLanguage":"fr-FR","@id":"https:\/\/bladnanews.com\/james-mcclean-reveals-only-regret-after-leaving-wrexham-owners\/#primaryimage","url":"https:\/\/bladnanews.com\/wp-content\/uploads\/2026\/01\/BladnaNews-James-McClean-reveals-only-regret-after-leaving-Wrexham-owners-2026-01-20T051016.559Z.jpg","contentUrl":"https:\/\/bladnanews.com\/wp-content\/uploads\/2026\/01\/BladnaNews-James-McClean-reveals-only-regret-after-leaving-Wrexham-owners-2026-01-20T051016.559Z.jpg","width":1920,"height":1080,"caption":"Ryan Reynolds and Rob McElhenney cheer in Wrexham gear, alongside James McClean in a red Wrexham shirt, gesturing on the pitch."},{"@type":"BreadcrumbList","@id":"https:\/\/bladnanews.com\/james-mcclean-reveals-only-regret-after-leaving-wrexham-owners\/#breadcrumb","itemListElement":[{"@type":"ListItem","position":1,"name":"Home","item":"https:\/\/bladnanews.com\/"},{"@type":"ListItem","position":2,"name":"James McClean reveals only regret after leaving Wrexham owners"}]},{"@type":"WebSite","@id":"https:\/\/mediumseagreen-eel-531711.hostingersite.com\/#website","url":"https:\/\/mediumseagreen-eel-531711.hostingersite.com\/","name":"Bladna News - Maroc","description":"Quand le football marocain rencontre le monde","publisher":{"@id":"https:\/\/mediumseagreen-eel-531711.hostingersite.com\/#organization"},"potentialAction":[{"@type":"SearchAction","target":{"@type":"EntryPoint","urlTemplate":"https:\/\/mediumseagreen-eel-531711.hostingersite.com\/?s={search_term_string}"},"query-input":{"@type":"PropertyValueSpecification","valueRequired":true,"valueName":"search_term_string"}}],"inLanguage":"fr-FR"},{"@type":"Organization","@id":"https:\/\/mediumseagreen-eel-531711.hostingersite.com\/#organization","name":"Bladna News.com","url":"https:\/\/mediumseagreen-eel-531711.hostingersite.com\/","logo":{"@type":"ImageObject","inLanguage":"fr-FR","@id":"https:\/\/mediumseagreen-eel-531711.hostingersite.com\/#\/schema\/logo\/image\/","url":"https:\/\/bladnanews.com\/wp-content\/uploads\/2025\/12\/logo-bladnanews-V2-web-black-red.png","contentUrl":"https:\/\/bladnanews.com\/wp-content\/uploads\/2025\/12\/logo-bladnanews-V2-web-black-red.png","width":703,"height":287,"caption":"Bladna News.com"},"image":{"@id":"https:\/\/mediumseagreen-eel-531711.hostingersite.com\/#\/schema\/logo\/image\/"},"email":"info@bladnanews.com","legalName":"Bladna News"},{"@type":"Person","@id":"https:\/\/mediumseagreen-eel-531711.hostingersite.com\/#\/schema\/person\/268e18a453ab080ebf76df6ef7845083","name":"\u00c9quipe r\u00e9dactionnelle de Bladna News","url":"https:\/\/bladnanews.com\/fr\/author\/bladna-news-staff\/"}]}},"_links":{"self":[{"href":"https:\/\/bladnanews.com\/fr\/wp-json\/wp\/v2\/posts\/7006","targetHints":{"allow":["GET"]}}],"collection":[{"href":"https:\/\/bladnanews.com\/fr\/wp-json\/wp\/v2\/posts"}],"about":[{"href":"https:\/\/bladnanews.com\/fr\/wp-json\/wp\/v2\/types\/post"}],"author":[{"embeddable":true,"href":"https:\/\/bladnanews.com\/fr\/wp-json\/wp\/v2\/users\/3"}],"replies":[{"embeddable":true,"href":"https:\/\/bladnanews.com\/fr\/wp-json\/wp\/v2\/comments?post=7006"}],"version-history":[{"count":0,"href":"https:\/\/bladnanews.com\/fr\/wp-json\/wp\/v2\/posts\/7006\/revisions"}],"wp:featuredmedia":[{"embeddable":true,"href":"https:\/\/bladnanews.com\/fr\/wp-json\/wp\/v2\/media\/7005"}],"wp:attachment":[{"href":"https:\/\/bladnanews.com\/fr\/wp-json\/wp\/v2\/media?parent=7006"}],"wp:term":[{"taxonomy":"category","embeddable":true,"href":"https:\/\/bladnanews.com\/fr\/wp-json\/wp\/v2\/categories?post=7006"},{"taxonomy":"post_tag","embeddable":true,"href":"https:\/\/bladnanews.com\/fr\/wp-json\/wp\/v2\/tags?post=7006"}],"curies":[{"name":"wp","href":"https:\/\/api.w.org\/{rel}","templated":true}]}}