{"id":7113,"date":"2026-01-20T11:57:50","date_gmt":"2026-01-20T11:57:50","guid":{"rendered":"https:\/\/bladnanews.com\/sadio-mane-hailed-as-senegal-hero-after-stopping-walk-off\/"},"modified":"2026-01-20T11:57:50","modified_gmt":"2026-01-20T11:57:50","slug":"sadio-mane-salue-comme-un-heros-senegalais-apres-avoir-empeche-linterruption-du-match","status":"publish","type":"post","link":"https:\/\/bladnanews.com\/fr\/sadio-mane-salue-comme-un-heros-senegalais-apres-avoir-empeche-linterruption-du-match\/","title":{"rendered":"Sadio Mane salu\u00e9 comme h\u00e9ros du S\u00e9n\u00e9gal apr\u00e8s avoir emp\u00each\u00e9 l'abandon du match"},"content":{"rendered":"<p>Sadio Man\u00e9 a \u00e9t\u00e9 acclam\u00e9 comme un h\u00e9ros national au S\u00e9n\u00e9gal apr\u00e8s s'\u00eatre vu attribuer le m\u00e9rite d'avoir emp\u00each\u00e9 ses co\u00e9quipiers de quitter le terrain lors de la finale de la Coupe d'Afrique des Nations contre le Maroc.<\/p>\n<p>L'attaquant de Liverpool a \u00e9t\u00e9 d\u00e9crit comme \u201c un Dieu \u201d dans son pays, certains le qualifiant de \u201c plus grand h\u00e9ros \u201d national pour le r\u00f4le qu'il a jou\u00e9 en maintenant le S\u00e9n\u00e9gal sur le terrain alors que les tensions montaient lors de ce match prestigieux.<\/p>\n<p>Cette affirmation se concentre sur un moment de la finale o\u00f9 les joueurs s\u00e9n\u00e9galais, m\u00e9contents des d\u00e9cisions arbitrales, envisageaient apparemment de quitter le terrain en signe de protestation. Cependant, Man\u00e9 serait intervenu pour exhorter l'\u00e9quipe \u00e0 continuer, emp\u00eachant ainsi que la situation ne d\u00e9g\u00e9n\u00e8re en abandon de match.<\/p>\n<p>Cet \u00e9pisode a encore rehauss\u00e9 la stature de Man\u00e9 au S\u00e9n\u00e9gal, o\u00f9 il est d\u00e9j\u00e0 l'une des figures les plus c\u00e9l\u00e9br\u00e9es de l'histoire du football national. L'influence de l'attaquant a une nouvelle fois \u00e9t\u00e9 soulign\u00e9e lors du plus grand match du tournoi, non seulement pour ses apports techniques, mais aussi pour son leadership alors que les esprits mena\u00e7aient de s'\u00e9chauffer.<\/p>\n<p>Les actions de Man\u00e9 ont \u00e9t\u00e9 pr\u00e9sent\u00e9es comme d\u00e9cisives pour garantir que le S\u00e9n\u00e9gal dispute la finale jusqu'au bout, suscitant une admiration croissante pour la mani\u00e8re dont il a maintenu la concentration de son \u00e9quipe malgr\u00e9 la controverse. Cet incident a depuis \u00e9t\u00e9 largement comment\u00e9, et Man\u00e9 est lou\u00e9 pour avoir aid\u00e9 le S\u00e9n\u00e9gal \u00e0 \u00e9viter un grave incident disciplinaire sur l'une des plus grandes sc\u00e8nes du football africain.<\/p>","protected":false},"excerpt":{"rendered":"<p>Sadio Mane has been hailed as a national hero in Senegal after being credited with stopping his team-mates from walking [&hellip;]<\/p>\n","protected":false},"author":3,"featured_media":7112,"comment_status":"","ping_status":"open","sticky":false,"template":"","format":"standard","meta":{"googlesitekit_rrm_CAow_uzEDA:productID":"","site-sidebar-layout":"default","site-content-layout":"","ast-site-content-layout":"default","site-content-style":"default","site-sidebar-style":"default","ast-global-header-display":"","ast-banner-title-visibility":"","ast-main-header-display":"","ast-hfb-above-header-display":"","ast-hfb-below-header-display":"","ast-hfb-mobile-header-display":"","site-post-title":"","ast-breadcrumbs-content":"","ast-featured-img":"","footer-sml-layout":"","ast-disable-related-posts":"","theme-transparent-header-meta":"","adv-header-id-meta":"","stick-header-meta":"","header-above-stick-meta":"","header-main-stick-meta":"","header-below-stick-meta":"","astra-migrate-meta-layouts":"default","ast-page-background-enabled":"default","ast-page-background-meta":{"desktop":{"background-color":"var(--ast-global-color-5)","background-image":"","background-repeat":"repeat","background-position":"center center","background-size":"auto","background-attachment":"scroll","background-type":"","background-media":"","overlay-type":"","overlay-color":"","overlay-opacity":"","overlay-gradient":""},"tablet":{"background-color":"","background-image":"","background-repeat":"repeat","background-position":"center center","background-size":"auto","background-attachment":"scroll","background-type":"","background-media":"","overlay-type":"","overlay-color":"","overlay-opacity":"","overlay-gradient":""},"mobile":{"background-color":"","background-image":"","background-repeat":"repeat","background-position":"center center","background-size":"auto","background-attachment":"scroll","background-type":"","background-media":"","overlay-type":"","overlay-color":"","overlay-opacity":"","overlay-gradient":""}},"ast-content-background-meta":{"desktop":{"background-color":"var(--ast-global-color-4)","background-image":"","background-repeat":"repeat","background-position":"center center","background-size":"auto","background-attachment":"scroll","background-type":"","background-media":"","overlay-type":"","overlay-color":"","overlay-opacity":"","overlay-gradient":""},"tablet":{"background-color":"var(--ast-global-color-4)","background-image":"","background-repeat":"repeat","background-position":"center center","background-size":"auto","background-attachment":"scroll","background-type":"","background-media":"","overlay-type":"","overlay-color":"","overlay-opacity":"","overlay-gradient":""},"mobile":{"background-color":"var(--ast-global-color-4)","background-image":"","background-repeat":"repeat","background-position":"center center","background-size":"auto","background-attachment":"scroll","background-type":"","background-media":"","overlay-type":"","overlay-color":"","overlay-opacity":"","overlay-gradient":""}},"footnotes":""},"categories":[20,1],"tags":[],"class_list":["post-7113","post","type-post","status-publish","format-standard","has-post-thumbnail","hentry","category-international","category-football-latest-news"],"yoast_head":"<!-- This site is optimized with the Yoast SEO Premium plugin v26.6 (Yoast SEO v27.5) - https:\/\/yoast.com\/product\/yoast-seo-premium-wordpress\/ -->\n<title>Sadio Mane hailed as Senegal hero after stopping walk-off - Bladna News<\/title>\n<meta name=\"robots\" content=\"index, follow, max-snippet:-1, max-image-preview:large, max-video-preview:-1\" \/>\n<link rel=\"canonical\" href=\"https:\/\/bladnanews.com\/fr\/sadio-mane-salue-comme-un-heros-senegalais-apres-avoir-empeche-linterruption-du-match\/\" \/>\n<meta property=\"og:locale\" content=\"fr_FR\" \/>\n<meta property=\"og:type\" content=\"article\" \/>\n<meta property=\"og:title\" content=\"Sadio Mane hailed as Senegal hero after stopping walk-off\" \/>\n<meta property=\"og:description\" content=\"Sadio Mane has been hailed as a national hero in Senegal after being credited with stopping his team-mates from walking [&hellip;]\" \/>\n<meta property=\"og:url\" content=\"https:\/\/bladnanews.com\/fr\/sadio-mane-salue-comme-un-heros-senegalais-apres-avoir-empeche-linterruption-du-match\/\" \/>\n<meta property=\"og:site_name\" content=\"Bladna News\" \/>\n<meta property=\"article:published_time\" content=\"2026-01-20T11:57:50+00:00\" \/>\n<meta property=\"og:image\" content=\"https:\/\/bladnanews.com\/wp-content\/uploads\/2025\/12\/freepik__bladna-newscom-moroccan-soccer-homepage-banner-mor__41838.png\" \/>\n\t<meta property=\"og:image:width\" content=\"1312\" \/>\n\t<meta property=\"og:image:height\" content=\"736\" \/>\n\t<meta property=\"og:image:type\" content=\"image\/png\" \/>\n<meta name=\"author\" content=\"Bladna News Staff\" \/>\n<meta name=\"twitter:card\" content=\"summary_large_image\" \/>\n<meta name=\"twitter:label1\" content=\"\u00c9crit par\" \/>\n\t<meta name=\"twitter:data1\" content=\"Bladna News Staff\" \/>\n\t<meta name=\"twitter:label2\" content=\"Dur\u00e9e de lecture estim\u00e9e\" \/>\n\t<meta name=\"twitter:data2\" content=\"1 minute\" \/>\n<script type=\"application\/ld+json\" class=\"yoast-schema-graph\">{\"@context\":\"https:\\\/\\\/schema.org\",\"@graph\":[{\"@type\":\"Article\",\"@id\":\"https:\\\/\\\/bladnanews.com\\\/sadio-mane-hailed-as-senegal-hero-after-stopping-walk-off\\\/#article\",\"isPartOf\":{\"@id\":\"https:\\\/\\\/bladnanews.com\\\/sadio-mane-hailed-as-senegal-hero-after-stopping-walk-off\\\/\"},\"author\":{\"name\":\"Bladna News Staff\",\"@id\":\"https:\\\/\\\/mediumseagreen-eel-531711.hostingersite.com\\\/#\\\/schema\\\/person\\\/268e18a453ab080ebf76df6ef7845083\"},\"headline\":\"Sadio Mane hailed as Senegal hero after stopping walk-off\",\"datePublished\":\"2026-01-20T11:57:50+00:00\",\"mainEntityOfPage\":{\"@id\":\"https:\\\/\\\/bladnanews.com\\\/sadio-mane-hailed-as-senegal-hero-after-stopping-walk-off\\\/\"},\"wordCount\":244,\"publisher\":{\"@id\":\"https:\\\/\\\/mediumseagreen-eel-531711.hostingersite.com\\\/#organization\"},\"image\":{\"@id\":\"https:\\\/\\\/bladnanews.com\\\/sadio-mane-hailed-as-senegal-hero-after-stopping-walk-off\\\/#primaryimage\"},\"thumbnailUrl\":\"https:\\\/\\\/bladnanews.com\\\/wp-content\\\/uploads\\\/2026\\\/01\\\/BladnaNews-Sadio-Mane-hailed-as-Senegal-hero-after-stopping-walk-off-2026-01-20T210932.266Z-scaled.jpg\",\"articleSection\":[\"International\",\"Latest News\"],\"inLanguage\":\"fr-FR\",\"copyrightYear\":\"2026\",\"copyrightHolder\":{\"@id\":\"https:\\\/\\\/bladnanews.com\\\/fr\\\/#organization\"}},{\"@type\":\"WebPage\",\"@id\":\"https:\\\/\\\/bladnanews.com\\\/sadio-mane-hailed-as-senegal-hero-after-stopping-walk-off\\\/\",\"url\":\"https:\\\/\\\/bladnanews.com\\\/sadio-mane-hailed-as-senegal-hero-after-stopping-walk-off\\\/\",\"name\":\"Sadio Mane hailed as Senegal hero after stopping walk-off - Bladna News\",\"isPartOf\":{\"@id\":\"https:\\\/\\\/mediumseagreen-eel-531711.hostingersite.com\\\/#website\"},\"primaryImageOfPage\":{\"@id\":\"https:\\\/\\\/bladnanews.com\\\/sadio-mane-hailed-as-senegal-hero-after-stopping-walk-off\\\/#primaryimage\"},\"image\":{\"@id\":\"https:\\\/\\\/bladnanews.com\\\/sadio-mane-hailed-as-senegal-hero-after-stopping-walk-off\\\/#primaryimage\"},\"thumbnailUrl\":\"https:\\\/\\\/bladnanews.com\\\/wp-content\\\/uploads\\\/2026\\\/01\\\/BladnaNews-Sadio-Mane-hailed-as-Senegal-hero-after-stopping-walk-off-2026-01-20T210932.266Z-scaled.jpg\",\"datePublished\":\"2026-01-20T11:57:50+00:00\",\"breadcrumb\":{\"@id\":\"https:\\\/\\\/bladnanews.com\\\/sadio-mane-hailed-as-senegal-hero-after-stopping-walk-off\\\/#breadcrumb\"},\"inLanguage\":\"fr-FR\",\"potentialAction\":[{\"@type\":\"ReadAction\",\"target\":[\"https:\\\/\\\/bladnanews.com\\\/sadio-mane-hailed-as-senegal-hero-after-stopping-walk-off\\\/\"]}]},{\"@type\":\"ImageObject\",\"inLanguage\":\"fr-FR\",\"@id\":\"https:\\\/\\\/bladnanews.com\\\/sadio-mane-hailed-as-senegal-hero-after-stopping-walk-off\\\/#primaryimage\",\"url\":\"https:\\\/\\\/bladnanews.com\\\/wp-content\\\/uploads\\\/2026\\\/01\\\/BladnaNews-Sadio-Mane-hailed-as-Senegal-hero-after-stopping-walk-off-2026-01-20T210932.266Z-scaled.jpg\",\"contentUrl\":\"https:\\\/\\\/bladnanews.com\\\/wp-content\\\/uploads\\\/2026\\\/01\\\/BladnaNews-Sadio-Mane-hailed-as-Senegal-hero-after-stopping-walk-off-2026-01-20T210932.266Z-scaled.jpg\",\"width\":2560,\"height\":1440,\"caption\":\"Sadio Man\u00e9 celebrates triumphantly, lifting the AFCON trophy amid rain, surrounded by cheering teammates in Senegal's green kit.\"},{\"@type\":\"BreadcrumbList\",\"@id\":\"https:\\\/\\\/bladnanews.com\\\/sadio-mane-hailed-as-senegal-hero-after-stopping-walk-off\\\/#breadcrumb\",\"itemListElement\":[{\"@type\":\"ListItem\",\"position\":1,\"name\":\"Home\",\"item\":\"https:\\\/\\\/bladnanews.com\\\/\"},{\"@type\":\"ListItem\",\"position\":2,\"name\":\"Sadio Mane hailed as Senegal hero after stopping walk-off\"}]},{\"@type\":\"WebSite\",\"@id\":\"https:\\\/\\\/mediumseagreen-eel-531711.hostingersite.com\\\/#website\",\"url\":\"https:\\\/\\\/mediumseagreen-eel-531711.hostingersite.com\\\/\",\"name\":\"Bladna News - Morocco\",\"description\":\"Where Moroccan Football Meets the World\",\"publisher\":{\"@id\":\"https:\\\/\\\/mediumseagreen-eel-531711.hostingersite.com\\\/#organization\"},\"potentialAction\":[{\"@type\":\"SearchAction\",\"target\":{\"@type\":\"EntryPoint\",\"urlTemplate\":\"https:\\\/\\\/mediumseagreen-eel-531711.hostingersite.com\\\/?s={search_term_string}\"},\"query-input\":{\"@type\":\"PropertyValueSpecification\",\"valueRequired\":true,\"valueName\":\"search_term_string\"}}],\"inLanguage\":\"fr-FR\"},{\"@type\":\"Organization\",\"@id\":\"https:\\\/\\\/mediumseagreen-eel-531711.hostingersite.com\\\/#organization\",\"name\":\"Bladna News.com\",\"url\":\"https:\\\/\\\/mediumseagreen-eel-531711.hostingersite.com\\\/\",\"logo\":{\"@type\":\"ImageObject\",\"inLanguage\":\"fr-FR\",\"@id\":\"https:\\\/\\\/mediumseagreen-eel-531711.hostingersite.com\\\/#\\\/schema\\\/logo\\\/image\\\/\",\"url\":\"https:\\\/\\\/bladnanews.com\\\/wp-content\\\/uploads\\\/2025\\\/12\\\/logo-bladnanews-V2-web-black-red.png\",\"contentUrl\":\"https:\\\/\\\/bladnanews.com\\\/wp-content\\\/uploads\\\/2025\\\/12\\\/logo-bladnanews-V2-web-black-red.png\",\"width\":703,\"height\":287,\"caption\":\"Bladna News.com\"},\"image\":{\"@id\":\"https:\\\/\\\/mediumseagreen-eel-531711.hostingersite.com\\\/#\\\/schema\\\/logo\\\/image\\\/\"},\"email\":\"info@bladnanews.com\",\"legalName\":\"Bladna News\"},{\"@type\":\"Person\",\"@id\":\"https:\\\/\\\/mediumseagreen-eel-531711.hostingersite.com\\\/#\\\/schema\\\/person\\\/268e18a453ab080ebf76df6ef7845083\",\"name\":\"Bladna News Staff\",\"url\":\"https:\\\/\\\/bladnanews.com\\\/fr\\\/author\\\/bladna-news-staff\\\/\"}]}<\/script>\n<!-- \/ Yoast SEO Premium plugin. -->","yoast_head_json":{"title":"Sadio Mane salu\u00e9 comme h\u00e9ros du S\u00e9n\u00e9gal apr\u00e8s avoir emp\u00each\u00e9 l'abandon du match - Bladna News","robots":{"index":"index","follow":"follow","max-snippet":"max-snippet:-1","max-image-preview":"max-image-preview:large","max-video-preview":"max-video-preview:-1"},"canonical":"https:\/\/bladnanews.com\/fr\/sadio-mane-salue-comme-un-heros-senegalais-apres-avoir-empeche-linterruption-du-match\/","og_locale":"fr_FR","og_type":"article","og_title":"Sadio Mane hailed as Senegal hero after stopping walk-off","og_description":"Sadio Mane has been hailed as a national hero in Senegal after being credited with stopping his team-mates from walking [&hellip;]","og_url":"https:\/\/bladnanews.com\/fr\/sadio-mane-salue-comme-un-heros-senegalais-apres-avoir-empeche-linterruption-du-match\/","og_site_name":"Bladna News","article_published_time":"2026-01-20T11:57:50+00:00","og_image":[{"width":1312,"height":736,"url":"https:\/\/bladnanews.com\/wp-content\/uploads\/2025\/12\/freepik__bladna-newscom-moroccan-soccer-homepage-banner-mor__41838.png","type":"image\/png"}],"author":"Bladna News Staff","twitter_card":"summary_large_image","twitter_misc":{"\u00c9crit par":"Bladna News Staff","Dur\u00e9e de lecture estim\u00e9e":"1 minute"},"schema":{"@context":"https:\/\/schema.org","@graph":[{"@type":"Article","@id":"https:\/\/bladnanews.com\/sadio-mane-hailed-as-senegal-hero-after-stopping-walk-off\/#article","isPartOf":{"@id":"https:\/\/bladnanews.com\/sadio-mane-hailed-as-senegal-hero-after-stopping-walk-off\/"},"author":{"name":"Bladna News Staff","@id":"https:\/\/mediumseagreen-eel-531711.hostingersite.com\/#\/schema\/person\/268e18a453ab080ebf76df6ef7845083"},"headline":"Sadio Mane hailed as Senegal hero after stopping walk-off","datePublished":"2026-01-20T11:57:50+00:00","mainEntityOfPage":{"@id":"https:\/\/bladnanews.com\/sadio-mane-hailed-as-senegal-hero-after-stopping-walk-off\/"},"wordCount":244,"publisher":{"@id":"https:\/\/mediumseagreen-eel-531711.hostingersite.com\/#organization"},"image":{"@id":"https:\/\/bladnanews.com\/sadio-mane-hailed-as-senegal-hero-after-stopping-walk-off\/#primaryimage"},"thumbnailUrl":"https:\/\/bladnanews.com\/wp-content\/uploads\/2026\/01\/BladnaNews-Sadio-Mane-hailed-as-Senegal-hero-after-stopping-walk-off-2026-01-20T210932.266Z-scaled.jpg","articleSection":["International","Latest News"],"inLanguage":"fr-FR","copyrightYear":"2026","copyrightHolder":{"@id":"https:\/\/bladnanews.com\/fr\/#organization"}},{"@type":"WebPage","@id":"https:\/\/bladnanews.com\/sadio-mane-hailed-as-senegal-hero-after-stopping-walk-off\/","url":"https:\/\/bladnanews.com\/sadio-mane-hailed-as-senegal-hero-after-stopping-walk-off\/","name":"Sadio Mane salu\u00e9 comme h\u00e9ros du S\u00e9n\u00e9gal apr\u00e8s avoir emp\u00each\u00e9 l'abandon du match - Bladna News","isPartOf":{"@id":"https:\/\/mediumseagreen-eel-531711.hostingersite.com\/#website"},"primaryImageOfPage":{"@id":"https:\/\/bladnanews.com\/sadio-mane-hailed-as-senegal-hero-after-stopping-walk-off\/#primaryimage"},"image":{"@id":"https:\/\/bladnanews.com\/sadio-mane-hailed-as-senegal-hero-after-stopping-walk-off\/#primaryimage"},"thumbnailUrl":"https:\/\/bladnanews.com\/wp-content\/uploads\/2026\/01\/BladnaNews-Sadio-Mane-hailed-as-Senegal-hero-after-stopping-walk-off-2026-01-20T210932.266Z-scaled.jpg","datePublished":"2026-01-20T11:57:50+00:00","breadcrumb":{"@id":"https:\/\/bladnanews.com\/sadio-mane-hailed-as-senegal-hero-after-stopping-walk-off\/#breadcrumb"},"inLanguage":"fr-FR","potentialAction":[{"@type":"ReadAction","target":["https:\/\/bladnanews.com\/sadio-mane-hailed-as-senegal-hero-after-stopping-walk-off\/"]}]},{"@type":"ImageObject","inLanguage":"fr-FR","@id":"https:\/\/bladnanews.com\/sadio-mane-hailed-as-senegal-hero-after-stopping-walk-off\/#primaryimage","url":"https:\/\/bladnanews.com\/wp-content\/uploads\/2026\/01\/BladnaNews-Sadio-Mane-hailed-as-Senegal-hero-after-stopping-walk-off-2026-01-20T210932.266Z-scaled.jpg","contentUrl":"https:\/\/bladnanews.com\/wp-content\/uploads\/2026\/01\/BladnaNews-Sadio-Mane-hailed-as-Senegal-hero-after-stopping-walk-off-2026-01-20T210932.266Z-scaled.jpg","width":2560,"height":1440,"caption":"Sadio Man\u00e9 celebrates triumphantly, lifting the AFCON trophy amid rain, surrounded by cheering teammates in Senegal's green kit."},{"@type":"BreadcrumbList","@id":"https:\/\/bladnanews.com\/sadio-mane-hailed-as-senegal-hero-after-stopping-walk-off\/#breadcrumb","itemListElement":[{"@type":"ListItem","position":1,"name":"Home","item":"https:\/\/bladnanews.com\/"},{"@type":"ListItem","position":2,"name":"Sadio Mane hailed as Senegal hero after stopping walk-off"}]},{"@type":"WebSite","@id":"https:\/\/mediumseagreen-eel-531711.hostingersite.com\/#website","url":"https:\/\/mediumseagreen-eel-531711.hostingersite.com\/","name":"Bladna News - Maroc","description":"Quand le football marocain rencontre le monde","publisher":{"@id":"https:\/\/mediumseagreen-eel-531711.hostingersite.com\/#organization"},"potentialAction":[{"@type":"SearchAction","target":{"@type":"EntryPoint","urlTemplate":"https:\/\/mediumseagreen-eel-531711.hostingersite.com\/?s={search_term_string}"},"query-input":{"@type":"PropertyValueSpecification","valueRequired":true,"valueName":"search_term_string"}}],"inLanguage":"fr-FR"},{"@type":"Organization","@id":"https:\/\/mediumseagreen-eel-531711.hostingersite.com\/#organization","name":"Bladna News.com","url":"https:\/\/mediumseagreen-eel-531711.hostingersite.com\/","logo":{"@type":"ImageObject","inLanguage":"fr-FR","@id":"https:\/\/mediumseagreen-eel-531711.hostingersite.com\/#\/schema\/logo\/image\/","url":"https:\/\/bladnanews.com\/wp-content\/uploads\/2025\/12\/logo-bladnanews-V2-web-black-red.png","contentUrl":"https:\/\/bladnanews.com\/wp-content\/uploads\/2025\/12\/logo-bladnanews-V2-web-black-red.png","width":703,"height":287,"caption":"Bladna News.com"},"image":{"@id":"https:\/\/mediumseagreen-eel-531711.hostingersite.com\/#\/schema\/logo\/image\/"},"email":"info@bladnanews.com","legalName":"Bladna News"},{"@type":"Person","@id":"https:\/\/mediumseagreen-eel-531711.hostingersite.com\/#\/schema\/person\/268e18a453ab080ebf76df6ef7845083","name":"\u00c9quipe r\u00e9dactionnelle de Bladna News","url":"https:\/\/bladnanews.com\/fr\/author\/bladna-news-staff\/"}]}},"_links":{"self":[{"href":"https:\/\/bladnanews.com\/fr\/wp-json\/wp\/v2\/posts\/7113","targetHints":{"allow":["GET"]}}],"collection":[{"href":"https:\/\/bladnanews.com\/fr\/wp-json\/wp\/v2\/posts"}],"about":[{"href":"https:\/\/bladnanews.com\/fr\/wp-json\/wp\/v2\/types\/post"}],"author":[{"embeddable":true,"href":"https:\/\/bladnanews.com\/fr\/wp-json\/wp\/v2\/users\/3"}],"replies":[{"embeddable":true,"href":"https:\/\/bladnanews.com\/fr\/wp-json\/wp\/v2\/comments?post=7113"}],"version-history":[{"count":0,"href":"https:\/\/bladnanews.com\/fr\/wp-json\/wp\/v2\/posts\/7113\/revisions"}],"wp:featuredmedia":[{"embeddable":true,"href":"https:\/\/bladnanews.com\/fr\/wp-json\/wp\/v2\/media\/7112"}],"wp:attachment":[{"href":"https:\/\/bladnanews.com\/fr\/wp-json\/wp\/v2\/media?parent=7113"}],"wp:term":[{"taxonomy":"category","embeddable":true,"href":"https:\/\/bladnanews.com\/fr\/wp-json\/wp\/v2\/categories?post=7113"},{"taxonomy":"post_tag","embeddable":true,"href":"https:\/\/bladnanews.com\/fr\/wp-json\/wp\/v2\/tags?post=7113"}],"curies":[{"name":"wp","href":"https:\/\/api.w.org\/{rel}","templated":true}]}}