{"id":7115,"date":"2026-01-20T12:00:00","date_gmt":"2026-01-20T12:00:00","guid":{"rendered":"https:\/\/bladnanews.com\/michel-platini-crowned-juventus-and-led-france-to-glory\/"},"modified":"2026-01-20T12:00:00","modified_gmt":"2026-01-20T12:00:00","slug":"michel-platini-a-couronne-la-juventus-et-a-conduit-la-france-a-la-gloire","status":"publish","type":"post","link":"https:\/\/bladnanews.com\/fr\/michel-platini-a-couronne-la-juventus-et-a-conduit-la-france-a-la-gloire\/","title":{"rendered":"Michel Platini, sacr\u00e9 \u00e0 la Juventus et ayant men\u00e9 la France \u00e0 la gloire"},"content":{"rendered":"<p><strong>Michel Platini<\/strong> est rest\u00e9 dans les m\u00e9moires comme l'un des grands chefs d'orchestre du football, un joueur dont l'intelligence et la technique l'ont \u00e9lev\u00e9 au-dessus de ses pairs. Surnomm\u00e9 <em>\u201c Le Roi \u201d<\/em> \u00e0 Turin, il est devenu un symbole de la Juventus \u00e0 son apog\u00e9e et le visage de l'ascension de la France sur la sc\u00e8ne internationale.<\/p>\n<p>Apr\u00e8s s'\u00eatre fait un nom en France, Platini a rejoint la Juventus et a rapidement transform\u00e9 la Serie A en sa sc\u00e8ne personnelle. \u00c9voluant entre le milieu et l'attaque, il jouait avec une autorit\u00e9 sereine, choisissant des passes que d'autres ne voyaient pas et arrivant dans les positions de tir avec un timing parfait. Pour un joueur d'abord reconnu pour sa cr\u00e9ativit\u00e9, sa production devant le but restait remarquable.<\/p>\n<p>Les ann\u00e9es de Platini en Italie ont apport\u00e9 titres et statut. Il a aid\u00e9 la Juventus \u00e0 remporter des troph\u00e9es majeurs \u00e0 une \u00e9poque o\u00f9 la Serie A regorgeait d'\u00e9quipes d'\u00e9lite, et son influence allait au-del\u00e0 des statistiques. Il dictait le rythme des matchs, d\u00e9cidait des grands moments et offrait \u00e0 la Juventus un leader capable de gagner les rencontres d'une touche, d'un coup franc ou d'une derni\u00e8re passe d\u00e9cisive.<\/p>\n<p>Sur la sc\u00e8ne internationale, Platini est \u00e9galement devenu le c\u0153ur battant de l'\u00e9quipe de France. Il a port\u00e9 l'\u00e9quipe avec la m\u00eame ma\u00eetrise et la m\u00eame clart\u00e9, la propulsant lors des tournois majeurs et inspirant une g\u00e9n\u00e9ration qui a enfin cru que la France pouvait rivaliser avec les meilleures. Son leadership et sa qualit\u00e9 ont transform\u00e9 la promesse en r\u00e9ussite.<\/p>\n<p>L'h\u00e9ritage de Platini est marqu\u00e9 par des troph\u00e9es, des performances inoubliables et un style qui donnait au football une apparence de simplicit\u00e9. Que ce soit sous le maillot de la Juventus ou celui de la France, il jouait comme un homme en pleine ma\u00eetrise du jeu, m\u00e9ritant sa place parmi les v\u00e9ritables l\u00e9gendes du sport.<\/p>","protected":false},"excerpt":{"rendered":"<p>Michel Platini is remembered as one of football\u2019s great conductors, a player whose intelligence and technique lifted him above his [&hellip;]<\/p>\n","protected":false},"author":3,"featured_media":7114,"comment_status":"","ping_status":"open","sticky":false,"template":"","format":"standard","meta":{"googlesitekit_rrm_CAow_uzEDA:productID":"","site-sidebar-layout":"default","site-content-layout":"","ast-site-content-layout":"default","site-content-style":"default","site-sidebar-style":"default","ast-global-header-display":"","ast-banner-title-visibility":"","ast-main-header-display":"","ast-hfb-above-header-display":"","ast-hfb-below-header-display":"","ast-hfb-mobile-header-display":"","site-post-title":"","ast-breadcrumbs-content":"","ast-featured-img":"","footer-sml-layout":"","ast-disable-related-posts":"","theme-transparent-header-meta":"","adv-header-id-meta":"","stick-header-meta":"","header-above-stick-meta":"","header-main-stick-meta":"","header-below-stick-meta":"","astra-migrate-meta-layouts":"default","ast-page-background-enabled":"default","ast-page-background-meta":{"desktop":{"background-color":"var(--ast-global-color-5)","background-image":"","background-repeat":"repeat","background-position":"center center","background-size":"auto","background-attachment":"scroll","background-type":"","background-media":"","overlay-type":"","overlay-color":"","overlay-opacity":"","overlay-gradient":""},"tablet":{"background-color":"","background-image":"","background-repeat":"repeat","background-position":"center center","background-size":"auto","background-attachment":"scroll","background-type":"","background-media":"","overlay-type":"","overlay-color":"","overlay-opacity":"","overlay-gradient":""},"mobile":{"background-color":"","background-image":"","background-repeat":"repeat","background-position":"center center","background-size":"auto","background-attachment":"scroll","background-type":"","background-media":"","overlay-type":"","overlay-color":"","overlay-opacity":"","overlay-gradient":""}},"ast-content-background-meta":{"desktop":{"background-color":"var(--ast-global-color-4)","background-image":"","background-repeat":"repeat","background-position":"center center","background-size":"auto","background-attachment":"scroll","background-type":"","background-media":"","overlay-type":"","overlay-color":"","overlay-opacity":"","overlay-gradient":""},"tablet":{"background-color":"var(--ast-global-color-4)","background-image":"","background-repeat":"repeat","background-position":"center center","background-size":"auto","background-attachment":"scroll","background-type":"","background-media":"","overlay-type":"","overlay-color":"","overlay-opacity":"","overlay-gradient":""},"mobile":{"background-color":"var(--ast-global-color-4)","background-image":"","background-repeat":"repeat","background-position":"center center","background-size":"auto","background-attachment":"scroll","background-type":"","background-media":"","overlay-type":"","overlay-color":"","overlay-opacity":"","overlay-gradient":""}},"footnotes":""},"categories":[20,1],"tags":[],"class_list":["post-7115","post","type-post","status-publish","format-standard","has-post-thumbnail","hentry","category-international","category-football-latest-news"],"yoast_head":"<!-- This site is optimized with the Yoast SEO Premium plugin v26.6 (Yoast SEO v27.5) - https:\/\/yoast.com\/product\/yoast-seo-premium-wordpress\/ -->\n<title>Michel Platini crowned Juventus and led France to glory - Bladna News<\/title>\n<meta name=\"robots\" content=\"index, follow, max-snippet:-1, max-image-preview:large, max-video-preview:-1\" \/>\n<link rel=\"canonical\" href=\"https:\/\/bladnanews.com\/fr\/michel-platini-a-couronne-la-juventus-et-a-conduit-la-france-a-la-gloire\/\" \/>\n<meta property=\"og:locale\" content=\"fr_FR\" \/>\n<meta property=\"og:type\" content=\"article\" \/>\n<meta property=\"og:title\" content=\"Michel Platini crowned Juventus and led France to glory\" \/>\n<meta property=\"og:description\" content=\"Michel Platini is remembered as one of football\u2019s great conductors, a player whose intelligence and technique lifted him above his [&hellip;]\" \/>\n<meta property=\"og:url\" content=\"https:\/\/bladnanews.com\/fr\/michel-platini-a-couronne-la-juventus-et-a-conduit-la-france-a-la-gloire\/\" \/>\n<meta property=\"og:site_name\" content=\"Bladna News\" \/>\n<meta property=\"article:published_time\" content=\"2026-01-20T12:00:00+00:00\" \/>\n<meta property=\"og:image\" content=\"https:\/\/bladnanews.com\/wp-content\/uploads\/2025\/12\/freepik__bladna-newscom-moroccan-soccer-homepage-banner-mor__41838.png\" \/>\n\t<meta property=\"og:image:width\" content=\"1312\" \/>\n\t<meta property=\"og:image:height\" content=\"736\" \/>\n\t<meta property=\"og:image:type\" content=\"image\/png\" \/>\n<meta name=\"author\" content=\"Bladna News Staff\" \/>\n<meta name=\"twitter:card\" content=\"summary_large_image\" \/>\n<meta name=\"twitter:label1\" content=\"\u00c9crit par\" \/>\n\t<meta name=\"twitter:data1\" content=\"Bladna News Staff\" \/>\n\t<meta name=\"twitter:label2\" content=\"Dur\u00e9e de lecture estim\u00e9e\" \/>\n\t<meta name=\"twitter:data2\" content=\"1 minute\" \/>\n<script type=\"application\/ld+json\" class=\"yoast-schema-graph\">{\"@context\":\"https:\\\/\\\/schema.org\",\"@graph\":[{\"@type\":\"Article\",\"@id\":\"https:\\\/\\\/bladnanews.com\\\/michel-platini-crowned-juventus-and-led-france-to-glory\\\/#article\",\"isPartOf\":{\"@id\":\"https:\\\/\\\/bladnanews.com\\\/michel-platini-crowned-juventus-and-led-france-to-glory\\\/\"},\"author\":{\"name\":\"Bladna News Staff\",\"@id\":\"https:\\\/\\\/mediumseagreen-eel-531711.hostingersite.com\\\/#\\\/schema\\\/person\\\/268e18a453ab080ebf76df6ef7845083\"},\"headline\":\"Michel Platini crowned Juventus and led France to glory\",\"datePublished\":\"2026-01-20T12:00:00+00:00\",\"mainEntityOfPage\":{\"@id\":\"https:\\\/\\\/bladnanews.com\\\/michel-platini-crowned-juventus-and-led-france-to-glory\\\/\"},\"wordCount\":269,\"publisher\":{\"@id\":\"https:\\\/\\\/mediumseagreen-eel-531711.hostingersite.com\\\/#organization\"},\"image\":{\"@id\":\"https:\\\/\\\/bladnanews.com\\\/michel-platini-crowned-juventus-and-led-france-to-glory\\\/#primaryimage\"},\"thumbnailUrl\":\"https:\\\/\\\/bladnanews.com\\\/wp-content\\\/uploads\\\/2026\\\/01\\\/BladnaNews-Michel-Platini-crowned-Juventus-and-led-France-to-glory-2026-01-20T210959.979Z.jpg\",\"articleSection\":[\"International\",\"Latest News\"],\"inLanguage\":\"fr-FR\",\"copyrightYear\":\"2026\",\"copyrightHolder\":{\"@id\":\"https:\\\/\\\/bladnanews.com\\\/fr\\\/#organization\"}},{\"@type\":\"WebPage\",\"@id\":\"https:\\\/\\\/bladnanews.com\\\/michel-platini-crowned-juventus-and-led-france-to-glory\\\/\",\"url\":\"https:\\\/\\\/bladnanews.com\\\/michel-platini-crowned-juventus-and-led-france-to-glory\\\/\",\"name\":\"Michel Platini crowned Juventus and led France to glory - Bladna News\",\"isPartOf\":{\"@id\":\"https:\\\/\\\/mediumseagreen-eel-531711.hostingersite.com\\\/#website\"},\"primaryImageOfPage\":{\"@id\":\"https:\\\/\\\/bladnanews.com\\\/michel-platini-crowned-juventus-and-led-france-to-glory\\\/#primaryimage\"},\"image\":{\"@id\":\"https:\\\/\\\/bladnanews.com\\\/michel-platini-crowned-juventus-and-led-france-to-glory\\\/#primaryimage\"},\"thumbnailUrl\":\"https:\\\/\\\/bladnanews.com\\\/wp-content\\\/uploads\\\/2026\\\/01\\\/BladnaNews-Michel-Platini-crowned-Juventus-and-led-France-to-glory-2026-01-20T210959.979Z.jpg\",\"datePublished\":\"2026-01-20T12:00:00+00:00\",\"breadcrumb\":{\"@id\":\"https:\\\/\\\/bladnanews.com\\\/michel-platini-crowned-juventus-and-led-france-to-glory\\\/#breadcrumb\"},\"inLanguage\":\"fr-FR\",\"potentialAction\":[{\"@type\":\"ReadAction\",\"target\":[\"https:\\\/\\\/bladnanews.com\\\/michel-platini-crowned-juventus-and-led-france-to-glory\\\/\"]}]},{\"@type\":\"ImageObject\",\"inLanguage\":\"fr-FR\",\"@id\":\"https:\\\/\\\/bladnanews.com\\\/michel-platini-crowned-juventus-and-led-france-to-glory\\\/#primaryimage\",\"url\":\"https:\\\/\\\/bladnanews.com\\\/wp-content\\\/uploads\\\/2026\\\/01\\\/BladnaNews-Michel-Platini-crowned-Juventus-and-led-France-to-glory-2026-01-20T210959.979Z.jpg\",\"contentUrl\":\"https:\\\/\\\/bladnanews.com\\\/wp-content\\\/uploads\\\/2026\\\/01\\\/BladnaNews-Michel-Platini-crowned-Juventus-and-led-France-to-glory-2026-01-20T210959.979Z.jpg\",\"width\":1920,\"height\":1080,\"caption\":\"Michel Platini in a France home kit and Juventus striped jersey, set against a vibrant orange background, showcasing his football legacy.\"},{\"@type\":\"BreadcrumbList\",\"@id\":\"https:\\\/\\\/bladnanews.com\\\/michel-platini-crowned-juventus-and-led-france-to-glory\\\/#breadcrumb\",\"itemListElement\":[{\"@type\":\"ListItem\",\"position\":1,\"name\":\"Home\",\"item\":\"https:\\\/\\\/bladnanews.com\\\/\"},{\"@type\":\"ListItem\",\"position\":2,\"name\":\"Michel Platini crowned Juventus and led France to glory\"}]},{\"@type\":\"WebSite\",\"@id\":\"https:\\\/\\\/mediumseagreen-eel-531711.hostingersite.com\\\/#website\",\"url\":\"https:\\\/\\\/mediumseagreen-eel-531711.hostingersite.com\\\/\",\"name\":\"Bladna News - Morocco\",\"description\":\"Where Moroccan Football Meets the World\",\"publisher\":{\"@id\":\"https:\\\/\\\/mediumseagreen-eel-531711.hostingersite.com\\\/#organization\"},\"potentialAction\":[{\"@type\":\"SearchAction\",\"target\":{\"@type\":\"EntryPoint\",\"urlTemplate\":\"https:\\\/\\\/mediumseagreen-eel-531711.hostingersite.com\\\/?s={search_term_string}\"},\"query-input\":{\"@type\":\"PropertyValueSpecification\",\"valueRequired\":true,\"valueName\":\"search_term_string\"}}],\"inLanguage\":\"fr-FR\"},{\"@type\":\"Organization\",\"@id\":\"https:\\\/\\\/mediumseagreen-eel-531711.hostingersite.com\\\/#organization\",\"name\":\"Bladna News.com\",\"url\":\"https:\\\/\\\/mediumseagreen-eel-531711.hostingersite.com\\\/\",\"logo\":{\"@type\":\"ImageObject\",\"inLanguage\":\"fr-FR\",\"@id\":\"https:\\\/\\\/mediumseagreen-eel-531711.hostingersite.com\\\/#\\\/schema\\\/logo\\\/image\\\/\",\"url\":\"https:\\\/\\\/bladnanews.com\\\/wp-content\\\/uploads\\\/2025\\\/12\\\/logo-bladnanews-V2-web-black-red.png\",\"contentUrl\":\"https:\\\/\\\/bladnanews.com\\\/wp-content\\\/uploads\\\/2025\\\/12\\\/logo-bladnanews-V2-web-black-red.png\",\"width\":703,\"height\":287,\"caption\":\"Bladna News.com\"},\"image\":{\"@id\":\"https:\\\/\\\/mediumseagreen-eel-531711.hostingersite.com\\\/#\\\/schema\\\/logo\\\/image\\\/\"},\"email\":\"info@bladnanews.com\",\"legalName\":\"Bladna News\"},{\"@type\":\"Person\",\"@id\":\"https:\\\/\\\/mediumseagreen-eel-531711.hostingersite.com\\\/#\\\/schema\\\/person\\\/268e18a453ab080ebf76df6ef7845083\",\"name\":\"Bladna News Staff\",\"url\":\"https:\\\/\\\/bladnanews.com\\\/fr\\\/author\\\/bladna-news-staff\\\/\"}]}<\/script>\n<!-- \/ Yoast SEO Premium plugin. -->","yoast_head_json":{"title":"Michel Platini a couronn\u00e9 la Juventus et a conduit la France \u00e0 la gloire - Bladna News","robots":{"index":"index","follow":"follow","max-snippet":"max-snippet:-1","max-image-preview":"max-image-preview:large","max-video-preview":"max-video-preview:-1"},"canonical":"https:\/\/bladnanews.com\/fr\/michel-platini-a-couronne-la-juventus-et-a-conduit-la-france-a-la-gloire\/","og_locale":"fr_FR","og_type":"article","og_title":"Michel Platini crowned Juventus and led France to glory","og_description":"Michel Platini is remembered as one of football\u2019s great conductors, a player whose intelligence and technique lifted him above his [&hellip;]","og_url":"https:\/\/bladnanews.com\/fr\/michel-platini-a-couronne-la-juventus-et-a-conduit-la-france-a-la-gloire\/","og_site_name":"Bladna News","article_published_time":"2026-01-20T12:00:00+00:00","og_image":[{"width":1312,"height":736,"url":"https:\/\/bladnanews.com\/wp-content\/uploads\/2025\/12\/freepik__bladna-newscom-moroccan-soccer-homepage-banner-mor__41838.png","type":"image\/png"}],"author":"Bladna News Staff","twitter_card":"summary_large_image","twitter_misc":{"\u00c9crit par":"Bladna News Staff","Dur\u00e9e de lecture estim\u00e9e":"1 minute"},"schema":{"@context":"https:\/\/schema.org","@graph":[{"@type":"Article","@id":"https:\/\/bladnanews.com\/michel-platini-crowned-juventus-and-led-france-to-glory\/#article","isPartOf":{"@id":"https:\/\/bladnanews.com\/michel-platini-crowned-juventus-and-led-france-to-glory\/"},"author":{"name":"Bladna News Staff","@id":"https:\/\/mediumseagreen-eel-531711.hostingersite.com\/#\/schema\/person\/268e18a453ab080ebf76df6ef7845083"},"headline":"Michel Platini crowned Juventus and led France to glory","datePublished":"2026-01-20T12:00:00+00:00","mainEntityOfPage":{"@id":"https:\/\/bladnanews.com\/michel-platini-crowned-juventus-and-led-france-to-glory\/"},"wordCount":269,"publisher":{"@id":"https:\/\/mediumseagreen-eel-531711.hostingersite.com\/#organization"},"image":{"@id":"https:\/\/bladnanews.com\/michel-platini-crowned-juventus-and-led-france-to-glory\/#primaryimage"},"thumbnailUrl":"https:\/\/bladnanews.com\/wp-content\/uploads\/2026\/01\/BladnaNews-Michel-Platini-crowned-Juventus-and-led-France-to-glory-2026-01-20T210959.979Z.jpg","articleSection":["International","Latest News"],"inLanguage":"fr-FR","copyrightYear":"2026","copyrightHolder":{"@id":"https:\/\/bladnanews.com\/fr\/#organization"}},{"@type":"WebPage","@id":"https:\/\/bladnanews.com\/michel-platini-crowned-juventus-and-led-france-to-glory\/","url":"https:\/\/bladnanews.com\/michel-platini-crowned-juventus-and-led-france-to-glory\/","name":"Michel Platini a couronn\u00e9 la Juventus et a conduit la France \u00e0 la gloire - Bladna News","isPartOf":{"@id":"https:\/\/mediumseagreen-eel-531711.hostingersite.com\/#website"},"primaryImageOfPage":{"@id":"https:\/\/bladnanews.com\/michel-platini-crowned-juventus-and-led-france-to-glory\/#primaryimage"},"image":{"@id":"https:\/\/bladnanews.com\/michel-platini-crowned-juventus-and-led-france-to-glory\/#primaryimage"},"thumbnailUrl":"https:\/\/bladnanews.com\/wp-content\/uploads\/2026\/01\/BladnaNews-Michel-Platini-crowned-Juventus-and-led-France-to-glory-2026-01-20T210959.979Z.jpg","datePublished":"2026-01-20T12:00:00+00:00","breadcrumb":{"@id":"https:\/\/bladnanews.com\/michel-platini-crowned-juventus-and-led-france-to-glory\/#breadcrumb"},"inLanguage":"fr-FR","potentialAction":[{"@type":"ReadAction","target":["https:\/\/bladnanews.com\/michel-platini-crowned-juventus-and-led-france-to-glory\/"]}]},{"@type":"ImageObject","inLanguage":"fr-FR","@id":"https:\/\/bladnanews.com\/michel-platini-crowned-juventus-and-led-france-to-glory\/#primaryimage","url":"https:\/\/bladnanews.com\/wp-content\/uploads\/2026\/01\/BladnaNews-Michel-Platini-crowned-Juventus-and-led-France-to-glory-2026-01-20T210959.979Z.jpg","contentUrl":"https:\/\/bladnanews.com\/wp-content\/uploads\/2026\/01\/BladnaNews-Michel-Platini-crowned-Juventus-and-led-France-to-glory-2026-01-20T210959.979Z.jpg","width":1920,"height":1080,"caption":"Michel Platini in a France home kit and Juventus striped jersey, set against a vibrant orange background, showcasing his football legacy."},{"@type":"BreadcrumbList","@id":"https:\/\/bladnanews.com\/michel-platini-crowned-juventus-and-led-france-to-glory\/#breadcrumb","itemListElement":[{"@type":"ListItem","position":1,"name":"Home","item":"https:\/\/bladnanews.com\/"},{"@type":"ListItem","position":2,"name":"Michel Platini crowned Juventus and led France to glory"}]},{"@type":"WebSite","@id":"https:\/\/mediumseagreen-eel-531711.hostingersite.com\/#website","url":"https:\/\/mediumseagreen-eel-531711.hostingersite.com\/","name":"Bladna News - Maroc","description":"Quand le football marocain rencontre le monde","publisher":{"@id":"https:\/\/mediumseagreen-eel-531711.hostingersite.com\/#organization"},"potentialAction":[{"@type":"SearchAction","target":{"@type":"EntryPoint","urlTemplate":"https:\/\/mediumseagreen-eel-531711.hostingersite.com\/?s={search_term_string}"},"query-input":{"@type":"PropertyValueSpecification","valueRequired":true,"valueName":"search_term_string"}}],"inLanguage":"fr-FR"},{"@type":"Organization","@id":"https:\/\/mediumseagreen-eel-531711.hostingersite.com\/#organization","name":"Bladna News.com","url":"https:\/\/mediumseagreen-eel-531711.hostingersite.com\/","logo":{"@type":"ImageObject","inLanguage":"fr-FR","@id":"https:\/\/mediumseagreen-eel-531711.hostingersite.com\/#\/schema\/logo\/image\/","url":"https:\/\/bladnanews.com\/wp-content\/uploads\/2025\/12\/logo-bladnanews-V2-web-black-red.png","contentUrl":"https:\/\/bladnanews.com\/wp-content\/uploads\/2025\/12\/logo-bladnanews-V2-web-black-red.png","width":703,"height":287,"caption":"Bladna News.com"},"image":{"@id":"https:\/\/mediumseagreen-eel-531711.hostingersite.com\/#\/schema\/logo\/image\/"},"email":"info@bladnanews.com","legalName":"Bladna News"},{"@type":"Person","@id":"https:\/\/mediumseagreen-eel-531711.hostingersite.com\/#\/schema\/person\/268e18a453ab080ebf76df6ef7845083","name":"\u00c9quipe r\u00e9dactionnelle de Bladna News","url":"https:\/\/bladnanews.com\/fr\/author\/bladna-news-staff\/"}]}},"_links":{"self":[{"href":"https:\/\/bladnanews.com\/fr\/wp-json\/wp\/v2\/posts\/7115","targetHints":{"allow":["GET"]}}],"collection":[{"href":"https:\/\/bladnanews.com\/fr\/wp-json\/wp\/v2\/posts"}],"about":[{"href":"https:\/\/bladnanews.com\/fr\/wp-json\/wp\/v2\/types\/post"}],"author":[{"embeddable":true,"href":"https:\/\/bladnanews.com\/fr\/wp-json\/wp\/v2\/users\/3"}],"replies":[{"embeddable":true,"href":"https:\/\/bladnanews.com\/fr\/wp-json\/wp\/v2\/comments?post=7115"}],"version-history":[{"count":0,"href":"https:\/\/bladnanews.com\/fr\/wp-json\/wp\/v2\/posts\/7115\/revisions"}],"wp:featuredmedia":[{"embeddable":true,"href":"https:\/\/bladnanews.com\/fr\/wp-json\/wp\/v2\/media\/7114"}],"wp:attachment":[{"href":"https:\/\/bladnanews.com\/fr\/wp-json\/wp\/v2\/media?parent=7115"}],"wp:term":[{"taxonomy":"category","embeddable":true,"href":"https:\/\/bladnanews.com\/fr\/wp-json\/wp\/v2\/categories?post=7115"},{"taxonomy":"post_tag","embeddable":true,"href":"https:\/\/bladnanews.com\/fr\/wp-json\/wp\/v2\/tags?post=7115"}],"curies":[{"name":"wp","href":"https:\/\/api.w.org\/{rel}","templated":true}]}}