{"id":7167,"date":"2026-01-20T17:22:33","date_gmt":"2026-01-20T17:22:33","guid":{"rendered":"https:\/\/bladnanews.com\/chelsea-boss-rosenior-addresses-enzo-fernandez-transfer-links\/"},"modified":"2026-01-20T17:22:33","modified_gmt":"2026-01-20T17:22:33","slug":"le-patron-de-chelsea-rosenior-aborde-les-rumeurs-de-transfert-denzo-fernandez","status":"publish","type":"post","link":"https:\/\/bladnanews.com\/fr\/le-patron-de-chelsea-rosenior-aborde-les-rumeurs-de-transfert-denzo-fernandez\/","title":{"rendered":"Le manager de Chelsea, Rosenior, \u00e9voque les rumeurs de transfert d'Enzo Fernandez"},"content":{"rendered":"<p>L'entra\u00eeneur de Chelsea, Liam Rosenior, a insist\u00e9 sur le fait qu'il ne se laissait pas entra\u00eener dans les sp\u00e9culations croissantes reliant Enzo Fernandez \u00e0 un d\u00e9part de Stamford Bridge, malgr\u00e9 les rumeurs d'int\u00e9r\u00eat du Real Madrid et du Paris Saint-Germain.<\/p>\n<p>S'exprimant avant la prochaine rencontre de Chelsea, Rosenior a \u00e9t\u00e9 interrog\u00e9 sur les rumeurs concernant l'avenir de Fernandez et a clairement indiqu\u00e9 qu'il ne pouvait influencer ce qui se disait en dehors du club. \u201c Je ne peux pas contr\u00f4ler cela \u201d, a d\u00e9clar\u00e9 Rosenior, cherchant ainsi \u00e0 maintenir l'attention sur les questions footballistiques plut\u00f4t que sur les discussions de transfert.<\/p>\n<p>Fernandez a \u00e9t\u00e9 l'un des joueurs cl\u00e9s de Chelsea et sa forme a in\u00e9vitablement aliment\u00e9 les rumeurs sur d'\u00e9ventuels pr\u00e9tendants, le Real Madrid et le PSG \u00e9tant tous deux mentionn\u00e9s dans des rapports r\u00e9cents.<\/p>\n<p>Rosenior n'a fourni aucun d\u00e9tail nouveau sur d'\u00e9ventuelles discussions ou n\u00e9gociations, mais son message \u00e9tait ferme : son travail est de travailler avec l'effectif dont il dispose et de pr\u00e9parer l'\u00e9quipe, non de r\u00e9agir aux rumeurs.<\/p>\n<p>Le patron de Chelsea esp\u00e8re d\u00e9sormais que l'attention de Fernandez reste concentr\u00e9e sur les performances sur le terrain alors que le club poursuit sa saison, Rosenior \u00e9tant soucieux de prot\u00e9ger ses joueurs des distractions et de maintenir des standards \u00e9lev\u00e9s au sein du groupe.<\/p>","protected":false},"excerpt":{"rendered":"<p>Chelsea head coach Liam Rosenior has insisted he is not getting drawn into the growing speculation linking Enzo Fernandez with [&hellip;]<\/p>\n","protected":false},"author":3,"featured_media":7166,"comment_status":"","ping_status":"open","sticky":false,"template":"","format":"standard","meta":{"googlesitekit_rrm_CAow_uzEDA:productID":"","site-sidebar-layout":"default","site-content-layout":"","ast-site-content-layout":"default","site-content-style":"default","site-sidebar-style":"default","ast-global-header-display":"","ast-banner-title-visibility":"","ast-main-header-display":"","ast-hfb-above-header-display":"","ast-hfb-below-header-display":"","ast-hfb-mobile-header-display":"","site-post-title":"","ast-breadcrumbs-content":"","ast-featured-img":"","footer-sml-layout":"","ast-disable-related-posts":"","theme-transparent-header-meta":"","adv-header-id-meta":"","stick-header-meta":"","header-above-stick-meta":"","header-main-stick-meta":"","header-below-stick-meta":"","astra-migrate-meta-layouts":"default","ast-page-background-enabled":"default","ast-page-background-meta":{"desktop":{"background-color":"var(--ast-global-color-5)","background-image":"","background-repeat":"repeat","background-position":"center center","background-size":"auto","background-attachment":"scroll","background-type":"","background-media":"","overlay-type":"","overlay-color":"","overlay-opacity":"","overlay-gradient":""},"tablet":{"background-color":"","background-image":"","background-repeat":"repeat","background-position":"center center","background-size":"auto","background-attachment":"scroll","background-type":"","background-media":"","overlay-type":"","overlay-color":"","overlay-opacity":"","overlay-gradient":""},"mobile":{"background-color":"","background-image":"","background-repeat":"repeat","background-position":"center center","background-size":"auto","background-attachment":"scroll","background-type":"","background-media":"","overlay-type":"","overlay-color":"","overlay-opacity":"","overlay-gradient":""}},"ast-content-background-meta":{"desktop":{"background-color":"var(--ast-global-color-4)","background-image":"","background-repeat":"repeat","background-position":"center center","background-size":"auto","background-attachment":"scroll","background-type":"","background-media":"","overlay-type":"","overlay-color":"","overlay-opacity":"","overlay-gradient":""},"tablet":{"background-color":"var(--ast-global-color-4)","background-image":"","background-repeat":"repeat","background-position":"center center","background-size":"auto","background-attachment":"scroll","background-type":"","background-media":"","overlay-type":"","overlay-color":"","overlay-opacity":"","overlay-gradient":""},"mobile":{"background-color":"var(--ast-global-color-4)","background-image":"","background-repeat":"repeat","background-position":"center center","background-size":"auto","background-attachment":"scroll","background-type":"","background-media":"","overlay-type":"","overlay-color":"","overlay-opacity":"","overlay-gradient":""}},"footnotes":""},"categories":[20,1],"tags":[],"class_list":["post-7167","post","type-post","status-publish","format-standard","has-post-thumbnail","hentry","category-international","category-football-latest-news"],"yoast_head":"<!-- This site is optimized with the Yoast SEO Premium plugin v26.6 (Yoast SEO v27.4) - https:\/\/yoast.com\/product\/yoast-seo-premium-wordpress\/ -->\n<title>Chelsea boss Rosenior addresses Enzo Fernandez transfer links - Bladna News<\/title>\n<meta name=\"robots\" content=\"index, follow, max-snippet:-1, max-image-preview:large, max-video-preview:-1\" \/>\n<link rel=\"canonical\" href=\"https:\/\/bladnanews.com\/fr\/le-patron-de-chelsea-rosenior-aborde-les-rumeurs-de-transfert-denzo-fernandez\/\" \/>\n<meta property=\"og:locale\" content=\"fr_FR\" \/>\n<meta property=\"og:type\" content=\"article\" \/>\n<meta property=\"og:title\" content=\"Chelsea boss Rosenior addresses Enzo Fernandez transfer links\" \/>\n<meta property=\"og:description\" content=\"Chelsea head coach Liam Rosenior has insisted he is not getting drawn into the growing speculation linking Enzo Fernandez with [&hellip;]\" \/>\n<meta property=\"og:url\" content=\"https:\/\/bladnanews.com\/fr\/le-patron-de-chelsea-rosenior-aborde-les-rumeurs-de-transfert-denzo-fernandez\/\" \/>\n<meta property=\"og:site_name\" content=\"Bladna News\" \/>\n<meta property=\"article:published_time\" content=\"2026-01-20T17:22:33+00:00\" \/>\n<meta property=\"og:image\" content=\"https:\/\/bladnanews.com\/wp-content\/uploads\/2025\/12\/freepik__bladna-newscom-moroccan-soccer-homepage-banner-mor__41838.png\" \/>\n\t<meta property=\"og:image:width\" content=\"1312\" \/>\n\t<meta property=\"og:image:height\" content=\"736\" \/>\n\t<meta property=\"og:image:type\" content=\"image\/png\" \/>\n<meta name=\"author\" content=\"Bladna News Staff\" \/>\n<meta name=\"twitter:card\" content=\"summary_large_image\" \/>\n<meta name=\"twitter:label1\" content=\"\u00c9crit par\" \/>\n\t<meta name=\"twitter:data1\" content=\"Bladna News Staff\" \/>\n\t<meta name=\"twitter:label2\" content=\"Dur\u00e9e de lecture estim\u00e9e\" \/>\n\t<meta name=\"twitter:data2\" content=\"1 minute\" \/>\n<script type=\"application\/ld+json\" class=\"yoast-schema-graph\">{\"@context\":\"https:\\\/\\\/schema.org\",\"@graph\":[{\"@type\":\"Article\",\"@id\":\"https:\\\/\\\/bladnanews.com\\\/chelsea-boss-rosenior-addresses-enzo-fernandez-transfer-links\\\/#article\",\"isPartOf\":{\"@id\":\"https:\\\/\\\/bladnanews.com\\\/chelsea-boss-rosenior-addresses-enzo-fernandez-transfer-links\\\/\"},\"author\":{\"name\":\"Bladna News Staff\",\"@id\":\"https:\\\/\\\/mediumseagreen-eel-531711.hostingersite.com\\\/#\\\/schema\\\/person\\\/268e18a453ab080ebf76df6ef7845083\"},\"headline\":\"Chelsea boss Rosenior addresses Enzo Fernandez transfer links\",\"datePublished\":\"2026-01-20T17:22:33+00:00\",\"mainEntityOfPage\":{\"@id\":\"https:\\\/\\\/bladnanews.com\\\/chelsea-boss-rosenior-addresses-enzo-fernandez-transfer-links\\\/\"},\"wordCount\":196,\"publisher\":{\"@id\":\"https:\\\/\\\/mediumseagreen-eel-531711.hostingersite.com\\\/#organization\"},\"image\":{\"@id\":\"https:\\\/\\\/bladnanews.com\\\/chelsea-boss-rosenior-addresses-enzo-fernandez-transfer-links\\\/#primaryimage\"},\"thumbnailUrl\":\"https:\\\/\\\/bladnanews.com\\\/wp-content\\\/uploads\\\/2026\\\/01\\\/BladnaNews-Chelsea-boss-Rosenior-addresses-Enzo-Fernandez-transfer-links-2026-01-21T050949.681Z.jpg\",\"articleSection\":[\"International\",\"Latest News\"],\"inLanguage\":\"fr-FR\",\"copyrightYear\":\"2026\",\"copyrightHolder\":{\"@id\":\"https:\\\/\\\/bladnanews.com\\\/fr\\\/#organization\"}},{\"@type\":\"WebPage\",\"@id\":\"https:\\\/\\\/bladnanews.com\\\/chelsea-boss-rosenior-addresses-enzo-fernandez-transfer-links\\\/\",\"url\":\"https:\\\/\\\/bladnanews.com\\\/chelsea-boss-rosenior-addresses-enzo-fernandez-transfer-links\\\/\",\"name\":\"Chelsea boss Rosenior addresses Enzo Fernandez transfer links - Bladna News\",\"isPartOf\":{\"@id\":\"https:\\\/\\\/mediumseagreen-eel-531711.hostingersite.com\\\/#website\"},\"primaryImageOfPage\":{\"@id\":\"https:\\\/\\\/bladnanews.com\\\/chelsea-boss-rosenior-addresses-enzo-fernandez-transfer-links\\\/#primaryimage\"},\"image\":{\"@id\":\"https:\\\/\\\/bladnanews.com\\\/chelsea-boss-rosenior-addresses-enzo-fernandez-transfer-links\\\/#primaryimage\"},\"thumbnailUrl\":\"https:\\\/\\\/bladnanews.com\\\/wp-content\\\/uploads\\\/2026\\\/01\\\/BladnaNews-Chelsea-boss-Rosenior-addresses-Enzo-Fernandez-transfer-links-2026-01-21T050949.681Z.jpg\",\"datePublished\":\"2026-01-20T17:22:33+00:00\",\"breadcrumb\":{\"@id\":\"https:\\\/\\\/bladnanews.com\\\/chelsea-boss-rosenior-addresses-enzo-fernandez-transfer-links\\\/#breadcrumb\"},\"inLanguage\":\"fr-FR\",\"potentialAction\":[{\"@type\":\"ReadAction\",\"target\":[\"https:\\\/\\\/bladnanews.com\\\/chelsea-boss-rosenior-addresses-enzo-fernandez-transfer-links\\\/\"]}]},{\"@type\":\"ImageObject\",\"inLanguage\":\"fr-FR\",\"@id\":\"https:\\\/\\\/bladnanews.com\\\/chelsea-boss-rosenior-addresses-enzo-fernandez-transfer-links\\\/#primaryimage\",\"url\":\"https:\\\/\\\/bladnanews.com\\\/wp-content\\\/uploads\\\/2026\\\/01\\\/BladnaNews-Chelsea-boss-Rosenior-addresses-Enzo-Fernandez-transfer-links-2026-01-21T050949.681Z.jpg\",\"contentUrl\":\"https:\\\/\\\/bladnanews.com\\\/wp-content\\\/uploads\\\/2026\\\/01\\\/BladnaNews-Chelsea-boss-Rosenior-addresses-Enzo-Fernandez-transfer-links-2026-01-21T050949.681Z.jpg\",\"width\":1920,\"height\":1080,\"caption\":\"Enzo Fern\u00e1ndez in Chelsea's blue kit, running with intensity, alongside Chelsea boss Rosenior applauding in a black jacket.\"},{\"@type\":\"BreadcrumbList\",\"@id\":\"https:\\\/\\\/bladnanews.com\\\/chelsea-boss-rosenior-addresses-enzo-fernandez-transfer-links\\\/#breadcrumb\",\"itemListElement\":[{\"@type\":\"ListItem\",\"position\":1,\"name\":\"Home\",\"item\":\"https:\\\/\\\/bladnanews.com\\\/\"},{\"@type\":\"ListItem\",\"position\":2,\"name\":\"Chelsea boss Rosenior addresses Enzo Fernandez transfer links\"}]},{\"@type\":\"WebSite\",\"@id\":\"https:\\\/\\\/mediumseagreen-eel-531711.hostingersite.com\\\/#website\",\"url\":\"https:\\\/\\\/mediumseagreen-eel-531711.hostingersite.com\\\/\",\"name\":\"Bladna News - Morocco\",\"description\":\"Where Moroccan Football Meets the World\",\"publisher\":{\"@id\":\"https:\\\/\\\/mediumseagreen-eel-531711.hostingersite.com\\\/#organization\"},\"potentialAction\":[{\"@type\":\"SearchAction\",\"target\":{\"@type\":\"EntryPoint\",\"urlTemplate\":\"https:\\\/\\\/mediumseagreen-eel-531711.hostingersite.com\\\/?s={search_term_string}\"},\"query-input\":{\"@type\":\"PropertyValueSpecification\",\"valueRequired\":true,\"valueName\":\"search_term_string\"}}],\"inLanguage\":\"fr-FR\"},{\"@type\":\"Organization\",\"@id\":\"https:\\\/\\\/mediumseagreen-eel-531711.hostingersite.com\\\/#organization\",\"name\":\"Bladna News.com\",\"url\":\"https:\\\/\\\/mediumseagreen-eel-531711.hostingersite.com\\\/\",\"logo\":{\"@type\":\"ImageObject\",\"inLanguage\":\"fr-FR\",\"@id\":\"https:\\\/\\\/mediumseagreen-eel-531711.hostingersite.com\\\/#\\\/schema\\\/logo\\\/image\\\/\",\"url\":\"https:\\\/\\\/bladnanews.com\\\/wp-content\\\/uploads\\\/2025\\\/12\\\/logo-bladnanews-V2-web-black-red.png\",\"contentUrl\":\"https:\\\/\\\/bladnanews.com\\\/wp-content\\\/uploads\\\/2025\\\/12\\\/logo-bladnanews-V2-web-black-red.png\",\"width\":703,\"height\":287,\"caption\":\"Bladna News.com\"},\"image\":{\"@id\":\"https:\\\/\\\/mediumseagreen-eel-531711.hostingersite.com\\\/#\\\/schema\\\/logo\\\/image\\\/\"},\"email\":\"info@bladnanews.com\",\"legalName\":\"Bladna News\"},{\"@type\":\"Person\",\"@id\":\"https:\\\/\\\/mediumseagreen-eel-531711.hostingersite.com\\\/#\\\/schema\\\/person\\\/268e18a453ab080ebf76df6ef7845083\",\"name\":\"Bladna News Staff\",\"url\":\"https:\\\/\\\/bladnanews.com\\\/fr\\\/author\\\/bladna-news-staff\\\/\"}]}<\/script>\n<!-- \/ Yoast SEO Premium plugin. -->","yoast_head_json":{"title":"Le patron de Chelsea, Rosenior, \u00e9voque les rumeurs de transfert d'Enzo Fernandez - Bladna News","robots":{"index":"index","follow":"follow","max-snippet":"max-snippet:-1","max-image-preview":"max-image-preview:large","max-video-preview":"max-video-preview:-1"},"canonical":"https:\/\/bladnanews.com\/fr\/le-patron-de-chelsea-rosenior-aborde-les-rumeurs-de-transfert-denzo-fernandez\/","og_locale":"fr_FR","og_type":"article","og_title":"Chelsea boss Rosenior addresses Enzo Fernandez transfer links","og_description":"Chelsea head coach Liam Rosenior has insisted he is not getting drawn into the growing speculation linking Enzo Fernandez with [&hellip;]","og_url":"https:\/\/bladnanews.com\/fr\/le-patron-de-chelsea-rosenior-aborde-les-rumeurs-de-transfert-denzo-fernandez\/","og_site_name":"Bladna News","article_published_time":"2026-01-20T17:22:33+00:00","og_image":[{"width":1312,"height":736,"url":"https:\/\/bladnanews.com\/wp-content\/uploads\/2025\/12\/freepik__bladna-newscom-moroccan-soccer-homepage-banner-mor__41838.png","type":"image\/png"}],"author":"Bladna News Staff","twitter_card":"summary_large_image","twitter_misc":{"\u00c9crit par":"Bladna News Staff","Dur\u00e9e de lecture estim\u00e9e":"1 minute"},"schema":{"@context":"https:\/\/schema.org","@graph":[{"@type":"Article","@id":"https:\/\/bladnanews.com\/chelsea-boss-rosenior-addresses-enzo-fernandez-transfer-links\/#article","isPartOf":{"@id":"https:\/\/bladnanews.com\/chelsea-boss-rosenior-addresses-enzo-fernandez-transfer-links\/"},"author":{"name":"Bladna News Staff","@id":"https:\/\/mediumseagreen-eel-531711.hostingersite.com\/#\/schema\/person\/268e18a453ab080ebf76df6ef7845083"},"headline":"Chelsea boss Rosenior addresses Enzo Fernandez transfer links","datePublished":"2026-01-20T17:22:33+00:00","mainEntityOfPage":{"@id":"https:\/\/bladnanews.com\/chelsea-boss-rosenior-addresses-enzo-fernandez-transfer-links\/"},"wordCount":196,"publisher":{"@id":"https:\/\/mediumseagreen-eel-531711.hostingersite.com\/#organization"},"image":{"@id":"https:\/\/bladnanews.com\/chelsea-boss-rosenior-addresses-enzo-fernandez-transfer-links\/#primaryimage"},"thumbnailUrl":"https:\/\/bladnanews.com\/wp-content\/uploads\/2026\/01\/BladnaNews-Chelsea-boss-Rosenior-addresses-Enzo-Fernandez-transfer-links-2026-01-21T050949.681Z.jpg","articleSection":["International","Latest News"],"inLanguage":"fr-FR","copyrightYear":"2026","copyrightHolder":{"@id":"https:\/\/bladnanews.com\/fr\/#organization"}},{"@type":"WebPage","@id":"https:\/\/bladnanews.com\/chelsea-boss-rosenior-addresses-enzo-fernandez-transfer-links\/","url":"https:\/\/bladnanews.com\/chelsea-boss-rosenior-addresses-enzo-fernandez-transfer-links\/","name":"Le patron de Chelsea, Rosenior, \u00e9voque les rumeurs de transfert d'Enzo Fernandez - Bladna News","isPartOf":{"@id":"https:\/\/mediumseagreen-eel-531711.hostingersite.com\/#website"},"primaryImageOfPage":{"@id":"https:\/\/bladnanews.com\/chelsea-boss-rosenior-addresses-enzo-fernandez-transfer-links\/#primaryimage"},"image":{"@id":"https:\/\/bladnanews.com\/chelsea-boss-rosenior-addresses-enzo-fernandez-transfer-links\/#primaryimage"},"thumbnailUrl":"https:\/\/bladnanews.com\/wp-content\/uploads\/2026\/01\/BladnaNews-Chelsea-boss-Rosenior-addresses-Enzo-Fernandez-transfer-links-2026-01-21T050949.681Z.jpg","datePublished":"2026-01-20T17:22:33+00:00","breadcrumb":{"@id":"https:\/\/bladnanews.com\/chelsea-boss-rosenior-addresses-enzo-fernandez-transfer-links\/#breadcrumb"},"inLanguage":"fr-FR","potentialAction":[{"@type":"ReadAction","target":["https:\/\/bladnanews.com\/chelsea-boss-rosenior-addresses-enzo-fernandez-transfer-links\/"]}]},{"@type":"ImageObject","inLanguage":"fr-FR","@id":"https:\/\/bladnanews.com\/chelsea-boss-rosenior-addresses-enzo-fernandez-transfer-links\/#primaryimage","url":"https:\/\/bladnanews.com\/wp-content\/uploads\/2026\/01\/BladnaNews-Chelsea-boss-Rosenior-addresses-Enzo-Fernandez-transfer-links-2026-01-21T050949.681Z.jpg","contentUrl":"https:\/\/bladnanews.com\/wp-content\/uploads\/2026\/01\/BladnaNews-Chelsea-boss-Rosenior-addresses-Enzo-Fernandez-transfer-links-2026-01-21T050949.681Z.jpg","width":1920,"height":1080,"caption":"Enzo Fern\u00e1ndez in Chelsea's blue kit, running with intensity, alongside Chelsea boss Rosenior applauding in a black jacket."},{"@type":"BreadcrumbList","@id":"https:\/\/bladnanews.com\/chelsea-boss-rosenior-addresses-enzo-fernandez-transfer-links\/#breadcrumb","itemListElement":[{"@type":"ListItem","position":1,"name":"Home","item":"https:\/\/bladnanews.com\/"},{"@type":"ListItem","position":2,"name":"Chelsea boss Rosenior addresses Enzo Fernandez transfer links"}]},{"@type":"WebSite","@id":"https:\/\/mediumseagreen-eel-531711.hostingersite.com\/#website","url":"https:\/\/mediumseagreen-eel-531711.hostingersite.com\/","name":"Bladna News - Maroc","description":"Quand le football marocain rencontre le monde","publisher":{"@id":"https:\/\/mediumseagreen-eel-531711.hostingersite.com\/#organization"},"potentialAction":[{"@type":"SearchAction","target":{"@type":"EntryPoint","urlTemplate":"https:\/\/mediumseagreen-eel-531711.hostingersite.com\/?s={search_term_string}"},"query-input":{"@type":"PropertyValueSpecification","valueRequired":true,"valueName":"search_term_string"}}],"inLanguage":"fr-FR"},{"@type":"Organization","@id":"https:\/\/mediumseagreen-eel-531711.hostingersite.com\/#organization","name":"Bladna News.com","url":"https:\/\/mediumseagreen-eel-531711.hostingersite.com\/","logo":{"@type":"ImageObject","inLanguage":"fr-FR","@id":"https:\/\/mediumseagreen-eel-531711.hostingersite.com\/#\/schema\/logo\/image\/","url":"https:\/\/bladnanews.com\/wp-content\/uploads\/2025\/12\/logo-bladnanews-V2-web-black-red.png","contentUrl":"https:\/\/bladnanews.com\/wp-content\/uploads\/2025\/12\/logo-bladnanews-V2-web-black-red.png","width":703,"height":287,"caption":"Bladna News.com"},"image":{"@id":"https:\/\/mediumseagreen-eel-531711.hostingersite.com\/#\/schema\/logo\/image\/"},"email":"info@bladnanews.com","legalName":"Bladna News"},{"@type":"Person","@id":"https:\/\/mediumseagreen-eel-531711.hostingersite.com\/#\/schema\/person\/268e18a453ab080ebf76df6ef7845083","name":"\u00c9quipe r\u00e9dactionnelle de Bladna News","url":"https:\/\/bladnanews.com\/fr\/author\/bladna-news-staff\/"}]}},"_links":{"self":[{"href":"https:\/\/bladnanews.com\/fr\/wp-json\/wp\/v2\/posts\/7167","targetHints":{"allow":["GET"]}}],"collection":[{"href":"https:\/\/bladnanews.com\/fr\/wp-json\/wp\/v2\/posts"}],"about":[{"href":"https:\/\/bladnanews.com\/fr\/wp-json\/wp\/v2\/types\/post"}],"author":[{"embeddable":true,"href":"https:\/\/bladnanews.com\/fr\/wp-json\/wp\/v2\/users\/3"}],"replies":[{"embeddable":true,"href":"https:\/\/bladnanews.com\/fr\/wp-json\/wp\/v2\/comments?post=7167"}],"version-history":[{"count":0,"href":"https:\/\/bladnanews.com\/fr\/wp-json\/wp\/v2\/posts\/7167\/revisions"}],"wp:featuredmedia":[{"embeddable":true,"href":"https:\/\/bladnanews.com\/fr\/wp-json\/wp\/v2\/media\/7166"}],"wp:attachment":[{"href":"https:\/\/bladnanews.com\/fr\/wp-json\/wp\/v2\/media?parent=7167"}],"wp:term":[{"taxonomy":"category","embeddable":true,"href":"https:\/\/bladnanews.com\/fr\/wp-json\/wp\/v2\/categories?post=7167"},{"taxonomy":"post_tag","embeddable":true,"href":"https:\/\/bladnanews.com\/fr\/wp-json\/wp\/v2\/tags?post=7167"}],"curies":[{"name":"wp","href":"https:\/\/api.w.org\/{rel}","templated":true}]}}