{"id":7169,"date":"2026-01-20T18:28:04","date_gmt":"2026-01-20T18:28:04","guid":{"rendered":"https:\/\/bladnanews.com\/herculez-gomez-says-ricardo-pepi-has-no-secure-world-cup-spot\/"},"modified":"2026-01-20T18:28:04","modified_gmt":"2026-01-20T18:28:04","slug":"herculez-gomez-affirme-que-ricardo-pepi-na-pas-de-place-assuree-pour-la-coupe-du-monde","status":"publish","type":"post","link":"https:\/\/bladnanews.com\/fr\/herculez-gomez-affirme-que-ricardo-pepi-na-pas-de-place-assuree-pour-la-coupe-du-monde\/","title":{"rendered":"Herculez Gomez affirme que la place de Ricardo Pepi en \u00e9quipe pour la Coupe du Monde n'est pas assur\u00e9e."},"content":{"rendered":"<p>L'ancien attaquant am\u00e9ricain Herculez Gomez s'est interrog\u00e9 sur ce qui d\u00e9finira v\u00e9ritablement cette g\u00e9n\u00e9ration de l'\u00e9quipe nationale masculine des \u00c9tats-Unis (USMNT) et a averti que Ricardo Pepi ne peut pas consid\u00e9rer sa place comme acquise pour la Coupe du Monde 2026.<\/p>\n<p>S'exprimant sur ESPN, Gomez a soulign\u00e9 les r\u00e9cents succ\u00e8s du programme contre le Mexique, mais a mis au d\u00e9fi le groupe de prouver qu'il peut se montrer \u00e0 la hauteur dans les moments les plus importants.<\/p>\n<p><em>\u201c Si vous retirez le Mexique, quel est le moment marquant ? \u201d<\/em> a d\u00e9clar\u00e9 Gomez, soutenant que battre le plus grand rival r\u00e9gional des \u00c9tats-Unis est devenu un indicateur moins significatif pour cette \u00e9quipe qu'il ne l'\u00e9tait autrefois.<\/p>\n<p>Gomez a insist\u00e9 sur le fait que les \u00c9tats-Unis ont d\u00e9sormais besoin d'une r\u00e9alisation marquante dans un grand tournoi, avec la Coupe du Monde \u00e0 l'horizon, plut\u00f4t que de s'appuyer sur des victoires habituelles en CONCACAF.<\/p>\n<p>Il a \u00e9galement \u00e9voqu\u00e9 la situation de Pepi en attaque, affirmant que la place de l'attaquant est loin d'\u00eatre garantie malgr\u00e9 son statut actuel dans le groupe. Gomez a d\u00e9clar\u00e9 que la concurrence pour les postes d'attaquant est r\u00e9elle et que les places pour 2026 devront \u00eatre m\u00e9rit\u00e9es sur la dur\u00e9e, et non pr\u00e9sum\u00e9es.<\/p>\n<p>Pepi a \u00e9t\u00e9 r\u00e9guli\u00e8rement impliqu\u00e9 dans le paysage de l'\u00e9quipe nationale alors que l'int\u00e9r\u00eat grandit quant \u00e0 la mani\u00e8re dont Mauricio Pochettino fa\u00e7onnera son effectif, mais Gomez a clairement indiqu\u00e9 que la forme et les performances d\u00e9cideront des s\u00e9lectionn\u00e9s.<\/p>\n<p>Dans la m\u00eame discussion, Gomez a fait r\u00e9f\u00e9rence \u00e0 Christian Pulisic et aux attentes plac\u00e9es sur les meilleurs joueurs de l'USMNT, insistant sur le fait que l'h\u00e9ritage de ce groupe sera d\u00e9fini par ses r\u00e9alisations sur la plus grande sc\u00e8ne \u2014 et non seulement par sa domination r\u00e9gionale.<\/p>\n<p>Le message de Gomez \u00e9tait direct : les r\u00e9sultats contre le Mexique \u00e0 eux seuls ne d\u00e9finiront pas cette \u00e8re, et aucun joueur \u2014 y compris Pepi \u2014 ne devrait consid\u00e9rer son billet pour la Coupe du Monde comme assur\u00e9.<\/p>","protected":false},"excerpt":{"rendered":"<p>Former United States striker Herculez Gomez has questioned what will truly define this USMNT generation and warned that Ricardo Pepi [&hellip;]<\/p>\n","protected":false},"author":3,"featured_media":7168,"comment_status":"","ping_status":"open","sticky":false,"template":"","format":"standard","meta":{"googlesitekit_rrm_CAow_uzEDA:productID":"","site-sidebar-layout":"default","site-content-layout":"","ast-site-content-layout":"default","site-content-style":"default","site-sidebar-style":"default","ast-global-header-display":"","ast-banner-title-visibility":"","ast-main-header-display":"","ast-hfb-above-header-display":"","ast-hfb-below-header-display":"","ast-hfb-mobile-header-display":"","site-post-title":"","ast-breadcrumbs-content":"","ast-featured-img":"","footer-sml-layout":"","ast-disable-related-posts":"","theme-transparent-header-meta":"","adv-header-id-meta":"","stick-header-meta":"","header-above-stick-meta":"","header-main-stick-meta":"","header-below-stick-meta":"","astra-migrate-meta-layouts":"default","ast-page-background-enabled":"default","ast-page-background-meta":{"desktop":{"background-color":"var(--ast-global-color-5)","background-image":"","background-repeat":"repeat","background-position":"center center","background-size":"auto","background-attachment":"scroll","background-type":"","background-media":"","overlay-type":"","overlay-color":"","overlay-opacity":"","overlay-gradient":""},"tablet":{"background-color":"","background-image":"","background-repeat":"repeat","background-position":"center center","background-size":"auto","background-attachment":"scroll","background-type":"","background-media":"","overlay-type":"","overlay-color":"","overlay-opacity":"","overlay-gradient":""},"mobile":{"background-color":"","background-image":"","background-repeat":"repeat","background-position":"center center","background-size":"auto","background-attachment":"scroll","background-type":"","background-media":"","overlay-type":"","overlay-color":"","overlay-opacity":"","overlay-gradient":""}},"ast-content-background-meta":{"desktop":{"background-color":"var(--ast-global-color-4)","background-image":"","background-repeat":"repeat","background-position":"center center","background-size":"auto","background-attachment":"scroll","background-type":"","background-media":"","overlay-type":"","overlay-color":"","overlay-opacity":"","overlay-gradient":""},"tablet":{"background-color":"var(--ast-global-color-4)","background-image":"","background-repeat":"repeat","background-position":"center center","background-size":"auto","background-attachment":"scroll","background-type":"","background-media":"","overlay-type":"","overlay-color":"","overlay-opacity":"","overlay-gradient":""},"mobile":{"background-color":"var(--ast-global-color-4)","background-image":"","background-repeat":"repeat","background-position":"center center","background-size":"auto","background-attachment":"scroll","background-type":"","background-media":"","overlay-type":"","overlay-color":"","overlay-opacity":"","overlay-gradient":""}},"footnotes":""},"categories":[20,1],"tags":[],"class_list":["post-7169","post","type-post","status-publish","format-standard","has-post-thumbnail","hentry","category-international","category-football-latest-news"],"yoast_head":"<!-- This site is optimized with the Yoast SEO Premium plugin v26.6 (Yoast SEO v27.5) - https:\/\/yoast.com\/product\/yoast-seo-premium-wordpress\/ -->\n<title>Herculez Gomez says Ricardo Pepi has no secure World Cup spot - Bladna News<\/title>\n<meta name=\"robots\" content=\"index, follow, max-snippet:-1, max-image-preview:large, max-video-preview:-1\" \/>\n<link rel=\"canonical\" href=\"https:\/\/bladnanews.com\/fr\/herculez-gomez-affirme-que-ricardo-pepi-na-pas-de-place-assuree-pour-la-coupe-du-monde\/\" \/>\n<meta property=\"og:locale\" content=\"fr_FR\" \/>\n<meta property=\"og:type\" content=\"article\" \/>\n<meta property=\"og:title\" content=\"Herculez Gomez says Ricardo Pepi has no secure World Cup spot\" \/>\n<meta property=\"og:description\" content=\"Former United States striker Herculez Gomez has questioned what will truly define this USMNT generation and warned that Ricardo Pepi [&hellip;]\" \/>\n<meta property=\"og:url\" content=\"https:\/\/bladnanews.com\/fr\/herculez-gomez-affirme-que-ricardo-pepi-na-pas-de-place-assuree-pour-la-coupe-du-monde\/\" \/>\n<meta property=\"og:site_name\" content=\"Bladna News\" \/>\n<meta property=\"article:published_time\" content=\"2026-01-20T18:28:04+00:00\" \/>\n<meta property=\"og:image\" content=\"https:\/\/bladnanews.com\/wp-content\/uploads\/2025\/12\/freepik__bladna-newscom-moroccan-soccer-homepage-banner-mor__41838.png\" \/>\n\t<meta property=\"og:image:width\" content=\"1312\" \/>\n\t<meta property=\"og:image:height\" content=\"736\" \/>\n\t<meta property=\"og:image:type\" content=\"image\/png\" \/>\n<meta name=\"author\" content=\"Bladna News Staff\" \/>\n<meta name=\"twitter:card\" content=\"summary_large_image\" \/>\n<meta name=\"twitter:label1\" content=\"\u00c9crit par\" \/>\n\t<meta name=\"twitter:data1\" content=\"Bladna News Staff\" \/>\n\t<meta name=\"twitter:label2\" content=\"Dur\u00e9e de lecture estim\u00e9e\" \/>\n\t<meta name=\"twitter:data2\" content=\"1 minute\" \/>\n<script type=\"application\/ld+json\" class=\"yoast-schema-graph\">{\"@context\":\"https:\\\/\\\/schema.org\",\"@graph\":[{\"@type\":\"Article\",\"@id\":\"https:\\\/\\\/bladnanews.com\\\/herculez-gomez-says-ricardo-pepi-has-no-secure-world-cup-spot\\\/#article\",\"isPartOf\":{\"@id\":\"https:\\\/\\\/bladnanews.com\\\/herculez-gomez-says-ricardo-pepi-has-no-secure-world-cup-spot\\\/\"},\"author\":{\"name\":\"Bladna News Staff\",\"@id\":\"https:\\\/\\\/mediumseagreen-eel-531711.hostingersite.com\\\/#\\\/schema\\\/person\\\/268e18a453ab080ebf76df6ef7845083\"},\"headline\":\"Herculez Gomez says Ricardo Pepi has no secure World Cup spot\",\"datePublished\":\"2026-01-20T18:28:04+00:00\",\"mainEntityOfPage\":{\"@id\":\"https:\\\/\\\/bladnanews.com\\\/herculez-gomez-says-ricardo-pepi-has-no-secure-world-cup-spot\\\/\"},\"wordCount\":278,\"publisher\":{\"@id\":\"https:\\\/\\\/mediumseagreen-eel-531711.hostingersite.com\\\/#organization\"},\"image\":{\"@id\":\"https:\\\/\\\/bladnanews.com\\\/herculez-gomez-says-ricardo-pepi-has-no-secure-world-cup-spot\\\/#primaryimage\"},\"thumbnailUrl\":\"https:\\\/\\\/bladnanews.com\\\/wp-content\\\/uploads\\\/2026\\\/01\\\/BladnaNews-Herculez-Gomez-says-Ricardo-Pepi-has-no-secure-World-Cup-spot-2026-01-21T051012.132Z.jpg\",\"articleSection\":[\"International\",\"Latest News\"],\"inLanguage\":\"fr-FR\",\"copyrightYear\":\"2026\",\"copyrightHolder\":{\"@id\":\"https:\\\/\\\/bladnanews.com\\\/fr\\\/#organization\"}},{\"@type\":\"WebPage\",\"@id\":\"https:\\\/\\\/bladnanews.com\\\/herculez-gomez-says-ricardo-pepi-has-no-secure-world-cup-spot\\\/\",\"url\":\"https:\\\/\\\/bladnanews.com\\\/herculez-gomez-says-ricardo-pepi-has-no-secure-world-cup-spot\\\/\",\"name\":\"Herculez Gomez says Ricardo Pepi has no secure World Cup spot - Bladna News\",\"isPartOf\":{\"@id\":\"https:\\\/\\\/mediumseagreen-eel-531711.hostingersite.com\\\/#website\"},\"primaryImageOfPage\":{\"@id\":\"https:\\\/\\\/bladnanews.com\\\/herculez-gomez-says-ricardo-pepi-has-no-secure-world-cup-spot\\\/#primaryimage\"},\"image\":{\"@id\":\"https:\\\/\\\/bladnanews.com\\\/herculez-gomez-says-ricardo-pepi-has-no-secure-world-cup-spot\\\/#primaryimage\"},\"thumbnailUrl\":\"https:\\\/\\\/bladnanews.com\\\/wp-content\\\/uploads\\\/2026\\\/01\\\/BladnaNews-Herculez-Gomez-says-Ricardo-Pepi-has-no-secure-World-Cup-spot-2026-01-21T051012.132Z.jpg\",\"datePublished\":\"2026-01-20T18:28:04+00:00\",\"breadcrumb\":{\"@id\":\"https:\\\/\\\/bladnanews.com\\\/herculez-gomez-says-ricardo-pepi-has-no-secure-world-cup-spot\\\/#breadcrumb\"},\"inLanguage\":\"fr-FR\",\"potentialAction\":[{\"@type\":\"ReadAction\",\"target\":[\"https:\\\/\\\/bladnanews.com\\\/herculez-gomez-says-ricardo-pepi-has-no-secure-world-cup-spot\\\/\"]}]},{\"@type\":\"ImageObject\",\"inLanguage\":\"fr-FR\",\"@id\":\"https:\\\/\\\/bladnanews.com\\\/herculez-gomez-says-ricardo-pepi-has-no-secure-world-cup-spot\\\/#primaryimage\",\"url\":\"https:\\\/\\\/bladnanews.com\\\/wp-content\\\/uploads\\\/2026\\\/01\\\/BladnaNews-Herculez-Gomez-says-Ricardo-Pepi-has-no-secure-World-Cup-spot-2026-01-21T051012.132Z.jpg\",\"contentUrl\":\"https:\\\/\\\/bladnanews.com\\\/wp-content\\\/uploads\\\/2026\\\/01\\\/BladnaNews-Herculez-Gomez-says-Ricardo-Pepi-has-no-secure-World-Cup-spot-2026-01-21T051012.132Z.jpg\",\"width\":1920,\"height\":1080,\"caption\":\"Herculez Gomez smiles while holding a microphone, with a backdrop featuring an action shot of Ricardo Pepi in a USMNT jersey.\"},{\"@type\":\"BreadcrumbList\",\"@id\":\"https:\\\/\\\/bladnanews.com\\\/herculez-gomez-says-ricardo-pepi-has-no-secure-world-cup-spot\\\/#breadcrumb\",\"itemListElement\":[{\"@type\":\"ListItem\",\"position\":1,\"name\":\"Home\",\"item\":\"https:\\\/\\\/bladnanews.com\\\/\"},{\"@type\":\"ListItem\",\"position\":2,\"name\":\"Herculez Gomez says Ricardo Pepi has no secure World Cup spot\"}]},{\"@type\":\"WebSite\",\"@id\":\"https:\\\/\\\/mediumseagreen-eel-531711.hostingersite.com\\\/#website\",\"url\":\"https:\\\/\\\/mediumseagreen-eel-531711.hostingersite.com\\\/\",\"name\":\"Bladna News - Morocco\",\"description\":\"Where Moroccan Football Meets the World\",\"publisher\":{\"@id\":\"https:\\\/\\\/mediumseagreen-eel-531711.hostingersite.com\\\/#organization\"},\"potentialAction\":[{\"@type\":\"SearchAction\",\"target\":{\"@type\":\"EntryPoint\",\"urlTemplate\":\"https:\\\/\\\/mediumseagreen-eel-531711.hostingersite.com\\\/?s={search_term_string}\"},\"query-input\":{\"@type\":\"PropertyValueSpecification\",\"valueRequired\":true,\"valueName\":\"search_term_string\"}}],\"inLanguage\":\"fr-FR\"},{\"@type\":\"Organization\",\"@id\":\"https:\\\/\\\/mediumseagreen-eel-531711.hostingersite.com\\\/#organization\",\"name\":\"Bladna News.com\",\"url\":\"https:\\\/\\\/mediumseagreen-eel-531711.hostingersite.com\\\/\",\"logo\":{\"@type\":\"ImageObject\",\"inLanguage\":\"fr-FR\",\"@id\":\"https:\\\/\\\/mediumseagreen-eel-531711.hostingersite.com\\\/#\\\/schema\\\/logo\\\/image\\\/\",\"url\":\"https:\\\/\\\/bladnanews.com\\\/wp-content\\\/uploads\\\/2025\\\/12\\\/logo-bladnanews-V2-web-black-red.png\",\"contentUrl\":\"https:\\\/\\\/bladnanews.com\\\/wp-content\\\/uploads\\\/2025\\\/12\\\/logo-bladnanews-V2-web-black-red.png\",\"width\":703,\"height\":287,\"caption\":\"Bladna News.com\"},\"image\":{\"@id\":\"https:\\\/\\\/mediumseagreen-eel-531711.hostingersite.com\\\/#\\\/schema\\\/logo\\\/image\\\/\"},\"email\":\"info@bladnanews.com\",\"legalName\":\"Bladna News\"},{\"@type\":\"Person\",\"@id\":\"https:\\\/\\\/mediumseagreen-eel-531711.hostingersite.com\\\/#\\\/schema\\\/person\\\/268e18a453ab080ebf76df6ef7845083\",\"name\":\"Bladna News Staff\",\"url\":\"https:\\\/\\\/bladnanews.com\\\/fr\\\/author\\\/bladna-news-staff\\\/\"}]}<\/script>\n<!-- \/ Yoast SEO Premium plugin. -->","yoast_head_json":{"title":"Herculez Gomez affirme que Ricardo Pepi n'a pas de place assur\u00e9e pour la Coupe du Monde - Bladna News","robots":{"index":"index","follow":"follow","max-snippet":"max-snippet:-1","max-image-preview":"max-image-preview:large","max-video-preview":"max-video-preview:-1"},"canonical":"https:\/\/bladnanews.com\/fr\/herculez-gomez-affirme-que-ricardo-pepi-na-pas-de-place-assuree-pour-la-coupe-du-monde\/","og_locale":"fr_FR","og_type":"article","og_title":"Herculez Gomez says Ricardo Pepi has no secure World Cup spot","og_description":"Former United States striker Herculez Gomez has questioned what will truly define this USMNT generation and warned that Ricardo Pepi [&hellip;]","og_url":"https:\/\/bladnanews.com\/fr\/herculez-gomez-affirme-que-ricardo-pepi-na-pas-de-place-assuree-pour-la-coupe-du-monde\/","og_site_name":"Bladna News","article_published_time":"2026-01-20T18:28:04+00:00","og_image":[{"width":1312,"height":736,"url":"https:\/\/bladnanews.com\/wp-content\/uploads\/2025\/12\/freepik__bladna-newscom-moroccan-soccer-homepage-banner-mor__41838.png","type":"image\/png"}],"author":"Bladna News Staff","twitter_card":"summary_large_image","twitter_misc":{"\u00c9crit par":"Bladna News Staff","Dur\u00e9e de lecture estim\u00e9e":"1 minute"},"schema":{"@context":"https:\/\/schema.org","@graph":[{"@type":"Article","@id":"https:\/\/bladnanews.com\/herculez-gomez-says-ricardo-pepi-has-no-secure-world-cup-spot\/#article","isPartOf":{"@id":"https:\/\/bladnanews.com\/herculez-gomez-says-ricardo-pepi-has-no-secure-world-cup-spot\/"},"author":{"name":"Bladna News Staff","@id":"https:\/\/mediumseagreen-eel-531711.hostingersite.com\/#\/schema\/person\/268e18a453ab080ebf76df6ef7845083"},"headline":"Herculez Gomez says Ricardo Pepi has no secure World Cup spot","datePublished":"2026-01-20T18:28:04+00:00","mainEntityOfPage":{"@id":"https:\/\/bladnanews.com\/herculez-gomez-says-ricardo-pepi-has-no-secure-world-cup-spot\/"},"wordCount":278,"publisher":{"@id":"https:\/\/mediumseagreen-eel-531711.hostingersite.com\/#organization"},"image":{"@id":"https:\/\/bladnanews.com\/herculez-gomez-says-ricardo-pepi-has-no-secure-world-cup-spot\/#primaryimage"},"thumbnailUrl":"https:\/\/bladnanews.com\/wp-content\/uploads\/2026\/01\/BladnaNews-Herculez-Gomez-says-Ricardo-Pepi-has-no-secure-World-Cup-spot-2026-01-21T051012.132Z.jpg","articleSection":["International","Latest News"],"inLanguage":"fr-FR","copyrightYear":"2026","copyrightHolder":{"@id":"https:\/\/bladnanews.com\/fr\/#organization"}},{"@type":"WebPage","@id":"https:\/\/bladnanews.com\/herculez-gomez-says-ricardo-pepi-has-no-secure-world-cup-spot\/","url":"https:\/\/bladnanews.com\/herculez-gomez-says-ricardo-pepi-has-no-secure-world-cup-spot\/","name":"Herculez Gomez affirme que Ricardo Pepi n'a pas de place assur\u00e9e pour la Coupe du Monde - Bladna News","isPartOf":{"@id":"https:\/\/mediumseagreen-eel-531711.hostingersite.com\/#website"},"primaryImageOfPage":{"@id":"https:\/\/bladnanews.com\/herculez-gomez-says-ricardo-pepi-has-no-secure-world-cup-spot\/#primaryimage"},"image":{"@id":"https:\/\/bladnanews.com\/herculez-gomez-says-ricardo-pepi-has-no-secure-world-cup-spot\/#primaryimage"},"thumbnailUrl":"https:\/\/bladnanews.com\/wp-content\/uploads\/2026\/01\/BladnaNews-Herculez-Gomez-says-Ricardo-Pepi-has-no-secure-World-Cup-spot-2026-01-21T051012.132Z.jpg","datePublished":"2026-01-20T18:28:04+00:00","breadcrumb":{"@id":"https:\/\/bladnanews.com\/herculez-gomez-says-ricardo-pepi-has-no-secure-world-cup-spot\/#breadcrumb"},"inLanguage":"fr-FR","potentialAction":[{"@type":"ReadAction","target":["https:\/\/bladnanews.com\/herculez-gomez-says-ricardo-pepi-has-no-secure-world-cup-spot\/"]}]},{"@type":"ImageObject","inLanguage":"fr-FR","@id":"https:\/\/bladnanews.com\/herculez-gomez-says-ricardo-pepi-has-no-secure-world-cup-spot\/#primaryimage","url":"https:\/\/bladnanews.com\/wp-content\/uploads\/2026\/01\/BladnaNews-Herculez-Gomez-says-Ricardo-Pepi-has-no-secure-World-Cup-spot-2026-01-21T051012.132Z.jpg","contentUrl":"https:\/\/bladnanews.com\/wp-content\/uploads\/2026\/01\/BladnaNews-Herculez-Gomez-says-Ricardo-Pepi-has-no-secure-World-Cup-spot-2026-01-21T051012.132Z.jpg","width":1920,"height":1080,"caption":"Herculez Gomez smiles while holding a microphone, with a backdrop featuring an action shot of Ricardo Pepi in a USMNT jersey."},{"@type":"BreadcrumbList","@id":"https:\/\/bladnanews.com\/herculez-gomez-says-ricardo-pepi-has-no-secure-world-cup-spot\/#breadcrumb","itemListElement":[{"@type":"ListItem","position":1,"name":"Home","item":"https:\/\/bladnanews.com\/"},{"@type":"ListItem","position":2,"name":"Herculez Gomez says Ricardo Pepi has no secure World Cup spot"}]},{"@type":"WebSite","@id":"https:\/\/mediumseagreen-eel-531711.hostingersite.com\/#website","url":"https:\/\/mediumseagreen-eel-531711.hostingersite.com\/","name":"Bladna News - Maroc","description":"Quand le football marocain rencontre le monde","publisher":{"@id":"https:\/\/mediumseagreen-eel-531711.hostingersite.com\/#organization"},"potentialAction":[{"@type":"SearchAction","target":{"@type":"EntryPoint","urlTemplate":"https:\/\/mediumseagreen-eel-531711.hostingersite.com\/?s={search_term_string}"},"query-input":{"@type":"PropertyValueSpecification","valueRequired":true,"valueName":"search_term_string"}}],"inLanguage":"fr-FR"},{"@type":"Organization","@id":"https:\/\/mediumseagreen-eel-531711.hostingersite.com\/#organization","name":"Bladna News.com","url":"https:\/\/mediumseagreen-eel-531711.hostingersite.com\/","logo":{"@type":"ImageObject","inLanguage":"fr-FR","@id":"https:\/\/mediumseagreen-eel-531711.hostingersite.com\/#\/schema\/logo\/image\/","url":"https:\/\/bladnanews.com\/wp-content\/uploads\/2025\/12\/logo-bladnanews-V2-web-black-red.png","contentUrl":"https:\/\/bladnanews.com\/wp-content\/uploads\/2025\/12\/logo-bladnanews-V2-web-black-red.png","width":703,"height":287,"caption":"Bladna News.com"},"image":{"@id":"https:\/\/mediumseagreen-eel-531711.hostingersite.com\/#\/schema\/logo\/image\/"},"email":"info@bladnanews.com","legalName":"Bladna News"},{"@type":"Person","@id":"https:\/\/mediumseagreen-eel-531711.hostingersite.com\/#\/schema\/person\/268e18a453ab080ebf76df6ef7845083","name":"\u00c9quipe r\u00e9dactionnelle de Bladna News","url":"https:\/\/bladnanews.com\/fr\/author\/bladna-news-staff\/"}]}},"_links":{"self":[{"href":"https:\/\/bladnanews.com\/fr\/wp-json\/wp\/v2\/posts\/7169","targetHints":{"allow":["GET"]}}],"collection":[{"href":"https:\/\/bladnanews.com\/fr\/wp-json\/wp\/v2\/posts"}],"about":[{"href":"https:\/\/bladnanews.com\/fr\/wp-json\/wp\/v2\/types\/post"}],"author":[{"embeddable":true,"href":"https:\/\/bladnanews.com\/fr\/wp-json\/wp\/v2\/users\/3"}],"replies":[{"embeddable":true,"href":"https:\/\/bladnanews.com\/fr\/wp-json\/wp\/v2\/comments?post=7169"}],"version-history":[{"count":0,"href":"https:\/\/bladnanews.com\/fr\/wp-json\/wp\/v2\/posts\/7169\/revisions"}],"wp:featuredmedia":[{"embeddable":true,"href":"https:\/\/bladnanews.com\/fr\/wp-json\/wp\/v2\/media\/7168"}],"wp:attachment":[{"href":"https:\/\/bladnanews.com\/fr\/wp-json\/wp\/v2\/media?parent=7169"}],"wp:term":[{"taxonomy":"category","embeddable":true,"href":"https:\/\/bladnanews.com\/fr\/wp-json\/wp\/v2\/categories?post=7169"},{"taxonomy":"post_tag","embeddable":true,"href":"https:\/\/bladnanews.com\/fr\/wp-json\/wp\/v2\/tags?post=7169"}],"curies":[{"name":"wp","href":"https:\/\/api.w.org\/{rel}","templated":true}]}}