{"id":7171,"date":"2026-01-20T18:42:22","date_gmt":"2026-01-20T18:42:22","guid":{"rendered":"https:\/\/bladnanews.com\/liam-rosenior-names-latest-chelsea-illness-victim-amid-virus\/"},"modified":"2026-01-20T18:42:22","modified_gmt":"2026-01-20T18:42:22","slug":"liam-rosenior-nomme-la-derniere-victime-de-la-maladie-a-chelsea-au-milieu-du-virus","status":"publish","type":"post","link":"https:\/\/bladnanews.com\/fr\/liam-rosenior-nomme-la-derniere-victime-de-la-maladie-a-chelsea-au-milieu-du-virus\/","title":{"rendered":"Liam Rosenior d\u00e9signe la derni\u00e8re victime de la maladie \u00e0 Chelsea au milieu du virus."},"content":{"rendered":"<p><strong>L'entra\u00eeneur de Chelsea, Liam Rosenior<\/strong> a confirm\u00e9 qu'un autre membre de son effectif a \u00e9t\u00e9 touch\u00e9 par une maladie, un virus \u201cviolent\u201d continuant de circuler dans le groupe \u00e0 l'approche de la rencontre des Blues en Ligue des Champions face \u00e0 <strong>Pafos.<\/strong>.<\/p>\n<p>Rosenior a r\u00e9v\u00e9l\u00e9 que la derni\u00e8re victime est <strong>Nicolas Jackson.<\/strong>, L'avant-centre est d\u00e9sormais incertain alors que les pr\u00e9paratifs pour l'\u00e9preuve europ\u00e9enne se poursuivent. Le patron de Chelsea a admis que la situation a perturb\u00e9 les entra\u00eenements en amont, plusieurs joueurs ayant \u00e9t\u00e9 affect\u00e9s ces derniers jours.<\/p>\n<p>S'exprimant avant le match, Rosenior a d\u00e9clar\u00e9 que le virus \u00e9tait \u201cviolent\u201d et a soulign\u00e9 que le club tentait de g\u00e9rer le probl\u00e8me du mieux possible. Il a \u00e9galement pr\u00e9cis\u00e9 que le staff surveillait de pr\u00e8s l'effectif, dans l'attente de voir qui se r\u00e9tablirait \u00e0 temps pour participer.<\/p>\n<p>Chelsea doit affronter Pafos en Ligue des Champions, et Rosenior a reconnu que le timing \u00e9tait loin d'\u00eatre id\u00e9al, son \u00e9quipe cherchant \u00e0 \u00e9quilibrer forme physique, r\u00e9cup\u00e9ration et pr\u00e9paration au match. Avec Jackson d\u00e9sormais ajout\u00e9 \u00e0 la liste des absents, les options de Chelsea pourraient \u00eatre limit\u00e9es si d'autres joueurs ne parviennent pas \u00e0 se d\u00e9barrasser de la maladie avant le coup d'envoi.<\/p>","protected":false},"excerpt":{"rendered":"<p>Chelsea head coach Liam Rosenior has confirmed another member of his squad has been hit by illness as a \u201cbad\u201d [&hellip;]<\/p>\n","protected":false},"author":3,"featured_media":7170,"comment_status":"","ping_status":"open","sticky":false,"template":"","format":"standard","meta":{"googlesitekit_rrm_CAow_uzEDA:productID":"","site-sidebar-layout":"default","site-content-layout":"","ast-site-content-layout":"default","site-content-style":"default","site-sidebar-style":"default","ast-global-header-display":"","ast-banner-title-visibility":"","ast-main-header-display":"","ast-hfb-above-header-display":"","ast-hfb-below-header-display":"","ast-hfb-mobile-header-display":"","site-post-title":"","ast-breadcrumbs-content":"","ast-featured-img":"","footer-sml-layout":"","ast-disable-related-posts":"","theme-transparent-header-meta":"","adv-header-id-meta":"","stick-header-meta":"","header-above-stick-meta":"","header-main-stick-meta":"","header-below-stick-meta":"","astra-migrate-meta-layouts":"default","ast-page-background-enabled":"default","ast-page-background-meta":{"desktop":{"background-color":"var(--ast-global-color-5)","background-image":"","background-repeat":"repeat","background-position":"center center","background-size":"auto","background-attachment":"scroll","background-type":"","background-media":"","overlay-type":"","overlay-color":"","overlay-opacity":"","overlay-gradient":""},"tablet":{"background-color":"","background-image":"","background-repeat":"repeat","background-position":"center center","background-size":"auto","background-attachment":"scroll","background-type":"","background-media":"","overlay-type":"","overlay-color":"","overlay-opacity":"","overlay-gradient":""},"mobile":{"background-color":"","background-image":"","background-repeat":"repeat","background-position":"center center","background-size":"auto","background-attachment":"scroll","background-type":"","background-media":"","overlay-type":"","overlay-color":"","overlay-opacity":"","overlay-gradient":""}},"ast-content-background-meta":{"desktop":{"background-color":"var(--ast-global-color-4)","background-image":"","background-repeat":"repeat","background-position":"center center","background-size":"auto","background-attachment":"scroll","background-type":"","background-media":"","overlay-type":"","overlay-color":"","overlay-opacity":"","overlay-gradient":""},"tablet":{"background-color":"var(--ast-global-color-4)","background-image":"","background-repeat":"repeat","background-position":"center center","background-size":"auto","background-attachment":"scroll","background-type":"","background-media":"","overlay-type":"","overlay-color":"","overlay-opacity":"","overlay-gradient":""},"mobile":{"background-color":"var(--ast-global-color-4)","background-image":"","background-repeat":"repeat","background-position":"center center","background-size":"auto","background-attachment":"scroll","background-type":"","background-media":"","overlay-type":"","overlay-color":"","overlay-opacity":"","overlay-gradient":""}},"footnotes":""},"categories":[20,1],"tags":[],"class_list":["post-7171","post","type-post","status-publish","format-standard","has-post-thumbnail","hentry","category-international","category-football-latest-news"],"yoast_head":"<!-- This site is optimized with the Yoast SEO Premium plugin v26.6 (Yoast SEO v27.4) - https:\/\/yoast.com\/product\/yoast-seo-premium-wordpress\/ -->\n<title>Liam Rosenior names latest Chelsea illness victim amid virus - Bladna News<\/title>\n<meta name=\"robots\" content=\"index, follow, max-snippet:-1, max-image-preview:large, max-video-preview:-1\" \/>\n<link rel=\"canonical\" href=\"https:\/\/bladnanews.com\/fr\/liam-rosenior-nomme-la-derniere-victime-de-la-maladie-a-chelsea-au-milieu-du-virus\/\" \/>\n<meta property=\"og:locale\" content=\"fr_FR\" \/>\n<meta property=\"og:type\" content=\"article\" \/>\n<meta property=\"og:title\" content=\"Liam Rosenior names latest Chelsea illness victim amid virus\" \/>\n<meta property=\"og:description\" content=\"Chelsea head coach Liam Rosenior has confirmed another member of his squad has been hit by illness as a \u201cbad\u201d [&hellip;]\" \/>\n<meta property=\"og:url\" content=\"https:\/\/bladnanews.com\/fr\/liam-rosenior-nomme-la-derniere-victime-de-la-maladie-a-chelsea-au-milieu-du-virus\/\" \/>\n<meta property=\"og:site_name\" content=\"Bladna News\" \/>\n<meta property=\"article:published_time\" content=\"2026-01-20T18:42:22+00:00\" \/>\n<meta property=\"og:image\" content=\"https:\/\/bladnanews.com\/wp-content\/uploads\/2025\/12\/freepik__bladna-newscom-moroccan-soccer-homepage-banner-mor__41838.png\" \/>\n\t<meta property=\"og:image:width\" content=\"1312\" \/>\n\t<meta property=\"og:image:height\" content=\"736\" \/>\n\t<meta property=\"og:image:type\" content=\"image\/png\" \/>\n<meta name=\"author\" content=\"Bladna News Staff\" \/>\n<meta name=\"twitter:card\" content=\"summary_large_image\" \/>\n<meta name=\"twitter:label1\" content=\"\u00c9crit par\" \/>\n\t<meta name=\"twitter:data1\" content=\"Bladna News Staff\" \/>\n\t<meta name=\"twitter:label2\" content=\"Dur\u00e9e de lecture estim\u00e9e\" \/>\n\t<meta name=\"twitter:data2\" content=\"1 minute\" \/>\n<script type=\"application\/ld+json\" class=\"yoast-schema-graph\">{\"@context\":\"https:\\\/\\\/schema.org\",\"@graph\":[{\"@type\":\"Article\",\"@id\":\"https:\\\/\\\/bladnanews.com\\\/liam-rosenior-names-latest-chelsea-illness-victim-amid-virus\\\/#article\",\"isPartOf\":{\"@id\":\"https:\\\/\\\/bladnanews.com\\\/liam-rosenior-names-latest-chelsea-illness-victim-amid-virus\\\/\"},\"author\":{\"name\":\"Bladna News Staff\",\"@id\":\"https:\\\/\\\/mediumseagreen-eel-531711.hostingersite.com\\\/#\\\/schema\\\/person\\\/268e18a453ab080ebf76df6ef7845083\"},\"headline\":\"Liam Rosenior names latest Chelsea illness victim amid virus\",\"datePublished\":\"2026-01-20T18:42:22+00:00\",\"mainEntityOfPage\":{\"@id\":\"https:\\\/\\\/bladnanews.com\\\/liam-rosenior-names-latest-chelsea-illness-victim-amid-virus\\\/\"},\"wordCount\":192,\"publisher\":{\"@id\":\"https:\\\/\\\/mediumseagreen-eel-531711.hostingersite.com\\\/#organization\"},\"image\":{\"@id\":\"https:\\\/\\\/bladnanews.com\\\/liam-rosenior-names-latest-chelsea-illness-victim-amid-virus\\\/#primaryimage\"},\"thumbnailUrl\":\"https:\\\/\\\/bladnanews.com\\\/wp-content\\\/uploads\\\/2026\\\/01\\\/BladnaNews-Liam-Rosenior-names-latest-Chelsea-illness-victim-amid-virus-2026-01-21T051032.826Z-scaled.jpg\",\"articleSection\":[\"International\",\"Latest News\"],\"inLanguage\":\"fr-FR\",\"copyrightYear\":\"2026\",\"copyrightHolder\":{\"@id\":\"https:\\\/\\\/bladnanews.com\\\/fr\\\/#organization\"}},{\"@type\":\"WebPage\",\"@id\":\"https:\\\/\\\/bladnanews.com\\\/liam-rosenior-names-latest-chelsea-illness-victim-amid-virus\\\/\",\"url\":\"https:\\\/\\\/bladnanews.com\\\/liam-rosenior-names-latest-chelsea-illness-victim-amid-virus\\\/\",\"name\":\"Liam Rosenior names latest Chelsea illness victim amid virus - Bladna News\",\"isPartOf\":{\"@id\":\"https:\\\/\\\/mediumseagreen-eel-531711.hostingersite.com\\\/#website\"},\"primaryImageOfPage\":{\"@id\":\"https:\\\/\\\/bladnanews.com\\\/liam-rosenior-names-latest-chelsea-illness-victim-amid-virus\\\/#primaryimage\"},\"image\":{\"@id\":\"https:\\\/\\\/bladnanews.com\\\/liam-rosenior-names-latest-chelsea-illness-victim-amid-virus\\\/#primaryimage\"},\"thumbnailUrl\":\"https:\\\/\\\/bladnanews.com\\\/wp-content\\\/uploads\\\/2026\\\/01\\\/BladnaNews-Liam-Rosenior-names-latest-Chelsea-illness-victim-amid-virus-2026-01-21T051032.826Z-scaled.jpg\",\"datePublished\":\"2026-01-20T18:42:22+00:00\",\"breadcrumb\":{\"@id\":\"https:\\\/\\\/bladnanews.com\\\/liam-rosenior-names-latest-chelsea-illness-victim-amid-virus\\\/#breadcrumb\"},\"inLanguage\":\"fr-FR\",\"potentialAction\":[{\"@type\":\"ReadAction\",\"target\":[\"https:\\\/\\\/bladnanews.com\\\/liam-rosenior-names-latest-chelsea-illness-victim-amid-virus\\\/\"]}]},{\"@type\":\"ImageObject\",\"inLanguage\":\"fr-FR\",\"@id\":\"https:\\\/\\\/bladnanews.com\\\/liam-rosenior-names-latest-chelsea-illness-victim-amid-virus\\\/#primaryimage\",\"url\":\"https:\\\/\\\/bladnanews.com\\\/wp-content\\\/uploads\\\/2026\\\/01\\\/BladnaNews-Liam-Rosenior-names-latest-Chelsea-illness-victim-amid-virus-2026-01-21T051032.826Z-scaled.jpg\",\"contentUrl\":\"https:\\\/\\\/bladnanews.com\\\/wp-content\\\/uploads\\\/2026\\\/01\\\/BladnaNews-Liam-Rosenior-names-latest-Chelsea-illness-victim-amid-virus-2026-01-21T051032.826Z-scaled.jpg\",\"width\":2560,\"height\":1440,\"caption\":\"Liam Rosenior, wearing glasses and a black jacket, looks contemplatively off-camera during a match, with a blurred background.\"},{\"@type\":\"BreadcrumbList\",\"@id\":\"https:\\\/\\\/bladnanews.com\\\/liam-rosenior-names-latest-chelsea-illness-victim-amid-virus\\\/#breadcrumb\",\"itemListElement\":[{\"@type\":\"ListItem\",\"position\":1,\"name\":\"Home\",\"item\":\"https:\\\/\\\/bladnanews.com\\\/\"},{\"@type\":\"ListItem\",\"position\":2,\"name\":\"Liam Rosenior names latest Chelsea illness victim amid virus\"}]},{\"@type\":\"WebSite\",\"@id\":\"https:\\\/\\\/mediumseagreen-eel-531711.hostingersite.com\\\/#website\",\"url\":\"https:\\\/\\\/mediumseagreen-eel-531711.hostingersite.com\\\/\",\"name\":\"Bladna News - Morocco\",\"description\":\"Where Moroccan Football Meets the World\",\"publisher\":{\"@id\":\"https:\\\/\\\/mediumseagreen-eel-531711.hostingersite.com\\\/#organization\"},\"potentialAction\":[{\"@type\":\"SearchAction\",\"target\":{\"@type\":\"EntryPoint\",\"urlTemplate\":\"https:\\\/\\\/mediumseagreen-eel-531711.hostingersite.com\\\/?s={search_term_string}\"},\"query-input\":{\"@type\":\"PropertyValueSpecification\",\"valueRequired\":true,\"valueName\":\"search_term_string\"}}],\"inLanguage\":\"fr-FR\"},{\"@type\":\"Organization\",\"@id\":\"https:\\\/\\\/mediumseagreen-eel-531711.hostingersite.com\\\/#organization\",\"name\":\"Bladna News.com\",\"url\":\"https:\\\/\\\/mediumseagreen-eel-531711.hostingersite.com\\\/\",\"logo\":{\"@type\":\"ImageObject\",\"inLanguage\":\"fr-FR\",\"@id\":\"https:\\\/\\\/mediumseagreen-eel-531711.hostingersite.com\\\/#\\\/schema\\\/logo\\\/image\\\/\",\"url\":\"https:\\\/\\\/bladnanews.com\\\/wp-content\\\/uploads\\\/2025\\\/12\\\/logo-bladnanews-V2-web-black-red.png\",\"contentUrl\":\"https:\\\/\\\/bladnanews.com\\\/wp-content\\\/uploads\\\/2025\\\/12\\\/logo-bladnanews-V2-web-black-red.png\",\"width\":703,\"height\":287,\"caption\":\"Bladna News.com\"},\"image\":{\"@id\":\"https:\\\/\\\/mediumseagreen-eel-531711.hostingersite.com\\\/#\\\/schema\\\/logo\\\/image\\\/\"},\"email\":\"info@bladnanews.com\",\"legalName\":\"Bladna News\"},{\"@type\":\"Person\",\"@id\":\"https:\\\/\\\/mediumseagreen-eel-531711.hostingersite.com\\\/#\\\/schema\\\/person\\\/268e18a453ab080ebf76df6ef7845083\",\"name\":\"Bladna News Staff\",\"url\":\"https:\\\/\\\/bladnanews.com\\\/fr\\\/author\\\/bladna-news-staff\\\/\"}]}<\/script>\n<!-- \/ Yoast SEO Premium plugin. -->","yoast_head_json":{"title":"Liam Rosenior nomme la derni\u00e8re victime de maladie \u00e0 Chelsea au milieu du virus - Bladna News","robots":{"index":"index","follow":"follow","max-snippet":"max-snippet:-1","max-image-preview":"max-image-preview:large","max-video-preview":"max-video-preview:-1"},"canonical":"https:\/\/bladnanews.com\/fr\/liam-rosenior-nomme-la-derniere-victime-de-la-maladie-a-chelsea-au-milieu-du-virus\/","og_locale":"fr_FR","og_type":"article","og_title":"Liam Rosenior names latest Chelsea illness victim amid virus","og_description":"Chelsea head coach Liam Rosenior has confirmed another member of his squad has been hit by illness as a \u201cbad\u201d [&hellip;]","og_url":"https:\/\/bladnanews.com\/fr\/liam-rosenior-nomme-la-derniere-victime-de-la-maladie-a-chelsea-au-milieu-du-virus\/","og_site_name":"Bladna News","article_published_time":"2026-01-20T18:42:22+00:00","og_image":[{"width":1312,"height":736,"url":"https:\/\/bladnanews.com\/wp-content\/uploads\/2025\/12\/freepik__bladna-newscom-moroccan-soccer-homepage-banner-mor__41838.png","type":"image\/png"}],"author":"Bladna News Staff","twitter_card":"summary_large_image","twitter_misc":{"\u00c9crit par":"Bladna News Staff","Dur\u00e9e de lecture estim\u00e9e":"1 minute"},"schema":{"@context":"https:\/\/schema.org","@graph":[{"@type":"Article","@id":"https:\/\/bladnanews.com\/liam-rosenior-names-latest-chelsea-illness-victim-amid-virus\/#article","isPartOf":{"@id":"https:\/\/bladnanews.com\/liam-rosenior-names-latest-chelsea-illness-victim-amid-virus\/"},"author":{"name":"Bladna News Staff","@id":"https:\/\/mediumseagreen-eel-531711.hostingersite.com\/#\/schema\/person\/268e18a453ab080ebf76df6ef7845083"},"headline":"Liam Rosenior names latest Chelsea illness victim amid virus","datePublished":"2026-01-20T18:42:22+00:00","mainEntityOfPage":{"@id":"https:\/\/bladnanews.com\/liam-rosenior-names-latest-chelsea-illness-victim-amid-virus\/"},"wordCount":192,"publisher":{"@id":"https:\/\/mediumseagreen-eel-531711.hostingersite.com\/#organization"},"image":{"@id":"https:\/\/bladnanews.com\/liam-rosenior-names-latest-chelsea-illness-victim-amid-virus\/#primaryimage"},"thumbnailUrl":"https:\/\/bladnanews.com\/wp-content\/uploads\/2026\/01\/BladnaNews-Liam-Rosenior-names-latest-Chelsea-illness-victim-amid-virus-2026-01-21T051032.826Z-scaled.jpg","articleSection":["International","Latest News"],"inLanguage":"fr-FR","copyrightYear":"2026","copyrightHolder":{"@id":"https:\/\/bladnanews.com\/fr\/#organization"}},{"@type":"WebPage","@id":"https:\/\/bladnanews.com\/liam-rosenior-names-latest-chelsea-illness-victim-amid-virus\/","url":"https:\/\/bladnanews.com\/liam-rosenior-names-latest-chelsea-illness-victim-amid-virus\/","name":"Liam Rosenior nomme la derni\u00e8re victime de maladie \u00e0 Chelsea au milieu du virus - Bladna News","isPartOf":{"@id":"https:\/\/mediumseagreen-eel-531711.hostingersite.com\/#website"},"primaryImageOfPage":{"@id":"https:\/\/bladnanews.com\/liam-rosenior-names-latest-chelsea-illness-victim-amid-virus\/#primaryimage"},"image":{"@id":"https:\/\/bladnanews.com\/liam-rosenior-names-latest-chelsea-illness-victim-amid-virus\/#primaryimage"},"thumbnailUrl":"https:\/\/bladnanews.com\/wp-content\/uploads\/2026\/01\/BladnaNews-Liam-Rosenior-names-latest-Chelsea-illness-victim-amid-virus-2026-01-21T051032.826Z-scaled.jpg","datePublished":"2026-01-20T18:42:22+00:00","breadcrumb":{"@id":"https:\/\/bladnanews.com\/liam-rosenior-names-latest-chelsea-illness-victim-amid-virus\/#breadcrumb"},"inLanguage":"fr-FR","potentialAction":[{"@type":"ReadAction","target":["https:\/\/bladnanews.com\/liam-rosenior-names-latest-chelsea-illness-victim-amid-virus\/"]}]},{"@type":"ImageObject","inLanguage":"fr-FR","@id":"https:\/\/bladnanews.com\/liam-rosenior-names-latest-chelsea-illness-victim-amid-virus\/#primaryimage","url":"https:\/\/bladnanews.com\/wp-content\/uploads\/2026\/01\/BladnaNews-Liam-Rosenior-names-latest-Chelsea-illness-victim-amid-virus-2026-01-21T051032.826Z-scaled.jpg","contentUrl":"https:\/\/bladnanews.com\/wp-content\/uploads\/2026\/01\/BladnaNews-Liam-Rosenior-names-latest-Chelsea-illness-victim-amid-virus-2026-01-21T051032.826Z-scaled.jpg","width":2560,"height":1440,"caption":"Liam Rosenior, wearing glasses and a black jacket, looks contemplatively off-camera during a match, with a blurred background."},{"@type":"BreadcrumbList","@id":"https:\/\/bladnanews.com\/liam-rosenior-names-latest-chelsea-illness-victim-amid-virus\/#breadcrumb","itemListElement":[{"@type":"ListItem","position":1,"name":"Home","item":"https:\/\/bladnanews.com\/"},{"@type":"ListItem","position":2,"name":"Liam Rosenior names latest Chelsea illness victim amid virus"}]},{"@type":"WebSite","@id":"https:\/\/mediumseagreen-eel-531711.hostingersite.com\/#website","url":"https:\/\/mediumseagreen-eel-531711.hostingersite.com\/","name":"Bladna News - Maroc","description":"Quand le football marocain rencontre le monde","publisher":{"@id":"https:\/\/mediumseagreen-eel-531711.hostingersite.com\/#organization"},"potentialAction":[{"@type":"SearchAction","target":{"@type":"EntryPoint","urlTemplate":"https:\/\/mediumseagreen-eel-531711.hostingersite.com\/?s={search_term_string}"},"query-input":{"@type":"PropertyValueSpecification","valueRequired":true,"valueName":"search_term_string"}}],"inLanguage":"fr-FR"},{"@type":"Organization","@id":"https:\/\/mediumseagreen-eel-531711.hostingersite.com\/#organization","name":"Bladna News.com","url":"https:\/\/mediumseagreen-eel-531711.hostingersite.com\/","logo":{"@type":"ImageObject","inLanguage":"fr-FR","@id":"https:\/\/mediumseagreen-eel-531711.hostingersite.com\/#\/schema\/logo\/image\/","url":"https:\/\/bladnanews.com\/wp-content\/uploads\/2025\/12\/logo-bladnanews-V2-web-black-red.png","contentUrl":"https:\/\/bladnanews.com\/wp-content\/uploads\/2025\/12\/logo-bladnanews-V2-web-black-red.png","width":703,"height":287,"caption":"Bladna News.com"},"image":{"@id":"https:\/\/mediumseagreen-eel-531711.hostingersite.com\/#\/schema\/logo\/image\/"},"email":"info@bladnanews.com","legalName":"Bladna News"},{"@type":"Person","@id":"https:\/\/mediumseagreen-eel-531711.hostingersite.com\/#\/schema\/person\/268e18a453ab080ebf76df6ef7845083","name":"\u00c9quipe r\u00e9dactionnelle de Bladna News","url":"https:\/\/bladnanews.com\/fr\/author\/bladna-news-staff\/"}]}},"_links":{"self":[{"href":"https:\/\/bladnanews.com\/fr\/wp-json\/wp\/v2\/posts\/7171","targetHints":{"allow":["GET"]}}],"collection":[{"href":"https:\/\/bladnanews.com\/fr\/wp-json\/wp\/v2\/posts"}],"about":[{"href":"https:\/\/bladnanews.com\/fr\/wp-json\/wp\/v2\/types\/post"}],"author":[{"embeddable":true,"href":"https:\/\/bladnanews.com\/fr\/wp-json\/wp\/v2\/users\/3"}],"replies":[{"embeddable":true,"href":"https:\/\/bladnanews.com\/fr\/wp-json\/wp\/v2\/comments?post=7171"}],"version-history":[{"count":0,"href":"https:\/\/bladnanews.com\/fr\/wp-json\/wp\/v2\/posts\/7171\/revisions"}],"wp:featuredmedia":[{"embeddable":true,"href":"https:\/\/bladnanews.com\/fr\/wp-json\/wp\/v2\/media\/7170"}],"wp:attachment":[{"href":"https:\/\/bladnanews.com\/fr\/wp-json\/wp\/v2\/media?parent=7171"}],"wp:term":[{"taxonomy":"category","embeddable":true,"href":"https:\/\/bladnanews.com\/fr\/wp-json\/wp\/v2\/categories?post=7171"},{"taxonomy":"post_tag","embeddable":true,"href":"https:\/\/bladnanews.com\/fr\/wp-json\/wp\/v2\/tags?post=7171"}],"curies":[{"name":"wp","href":"https:\/\/api.w.org\/{rel}","templated":true}]}}