{"id":7241,"date":"2026-01-21T08:40:49","date_gmt":"2026-01-21T08:40:49","guid":{"rendered":"https:\/\/bladnanews.com\/vinicius-junior-responds-to-boos-and-addresses-future\/"},"modified":"2026-01-21T08:40:49","modified_gmt":"2026-01-21T08:40:49","slug":"vinicius-junior-repond-aux-huees-et-evoque-son-avenir","status":"publish","type":"post","link":"https:\/\/bladnanews.com\/fr\/vinicius-junior-repond-aux-huees-et-evoque-son-avenir\/","title":{"rendered":"Vin\u00edcius Junior r\u00e9pond aux sifflets et \u00e9voque son avenir"},"content":{"rendered":"<p>Vinicius Junior a reconnu avoir ressenti la pression de certaines sections du public du Santiago Bernab\u00e9u et a insist\u00e9 sur le fait qu'il \u00e9tait \u201c lui aussi un \u00eatre humain \u201d, apr\u00e8s avoir livr\u00e9 une performance remarquable pour le Real Madrid en Ligue des Champions face \u00e0 Monaco.<\/p>\n<p>L'attaquant br\u00e9silien a offert une d\u00e9monstration magistrale alors que l'\u00e9quipe de Carlo Ancelotti faisait le travail en Europe, mais sa performance est intervenue apr\u00e8s un moment difficile \u00e0 domicile, o\u00f9 il a \u00e9t\u00e9 la cible de sifflets de la part de certains supporters.<\/p>\n<p>S'exprimant apr\u00e8s le match contre Monaco, Vinicius a \u00e9voqu\u00e9 la r\u00e9action des tribunes dans une r\u00e9ponse \u00e9mouvante, rappelant aux fans que les joueurs ressentent les critiques tout autant que les \u00e9loges.<\/p>\n<p><em>\u201c Je suis aussi un \u00eatre humain \u201d,\u201d<\/em> a d\u00e9clar\u00e9 Vinicius, se confiant sur la mani\u00e8re dont les sifflets l'ont affect\u00e9, m\u00eame s'il continue de travailler pour l'\u00e9quipe et de tenter de d\u00e9cider des rencontres lors des plus grandes soir\u00e9es.<\/p>\n<p>Le joueur de 23 ans a \u00e9galement profit\u00e9 des interviews d'apr\u00e8s-match pour parler de son avenir, pr\u00e9cisant que son attention restait fix\u00e9e sur Madrid et sur ses performances pour le club, plut\u00f4t que d'\u00eatre distrait par le bruit ext\u00e9rieur.<\/p>\n<p>Le Real Madrid s'est fortement appuy\u00e9 sur Vinicius lors des moments cl\u00e9s de la Ligue des Champions, et son impact contre Monaco a soulign\u00e9 pourquoi il reste l'un des attaquants les plus d\u00e9cisifs de l'effectif.<\/p>\n<p>Pour l'instant, le message de Vinicius \u00e9tait simple : il continuera \u00e0 se battre, \u00e0 progresser et \u00e0 tout donner pour le Real Madrid, m\u00eame lorsque l'atmosph\u00e8re lui est d\u00e9favorable.<\/p>","protected":false},"excerpt":{"rendered":"<p>Vinicius Junior admitted he felt the heat from sections of the Santiago Bernabeu crowd and insisted he is \u201chuman too\u201d [&hellip;]<\/p>\n","protected":false},"author":3,"featured_media":7240,"comment_status":"","ping_status":"open","sticky":false,"template":"","format":"standard","meta":{"googlesitekit_rrm_CAow_uzEDA:productID":"","site-sidebar-layout":"default","site-content-layout":"","ast-site-content-layout":"default","site-content-style":"default","site-sidebar-style":"default","ast-global-header-display":"","ast-banner-title-visibility":"","ast-main-header-display":"","ast-hfb-above-header-display":"","ast-hfb-below-header-display":"","ast-hfb-mobile-header-display":"","site-post-title":"","ast-breadcrumbs-content":"","ast-featured-img":"","footer-sml-layout":"","ast-disable-related-posts":"","theme-transparent-header-meta":"","adv-header-id-meta":"","stick-header-meta":"","header-above-stick-meta":"","header-main-stick-meta":"","header-below-stick-meta":"","astra-migrate-meta-layouts":"default","ast-page-background-enabled":"default","ast-page-background-meta":{"desktop":{"background-color":"var(--ast-global-color-5)","background-image":"","background-repeat":"repeat","background-position":"center center","background-size":"auto","background-attachment":"scroll","background-type":"","background-media":"","overlay-type":"","overlay-color":"","overlay-opacity":"","overlay-gradient":""},"tablet":{"background-color":"","background-image":"","background-repeat":"repeat","background-position":"center center","background-size":"auto","background-attachment":"scroll","background-type":"","background-media":"","overlay-type":"","overlay-color":"","overlay-opacity":"","overlay-gradient":""},"mobile":{"background-color":"","background-image":"","background-repeat":"repeat","background-position":"center center","background-size":"auto","background-attachment":"scroll","background-type":"","background-media":"","overlay-type":"","overlay-color":"","overlay-opacity":"","overlay-gradient":""}},"ast-content-background-meta":{"desktop":{"background-color":"var(--ast-global-color-4)","background-image":"","background-repeat":"repeat","background-position":"center center","background-size":"auto","background-attachment":"scroll","background-type":"","background-media":"","overlay-type":"","overlay-color":"","overlay-opacity":"","overlay-gradient":""},"tablet":{"background-color":"var(--ast-global-color-4)","background-image":"","background-repeat":"repeat","background-position":"center center","background-size":"auto","background-attachment":"scroll","background-type":"","background-media":"","overlay-type":"","overlay-color":"","overlay-opacity":"","overlay-gradient":""},"mobile":{"background-color":"var(--ast-global-color-4)","background-image":"","background-repeat":"repeat","background-position":"center center","background-size":"auto","background-attachment":"scroll","background-type":"","background-media":"","overlay-type":"","overlay-color":"","overlay-opacity":"","overlay-gradient":""}},"footnotes":""},"categories":[20,1],"tags":[],"class_list":["post-7241","post","type-post","status-publish","format-standard","has-post-thumbnail","hentry","category-international","category-football-latest-news"],"yoast_head":"<!-- This site is optimized with the Yoast SEO Premium plugin v26.6 (Yoast SEO v27.4) - https:\/\/yoast.com\/product\/yoast-seo-premium-wordpress\/ -->\n<title>Vinicius Junior responds to boos and addresses future - Bladna News<\/title>\n<meta name=\"robots\" content=\"index, follow, max-snippet:-1, max-image-preview:large, max-video-preview:-1\" \/>\n<link rel=\"canonical\" href=\"https:\/\/bladnanews.com\/fr\/vinicius-junior-repond-aux-huees-et-evoque-son-avenir\/\" \/>\n<meta property=\"og:locale\" content=\"fr_FR\" \/>\n<meta property=\"og:type\" content=\"article\" \/>\n<meta property=\"og:title\" content=\"Vinicius Junior responds to boos and addresses future\" \/>\n<meta property=\"og:description\" content=\"Vinicius Junior admitted he felt the heat from sections of the Santiago Bernabeu crowd and insisted he is \u201chuman too\u201d [&hellip;]\" \/>\n<meta property=\"og:url\" content=\"https:\/\/bladnanews.com\/fr\/vinicius-junior-repond-aux-huees-et-evoque-son-avenir\/\" \/>\n<meta property=\"og:site_name\" content=\"Bladna News\" \/>\n<meta property=\"article:published_time\" content=\"2026-01-21T08:40:49+00:00\" \/>\n<meta property=\"og:image\" content=\"https:\/\/bladnanews.com\/wp-content\/uploads\/2025\/12\/freepik__bladna-newscom-moroccan-soccer-homepage-banner-mor__41838.png\" \/>\n\t<meta property=\"og:image:width\" content=\"1312\" \/>\n\t<meta property=\"og:image:height\" content=\"736\" \/>\n\t<meta property=\"og:image:type\" content=\"image\/png\" \/>\n<meta name=\"author\" content=\"Bladna News Staff\" \/>\n<meta name=\"twitter:card\" content=\"summary_large_image\" \/>\n<meta name=\"twitter:label1\" content=\"\u00c9crit par\" \/>\n\t<meta name=\"twitter:data1\" content=\"Bladna News Staff\" \/>\n\t<meta name=\"twitter:label2\" content=\"Dur\u00e9e de lecture estim\u00e9e\" \/>\n\t<meta name=\"twitter:data2\" content=\"1 minute\" \/>\n<script type=\"application\/ld+json\" class=\"yoast-schema-graph\">{\"@context\":\"https:\\\/\\\/schema.org\",\"@graph\":[{\"@type\":\"Article\",\"@id\":\"https:\\\/\\\/bladnanews.com\\\/vinicius-junior-responds-to-boos-and-addresses-future\\\/#article\",\"isPartOf\":{\"@id\":\"https:\\\/\\\/bladnanews.com\\\/vinicius-junior-responds-to-boos-and-addresses-future\\\/\"},\"author\":{\"name\":\"Bladna News Staff\",\"@id\":\"https:\\\/\\\/mediumseagreen-eel-531711.hostingersite.com\\\/#\\\/schema\\\/person\\\/268e18a453ab080ebf76df6ef7845083\"},\"headline\":\"Vinicius Junior responds to boos and addresses future\",\"datePublished\":\"2026-01-21T08:40:49+00:00\",\"mainEntityOfPage\":{\"@id\":\"https:\\\/\\\/bladnanews.com\\\/vinicius-junior-responds-to-boos-and-addresses-future\\\/\"},\"wordCount\":226,\"publisher\":{\"@id\":\"https:\\\/\\\/mediumseagreen-eel-531711.hostingersite.com\\\/#organization\"},\"image\":{\"@id\":\"https:\\\/\\\/bladnanews.com\\\/vinicius-junior-responds-to-boos-and-addresses-future\\\/#primaryimage\"},\"thumbnailUrl\":\"https:\\\/\\\/bladnanews.com\\\/wp-content\\\/uploads\\\/2026\\\/01\\\/BladnaNews-Vinicius-Junior-responds-to-boos-and-addresses-future-2026-01-21T170955.962Z-scaled.jpg\",\"articleSection\":[\"International\",\"Latest News\"],\"inLanguage\":\"fr-FR\",\"copyrightYear\":\"2026\",\"copyrightHolder\":{\"@id\":\"https:\\\/\\\/bladnanews.com\\\/fr\\\/#organization\"}},{\"@type\":\"WebPage\",\"@id\":\"https:\\\/\\\/bladnanews.com\\\/vinicius-junior-responds-to-boos-and-addresses-future\\\/\",\"url\":\"https:\\\/\\\/bladnanews.com\\\/vinicius-junior-responds-to-boos-and-addresses-future\\\/\",\"name\":\"Vinicius Junior responds to boos and addresses future - Bladna News\",\"isPartOf\":{\"@id\":\"https:\\\/\\\/mediumseagreen-eel-531711.hostingersite.com\\\/#website\"},\"primaryImageOfPage\":{\"@id\":\"https:\\\/\\\/bladnanews.com\\\/vinicius-junior-responds-to-boos-and-addresses-future\\\/#primaryimage\"},\"image\":{\"@id\":\"https:\\\/\\\/bladnanews.com\\\/vinicius-junior-responds-to-boos-and-addresses-future\\\/#primaryimage\"},\"thumbnailUrl\":\"https:\\\/\\\/bladnanews.com\\\/wp-content\\\/uploads\\\/2026\\\/01\\\/BladnaNews-Vinicius-Junior-responds-to-boos-and-addresses-future-2026-01-21T170955.962Z-scaled.jpg\",\"datePublished\":\"2026-01-21T08:40:49+00:00\",\"breadcrumb\":{\"@id\":\"https:\\\/\\\/bladnanews.com\\\/vinicius-junior-responds-to-boos-and-addresses-future\\\/#breadcrumb\"},\"inLanguage\":\"fr-FR\",\"potentialAction\":[{\"@type\":\"ReadAction\",\"target\":[\"https:\\\/\\\/bladnanews.com\\\/vinicius-junior-responds-to-boos-and-addresses-future\\\/\"]}]},{\"@type\":\"ImageObject\",\"inLanguage\":\"fr-FR\",\"@id\":\"https:\\\/\\\/bladnanews.com\\\/vinicius-junior-responds-to-boos-and-addresses-future\\\/#primaryimage\",\"url\":\"https:\\\/\\\/bladnanews.com\\\/wp-content\\\/uploads\\\/2026\\\/01\\\/BladnaNews-Vinicius-Junior-responds-to-boos-and-addresses-future-2026-01-21T170955.962Z-scaled.jpg\",\"contentUrl\":\"https:\\\/\\\/bladnanews.com\\\/wp-content\\\/uploads\\\/2026\\\/01\\\/BladnaNews-Vinicius-Junior-responds-to-boos-and-addresses-future-2026-01-21T170955.962Z-scaled.jpg\",\"width\":2560,\"height\":1440,\"caption\":\"Vin\u00edcius J\u00fanior of Real Madrid, wearing the club's white jersey, looks pensive during a match, reflecting on the game's events.\"},{\"@type\":\"BreadcrumbList\",\"@id\":\"https:\\\/\\\/bladnanews.com\\\/vinicius-junior-responds-to-boos-and-addresses-future\\\/#breadcrumb\",\"itemListElement\":[{\"@type\":\"ListItem\",\"position\":1,\"name\":\"Home\",\"item\":\"https:\\\/\\\/bladnanews.com\\\/\"},{\"@type\":\"ListItem\",\"position\":2,\"name\":\"Vinicius Junior responds to boos and addresses future\"}]},{\"@type\":\"WebSite\",\"@id\":\"https:\\\/\\\/mediumseagreen-eel-531711.hostingersite.com\\\/#website\",\"url\":\"https:\\\/\\\/mediumseagreen-eel-531711.hostingersite.com\\\/\",\"name\":\"Bladna News - Morocco\",\"description\":\"Where Moroccan Football Meets the World\",\"publisher\":{\"@id\":\"https:\\\/\\\/mediumseagreen-eel-531711.hostingersite.com\\\/#organization\"},\"potentialAction\":[{\"@type\":\"SearchAction\",\"target\":{\"@type\":\"EntryPoint\",\"urlTemplate\":\"https:\\\/\\\/mediumseagreen-eel-531711.hostingersite.com\\\/?s={search_term_string}\"},\"query-input\":{\"@type\":\"PropertyValueSpecification\",\"valueRequired\":true,\"valueName\":\"search_term_string\"}}],\"inLanguage\":\"fr-FR\"},{\"@type\":\"Organization\",\"@id\":\"https:\\\/\\\/mediumseagreen-eel-531711.hostingersite.com\\\/#organization\",\"name\":\"Bladna News.com\",\"url\":\"https:\\\/\\\/mediumseagreen-eel-531711.hostingersite.com\\\/\",\"logo\":{\"@type\":\"ImageObject\",\"inLanguage\":\"fr-FR\",\"@id\":\"https:\\\/\\\/mediumseagreen-eel-531711.hostingersite.com\\\/#\\\/schema\\\/logo\\\/image\\\/\",\"url\":\"https:\\\/\\\/bladnanews.com\\\/wp-content\\\/uploads\\\/2025\\\/12\\\/logo-bladnanews-V2-web-black-red.png\",\"contentUrl\":\"https:\\\/\\\/bladnanews.com\\\/wp-content\\\/uploads\\\/2025\\\/12\\\/logo-bladnanews-V2-web-black-red.png\",\"width\":703,\"height\":287,\"caption\":\"Bladna News.com\"},\"image\":{\"@id\":\"https:\\\/\\\/mediumseagreen-eel-531711.hostingersite.com\\\/#\\\/schema\\\/logo\\\/image\\\/\"},\"email\":\"info@bladnanews.com\",\"legalName\":\"Bladna News\"},{\"@type\":\"Person\",\"@id\":\"https:\\\/\\\/mediumseagreen-eel-531711.hostingersite.com\\\/#\\\/schema\\\/person\\\/268e18a453ab080ebf76df6ef7845083\",\"name\":\"Bladna News Staff\",\"url\":\"https:\\\/\\\/bladnanews.com\\\/fr\\\/author\\\/bladna-news-staff\\\/\"}]}<\/script>\n<!-- \/ Yoast SEO Premium plugin. -->","yoast_head_json":{"title":"Vinicius Junior r\u00e9pond aux hu\u00e9es et \u00e9voque son avenir - Bladna News","robots":{"index":"index","follow":"follow","max-snippet":"max-snippet:-1","max-image-preview":"max-image-preview:large","max-video-preview":"max-video-preview:-1"},"canonical":"https:\/\/bladnanews.com\/fr\/vinicius-junior-repond-aux-huees-et-evoque-son-avenir\/","og_locale":"fr_FR","og_type":"article","og_title":"Vinicius Junior responds to boos and addresses future","og_description":"Vinicius Junior admitted he felt the heat from sections of the Santiago Bernabeu crowd and insisted he is \u201chuman too\u201d [&hellip;]","og_url":"https:\/\/bladnanews.com\/fr\/vinicius-junior-repond-aux-huees-et-evoque-son-avenir\/","og_site_name":"Bladna News","article_published_time":"2026-01-21T08:40:49+00:00","og_image":[{"width":1312,"height":736,"url":"https:\/\/bladnanews.com\/wp-content\/uploads\/2025\/12\/freepik__bladna-newscom-moroccan-soccer-homepage-banner-mor__41838.png","type":"image\/png"}],"author":"Bladna News Staff","twitter_card":"summary_large_image","twitter_misc":{"\u00c9crit par":"Bladna News Staff","Dur\u00e9e de lecture estim\u00e9e":"1 minute"},"schema":{"@context":"https:\/\/schema.org","@graph":[{"@type":"Article","@id":"https:\/\/bladnanews.com\/vinicius-junior-responds-to-boos-and-addresses-future\/#article","isPartOf":{"@id":"https:\/\/bladnanews.com\/vinicius-junior-responds-to-boos-and-addresses-future\/"},"author":{"name":"Bladna News Staff","@id":"https:\/\/mediumseagreen-eel-531711.hostingersite.com\/#\/schema\/person\/268e18a453ab080ebf76df6ef7845083"},"headline":"Vinicius Junior responds to boos and addresses future","datePublished":"2026-01-21T08:40:49+00:00","mainEntityOfPage":{"@id":"https:\/\/bladnanews.com\/vinicius-junior-responds-to-boos-and-addresses-future\/"},"wordCount":226,"publisher":{"@id":"https:\/\/mediumseagreen-eel-531711.hostingersite.com\/#organization"},"image":{"@id":"https:\/\/bladnanews.com\/vinicius-junior-responds-to-boos-and-addresses-future\/#primaryimage"},"thumbnailUrl":"https:\/\/bladnanews.com\/wp-content\/uploads\/2026\/01\/BladnaNews-Vinicius-Junior-responds-to-boos-and-addresses-future-2026-01-21T170955.962Z-scaled.jpg","articleSection":["International","Latest News"],"inLanguage":"fr-FR","copyrightYear":"2026","copyrightHolder":{"@id":"https:\/\/bladnanews.com\/fr\/#organization"}},{"@type":"WebPage","@id":"https:\/\/bladnanews.com\/vinicius-junior-responds-to-boos-and-addresses-future\/","url":"https:\/\/bladnanews.com\/vinicius-junior-responds-to-boos-and-addresses-future\/","name":"Vinicius Junior r\u00e9pond aux hu\u00e9es et \u00e9voque son avenir - Bladna News","isPartOf":{"@id":"https:\/\/mediumseagreen-eel-531711.hostingersite.com\/#website"},"primaryImageOfPage":{"@id":"https:\/\/bladnanews.com\/vinicius-junior-responds-to-boos-and-addresses-future\/#primaryimage"},"image":{"@id":"https:\/\/bladnanews.com\/vinicius-junior-responds-to-boos-and-addresses-future\/#primaryimage"},"thumbnailUrl":"https:\/\/bladnanews.com\/wp-content\/uploads\/2026\/01\/BladnaNews-Vinicius-Junior-responds-to-boos-and-addresses-future-2026-01-21T170955.962Z-scaled.jpg","datePublished":"2026-01-21T08:40:49+00:00","breadcrumb":{"@id":"https:\/\/bladnanews.com\/vinicius-junior-responds-to-boos-and-addresses-future\/#breadcrumb"},"inLanguage":"fr-FR","potentialAction":[{"@type":"ReadAction","target":["https:\/\/bladnanews.com\/vinicius-junior-responds-to-boos-and-addresses-future\/"]}]},{"@type":"ImageObject","inLanguage":"fr-FR","@id":"https:\/\/bladnanews.com\/vinicius-junior-responds-to-boos-and-addresses-future\/#primaryimage","url":"https:\/\/bladnanews.com\/wp-content\/uploads\/2026\/01\/BladnaNews-Vinicius-Junior-responds-to-boos-and-addresses-future-2026-01-21T170955.962Z-scaled.jpg","contentUrl":"https:\/\/bladnanews.com\/wp-content\/uploads\/2026\/01\/BladnaNews-Vinicius-Junior-responds-to-boos-and-addresses-future-2026-01-21T170955.962Z-scaled.jpg","width":2560,"height":1440,"caption":"Vin\u00edcius J\u00fanior of Real Madrid, wearing the club's white jersey, looks pensive during a match, reflecting on the game's events."},{"@type":"BreadcrumbList","@id":"https:\/\/bladnanews.com\/vinicius-junior-responds-to-boos-and-addresses-future\/#breadcrumb","itemListElement":[{"@type":"ListItem","position":1,"name":"Home","item":"https:\/\/bladnanews.com\/"},{"@type":"ListItem","position":2,"name":"Vinicius Junior responds to boos and addresses future"}]},{"@type":"WebSite","@id":"https:\/\/mediumseagreen-eel-531711.hostingersite.com\/#website","url":"https:\/\/mediumseagreen-eel-531711.hostingersite.com\/","name":"Bladna News - Maroc","description":"Quand le football marocain rencontre le monde","publisher":{"@id":"https:\/\/mediumseagreen-eel-531711.hostingersite.com\/#organization"},"potentialAction":[{"@type":"SearchAction","target":{"@type":"EntryPoint","urlTemplate":"https:\/\/mediumseagreen-eel-531711.hostingersite.com\/?s={search_term_string}"},"query-input":{"@type":"PropertyValueSpecification","valueRequired":true,"valueName":"search_term_string"}}],"inLanguage":"fr-FR"},{"@type":"Organization","@id":"https:\/\/mediumseagreen-eel-531711.hostingersite.com\/#organization","name":"Bladna News.com","url":"https:\/\/mediumseagreen-eel-531711.hostingersite.com\/","logo":{"@type":"ImageObject","inLanguage":"fr-FR","@id":"https:\/\/mediumseagreen-eel-531711.hostingersite.com\/#\/schema\/logo\/image\/","url":"https:\/\/bladnanews.com\/wp-content\/uploads\/2025\/12\/logo-bladnanews-V2-web-black-red.png","contentUrl":"https:\/\/bladnanews.com\/wp-content\/uploads\/2025\/12\/logo-bladnanews-V2-web-black-red.png","width":703,"height":287,"caption":"Bladna News.com"},"image":{"@id":"https:\/\/mediumseagreen-eel-531711.hostingersite.com\/#\/schema\/logo\/image\/"},"email":"info@bladnanews.com","legalName":"Bladna News"},{"@type":"Person","@id":"https:\/\/mediumseagreen-eel-531711.hostingersite.com\/#\/schema\/person\/268e18a453ab080ebf76df6ef7845083","name":"\u00c9quipe r\u00e9dactionnelle de Bladna News","url":"https:\/\/bladnanews.com\/fr\/author\/bladna-news-staff\/"}]}},"_links":{"self":[{"href":"https:\/\/bladnanews.com\/fr\/wp-json\/wp\/v2\/posts\/7241","targetHints":{"allow":["GET"]}}],"collection":[{"href":"https:\/\/bladnanews.com\/fr\/wp-json\/wp\/v2\/posts"}],"about":[{"href":"https:\/\/bladnanews.com\/fr\/wp-json\/wp\/v2\/types\/post"}],"author":[{"embeddable":true,"href":"https:\/\/bladnanews.com\/fr\/wp-json\/wp\/v2\/users\/3"}],"replies":[{"embeddable":true,"href":"https:\/\/bladnanews.com\/fr\/wp-json\/wp\/v2\/comments?post=7241"}],"version-history":[{"count":0,"href":"https:\/\/bladnanews.com\/fr\/wp-json\/wp\/v2\/posts\/7241\/revisions"}],"wp:featuredmedia":[{"embeddable":true,"href":"https:\/\/bladnanews.com\/fr\/wp-json\/wp\/v2\/media\/7240"}],"wp:attachment":[{"href":"https:\/\/bladnanews.com\/fr\/wp-json\/wp\/v2\/media?parent=7241"}],"wp:term":[{"taxonomy":"category","embeddable":true,"href":"https:\/\/bladnanews.com\/fr\/wp-json\/wp\/v2\/categories?post=7241"},{"taxonomy":"post_tag","embeddable":true,"href":"https:\/\/bladnanews.com\/fr\/wp-json\/wp\/v2\/tags?post=7241"}],"curies":[{"name":"wp","href":"https:\/\/api.w.org\/{rel}","templated":true}]}}