{"id":7243,"date":"2026-01-21T09:18:13","date_gmt":"2026-01-21T09:18:13","guid":{"rendered":"https:\/\/bladnanews.com\/luis-enrique-fumes-as-psg-lose-to-sporting-in-champions-league\/"},"modified":"2026-01-21T09:18:13","modified_gmt":"2026-01-21T09:18:13","slug":"luis-enrique-fume-alors-que-le-psg-sincline-face-a-sporting-en-ligue-des-champions","status":"publish","type":"post","link":"https:\/\/bladnanews.com\/fr\/luis-enrique-fume-alors-que-le-psg-sincline-face-a-sporting-en-ligue-des-champions\/","title":{"rendered":"Luis Enrique furieux apr\u00e8s la d\u00e9faite du PSG face \u00e0 Sporting en Ligue des Champions"},"content":{"rendered":"<p>Luis Enrique a laiss\u00e9 \u00e9clater sa col\u00e8re apr\u00e8s la d\u00e9faite surprise du Paris Saint-Germain en Ligue des Champions face \u00e0 Sporting, bien que l'Espagnol ait insist\u00e9 sur le fait que son \u00e9quipe \u00e9tait \u201c sup\u00e9rieure \u201d et avait produit \u201c notre meilleur match \u00e0 l'ext\u00e9rieur de tous les temps \u201d.<\/p>\n<p>Le PSG a contr\u00f4l\u00e9 de longues phases du match \u00e0 Lisbonne et a cr\u00e9\u00e9 des occasions, mais Sporting a frapp\u00e9 aux moments cl\u00e9s pour renverser la situation face aux champions fran\u00e7ais et leur infliger une d\u00e9faite pr\u00e9judiciable sur la sc\u00e8ne europ\u00e9enne.<\/p>\n<p>Apr\u00e8s le coup de sifflet final, Luis Enrique n'a pas cach\u00e9 sa col\u00e8re en analysant ce qu'il avait vu pendant le match. L'entra\u00eeneur du PSG s'est plaint de ce qu'il a qualifi\u00e9 de \u201c football de merde \u201d et a d\u00e9clar\u00e9 que l'approche de Sporting ne refl\u00e9tait pas la mani\u00e8re dont il estime que ce sport devrait \u00eatre pratiqu\u00e9, m\u00eame si elle s'est av\u00e9r\u00e9e suffisamment efficace pour obtenir le r\u00e9sultat.<\/p>\n<p>Il a \u00e9galement soulign\u00e9 que le PSG en avait fait bien assez pour gagner, qualifiant leur performance \u00e0 l'ext\u00e9rieur comme l'une des meilleures depuis qu'il est aux commandes, mais a admis que son \u00e9quipe avait \u00e9t\u00e9 punie de ne pas avoir mat\u00e9rialis\u00e9 sa domination.<\/p>\n<p>Cette d\u00e9faite laisse le PSG frustr\u00e9 apr\u00e8s une performance que Luis Enrique estimait m\u00e9riter bien mieux, tandis que Sporting c\u00e9l\u00e9brait un immense succ\u00e8s en Ligue des Champions devant ses propres supporters.<\/p>","protected":false},"excerpt":{"rendered":"<p>Luis Enrique let rip after Paris Saint-Germain suffered a surprise UEFA Champions League defeat at Sporting, despite the Spaniard insisting [&hellip;]<\/p>\n","protected":false},"author":3,"featured_media":7242,"comment_status":"","ping_status":"open","sticky":false,"template":"","format":"standard","meta":{"googlesitekit_rrm_CAow_uzEDA:productID":"","site-sidebar-layout":"default","site-content-layout":"","ast-site-content-layout":"default","site-content-style":"default","site-sidebar-style":"default","ast-global-header-display":"","ast-banner-title-visibility":"","ast-main-header-display":"","ast-hfb-above-header-display":"","ast-hfb-below-header-display":"","ast-hfb-mobile-header-display":"","site-post-title":"","ast-breadcrumbs-content":"","ast-featured-img":"","footer-sml-layout":"","ast-disable-related-posts":"","theme-transparent-header-meta":"","adv-header-id-meta":"","stick-header-meta":"","header-above-stick-meta":"","header-main-stick-meta":"","header-below-stick-meta":"","astra-migrate-meta-layouts":"default","ast-page-background-enabled":"default","ast-page-background-meta":{"desktop":{"background-color":"var(--ast-global-color-5)","background-image":"","background-repeat":"repeat","background-position":"center center","background-size":"auto","background-attachment":"scroll","background-type":"","background-media":"","overlay-type":"","overlay-color":"","overlay-opacity":"","overlay-gradient":""},"tablet":{"background-color":"","background-image":"","background-repeat":"repeat","background-position":"center center","background-size":"auto","background-attachment":"scroll","background-type":"","background-media":"","overlay-type":"","overlay-color":"","overlay-opacity":"","overlay-gradient":""},"mobile":{"background-color":"","background-image":"","background-repeat":"repeat","background-position":"center center","background-size":"auto","background-attachment":"scroll","background-type":"","background-media":"","overlay-type":"","overlay-color":"","overlay-opacity":"","overlay-gradient":""}},"ast-content-background-meta":{"desktop":{"background-color":"var(--ast-global-color-4)","background-image":"","background-repeat":"repeat","background-position":"center center","background-size":"auto","background-attachment":"scroll","background-type":"","background-media":"","overlay-type":"","overlay-color":"","overlay-opacity":"","overlay-gradient":""},"tablet":{"background-color":"var(--ast-global-color-4)","background-image":"","background-repeat":"repeat","background-position":"center center","background-size":"auto","background-attachment":"scroll","background-type":"","background-media":"","overlay-type":"","overlay-color":"","overlay-opacity":"","overlay-gradient":""},"mobile":{"background-color":"var(--ast-global-color-4)","background-image":"","background-repeat":"repeat","background-position":"center center","background-size":"auto","background-attachment":"scroll","background-type":"","background-media":"","overlay-type":"","overlay-color":"","overlay-opacity":"","overlay-gradient":""}},"footnotes":""},"categories":[20,1],"tags":[],"class_list":["post-7243","post","type-post","status-publish","format-standard","has-post-thumbnail","hentry","category-international","category-football-latest-news"],"yoast_head":"<!-- This site is optimized with the Yoast SEO Premium plugin v26.6 (Yoast SEO v27.4) - https:\/\/yoast.com\/product\/yoast-seo-premium-wordpress\/ -->\n<title>Luis Enrique fumes as PSG lose to Sporting in Champions League - Bladna News<\/title>\n<meta name=\"robots\" content=\"index, follow, max-snippet:-1, max-image-preview:large, max-video-preview:-1\" \/>\n<link rel=\"canonical\" href=\"https:\/\/bladnanews.com\/fr\/luis-enrique-fume-alors-que-le-psg-sincline-face-a-sporting-en-ligue-des-champions\/\" \/>\n<meta property=\"og:locale\" content=\"fr_FR\" \/>\n<meta property=\"og:type\" content=\"article\" \/>\n<meta property=\"og:title\" content=\"Luis Enrique fumes as PSG lose to Sporting in Champions League\" \/>\n<meta property=\"og:description\" content=\"Luis Enrique let rip after Paris Saint-Germain suffered a surprise UEFA Champions League defeat at Sporting, despite the Spaniard insisting [&hellip;]\" \/>\n<meta property=\"og:url\" content=\"https:\/\/bladnanews.com\/fr\/luis-enrique-fume-alors-que-le-psg-sincline-face-a-sporting-en-ligue-des-champions\/\" \/>\n<meta property=\"og:site_name\" content=\"Bladna News\" \/>\n<meta property=\"article:published_time\" content=\"2026-01-21T09:18:13+00:00\" \/>\n<meta property=\"og:image\" content=\"https:\/\/bladnanews.com\/wp-content\/uploads\/2025\/12\/freepik__bladna-newscom-moroccan-soccer-homepage-banner-mor__41838.png\" \/>\n\t<meta property=\"og:image:width\" content=\"1312\" \/>\n\t<meta property=\"og:image:height\" content=\"736\" \/>\n\t<meta property=\"og:image:type\" content=\"image\/png\" \/>\n<meta name=\"author\" content=\"Bladna News Staff\" \/>\n<meta name=\"twitter:card\" content=\"summary_large_image\" \/>\n<meta name=\"twitter:label1\" content=\"\u00c9crit par\" \/>\n\t<meta name=\"twitter:data1\" content=\"Bladna News Staff\" \/>\n\t<meta name=\"twitter:label2\" content=\"Dur\u00e9e de lecture estim\u00e9e\" \/>\n\t<meta name=\"twitter:data2\" content=\"1 minute\" \/>\n<script type=\"application\/ld+json\" class=\"yoast-schema-graph\">{\"@context\":\"https:\\\/\\\/schema.org\",\"@graph\":[{\"@type\":\"Article\",\"@id\":\"https:\\\/\\\/bladnanews.com\\\/luis-enrique-fumes-as-psg-lose-to-sporting-in-champions-league\\\/#article\",\"isPartOf\":{\"@id\":\"https:\\\/\\\/bladnanews.com\\\/luis-enrique-fumes-as-psg-lose-to-sporting-in-champions-league\\\/\"},\"author\":{\"name\":\"Bladna News Staff\",\"@id\":\"https:\\\/\\\/mediumseagreen-eel-531711.hostingersite.com\\\/#\\\/schema\\\/person\\\/268e18a453ab080ebf76df6ef7845083\"},\"headline\":\"Luis Enrique fumes as PSG lose to Sporting in Champions League\",\"datePublished\":\"2026-01-21T09:18:13+00:00\",\"mainEntityOfPage\":{\"@id\":\"https:\\\/\\\/bladnanews.com\\\/luis-enrique-fumes-as-psg-lose-to-sporting-in-champions-league\\\/\"},\"wordCount\":208,\"publisher\":{\"@id\":\"https:\\\/\\\/mediumseagreen-eel-531711.hostingersite.com\\\/#organization\"},\"image\":{\"@id\":\"https:\\\/\\\/bladnanews.com\\\/luis-enrique-fumes-as-psg-lose-to-sporting-in-champions-league\\\/#primaryimage\"},\"thumbnailUrl\":\"https:\\\/\\\/bladnanews.com\\\/wp-content\\\/uploads\\\/2026\\\/01\\\/BladnaNews-Luis-Enrique-fumes-as-PSG-lose-to-Sporting-in-Champions-League-2026-01-21T171021.823Z-scaled.jpg\",\"articleSection\":[\"International\",\"Latest News\"],\"inLanguage\":\"fr-FR\",\"copyrightYear\":\"2026\",\"copyrightHolder\":{\"@id\":\"https:\\\/\\\/bladnanews.com\\\/fr\\\/#organization\"}},{\"@type\":\"WebPage\",\"@id\":\"https:\\\/\\\/bladnanews.com\\\/luis-enrique-fumes-as-psg-lose-to-sporting-in-champions-league\\\/\",\"url\":\"https:\\\/\\\/bladnanews.com\\\/luis-enrique-fumes-as-psg-lose-to-sporting-in-champions-league\\\/\",\"name\":\"Luis Enrique fumes as PSG lose to Sporting in Champions League - Bladna News\",\"isPartOf\":{\"@id\":\"https:\\\/\\\/mediumseagreen-eel-531711.hostingersite.com\\\/#website\"},\"primaryImageOfPage\":{\"@id\":\"https:\\\/\\\/bladnanews.com\\\/luis-enrique-fumes-as-psg-lose-to-sporting-in-champions-league\\\/#primaryimage\"},\"image\":{\"@id\":\"https:\\\/\\\/bladnanews.com\\\/luis-enrique-fumes-as-psg-lose-to-sporting-in-champions-league\\\/#primaryimage\"},\"thumbnailUrl\":\"https:\\\/\\\/bladnanews.com\\\/wp-content\\\/uploads\\\/2026\\\/01\\\/BladnaNews-Luis-Enrique-fumes-as-PSG-lose-to-Sporting-in-Champions-League-2026-01-21T171021.823Z-scaled.jpg\",\"datePublished\":\"2026-01-21T09:18:13+00:00\",\"breadcrumb\":{\"@id\":\"https:\\\/\\\/bladnanews.com\\\/luis-enrique-fumes-as-psg-lose-to-sporting-in-champions-league\\\/#breadcrumb\"},\"inLanguage\":\"fr-FR\",\"potentialAction\":[{\"@type\":\"ReadAction\",\"target\":[\"https:\\\/\\\/bladnanews.com\\\/luis-enrique-fumes-as-psg-lose-to-sporting-in-champions-league\\\/\"]}]},{\"@type\":\"ImageObject\",\"inLanguage\":\"fr-FR\",\"@id\":\"https:\\\/\\\/bladnanews.com\\\/luis-enrique-fumes-as-psg-lose-to-sporting-in-champions-league\\\/#primaryimage\",\"url\":\"https:\\\/\\\/bladnanews.com\\\/wp-content\\\/uploads\\\/2026\\\/01\\\/BladnaNews-Luis-Enrique-fumes-as-PSG-lose-to-Sporting-in-Champions-League-2026-01-21T171021.823Z-scaled.jpg\",\"contentUrl\":\"https:\\\/\\\/bladnanews.com\\\/wp-content\\\/uploads\\\/2026\\\/01\\\/BladnaNews-Luis-Enrique-fumes-as-PSG-lose-to-Sporting-in-Champions-League-2026-01-21T171021.823Z-scaled.jpg\",\"width\":2560,\"height\":1440,\"caption\":\"Luis Enrique passionately gestures on the sidelines during PSG's defeat to Sporting in the Champions League, showcasing his intense reaction.\"},{\"@type\":\"BreadcrumbList\",\"@id\":\"https:\\\/\\\/bladnanews.com\\\/luis-enrique-fumes-as-psg-lose-to-sporting-in-champions-league\\\/#breadcrumb\",\"itemListElement\":[{\"@type\":\"ListItem\",\"position\":1,\"name\":\"Home\",\"item\":\"https:\\\/\\\/bladnanews.com\\\/\"},{\"@type\":\"ListItem\",\"position\":2,\"name\":\"Luis Enrique fumes as PSG lose to Sporting in Champions League\"}]},{\"@type\":\"WebSite\",\"@id\":\"https:\\\/\\\/mediumseagreen-eel-531711.hostingersite.com\\\/#website\",\"url\":\"https:\\\/\\\/mediumseagreen-eel-531711.hostingersite.com\\\/\",\"name\":\"Bladna News - Morocco\",\"description\":\"Where Moroccan Football Meets the World\",\"publisher\":{\"@id\":\"https:\\\/\\\/mediumseagreen-eel-531711.hostingersite.com\\\/#organization\"},\"potentialAction\":[{\"@type\":\"SearchAction\",\"target\":{\"@type\":\"EntryPoint\",\"urlTemplate\":\"https:\\\/\\\/mediumseagreen-eel-531711.hostingersite.com\\\/?s={search_term_string}\"},\"query-input\":{\"@type\":\"PropertyValueSpecification\",\"valueRequired\":true,\"valueName\":\"search_term_string\"}}],\"inLanguage\":\"fr-FR\"},{\"@type\":\"Organization\",\"@id\":\"https:\\\/\\\/mediumseagreen-eel-531711.hostingersite.com\\\/#organization\",\"name\":\"Bladna News.com\",\"url\":\"https:\\\/\\\/mediumseagreen-eel-531711.hostingersite.com\\\/\",\"logo\":{\"@type\":\"ImageObject\",\"inLanguage\":\"fr-FR\",\"@id\":\"https:\\\/\\\/mediumseagreen-eel-531711.hostingersite.com\\\/#\\\/schema\\\/logo\\\/image\\\/\",\"url\":\"https:\\\/\\\/bladnanews.com\\\/wp-content\\\/uploads\\\/2025\\\/12\\\/logo-bladnanews-V2-web-black-red.png\",\"contentUrl\":\"https:\\\/\\\/bladnanews.com\\\/wp-content\\\/uploads\\\/2025\\\/12\\\/logo-bladnanews-V2-web-black-red.png\",\"width\":703,\"height\":287,\"caption\":\"Bladna News.com\"},\"image\":{\"@id\":\"https:\\\/\\\/mediumseagreen-eel-531711.hostingersite.com\\\/#\\\/schema\\\/logo\\\/image\\\/\"},\"email\":\"info@bladnanews.com\",\"legalName\":\"Bladna News\"},{\"@type\":\"Person\",\"@id\":\"https:\\\/\\\/mediumseagreen-eel-531711.hostingersite.com\\\/#\\\/schema\\\/person\\\/268e18a453ab080ebf76df6ef7845083\",\"name\":\"Bladna News Staff\",\"url\":\"https:\\\/\\\/bladnanews.com\\\/fr\\\/author\\\/bladna-news-staff\\\/\"}]}<\/script>\n<!-- \/ Yoast SEO Premium plugin. -->","yoast_head_json":{"title":"Luis Enrique s'emporte alors que le PSG s'incline face \u00e0 Sporting en Ligue des Champions - Bladna News","robots":{"index":"index","follow":"follow","max-snippet":"max-snippet:-1","max-image-preview":"max-image-preview:large","max-video-preview":"max-video-preview:-1"},"canonical":"https:\/\/bladnanews.com\/fr\/luis-enrique-fume-alors-que-le-psg-sincline-face-a-sporting-en-ligue-des-champions\/","og_locale":"fr_FR","og_type":"article","og_title":"Luis Enrique fumes as PSG lose to Sporting in Champions League","og_description":"Luis Enrique let rip after Paris Saint-Germain suffered a surprise UEFA Champions League defeat at Sporting, despite the Spaniard insisting [&hellip;]","og_url":"https:\/\/bladnanews.com\/fr\/luis-enrique-fume-alors-que-le-psg-sincline-face-a-sporting-en-ligue-des-champions\/","og_site_name":"Bladna News","article_published_time":"2026-01-21T09:18:13+00:00","og_image":[{"width":1312,"height":736,"url":"https:\/\/bladnanews.com\/wp-content\/uploads\/2025\/12\/freepik__bladna-newscom-moroccan-soccer-homepage-banner-mor__41838.png","type":"image\/png"}],"author":"Bladna News Staff","twitter_card":"summary_large_image","twitter_misc":{"\u00c9crit par":"Bladna News Staff","Dur\u00e9e de lecture estim\u00e9e":"1 minute"},"schema":{"@context":"https:\/\/schema.org","@graph":[{"@type":"Article","@id":"https:\/\/bladnanews.com\/luis-enrique-fumes-as-psg-lose-to-sporting-in-champions-league\/#article","isPartOf":{"@id":"https:\/\/bladnanews.com\/luis-enrique-fumes-as-psg-lose-to-sporting-in-champions-league\/"},"author":{"name":"Bladna News Staff","@id":"https:\/\/mediumseagreen-eel-531711.hostingersite.com\/#\/schema\/person\/268e18a453ab080ebf76df6ef7845083"},"headline":"Luis Enrique fumes as PSG lose to Sporting in Champions League","datePublished":"2026-01-21T09:18:13+00:00","mainEntityOfPage":{"@id":"https:\/\/bladnanews.com\/luis-enrique-fumes-as-psg-lose-to-sporting-in-champions-league\/"},"wordCount":208,"publisher":{"@id":"https:\/\/mediumseagreen-eel-531711.hostingersite.com\/#organization"},"image":{"@id":"https:\/\/bladnanews.com\/luis-enrique-fumes-as-psg-lose-to-sporting-in-champions-league\/#primaryimage"},"thumbnailUrl":"https:\/\/bladnanews.com\/wp-content\/uploads\/2026\/01\/BladnaNews-Luis-Enrique-fumes-as-PSG-lose-to-Sporting-in-Champions-League-2026-01-21T171021.823Z-scaled.jpg","articleSection":["International","Latest News"],"inLanguage":"fr-FR","copyrightYear":"2026","copyrightHolder":{"@id":"https:\/\/bladnanews.com\/fr\/#organization"}},{"@type":"WebPage","@id":"https:\/\/bladnanews.com\/luis-enrique-fumes-as-psg-lose-to-sporting-in-champions-league\/","url":"https:\/\/bladnanews.com\/luis-enrique-fumes-as-psg-lose-to-sporting-in-champions-league\/","name":"Luis Enrique s'emporte alors que le PSG s'incline face \u00e0 Sporting en Ligue des Champions - Bladna News","isPartOf":{"@id":"https:\/\/mediumseagreen-eel-531711.hostingersite.com\/#website"},"primaryImageOfPage":{"@id":"https:\/\/bladnanews.com\/luis-enrique-fumes-as-psg-lose-to-sporting-in-champions-league\/#primaryimage"},"image":{"@id":"https:\/\/bladnanews.com\/luis-enrique-fumes-as-psg-lose-to-sporting-in-champions-league\/#primaryimage"},"thumbnailUrl":"https:\/\/bladnanews.com\/wp-content\/uploads\/2026\/01\/BladnaNews-Luis-Enrique-fumes-as-PSG-lose-to-Sporting-in-Champions-League-2026-01-21T171021.823Z-scaled.jpg","datePublished":"2026-01-21T09:18:13+00:00","breadcrumb":{"@id":"https:\/\/bladnanews.com\/luis-enrique-fumes-as-psg-lose-to-sporting-in-champions-league\/#breadcrumb"},"inLanguage":"fr-FR","potentialAction":[{"@type":"ReadAction","target":["https:\/\/bladnanews.com\/luis-enrique-fumes-as-psg-lose-to-sporting-in-champions-league\/"]}]},{"@type":"ImageObject","inLanguage":"fr-FR","@id":"https:\/\/bladnanews.com\/luis-enrique-fumes-as-psg-lose-to-sporting-in-champions-league\/#primaryimage","url":"https:\/\/bladnanews.com\/wp-content\/uploads\/2026\/01\/BladnaNews-Luis-Enrique-fumes-as-PSG-lose-to-Sporting-in-Champions-League-2026-01-21T171021.823Z-scaled.jpg","contentUrl":"https:\/\/bladnanews.com\/wp-content\/uploads\/2026\/01\/BladnaNews-Luis-Enrique-fumes-as-PSG-lose-to-Sporting-in-Champions-League-2026-01-21T171021.823Z-scaled.jpg","width":2560,"height":1440,"caption":"Luis Enrique passionately gestures on the sidelines during PSG's defeat to Sporting in the Champions League, showcasing his intense reaction."},{"@type":"BreadcrumbList","@id":"https:\/\/bladnanews.com\/luis-enrique-fumes-as-psg-lose-to-sporting-in-champions-league\/#breadcrumb","itemListElement":[{"@type":"ListItem","position":1,"name":"Home","item":"https:\/\/bladnanews.com\/"},{"@type":"ListItem","position":2,"name":"Luis Enrique fumes as PSG lose to Sporting in Champions League"}]},{"@type":"WebSite","@id":"https:\/\/mediumseagreen-eel-531711.hostingersite.com\/#website","url":"https:\/\/mediumseagreen-eel-531711.hostingersite.com\/","name":"Bladna News - Maroc","description":"Quand le football marocain rencontre le monde","publisher":{"@id":"https:\/\/mediumseagreen-eel-531711.hostingersite.com\/#organization"},"potentialAction":[{"@type":"SearchAction","target":{"@type":"EntryPoint","urlTemplate":"https:\/\/mediumseagreen-eel-531711.hostingersite.com\/?s={search_term_string}"},"query-input":{"@type":"PropertyValueSpecification","valueRequired":true,"valueName":"search_term_string"}}],"inLanguage":"fr-FR"},{"@type":"Organization","@id":"https:\/\/mediumseagreen-eel-531711.hostingersite.com\/#organization","name":"Bladna News.com","url":"https:\/\/mediumseagreen-eel-531711.hostingersite.com\/","logo":{"@type":"ImageObject","inLanguage":"fr-FR","@id":"https:\/\/mediumseagreen-eel-531711.hostingersite.com\/#\/schema\/logo\/image\/","url":"https:\/\/bladnanews.com\/wp-content\/uploads\/2025\/12\/logo-bladnanews-V2-web-black-red.png","contentUrl":"https:\/\/bladnanews.com\/wp-content\/uploads\/2025\/12\/logo-bladnanews-V2-web-black-red.png","width":703,"height":287,"caption":"Bladna News.com"},"image":{"@id":"https:\/\/mediumseagreen-eel-531711.hostingersite.com\/#\/schema\/logo\/image\/"},"email":"info@bladnanews.com","legalName":"Bladna News"},{"@type":"Person","@id":"https:\/\/mediumseagreen-eel-531711.hostingersite.com\/#\/schema\/person\/268e18a453ab080ebf76df6ef7845083","name":"\u00c9quipe r\u00e9dactionnelle de Bladna News","url":"https:\/\/bladnanews.com\/fr\/author\/bladna-news-staff\/"}]}},"_links":{"self":[{"href":"https:\/\/bladnanews.com\/fr\/wp-json\/wp\/v2\/posts\/7243","targetHints":{"allow":["GET"]}}],"collection":[{"href":"https:\/\/bladnanews.com\/fr\/wp-json\/wp\/v2\/posts"}],"about":[{"href":"https:\/\/bladnanews.com\/fr\/wp-json\/wp\/v2\/types\/post"}],"author":[{"embeddable":true,"href":"https:\/\/bladnanews.com\/fr\/wp-json\/wp\/v2\/users\/3"}],"replies":[{"embeddable":true,"href":"https:\/\/bladnanews.com\/fr\/wp-json\/wp\/v2\/comments?post=7243"}],"version-history":[{"count":0,"href":"https:\/\/bladnanews.com\/fr\/wp-json\/wp\/v2\/posts\/7243\/revisions"}],"wp:featuredmedia":[{"embeddable":true,"href":"https:\/\/bladnanews.com\/fr\/wp-json\/wp\/v2\/media\/7242"}],"wp:attachment":[{"href":"https:\/\/bladnanews.com\/fr\/wp-json\/wp\/v2\/media?parent=7243"}],"wp:term":[{"taxonomy":"category","embeddable":true,"href":"https:\/\/bladnanews.com\/fr\/wp-json\/wp\/v2\/categories?post=7243"},{"taxonomy":"post_tag","embeddable":true,"href":"https:\/\/bladnanews.com\/fr\/wp-json\/wp\/v2\/tags?post=7243"}],"curies":[{"name":"wp","href":"https:\/\/api.w.org\/{rel}","templated":true}]}}