{"id":7269,"date":"2026-01-21T11:57:07","date_gmt":"2026-01-21T11:57:07","guid":{"rendered":"https:\/\/bladnanews.com\/gareth-bale-explains-why-xabi-alonso-failed-at-real-madrid\/"},"modified":"2026-01-21T11:57:07","modified_gmt":"2026-01-21T11:57:07","slug":"gareth-bale-explique-pourquoi-xabi-alonso-a-echoue-au-real-madrid","status":"publish","type":"post","link":"https:\/\/bladnanews.com\/fr\/gareth-bale-explique-pourquoi-xabi-alonso-a-echoue-au-real-madrid\/","title":{"rendered":"Gareth Bale explique pourquoi Xabi Alonso a \u00e9chou\u00e9 au Real Madrid"},"content":{"rendered":"<p>Gareth Bale a expliqu\u00e9 pourquoi, selon lui, le bref passage de Xabi Alonso au Real Madrid n'a pas fonctionn\u00e9, m\u00eame s'il le consid\u00e8re comme un \u201c entra\u00eeneur incroyable \u201d.<\/p>\n<p>\u00c9voquant le passage d'Alonso au sein du centre de formation du Bernab\u00e9u, Bale a d\u00e9clar\u00e9 que l'ancien milieu de terrain espagnol avait toutes les qualit\u00e9s pour r\u00e9ussir sur le terrain et sur le banc, mais que le poste \u00e0 Madrid s'accompagnait d'exigences rendant difficile la construction d'une dynamique.<\/p>\n<p><strong>Bale a r\u00e9v\u00e9l\u00e9<\/strong> que le d\u00e9part d'Alonso n'\u00e9tait pas d\u00fb \u00e0 un manque de comp\u00e9tences d'entra\u00eeneur, insistant sur le fait que le probl\u00e8me tenait davantage au contexte qui l'entourait et aux r\u00e9alit\u00e9s du d\u00e9veloppement des jeunes joueurs dans un club o\u00f9 la pression pour gagner et obtenir des r\u00e9sultats imm\u00e9diats est toujours tr\u00e8s forte.<\/p>\n<p>Alonso, qui a jou\u00e9 pour le Real Madrid entre 2009 et 2014, y est revenu apr\u00e8s sa retraite pour commencer sa carri\u00e8re d'entra\u00eeneur, travaillant avec les jeunes avant de poursuivre son chemin loin du g\u00e9ant espagnol.<\/p>\n<p>Bale, ancien attaquant madril\u00e8ne, a soulign\u00e9 que le talent d'Alonso en tant qu'entra\u00eeneur est \u00e9vident, et a sugg\u00e9r\u00e9 que l'environnement du Real Madrid laissait peu de place au type de travail \u00e0 long terme souvent n\u00e9cessaire au niveau acad\u00e9mique.<\/p>\n<p>Alonso a depuis poursuivi son ascension dans le monde de l'entra\u00eenement et a re\u00e7u des \u00e9loges g\u00e9n\u00e9ralis\u00e9s pour son travail, les commentaires de Bale soulignant l'id\u00e9e que son pr\u00e9c\u00e9dent passage dans le syst\u00e8me madril\u00e8ne ne refl\u00e9tait pas sa v\u00e9ritable qualit\u00e9.<\/p>","protected":false},"excerpt":{"rendered":"<p>Gareth Bale has explained why he believes Xabi Alonso\u2019s short spell at Real Madrid did not work out, even though [&hellip;]<\/p>\n","protected":false},"author":3,"featured_media":7268,"comment_status":"","ping_status":"open","sticky":false,"template":"","format":"standard","meta":{"googlesitekit_rrm_CAow_uzEDA:productID":"","site-sidebar-layout":"default","site-content-layout":"","ast-site-content-layout":"default","site-content-style":"default","site-sidebar-style":"default","ast-global-header-display":"","ast-banner-title-visibility":"","ast-main-header-display":"","ast-hfb-above-header-display":"","ast-hfb-below-header-display":"","ast-hfb-mobile-header-display":"","site-post-title":"","ast-breadcrumbs-content":"","ast-featured-img":"","footer-sml-layout":"","ast-disable-related-posts":"","theme-transparent-header-meta":"","adv-header-id-meta":"","stick-header-meta":"","header-above-stick-meta":"","header-main-stick-meta":"","header-below-stick-meta":"","astra-migrate-meta-layouts":"default","ast-page-background-enabled":"default","ast-page-background-meta":{"desktop":{"background-color":"var(--ast-global-color-5)","background-image":"","background-repeat":"repeat","background-position":"center center","background-size":"auto","background-attachment":"scroll","background-type":"","background-media":"","overlay-type":"","overlay-color":"","overlay-opacity":"","overlay-gradient":""},"tablet":{"background-color":"","background-image":"","background-repeat":"repeat","background-position":"center center","background-size":"auto","background-attachment":"scroll","background-type":"","background-media":"","overlay-type":"","overlay-color":"","overlay-opacity":"","overlay-gradient":""},"mobile":{"background-color":"","background-image":"","background-repeat":"repeat","background-position":"center center","background-size":"auto","background-attachment":"scroll","background-type":"","background-media":"","overlay-type":"","overlay-color":"","overlay-opacity":"","overlay-gradient":""}},"ast-content-background-meta":{"desktop":{"background-color":"var(--ast-global-color-4)","background-image":"","background-repeat":"repeat","background-position":"center center","background-size":"auto","background-attachment":"scroll","background-type":"","background-media":"","overlay-type":"","overlay-color":"","overlay-opacity":"","overlay-gradient":""},"tablet":{"background-color":"var(--ast-global-color-4)","background-image":"","background-repeat":"repeat","background-position":"center center","background-size":"auto","background-attachment":"scroll","background-type":"","background-media":"","overlay-type":"","overlay-color":"","overlay-opacity":"","overlay-gradient":""},"mobile":{"background-color":"var(--ast-global-color-4)","background-image":"","background-repeat":"repeat","background-position":"center center","background-size":"auto","background-attachment":"scroll","background-type":"","background-media":"","overlay-type":"","overlay-color":"","overlay-opacity":"","overlay-gradient":""}},"footnotes":""},"categories":[20,1],"tags":[],"class_list":["post-7269","post","type-post","status-publish","format-standard","has-post-thumbnail","hentry","category-international","category-football-latest-news"],"yoast_head":"<!-- This site is optimized with the Yoast SEO Premium plugin v26.6 (Yoast SEO v27.4) - https:\/\/yoast.com\/product\/yoast-seo-premium-wordpress\/ -->\n<title>Gareth Bale explains why Xabi Alonso failed at Real Madrid - Bladna News<\/title>\n<meta name=\"robots\" content=\"index, follow, max-snippet:-1, max-image-preview:large, max-video-preview:-1\" \/>\n<link rel=\"canonical\" href=\"https:\/\/bladnanews.com\/fr\/gareth-bale-explique-pourquoi-xabi-alonso-a-echoue-au-real-madrid\/\" \/>\n<meta property=\"og:locale\" content=\"fr_FR\" \/>\n<meta property=\"og:type\" content=\"article\" \/>\n<meta property=\"og:title\" content=\"Gareth Bale explains why Xabi Alonso failed at Real Madrid\" \/>\n<meta property=\"og:description\" content=\"Gareth Bale has explained why he believes Xabi Alonso\u2019s short spell at Real Madrid did not work out, even though [&hellip;]\" \/>\n<meta property=\"og:url\" content=\"https:\/\/bladnanews.com\/fr\/gareth-bale-explique-pourquoi-xabi-alonso-a-echoue-au-real-madrid\/\" \/>\n<meta property=\"og:site_name\" content=\"Bladna News\" \/>\n<meta property=\"article:published_time\" content=\"2026-01-21T11:57:07+00:00\" \/>\n<meta property=\"og:image\" content=\"https:\/\/bladnanews.com\/wp-content\/uploads\/2025\/12\/freepik__bladna-newscom-moroccan-soccer-homepage-banner-mor__41838.png\" \/>\n\t<meta property=\"og:image:width\" content=\"1312\" \/>\n\t<meta property=\"og:image:height\" content=\"736\" \/>\n\t<meta property=\"og:image:type\" content=\"image\/png\" \/>\n<meta name=\"author\" content=\"Bladna News Staff\" \/>\n<meta name=\"twitter:card\" content=\"summary_large_image\" \/>\n<meta name=\"twitter:label1\" content=\"\u00c9crit par\" \/>\n\t<meta name=\"twitter:data1\" content=\"Bladna News Staff\" \/>\n\t<meta name=\"twitter:label2\" content=\"Dur\u00e9e de lecture estim\u00e9e\" \/>\n\t<meta name=\"twitter:data2\" content=\"1 minute\" \/>\n<script type=\"application\/ld+json\" class=\"yoast-schema-graph\">{\"@context\":\"https:\\\/\\\/schema.org\",\"@graph\":[{\"@type\":\"Article\",\"@id\":\"https:\\\/\\\/bladnanews.com\\\/gareth-bale-explains-why-xabi-alonso-failed-at-real-madrid\\\/#article\",\"isPartOf\":{\"@id\":\"https:\\\/\\\/bladnanews.com\\\/gareth-bale-explains-why-xabi-alonso-failed-at-real-madrid\\\/\"},\"author\":{\"name\":\"Bladna News Staff\",\"@id\":\"https:\\\/\\\/mediumseagreen-eel-531711.hostingersite.com\\\/#\\\/schema\\\/person\\\/268e18a453ab080ebf76df6ef7845083\"},\"headline\":\"Gareth Bale explains why Xabi Alonso failed at Real Madrid\",\"datePublished\":\"2026-01-21T11:57:07+00:00\",\"mainEntityOfPage\":{\"@id\":\"https:\\\/\\\/bladnanews.com\\\/gareth-bale-explains-why-xabi-alonso-failed-at-real-madrid\\\/\"},\"wordCount\":239,\"publisher\":{\"@id\":\"https:\\\/\\\/mediumseagreen-eel-531711.hostingersite.com\\\/#organization\"},\"image\":{\"@id\":\"https:\\\/\\\/bladnanews.com\\\/gareth-bale-explains-why-xabi-alonso-failed-at-real-madrid\\\/#primaryimage\"},\"thumbnailUrl\":\"https:\\\/\\\/bladnanews.com\\\/wp-content\\\/uploads\\\/2026\\\/01\\\/BladnaNews-Gareth-Bale-explains-why-Xabi-Alonso-failed-at-Real-Madrid-2026-01-21T210954.913Z.jpg\",\"articleSection\":[\"International\",\"Latest News\"],\"inLanguage\":\"fr-FR\",\"copyrightYear\":\"2026\",\"copyrightHolder\":{\"@id\":\"https:\\\/\\\/bladnanews.com\\\/fr\\\/#organization\"}},{\"@type\":\"WebPage\",\"@id\":\"https:\\\/\\\/bladnanews.com\\\/gareth-bale-explains-why-xabi-alonso-failed-at-real-madrid\\\/\",\"url\":\"https:\\\/\\\/bladnanews.com\\\/gareth-bale-explains-why-xabi-alonso-failed-at-real-madrid\\\/\",\"name\":\"Gareth Bale explains why Xabi Alonso failed at Real Madrid - Bladna News\",\"isPartOf\":{\"@id\":\"https:\\\/\\\/mediumseagreen-eel-531711.hostingersite.com\\\/#website\"},\"primaryImageOfPage\":{\"@id\":\"https:\\\/\\\/bladnanews.com\\\/gareth-bale-explains-why-xabi-alonso-failed-at-real-madrid\\\/#primaryimage\"},\"image\":{\"@id\":\"https:\\\/\\\/bladnanews.com\\\/gareth-bale-explains-why-xabi-alonso-failed-at-real-madrid\\\/#primaryimage\"},\"thumbnailUrl\":\"https:\\\/\\\/bladnanews.com\\\/wp-content\\\/uploads\\\/2026\\\/01\\\/BladnaNews-Gareth-Bale-explains-why-Xabi-Alonso-failed-at-Real-Madrid-2026-01-21T210954.913Z.jpg\",\"datePublished\":\"2026-01-21T11:57:07+00:00\",\"breadcrumb\":{\"@id\":\"https:\\\/\\\/bladnanews.com\\\/gareth-bale-explains-why-xabi-alonso-failed-at-real-madrid\\\/#breadcrumb\"},\"inLanguage\":\"fr-FR\",\"potentialAction\":[{\"@type\":\"ReadAction\",\"target\":[\"https:\\\/\\\/bladnanews.com\\\/gareth-bale-explains-why-xabi-alonso-failed-at-real-madrid\\\/\"]}]},{\"@type\":\"ImageObject\",\"inLanguage\":\"fr-FR\",\"@id\":\"https:\\\/\\\/bladnanews.com\\\/gareth-bale-explains-why-xabi-alonso-failed-at-real-madrid\\\/#primaryimage\",\"url\":\"https:\\\/\\\/bladnanews.com\\\/wp-content\\\/uploads\\\/2026\\\/01\\\/BladnaNews-Gareth-Bale-explains-why-Xabi-Alonso-failed-at-Real-Madrid-2026-01-21T210954.913Z.jpg\",\"contentUrl\":\"https:\\\/\\\/bladnanews.com\\\/wp-content\\\/uploads\\\/2026\\\/01\\\/BladnaNews-Gareth-Bale-explains-why-Xabi-Alonso-failed-at-Real-Madrid-2026-01-21T210954.913Z.jpg\",\"width\":1920,\"height\":1080,\"caption\":\"Gareth Bale and Xabi Alonso in profile, both looking serious; Bale wears a grey coat, while Alonso is in a dark jacket, set against a blurred stadium background.\"},{\"@type\":\"BreadcrumbList\",\"@id\":\"https:\\\/\\\/bladnanews.com\\\/gareth-bale-explains-why-xabi-alonso-failed-at-real-madrid\\\/#breadcrumb\",\"itemListElement\":[{\"@type\":\"ListItem\",\"position\":1,\"name\":\"Home\",\"item\":\"https:\\\/\\\/bladnanews.com\\\/\"},{\"@type\":\"ListItem\",\"position\":2,\"name\":\"Gareth Bale explains why Xabi Alonso failed at Real Madrid\"}]},{\"@type\":\"WebSite\",\"@id\":\"https:\\\/\\\/mediumseagreen-eel-531711.hostingersite.com\\\/#website\",\"url\":\"https:\\\/\\\/mediumseagreen-eel-531711.hostingersite.com\\\/\",\"name\":\"Bladna News - Morocco\",\"description\":\"Where Moroccan Football Meets the World\",\"publisher\":{\"@id\":\"https:\\\/\\\/mediumseagreen-eel-531711.hostingersite.com\\\/#organization\"},\"potentialAction\":[{\"@type\":\"SearchAction\",\"target\":{\"@type\":\"EntryPoint\",\"urlTemplate\":\"https:\\\/\\\/mediumseagreen-eel-531711.hostingersite.com\\\/?s={search_term_string}\"},\"query-input\":{\"@type\":\"PropertyValueSpecification\",\"valueRequired\":true,\"valueName\":\"search_term_string\"}}],\"inLanguage\":\"fr-FR\"},{\"@type\":\"Organization\",\"@id\":\"https:\\\/\\\/mediumseagreen-eel-531711.hostingersite.com\\\/#organization\",\"name\":\"Bladna News.com\",\"url\":\"https:\\\/\\\/mediumseagreen-eel-531711.hostingersite.com\\\/\",\"logo\":{\"@type\":\"ImageObject\",\"inLanguage\":\"fr-FR\",\"@id\":\"https:\\\/\\\/mediumseagreen-eel-531711.hostingersite.com\\\/#\\\/schema\\\/logo\\\/image\\\/\",\"url\":\"https:\\\/\\\/bladnanews.com\\\/wp-content\\\/uploads\\\/2025\\\/12\\\/logo-bladnanews-V2-web-black-red.png\",\"contentUrl\":\"https:\\\/\\\/bladnanews.com\\\/wp-content\\\/uploads\\\/2025\\\/12\\\/logo-bladnanews-V2-web-black-red.png\",\"width\":703,\"height\":287,\"caption\":\"Bladna News.com\"},\"image\":{\"@id\":\"https:\\\/\\\/mediumseagreen-eel-531711.hostingersite.com\\\/#\\\/schema\\\/logo\\\/image\\\/\"},\"email\":\"info@bladnanews.com\",\"legalName\":\"Bladna News\"},{\"@type\":\"Person\",\"@id\":\"https:\\\/\\\/mediumseagreen-eel-531711.hostingersite.com\\\/#\\\/schema\\\/person\\\/268e18a453ab080ebf76df6ef7845083\",\"name\":\"Bladna News Staff\",\"url\":\"https:\\\/\\\/bladnanews.com\\\/fr\\\/author\\\/bladna-news-staff\\\/\"}]}<\/script>\n<!-- \/ Yoast SEO Premium plugin. -->","yoast_head_json":{"title":"Gareth Bale explique pourquoi Xabi Alonso a \u00e9chou\u00e9 au Real Madrid - Bladna News","robots":{"index":"index","follow":"follow","max-snippet":"max-snippet:-1","max-image-preview":"max-image-preview:large","max-video-preview":"max-video-preview:-1"},"canonical":"https:\/\/bladnanews.com\/fr\/gareth-bale-explique-pourquoi-xabi-alonso-a-echoue-au-real-madrid\/","og_locale":"fr_FR","og_type":"article","og_title":"Gareth Bale explains why Xabi Alonso failed at Real Madrid","og_description":"Gareth Bale has explained why he believes Xabi Alonso\u2019s short spell at Real Madrid did not work out, even though [&hellip;]","og_url":"https:\/\/bladnanews.com\/fr\/gareth-bale-explique-pourquoi-xabi-alonso-a-echoue-au-real-madrid\/","og_site_name":"Bladna News","article_published_time":"2026-01-21T11:57:07+00:00","og_image":[{"width":1312,"height":736,"url":"https:\/\/bladnanews.com\/wp-content\/uploads\/2025\/12\/freepik__bladna-newscom-moroccan-soccer-homepage-banner-mor__41838.png","type":"image\/png"}],"author":"Bladna News Staff","twitter_card":"summary_large_image","twitter_misc":{"\u00c9crit par":"Bladna News Staff","Dur\u00e9e de lecture estim\u00e9e":"1 minute"},"schema":{"@context":"https:\/\/schema.org","@graph":[{"@type":"Article","@id":"https:\/\/bladnanews.com\/gareth-bale-explains-why-xabi-alonso-failed-at-real-madrid\/#article","isPartOf":{"@id":"https:\/\/bladnanews.com\/gareth-bale-explains-why-xabi-alonso-failed-at-real-madrid\/"},"author":{"name":"Bladna News Staff","@id":"https:\/\/mediumseagreen-eel-531711.hostingersite.com\/#\/schema\/person\/268e18a453ab080ebf76df6ef7845083"},"headline":"Gareth Bale explains why Xabi Alonso failed at Real Madrid","datePublished":"2026-01-21T11:57:07+00:00","mainEntityOfPage":{"@id":"https:\/\/bladnanews.com\/gareth-bale-explains-why-xabi-alonso-failed-at-real-madrid\/"},"wordCount":239,"publisher":{"@id":"https:\/\/mediumseagreen-eel-531711.hostingersite.com\/#organization"},"image":{"@id":"https:\/\/bladnanews.com\/gareth-bale-explains-why-xabi-alonso-failed-at-real-madrid\/#primaryimage"},"thumbnailUrl":"https:\/\/bladnanews.com\/wp-content\/uploads\/2026\/01\/BladnaNews-Gareth-Bale-explains-why-Xabi-Alonso-failed-at-Real-Madrid-2026-01-21T210954.913Z.jpg","articleSection":["International","Latest News"],"inLanguage":"fr-FR","copyrightYear":"2026","copyrightHolder":{"@id":"https:\/\/bladnanews.com\/fr\/#organization"}},{"@type":"WebPage","@id":"https:\/\/bladnanews.com\/gareth-bale-explains-why-xabi-alonso-failed-at-real-madrid\/","url":"https:\/\/bladnanews.com\/gareth-bale-explains-why-xabi-alonso-failed-at-real-madrid\/","name":"Gareth Bale explique pourquoi Xabi Alonso a \u00e9chou\u00e9 au Real Madrid - Bladna News","isPartOf":{"@id":"https:\/\/mediumseagreen-eel-531711.hostingersite.com\/#website"},"primaryImageOfPage":{"@id":"https:\/\/bladnanews.com\/gareth-bale-explains-why-xabi-alonso-failed-at-real-madrid\/#primaryimage"},"image":{"@id":"https:\/\/bladnanews.com\/gareth-bale-explains-why-xabi-alonso-failed-at-real-madrid\/#primaryimage"},"thumbnailUrl":"https:\/\/bladnanews.com\/wp-content\/uploads\/2026\/01\/BladnaNews-Gareth-Bale-explains-why-Xabi-Alonso-failed-at-Real-Madrid-2026-01-21T210954.913Z.jpg","datePublished":"2026-01-21T11:57:07+00:00","breadcrumb":{"@id":"https:\/\/bladnanews.com\/gareth-bale-explains-why-xabi-alonso-failed-at-real-madrid\/#breadcrumb"},"inLanguage":"fr-FR","potentialAction":[{"@type":"ReadAction","target":["https:\/\/bladnanews.com\/gareth-bale-explains-why-xabi-alonso-failed-at-real-madrid\/"]}]},{"@type":"ImageObject","inLanguage":"fr-FR","@id":"https:\/\/bladnanews.com\/gareth-bale-explains-why-xabi-alonso-failed-at-real-madrid\/#primaryimage","url":"https:\/\/bladnanews.com\/wp-content\/uploads\/2026\/01\/BladnaNews-Gareth-Bale-explains-why-Xabi-Alonso-failed-at-Real-Madrid-2026-01-21T210954.913Z.jpg","contentUrl":"https:\/\/bladnanews.com\/wp-content\/uploads\/2026\/01\/BladnaNews-Gareth-Bale-explains-why-Xabi-Alonso-failed-at-Real-Madrid-2026-01-21T210954.913Z.jpg","width":1920,"height":1080,"caption":"Gareth Bale and Xabi Alonso in profile, both looking serious; Bale wears a grey coat, while Alonso is in a dark jacket, set against a blurred stadium background."},{"@type":"BreadcrumbList","@id":"https:\/\/bladnanews.com\/gareth-bale-explains-why-xabi-alonso-failed-at-real-madrid\/#breadcrumb","itemListElement":[{"@type":"ListItem","position":1,"name":"Home","item":"https:\/\/bladnanews.com\/"},{"@type":"ListItem","position":2,"name":"Gareth Bale explains why Xabi Alonso failed at Real Madrid"}]},{"@type":"WebSite","@id":"https:\/\/mediumseagreen-eel-531711.hostingersite.com\/#website","url":"https:\/\/mediumseagreen-eel-531711.hostingersite.com\/","name":"Bladna News - Maroc","description":"Quand le football marocain rencontre le monde","publisher":{"@id":"https:\/\/mediumseagreen-eel-531711.hostingersite.com\/#organization"},"potentialAction":[{"@type":"SearchAction","target":{"@type":"EntryPoint","urlTemplate":"https:\/\/mediumseagreen-eel-531711.hostingersite.com\/?s={search_term_string}"},"query-input":{"@type":"PropertyValueSpecification","valueRequired":true,"valueName":"search_term_string"}}],"inLanguage":"fr-FR"},{"@type":"Organization","@id":"https:\/\/mediumseagreen-eel-531711.hostingersite.com\/#organization","name":"Bladna News.com","url":"https:\/\/mediumseagreen-eel-531711.hostingersite.com\/","logo":{"@type":"ImageObject","inLanguage":"fr-FR","@id":"https:\/\/mediumseagreen-eel-531711.hostingersite.com\/#\/schema\/logo\/image\/","url":"https:\/\/bladnanews.com\/wp-content\/uploads\/2025\/12\/logo-bladnanews-V2-web-black-red.png","contentUrl":"https:\/\/bladnanews.com\/wp-content\/uploads\/2025\/12\/logo-bladnanews-V2-web-black-red.png","width":703,"height":287,"caption":"Bladna News.com"},"image":{"@id":"https:\/\/mediumseagreen-eel-531711.hostingersite.com\/#\/schema\/logo\/image\/"},"email":"info@bladnanews.com","legalName":"Bladna News"},{"@type":"Person","@id":"https:\/\/mediumseagreen-eel-531711.hostingersite.com\/#\/schema\/person\/268e18a453ab080ebf76df6ef7845083","name":"\u00c9quipe r\u00e9dactionnelle de Bladna News","url":"https:\/\/bladnanews.com\/fr\/author\/bladna-news-staff\/"}]}},"_links":{"self":[{"href":"https:\/\/bladnanews.com\/fr\/wp-json\/wp\/v2\/posts\/7269","targetHints":{"allow":["GET"]}}],"collection":[{"href":"https:\/\/bladnanews.com\/fr\/wp-json\/wp\/v2\/posts"}],"about":[{"href":"https:\/\/bladnanews.com\/fr\/wp-json\/wp\/v2\/types\/post"}],"author":[{"embeddable":true,"href":"https:\/\/bladnanews.com\/fr\/wp-json\/wp\/v2\/users\/3"}],"replies":[{"embeddable":true,"href":"https:\/\/bladnanews.com\/fr\/wp-json\/wp\/v2\/comments?post=7269"}],"version-history":[{"count":0,"href":"https:\/\/bladnanews.com\/fr\/wp-json\/wp\/v2\/posts\/7269\/revisions"}],"wp:featuredmedia":[{"embeddable":true,"href":"https:\/\/bladnanews.com\/fr\/wp-json\/wp\/v2\/media\/7268"}],"wp:attachment":[{"href":"https:\/\/bladnanews.com\/fr\/wp-json\/wp\/v2\/media?parent=7269"}],"wp:term":[{"taxonomy":"category","embeddable":true,"href":"https:\/\/bladnanews.com\/fr\/wp-json\/wp\/v2\/categories?post=7269"},{"taxonomy":"post_tag","embeddable":true,"href":"https:\/\/bladnanews.com\/fr\/wp-json\/wp\/v2\/tags?post=7269"}],"curies":[{"name":"wp","href":"https:\/\/api.w.org\/{rel}","templated":true}]}}