{"id":7285,"date":"2026-01-21T17:43:42","date_gmt":"2026-01-21T17:43:42","guid":{"rendered":"https:\/\/bladnanews.com\/mbappe-pulisic-and-ronaldo-lead-2026-world-cup-starter-pack\/"},"modified":"2026-01-21T17:43:42","modified_gmt":"2026-01-21T17:43:42","slug":"mbappe-pulisic-et-ronaldo-menent-le-pack-de-demarrage-de-la-coupe-du-monde-2026","status":"publish","type":"post","link":"https:\/\/bladnanews.com\/fr\/mbappe-pulisic-et-ronaldo-menent-le-pack-de-demarrage-de-la-coupe-du-monde-2026\/","title":{"rendered":"Mbapp\u00e9, Pulisic et Ronaldo m\u00e8nent le pack de d\u00e9part pour la Coupe du Monde 2026"},"content":{"rendered":"<p><strong>Kylian Mbapp\u00e9, Christian Pulisic et Cristiano Ronaldo<\/strong> figurent parmi les noms phares composant une premi\u00e8re \u201c s\u00e9lection de d\u00e9part \u201d pour la <strong>Coupe du Monde 2026<\/strong>, dont le tournoi sera organis\u00e9 par les <strong>\u00c9tats-Unis, le Mexique et le Canada.<\/strong>.<\/p>\n<p>Alors que la phase finale \u00e9largie se profile \u00e0 l'horizon, les premi\u00e8res perspectives se dessinent d\u00e9j\u00e0 autour de superstars confirm\u00e9es, de talents \u00e9mergents et des \u00e9quipes appel\u00e9es \u00e0 peser lourd en Am\u00e9rique du Nord. Le Fran\u00e7ais Mbapp\u00e9 demeure l'une des figures embl\u00e9matiques de la comp\u00e9tition, tandis que Pulisic est, une fois de plus, positionn\u00e9 comme le visage de <strong>l'\u00e9quipe nationale masculine des \u00c9tats-Unis (USMNT)<\/strong> sur son sol.<\/p>\n<p>Le Portugais Ronaldo occupe \u00e9galement une place de choix en tant que v\u00e9t\u00e9ran qui pourrait encore jouer un r\u00f4le majeur, son avenir international continuant d'attirer l'attention \u00e0 l'approche du plus grand \u00e9v\u00e9nement mondial de s\u00e9lections nationales.<\/p>\n<p>La liste plus large met en lumi\u00e8re le m\u00e9lange de joueurs susceptibles de dominer les r\u00e9cits tout au long des qualifications et jusqu'\u00e0 la phase finale, incluant des adolescents et des r\u00e9v\u00e9lations qui sont rapidement devenus des piliers pour leur club et leur pays.<\/p>\n<p>Parmi eux figure <strong>Lamine Yamal<\/strong>, dont l'ascension fulgurante en a fait l'un des jeunes noms \u00e0 suivre alors que la marche vers 2026 s'acc\u00e9l\u00e8re. L'article <em>r\u00e9v\u00e8le \u00e9galement<\/em> \u00e0 quelle vitesse la prochaine Coupe du Monde entre dans le champ de vision, les nations h\u00f4tes \u00e9tant d\u00e9j\u00e0 au c\u0153ur du r\u00e9cit et les stars mondiales s'alignant comme les premiers noms que les supporters s'attendent \u00e0 voir sur la plus grande sc\u00e8ne.<\/p>\n<p>Alors que les pr\u00e9paratifs se poursuivent, cette s\u00e9lection de d\u00e9part offre un premier aper\u00e7u des joueurs les plus susceptibles de fa\u00e7onner l'identit\u00e9 du tournoi \u2013 que ce soit par le leadership, les buts, les nouvelles rivalit\u00e9s, ou la pression de performer devant leurs supporters aux \u00c9tats-Unis, au Mexique et au Canada.<\/p>","protected":false},"excerpt":{"rendered":"<p>Kylian Mbapp\u00e9, Christian Pulisic and Cristiano Ronaldo are among the headline names shaping an early \u201cstarter pack\u201d for the 2026 [&hellip;]<\/p>\n","protected":false},"author":3,"featured_media":7284,"comment_status":"","ping_status":"open","sticky":false,"template":"","format":"standard","meta":{"googlesitekit_rrm_CAow_uzEDA:productID":"","site-sidebar-layout":"default","site-content-layout":"","ast-site-content-layout":"default","site-content-style":"default","site-sidebar-style":"default","ast-global-header-display":"","ast-banner-title-visibility":"","ast-main-header-display":"","ast-hfb-above-header-display":"","ast-hfb-below-header-display":"","ast-hfb-mobile-header-display":"","site-post-title":"","ast-breadcrumbs-content":"","ast-featured-img":"","footer-sml-layout":"","ast-disable-related-posts":"","theme-transparent-header-meta":"","adv-header-id-meta":"","stick-header-meta":"","header-above-stick-meta":"","header-main-stick-meta":"","header-below-stick-meta":"","astra-migrate-meta-layouts":"default","ast-page-background-enabled":"default","ast-page-background-meta":{"desktop":{"background-color":"var(--ast-global-color-5)","background-image":"","background-repeat":"repeat","background-position":"center center","background-size":"auto","background-attachment":"scroll","background-type":"","background-media":"","overlay-type":"","overlay-color":"","overlay-opacity":"","overlay-gradient":""},"tablet":{"background-color":"","background-image":"","background-repeat":"repeat","background-position":"center center","background-size":"auto","background-attachment":"scroll","background-type":"","background-media":"","overlay-type":"","overlay-color":"","overlay-opacity":"","overlay-gradient":""},"mobile":{"background-color":"","background-image":"","background-repeat":"repeat","background-position":"center center","background-size":"auto","background-attachment":"scroll","background-type":"","background-media":"","overlay-type":"","overlay-color":"","overlay-opacity":"","overlay-gradient":""}},"ast-content-background-meta":{"desktop":{"background-color":"var(--ast-global-color-4)","background-image":"","background-repeat":"repeat","background-position":"center center","background-size":"auto","background-attachment":"scroll","background-type":"","background-media":"","overlay-type":"","overlay-color":"","overlay-opacity":"","overlay-gradient":""},"tablet":{"background-color":"var(--ast-global-color-4)","background-image":"","background-repeat":"repeat","background-position":"center center","background-size":"auto","background-attachment":"scroll","background-type":"","background-media":"","overlay-type":"","overlay-color":"","overlay-opacity":"","overlay-gradient":""},"mobile":{"background-color":"var(--ast-global-color-4)","background-image":"","background-repeat":"repeat","background-position":"center center","background-size":"auto","background-attachment":"scroll","background-type":"","background-media":"","overlay-type":"","overlay-color":"","overlay-opacity":"","overlay-gradient":""}},"footnotes":""},"categories":[20,1],"tags":[],"class_list":["post-7285","post","type-post","status-publish","format-standard","has-post-thumbnail","hentry","category-international","category-football-latest-news"],"yoast_head":"<!-- This site is optimized with the Yoast SEO Premium plugin v26.6 (Yoast SEO v27.4) - https:\/\/yoast.com\/product\/yoast-seo-premium-wordpress\/ -->\n<title>Mbappe, Pulisic and Ronaldo lead 2026 World Cup starter pack - Bladna News<\/title>\n<meta name=\"robots\" content=\"index, follow, max-snippet:-1, max-image-preview:large, max-video-preview:-1\" \/>\n<link rel=\"canonical\" href=\"https:\/\/bladnanews.com\/fr\/mbappe-pulisic-et-ronaldo-menent-le-pack-de-demarrage-de-la-coupe-du-monde-2026\/\" \/>\n<meta property=\"og:locale\" content=\"fr_FR\" \/>\n<meta property=\"og:type\" content=\"article\" \/>\n<meta property=\"og:title\" content=\"Mbappe, Pulisic and Ronaldo lead 2026 World Cup starter pack\" \/>\n<meta property=\"og:description\" content=\"Kylian Mbapp\u00e9, Christian Pulisic and Cristiano Ronaldo are among the headline names shaping an early \u201cstarter pack\u201d for the 2026 [&hellip;]\" \/>\n<meta property=\"og:url\" content=\"https:\/\/bladnanews.com\/fr\/mbappe-pulisic-et-ronaldo-menent-le-pack-de-demarrage-de-la-coupe-du-monde-2026\/\" \/>\n<meta property=\"og:site_name\" content=\"Bladna News\" \/>\n<meta property=\"article:published_time\" content=\"2026-01-21T17:43:42+00:00\" \/>\n<meta property=\"og:image\" content=\"https:\/\/bladnanews.com\/wp-content\/uploads\/2025\/12\/freepik__bladna-newscom-moroccan-soccer-homepage-banner-mor__41838.png\" \/>\n\t<meta property=\"og:image:width\" content=\"1312\" \/>\n\t<meta property=\"og:image:height\" content=\"736\" \/>\n\t<meta property=\"og:image:type\" content=\"image\/png\" \/>\n<meta name=\"author\" content=\"Bladna News Staff\" \/>\n<meta name=\"twitter:card\" content=\"summary_large_image\" \/>\n<meta name=\"twitter:label1\" content=\"\u00c9crit par\" \/>\n\t<meta name=\"twitter:data1\" content=\"Bladna News Staff\" \/>\n\t<meta name=\"twitter:label2\" content=\"Dur\u00e9e de lecture estim\u00e9e\" \/>\n\t<meta name=\"twitter:data2\" content=\"1 minute\" \/>\n<script type=\"application\/ld+json\" class=\"yoast-schema-graph\">{\"@context\":\"https:\\\/\\\/schema.org\",\"@graph\":[{\"@type\":\"Article\",\"@id\":\"https:\\\/\\\/bladnanews.com\\\/mbappe-pulisic-and-ronaldo-lead-2026-world-cup-starter-pack\\\/#article\",\"isPartOf\":{\"@id\":\"https:\\\/\\\/bladnanews.com\\\/mbappe-pulisic-and-ronaldo-lead-2026-world-cup-starter-pack\\\/\"},\"author\":{\"name\":\"Bladna News Staff\",\"@id\":\"https:\\\/\\\/mediumseagreen-eel-531711.hostingersite.com\\\/#\\\/schema\\\/person\\\/268e18a453ab080ebf76df6ef7845083\"},\"headline\":\"Mbappe, Pulisic and Ronaldo lead 2026 World Cup starter pack\",\"datePublished\":\"2026-01-21T17:43:42+00:00\",\"mainEntityOfPage\":{\"@id\":\"https:\\\/\\\/bladnanews.com\\\/mbappe-pulisic-and-ronaldo-lead-2026-world-cup-starter-pack\\\/\"},\"wordCount\":275,\"publisher\":{\"@id\":\"https:\\\/\\\/mediumseagreen-eel-531711.hostingersite.com\\\/#organization\"},\"image\":{\"@id\":\"https:\\\/\\\/bladnanews.com\\\/mbappe-pulisic-and-ronaldo-lead-2026-world-cup-starter-pack\\\/#primaryimage\"},\"thumbnailUrl\":\"https:\\\/\\\/bladnanews.com\\\/wp-content\\\/uploads\\\/2026\\\/01\\\/BladnaNews-Mbappe-Pulisic-and-Ronaldo-lead-2026-World-Cup-starter-pack-2026-01-22T010957.647Z.jpg\",\"articleSection\":[\"International\",\"Latest News\"],\"inLanguage\":\"fr-FR\",\"copyrightYear\":\"2026\",\"copyrightHolder\":{\"@id\":\"https:\\\/\\\/bladnanews.com\\\/fr\\\/#organization\"}},{\"@type\":\"WebPage\",\"@id\":\"https:\\\/\\\/bladnanews.com\\\/mbappe-pulisic-and-ronaldo-lead-2026-world-cup-starter-pack\\\/\",\"url\":\"https:\\\/\\\/bladnanews.com\\\/mbappe-pulisic-and-ronaldo-lead-2026-world-cup-starter-pack\\\/\",\"name\":\"Mbappe, Pulisic and Ronaldo lead 2026 World Cup starter pack - Bladna News\",\"isPartOf\":{\"@id\":\"https:\\\/\\\/mediumseagreen-eel-531711.hostingersite.com\\\/#website\"},\"primaryImageOfPage\":{\"@id\":\"https:\\\/\\\/bladnanews.com\\\/mbappe-pulisic-and-ronaldo-lead-2026-world-cup-starter-pack\\\/#primaryimage\"},\"image\":{\"@id\":\"https:\\\/\\\/bladnanews.com\\\/mbappe-pulisic-and-ronaldo-lead-2026-world-cup-starter-pack\\\/#primaryimage\"},\"thumbnailUrl\":\"https:\\\/\\\/bladnanews.com\\\/wp-content\\\/uploads\\\/2026\\\/01\\\/BladnaNews-Mbappe-Pulisic-and-Ronaldo-lead-2026-World-Cup-starter-pack-2026-01-22T010957.647Z.jpg\",\"datePublished\":\"2026-01-21T17:43:42+00:00\",\"breadcrumb\":{\"@id\":\"https:\\\/\\\/bladnanews.com\\\/mbappe-pulisic-and-ronaldo-lead-2026-world-cup-starter-pack\\\/#breadcrumb\"},\"inLanguage\":\"fr-FR\",\"potentialAction\":[{\"@type\":\"ReadAction\",\"target\":[\"https:\\\/\\\/bladnanews.com\\\/mbappe-pulisic-and-ronaldo-lead-2026-world-cup-starter-pack\\\/\"]}]},{\"@type\":\"ImageObject\",\"inLanguage\":\"fr-FR\",\"@id\":\"https:\\\/\\\/bladnanews.com\\\/mbappe-pulisic-and-ronaldo-lead-2026-world-cup-starter-pack\\\/#primaryimage\",\"url\":\"https:\\\/\\\/bladnanews.com\\\/wp-content\\\/uploads\\\/2026\\\/01\\\/BladnaNews-Mbappe-Pulisic-and-Ronaldo-lead-2026-World-Cup-starter-pack-2026-01-22T010957.647Z.jpg\",\"contentUrl\":\"https:\\\/\\\/bladnanews.com\\\/wp-content\\\/uploads\\\/2026\\\/01\\\/BladnaNews-Mbappe-Pulisic-and-Ronaldo-lead-2026-World-Cup-starter-pack-2026-01-22T010957.647Z.jpg\",\"width\":1920,\"height\":1080,\"caption\":\"A diverse trio featuring Spain's player in red, Argentina's Messi in blue and white, and the USA's Pulisic in white, set against a World Cup backdrop.\"},{\"@type\":\"BreadcrumbList\",\"@id\":\"https:\\\/\\\/bladnanews.com\\\/mbappe-pulisic-and-ronaldo-lead-2026-world-cup-starter-pack\\\/#breadcrumb\",\"itemListElement\":[{\"@type\":\"ListItem\",\"position\":1,\"name\":\"Home\",\"item\":\"https:\\\/\\\/bladnanews.com\\\/\"},{\"@type\":\"ListItem\",\"position\":2,\"name\":\"Mbappe, Pulisic and Ronaldo lead 2026 World Cup starter pack\"}]},{\"@type\":\"WebSite\",\"@id\":\"https:\\\/\\\/mediumseagreen-eel-531711.hostingersite.com\\\/#website\",\"url\":\"https:\\\/\\\/mediumseagreen-eel-531711.hostingersite.com\\\/\",\"name\":\"Bladna News - Morocco\",\"description\":\"Where Moroccan Football Meets the World\",\"publisher\":{\"@id\":\"https:\\\/\\\/mediumseagreen-eel-531711.hostingersite.com\\\/#organization\"},\"potentialAction\":[{\"@type\":\"SearchAction\",\"target\":{\"@type\":\"EntryPoint\",\"urlTemplate\":\"https:\\\/\\\/mediumseagreen-eel-531711.hostingersite.com\\\/?s={search_term_string}\"},\"query-input\":{\"@type\":\"PropertyValueSpecification\",\"valueRequired\":true,\"valueName\":\"search_term_string\"}}],\"inLanguage\":\"fr-FR\"},{\"@type\":\"Organization\",\"@id\":\"https:\\\/\\\/mediumseagreen-eel-531711.hostingersite.com\\\/#organization\",\"name\":\"Bladna News.com\",\"url\":\"https:\\\/\\\/mediumseagreen-eel-531711.hostingersite.com\\\/\",\"logo\":{\"@type\":\"ImageObject\",\"inLanguage\":\"fr-FR\",\"@id\":\"https:\\\/\\\/mediumseagreen-eel-531711.hostingersite.com\\\/#\\\/schema\\\/logo\\\/image\\\/\",\"url\":\"https:\\\/\\\/bladnanews.com\\\/wp-content\\\/uploads\\\/2025\\\/12\\\/logo-bladnanews-V2-web-black-red.png\",\"contentUrl\":\"https:\\\/\\\/bladnanews.com\\\/wp-content\\\/uploads\\\/2025\\\/12\\\/logo-bladnanews-V2-web-black-red.png\",\"width\":703,\"height\":287,\"caption\":\"Bladna News.com\"},\"image\":{\"@id\":\"https:\\\/\\\/mediumseagreen-eel-531711.hostingersite.com\\\/#\\\/schema\\\/logo\\\/image\\\/\"},\"email\":\"info@bladnanews.com\",\"legalName\":\"Bladna News\"},{\"@type\":\"Person\",\"@id\":\"https:\\\/\\\/mediumseagreen-eel-531711.hostingersite.com\\\/#\\\/schema\\\/person\\\/268e18a453ab080ebf76df6ef7845083\",\"name\":\"Bladna News Staff\",\"url\":\"https:\\\/\\\/bladnanews.com\\\/fr\\\/author\\\/bladna-news-staff\\\/\"}]}<\/script>\n<!-- \/ Yoast SEO Premium plugin. -->","yoast_head_json":{"title":"Mbapp\u00e9, Pulisic et Ronaldo m\u00e8nent le pack de d\u00e9marrage de la Coupe du Monde 2026 - Bladna News","robots":{"index":"index","follow":"follow","max-snippet":"max-snippet:-1","max-image-preview":"max-image-preview:large","max-video-preview":"max-video-preview:-1"},"canonical":"https:\/\/bladnanews.com\/fr\/mbappe-pulisic-et-ronaldo-menent-le-pack-de-demarrage-de-la-coupe-du-monde-2026\/","og_locale":"fr_FR","og_type":"article","og_title":"Mbappe, Pulisic and Ronaldo lead 2026 World Cup starter pack","og_description":"Kylian Mbapp\u00e9, Christian Pulisic and Cristiano Ronaldo are among the headline names shaping an early \u201cstarter pack\u201d for the 2026 [&hellip;]","og_url":"https:\/\/bladnanews.com\/fr\/mbappe-pulisic-et-ronaldo-menent-le-pack-de-demarrage-de-la-coupe-du-monde-2026\/","og_site_name":"Bladna News","article_published_time":"2026-01-21T17:43:42+00:00","og_image":[{"width":1312,"height":736,"url":"https:\/\/bladnanews.com\/wp-content\/uploads\/2025\/12\/freepik__bladna-newscom-moroccan-soccer-homepage-banner-mor__41838.png","type":"image\/png"}],"author":"Bladna News Staff","twitter_card":"summary_large_image","twitter_misc":{"\u00c9crit par":"Bladna News Staff","Dur\u00e9e de lecture estim\u00e9e":"1 minute"},"schema":{"@context":"https:\/\/schema.org","@graph":[{"@type":"Article","@id":"https:\/\/bladnanews.com\/mbappe-pulisic-and-ronaldo-lead-2026-world-cup-starter-pack\/#article","isPartOf":{"@id":"https:\/\/bladnanews.com\/mbappe-pulisic-and-ronaldo-lead-2026-world-cup-starter-pack\/"},"author":{"name":"Bladna News Staff","@id":"https:\/\/mediumseagreen-eel-531711.hostingersite.com\/#\/schema\/person\/268e18a453ab080ebf76df6ef7845083"},"headline":"Mbappe, Pulisic and Ronaldo lead 2026 World Cup starter pack","datePublished":"2026-01-21T17:43:42+00:00","mainEntityOfPage":{"@id":"https:\/\/bladnanews.com\/mbappe-pulisic-and-ronaldo-lead-2026-world-cup-starter-pack\/"},"wordCount":275,"publisher":{"@id":"https:\/\/mediumseagreen-eel-531711.hostingersite.com\/#organization"},"image":{"@id":"https:\/\/bladnanews.com\/mbappe-pulisic-and-ronaldo-lead-2026-world-cup-starter-pack\/#primaryimage"},"thumbnailUrl":"https:\/\/bladnanews.com\/wp-content\/uploads\/2026\/01\/BladnaNews-Mbappe-Pulisic-and-Ronaldo-lead-2026-World-Cup-starter-pack-2026-01-22T010957.647Z.jpg","articleSection":["International","Latest News"],"inLanguage":"fr-FR","copyrightYear":"2026","copyrightHolder":{"@id":"https:\/\/bladnanews.com\/fr\/#organization"}},{"@type":"WebPage","@id":"https:\/\/bladnanews.com\/mbappe-pulisic-and-ronaldo-lead-2026-world-cup-starter-pack\/","url":"https:\/\/bladnanews.com\/mbappe-pulisic-and-ronaldo-lead-2026-world-cup-starter-pack\/","name":"Mbapp\u00e9, Pulisic et Ronaldo m\u00e8nent le pack de d\u00e9marrage de la Coupe du Monde 2026 - Bladna News","isPartOf":{"@id":"https:\/\/mediumseagreen-eel-531711.hostingersite.com\/#website"},"primaryImageOfPage":{"@id":"https:\/\/bladnanews.com\/mbappe-pulisic-and-ronaldo-lead-2026-world-cup-starter-pack\/#primaryimage"},"image":{"@id":"https:\/\/bladnanews.com\/mbappe-pulisic-and-ronaldo-lead-2026-world-cup-starter-pack\/#primaryimage"},"thumbnailUrl":"https:\/\/bladnanews.com\/wp-content\/uploads\/2026\/01\/BladnaNews-Mbappe-Pulisic-and-Ronaldo-lead-2026-World-Cup-starter-pack-2026-01-22T010957.647Z.jpg","datePublished":"2026-01-21T17:43:42+00:00","breadcrumb":{"@id":"https:\/\/bladnanews.com\/mbappe-pulisic-and-ronaldo-lead-2026-world-cup-starter-pack\/#breadcrumb"},"inLanguage":"fr-FR","potentialAction":[{"@type":"ReadAction","target":["https:\/\/bladnanews.com\/mbappe-pulisic-and-ronaldo-lead-2026-world-cup-starter-pack\/"]}]},{"@type":"ImageObject","inLanguage":"fr-FR","@id":"https:\/\/bladnanews.com\/mbappe-pulisic-and-ronaldo-lead-2026-world-cup-starter-pack\/#primaryimage","url":"https:\/\/bladnanews.com\/wp-content\/uploads\/2026\/01\/BladnaNews-Mbappe-Pulisic-and-Ronaldo-lead-2026-World-Cup-starter-pack-2026-01-22T010957.647Z.jpg","contentUrl":"https:\/\/bladnanews.com\/wp-content\/uploads\/2026\/01\/BladnaNews-Mbappe-Pulisic-and-Ronaldo-lead-2026-World-Cup-starter-pack-2026-01-22T010957.647Z.jpg","width":1920,"height":1080,"caption":"A diverse trio featuring Spain's player in red, Argentina's Messi in blue and white, and the USA's Pulisic in white, set against a World Cup backdrop."},{"@type":"BreadcrumbList","@id":"https:\/\/bladnanews.com\/mbappe-pulisic-and-ronaldo-lead-2026-world-cup-starter-pack\/#breadcrumb","itemListElement":[{"@type":"ListItem","position":1,"name":"Home","item":"https:\/\/bladnanews.com\/"},{"@type":"ListItem","position":2,"name":"Mbappe, Pulisic and Ronaldo lead 2026 World Cup starter pack"}]},{"@type":"WebSite","@id":"https:\/\/mediumseagreen-eel-531711.hostingersite.com\/#website","url":"https:\/\/mediumseagreen-eel-531711.hostingersite.com\/","name":"Bladna News - Maroc","description":"Quand le football marocain rencontre le monde","publisher":{"@id":"https:\/\/mediumseagreen-eel-531711.hostingersite.com\/#organization"},"potentialAction":[{"@type":"SearchAction","target":{"@type":"EntryPoint","urlTemplate":"https:\/\/mediumseagreen-eel-531711.hostingersite.com\/?s={search_term_string}"},"query-input":{"@type":"PropertyValueSpecification","valueRequired":true,"valueName":"search_term_string"}}],"inLanguage":"fr-FR"},{"@type":"Organization","@id":"https:\/\/mediumseagreen-eel-531711.hostingersite.com\/#organization","name":"Bladna News.com","url":"https:\/\/mediumseagreen-eel-531711.hostingersite.com\/","logo":{"@type":"ImageObject","inLanguage":"fr-FR","@id":"https:\/\/mediumseagreen-eel-531711.hostingersite.com\/#\/schema\/logo\/image\/","url":"https:\/\/bladnanews.com\/wp-content\/uploads\/2025\/12\/logo-bladnanews-V2-web-black-red.png","contentUrl":"https:\/\/bladnanews.com\/wp-content\/uploads\/2025\/12\/logo-bladnanews-V2-web-black-red.png","width":703,"height":287,"caption":"Bladna News.com"},"image":{"@id":"https:\/\/mediumseagreen-eel-531711.hostingersite.com\/#\/schema\/logo\/image\/"},"email":"info@bladnanews.com","legalName":"Bladna News"},{"@type":"Person","@id":"https:\/\/mediumseagreen-eel-531711.hostingersite.com\/#\/schema\/person\/268e18a453ab080ebf76df6ef7845083","name":"\u00c9quipe r\u00e9dactionnelle de Bladna News","url":"https:\/\/bladnanews.com\/fr\/author\/bladna-news-staff\/"}]}},"_links":{"self":[{"href":"https:\/\/bladnanews.com\/fr\/wp-json\/wp\/v2\/posts\/7285","targetHints":{"allow":["GET"]}}],"collection":[{"href":"https:\/\/bladnanews.com\/fr\/wp-json\/wp\/v2\/posts"}],"about":[{"href":"https:\/\/bladnanews.com\/fr\/wp-json\/wp\/v2\/types\/post"}],"author":[{"embeddable":true,"href":"https:\/\/bladnanews.com\/fr\/wp-json\/wp\/v2\/users\/3"}],"replies":[{"embeddable":true,"href":"https:\/\/bladnanews.com\/fr\/wp-json\/wp\/v2\/comments?post=7285"}],"version-history":[{"count":0,"href":"https:\/\/bladnanews.com\/fr\/wp-json\/wp\/v2\/posts\/7285\/revisions"}],"wp:featuredmedia":[{"embeddable":true,"href":"https:\/\/bladnanews.com\/fr\/wp-json\/wp\/v2\/media\/7284"}],"wp:attachment":[{"href":"https:\/\/bladnanews.com\/fr\/wp-json\/wp\/v2\/media?parent=7285"}],"wp:term":[{"taxonomy":"category","embeddable":true,"href":"https:\/\/bladnanews.com\/fr\/wp-json\/wp\/v2\/categories?post=7285"},{"taxonomy":"post_tag","embeddable":true,"href":"https:\/\/bladnanews.com\/fr\/wp-json\/wp\/v2\/tags?post=7285"}],"curies":[{"name":"wp","href":"https:\/\/api.w.org\/{rel}","templated":true}]}}