{"id":7287,"date":"2026-01-21T18:23:09","date_gmt":"2026-01-21T18:23:09","guid":{"rendered":"https:\/\/bladnanews.com\/man-utd-let-bruno-fernandes-decide-next-step-amid-saudi-talks\/"},"modified":"2026-01-21T18:23:09","modified_gmt":"2026-01-21T18:23:09","slug":"manchester-united-laisse-bruno-fernandes-decider-de-la-prochaine-etape-au-milieu-des-pourparlers-avec-larabie-saoudite","status":"publish","type":"post","link":"https:\/\/bladnanews.com\/fr\/manchester-united-laisse-bruno-fernandes-decider-de-la-prochaine-etape-au-milieu-des-pourparlers-avec-larabie-saoudite\/","title":{"rendered":"Manchester United laisse Bruno Fernandes d\u00e9cider de la suite alors que des discussions avec l'Arabie saoudite ont lieu"},"content":{"rendered":"<p>Manchester United est pr\u00eat \u00e0 laisser Bruno Fernandes d\u00e9cider de sa \u201c prochaine \u00e9tape \u201d cet \u00e9t\u00e9, apr\u00e8s que le capitaine du club a tenu des discussions de transfert li\u00e9es \u00e0 l'Arabie saoudite.<\/p>\n<p>Fernandes est central pour United depuis son arriv\u00e9e en janvier 2020 et, en tant que capitaine, reste l'une des figures cl\u00e9s d'Old Trafford. Mais avec l'int\u00e9r\u00eat croissant de l'Arabie saoudite et des discussions en cours, United reconna\u00eet que le milieu de terrain aura un mot d\u00e9cisif sur la suite des \u00e9v\u00e9nements.<\/p>\n<p>Malgr\u00e9 cette position, la pr\u00e9f\u00e9rence du club est claire : ils souhaitent que Fernandes reste et font pression pour qu'il accepte un nouveau contrat. United tient \u00e0 s\u00e9curiser l'avenir de son capitaine \u00e0 long terme plut\u00f4t que de risquer de le perdre, surtout compte tenu de son importance au milieu de terrain et de son r\u00f4le de leader dans le vestiaire.<\/p>\n<p>Cette situation place la d\u00e9cision largement entre les mains de Fernandes. United ne lui mettra pas de b\u00e2tons dans les roues s'il estime qu'il est temps de tourner la page, mais le club travaille \u00e0 le convaincre que son avenir doit rester \u00e0 Manchester.<\/p>\n<p>Toute d\u00e9cision finale devrait intervenir apr\u00e8s de nouvelles discussions, United \u00e9tant d\u00e9termin\u00e9 \u00e0 conserver l'international portugais tout en reconnaissant le droit du joueur \u00e0 choisir la prochaine \u00e9tape de sa carri\u00e8re.<\/p>","protected":false},"excerpt":{"rendered":"<p>Manchester United are prepared to let Bruno Fernandes decide his \u201cnext step\u201d this summer after the club captain held transfer [&hellip;]<\/p>\n","protected":false},"author":3,"featured_media":7286,"comment_status":"","ping_status":"open","sticky":false,"template":"","format":"standard","meta":{"googlesitekit_rrm_CAow_uzEDA:productID":"","site-sidebar-layout":"default","site-content-layout":"","ast-site-content-layout":"default","site-content-style":"default","site-sidebar-style":"default","ast-global-header-display":"","ast-banner-title-visibility":"","ast-main-header-display":"","ast-hfb-above-header-display":"","ast-hfb-below-header-display":"","ast-hfb-mobile-header-display":"","site-post-title":"","ast-breadcrumbs-content":"","ast-featured-img":"","footer-sml-layout":"","ast-disable-related-posts":"","theme-transparent-header-meta":"","adv-header-id-meta":"","stick-header-meta":"","header-above-stick-meta":"","header-main-stick-meta":"","header-below-stick-meta":"","astra-migrate-meta-layouts":"default","ast-page-background-enabled":"default","ast-page-background-meta":{"desktop":{"background-color":"var(--ast-global-color-5)","background-image":"","background-repeat":"repeat","background-position":"center center","background-size":"auto","background-attachment":"scroll","background-type":"","background-media":"","overlay-type":"","overlay-color":"","overlay-opacity":"","overlay-gradient":""},"tablet":{"background-color":"","background-image":"","background-repeat":"repeat","background-position":"center center","background-size":"auto","background-attachment":"scroll","background-type":"","background-media":"","overlay-type":"","overlay-color":"","overlay-opacity":"","overlay-gradient":""},"mobile":{"background-color":"","background-image":"","background-repeat":"repeat","background-position":"center center","background-size":"auto","background-attachment":"scroll","background-type":"","background-media":"","overlay-type":"","overlay-color":"","overlay-opacity":"","overlay-gradient":""}},"ast-content-background-meta":{"desktop":{"background-color":"var(--ast-global-color-4)","background-image":"","background-repeat":"repeat","background-position":"center center","background-size":"auto","background-attachment":"scroll","background-type":"","background-media":"","overlay-type":"","overlay-color":"","overlay-opacity":"","overlay-gradient":""},"tablet":{"background-color":"var(--ast-global-color-4)","background-image":"","background-repeat":"repeat","background-position":"center center","background-size":"auto","background-attachment":"scroll","background-type":"","background-media":"","overlay-type":"","overlay-color":"","overlay-opacity":"","overlay-gradient":""},"mobile":{"background-color":"var(--ast-global-color-4)","background-image":"","background-repeat":"repeat","background-position":"center center","background-size":"auto","background-attachment":"scroll","background-type":"","background-media":"","overlay-type":"","overlay-color":"","overlay-opacity":"","overlay-gradient":""}},"footnotes":""},"categories":[20,1],"tags":[],"class_list":["post-7287","post","type-post","status-publish","format-standard","has-post-thumbnail","hentry","category-international","category-football-latest-news"],"yoast_head":"<!-- This site is optimized with the Yoast SEO Premium plugin v26.6 (Yoast SEO v27.4) - https:\/\/yoast.com\/product\/yoast-seo-premium-wordpress\/ -->\n<title>Man Utd let Bruno Fernandes decide next step amid Saudi talks - Bladna News<\/title>\n<meta name=\"robots\" content=\"index, follow, max-snippet:-1, max-image-preview:large, max-video-preview:-1\" \/>\n<link rel=\"canonical\" href=\"https:\/\/bladnanews.com\/fr\/manchester-united-laisse-bruno-fernandes-decider-de-la-prochaine-etape-au-milieu-des-pourparlers-avec-larabie-saoudite\/\" \/>\n<meta property=\"og:locale\" content=\"fr_FR\" \/>\n<meta property=\"og:type\" content=\"article\" \/>\n<meta property=\"og:title\" content=\"Man Utd let Bruno Fernandes decide next step amid Saudi talks\" \/>\n<meta property=\"og:description\" content=\"Manchester United are prepared to let Bruno Fernandes decide his \u201cnext step\u201d this summer after the club captain held transfer [&hellip;]\" \/>\n<meta property=\"og:url\" content=\"https:\/\/bladnanews.com\/fr\/manchester-united-laisse-bruno-fernandes-decider-de-la-prochaine-etape-au-milieu-des-pourparlers-avec-larabie-saoudite\/\" \/>\n<meta property=\"og:site_name\" content=\"Bladna News\" \/>\n<meta property=\"article:published_time\" content=\"2026-01-21T18:23:09+00:00\" \/>\n<meta property=\"og:image\" content=\"https:\/\/bladnanews.com\/wp-content\/uploads\/2025\/12\/freepik__bladna-newscom-moroccan-soccer-homepage-banner-mor__41838.png\" \/>\n\t<meta property=\"og:image:width\" content=\"1312\" \/>\n\t<meta property=\"og:image:height\" content=\"736\" \/>\n\t<meta property=\"og:image:type\" content=\"image\/png\" \/>\n<meta name=\"author\" content=\"Bladna News Staff\" \/>\n<meta name=\"twitter:card\" content=\"summary_large_image\" \/>\n<meta name=\"twitter:label1\" content=\"\u00c9crit par\" \/>\n\t<meta name=\"twitter:data1\" content=\"Bladna News Staff\" \/>\n\t<meta name=\"twitter:label2\" content=\"Dur\u00e9e de lecture estim\u00e9e\" \/>\n\t<meta name=\"twitter:data2\" content=\"1 minute\" \/>\n<script type=\"application\/ld+json\" class=\"yoast-schema-graph\">{\"@context\":\"https:\\\/\\\/schema.org\",\"@graph\":[{\"@type\":\"Article\",\"@id\":\"https:\\\/\\\/bladnanews.com\\\/man-utd-let-bruno-fernandes-decide-next-step-amid-saudi-talks\\\/#article\",\"isPartOf\":{\"@id\":\"https:\\\/\\\/bladnanews.com\\\/man-utd-let-bruno-fernandes-decide-next-step-amid-saudi-talks\\\/\"},\"author\":{\"name\":\"Bladna News Staff\",\"@id\":\"https:\\\/\\\/mediumseagreen-eel-531711.hostingersite.com\\\/#\\\/schema\\\/person\\\/268e18a453ab080ebf76df6ef7845083\"},\"headline\":\"Man Utd let Bruno Fernandes decide next step amid Saudi talks\",\"datePublished\":\"2026-01-21T18:23:09+00:00\",\"mainEntityOfPage\":{\"@id\":\"https:\\\/\\\/bladnanews.com\\\/man-utd-let-bruno-fernandes-decide-next-step-amid-saudi-talks\\\/\"},\"wordCount\":201,\"publisher\":{\"@id\":\"https:\\\/\\\/mediumseagreen-eel-531711.hostingersite.com\\\/#organization\"},\"image\":{\"@id\":\"https:\\\/\\\/bladnanews.com\\\/man-utd-let-bruno-fernandes-decide-next-step-amid-saudi-talks\\\/#primaryimage\"},\"thumbnailUrl\":\"https:\\\/\\\/bladnanews.com\\\/wp-content\\\/uploads\\\/2026\\\/01\\\/BladnaNews-Man-Utd-let-Bruno-Fernandes-decide-next-step-amid-Saudi-talks-2026-01-22T011022.182Z-scaled.jpg\",\"articleSection\":[\"International\",\"Latest News\"],\"inLanguage\":\"fr-FR\",\"copyrightYear\":\"2026\",\"copyrightHolder\":{\"@id\":\"https:\\\/\\\/bladnanews.com\\\/fr\\\/#organization\"}},{\"@type\":\"WebPage\",\"@id\":\"https:\\\/\\\/bladnanews.com\\\/man-utd-let-bruno-fernandes-decide-next-step-amid-saudi-talks\\\/\",\"url\":\"https:\\\/\\\/bladnanews.com\\\/man-utd-let-bruno-fernandes-decide-next-step-amid-saudi-talks\\\/\",\"name\":\"Man Utd let Bruno Fernandes decide next step amid Saudi talks - Bladna News\",\"isPartOf\":{\"@id\":\"https:\\\/\\\/mediumseagreen-eel-531711.hostingersite.com\\\/#website\"},\"primaryImageOfPage\":{\"@id\":\"https:\\\/\\\/bladnanews.com\\\/man-utd-let-bruno-fernandes-decide-next-step-amid-saudi-talks\\\/#primaryimage\"},\"image\":{\"@id\":\"https:\\\/\\\/bladnanews.com\\\/man-utd-let-bruno-fernandes-decide-next-step-amid-saudi-talks\\\/#primaryimage\"},\"thumbnailUrl\":\"https:\\\/\\\/bladnanews.com\\\/wp-content\\\/uploads\\\/2026\\\/01\\\/BladnaNews-Man-Utd-let-Bruno-Fernandes-decide-next-step-amid-Saudi-talks-2026-01-22T011022.182Z-scaled.jpg\",\"datePublished\":\"2026-01-21T18:23:09+00:00\",\"breadcrumb\":{\"@id\":\"https:\\\/\\\/bladnanews.com\\\/man-utd-let-bruno-fernandes-decide-next-step-amid-saudi-talks\\\/#breadcrumb\"},\"inLanguage\":\"fr-FR\",\"potentialAction\":[{\"@type\":\"ReadAction\",\"target\":[\"https:\\\/\\\/bladnanews.com\\\/man-utd-let-bruno-fernandes-decide-next-step-amid-saudi-talks\\\/\"]}]},{\"@type\":\"ImageObject\",\"inLanguage\":\"fr-FR\",\"@id\":\"https:\\\/\\\/bladnanews.com\\\/man-utd-let-bruno-fernandes-decide-next-step-amid-saudi-talks\\\/#primaryimage\",\"url\":\"https:\\\/\\\/bladnanews.com\\\/wp-content\\\/uploads\\\/2026\\\/01\\\/BladnaNews-Man-Utd-let-Bruno-Fernandes-decide-next-step-amid-Saudi-talks-2026-01-22T011022.182Z-scaled.jpg\",\"contentUrl\":\"https:\\\/\\\/bladnanews.com\\\/wp-content\\\/uploads\\\/2026\\\/01\\\/BladnaNews-Man-Utd-let-Bruno-Fernandes-decide-next-step-amid-Saudi-talks-2026-01-22T011022.182Z-scaled.jpg\",\"width\":2560,\"height\":1440,\"caption\":\"Bruno Fernandes in Manchester United's red kit, intently gesturing during a match, showcasing his leadership and focus.\"},{\"@type\":\"BreadcrumbList\",\"@id\":\"https:\\\/\\\/bladnanews.com\\\/man-utd-let-bruno-fernandes-decide-next-step-amid-saudi-talks\\\/#breadcrumb\",\"itemListElement\":[{\"@type\":\"ListItem\",\"position\":1,\"name\":\"Home\",\"item\":\"https:\\\/\\\/bladnanews.com\\\/\"},{\"@type\":\"ListItem\",\"position\":2,\"name\":\"Man Utd let Bruno Fernandes decide next step amid Saudi talks\"}]},{\"@type\":\"WebSite\",\"@id\":\"https:\\\/\\\/mediumseagreen-eel-531711.hostingersite.com\\\/#website\",\"url\":\"https:\\\/\\\/mediumseagreen-eel-531711.hostingersite.com\\\/\",\"name\":\"Bladna News - Morocco\",\"description\":\"Where Moroccan Football Meets the World\",\"publisher\":{\"@id\":\"https:\\\/\\\/mediumseagreen-eel-531711.hostingersite.com\\\/#organization\"},\"potentialAction\":[{\"@type\":\"SearchAction\",\"target\":{\"@type\":\"EntryPoint\",\"urlTemplate\":\"https:\\\/\\\/mediumseagreen-eel-531711.hostingersite.com\\\/?s={search_term_string}\"},\"query-input\":{\"@type\":\"PropertyValueSpecification\",\"valueRequired\":true,\"valueName\":\"search_term_string\"}}],\"inLanguage\":\"fr-FR\"},{\"@type\":\"Organization\",\"@id\":\"https:\\\/\\\/mediumseagreen-eel-531711.hostingersite.com\\\/#organization\",\"name\":\"Bladna News.com\",\"url\":\"https:\\\/\\\/mediumseagreen-eel-531711.hostingersite.com\\\/\",\"logo\":{\"@type\":\"ImageObject\",\"inLanguage\":\"fr-FR\",\"@id\":\"https:\\\/\\\/mediumseagreen-eel-531711.hostingersite.com\\\/#\\\/schema\\\/logo\\\/image\\\/\",\"url\":\"https:\\\/\\\/bladnanews.com\\\/wp-content\\\/uploads\\\/2025\\\/12\\\/logo-bladnanews-V2-web-black-red.png\",\"contentUrl\":\"https:\\\/\\\/bladnanews.com\\\/wp-content\\\/uploads\\\/2025\\\/12\\\/logo-bladnanews-V2-web-black-red.png\",\"width\":703,\"height\":287,\"caption\":\"Bladna News.com\"},\"image\":{\"@id\":\"https:\\\/\\\/mediumseagreen-eel-531711.hostingersite.com\\\/#\\\/schema\\\/logo\\\/image\\\/\"},\"email\":\"info@bladnanews.com\",\"legalName\":\"Bladna News\"},{\"@type\":\"Person\",\"@id\":\"https:\\\/\\\/mediumseagreen-eel-531711.hostingersite.com\\\/#\\\/schema\\\/person\\\/268e18a453ab080ebf76df6ef7845083\",\"name\":\"Bladna News Staff\",\"url\":\"https:\\\/\\\/bladnanews.com\\\/fr\\\/author\\\/bladna-news-staff\\\/\"}]}<\/script>\n<!-- \/ Yoast SEO Premium plugin. -->","yoast_head_json":{"title":"Man Utd laisse Bruno Fernandes d\u00e9cider de la prochaine \u00e9tape malgr\u00e9 les discussions avec l'Arabie Saoudite - Bladna News","robots":{"index":"index","follow":"follow","max-snippet":"max-snippet:-1","max-image-preview":"max-image-preview:large","max-video-preview":"max-video-preview:-1"},"canonical":"https:\/\/bladnanews.com\/fr\/manchester-united-laisse-bruno-fernandes-decider-de-la-prochaine-etape-au-milieu-des-pourparlers-avec-larabie-saoudite\/","og_locale":"fr_FR","og_type":"article","og_title":"Man Utd let Bruno Fernandes decide next step amid Saudi talks","og_description":"Manchester United are prepared to let Bruno Fernandes decide his \u201cnext step\u201d this summer after the club captain held transfer [&hellip;]","og_url":"https:\/\/bladnanews.com\/fr\/manchester-united-laisse-bruno-fernandes-decider-de-la-prochaine-etape-au-milieu-des-pourparlers-avec-larabie-saoudite\/","og_site_name":"Bladna News","article_published_time":"2026-01-21T18:23:09+00:00","og_image":[{"width":1312,"height":736,"url":"https:\/\/bladnanews.com\/wp-content\/uploads\/2025\/12\/freepik__bladna-newscom-moroccan-soccer-homepage-banner-mor__41838.png","type":"image\/png"}],"author":"Bladna News Staff","twitter_card":"summary_large_image","twitter_misc":{"\u00c9crit par":"Bladna News Staff","Dur\u00e9e de lecture estim\u00e9e":"1 minute"},"schema":{"@context":"https:\/\/schema.org","@graph":[{"@type":"Article","@id":"https:\/\/bladnanews.com\/man-utd-let-bruno-fernandes-decide-next-step-amid-saudi-talks\/#article","isPartOf":{"@id":"https:\/\/bladnanews.com\/man-utd-let-bruno-fernandes-decide-next-step-amid-saudi-talks\/"},"author":{"name":"Bladna News Staff","@id":"https:\/\/mediumseagreen-eel-531711.hostingersite.com\/#\/schema\/person\/268e18a453ab080ebf76df6ef7845083"},"headline":"Man Utd let Bruno Fernandes decide next step amid Saudi talks","datePublished":"2026-01-21T18:23:09+00:00","mainEntityOfPage":{"@id":"https:\/\/bladnanews.com\/man-utd-let-bruno-fernandes-decide-next-step-amid-saudi-talks\/"},"wordCount":201,"publisher":{"@id":"https:\/\/mediumseagreen-eel-531711.hostingersite.com\/#organization"},"image":{"@id":"https:\/\/bladnanews.com\/man-utd-let-bruno-fernandes-decide-next-step-amid-saudi-talks\/#primaryimage"},"thumbnailUrl":"https:\/\/bladnanews.com\/wp-content\/uploads\/2026\/01\/BladnaNews-Man-Utd-let-Bruno-Fernandes-decide-next-step-amid-Saudi-talks-2026-01-22T011022.182Z-scaled.jpg","articleSection":["International","Latest News"],"inLanguage":"fr-FR","copyrightYear":"2026","copyrightHolder":{"@id":"https:\/\/bladnanews.com\/fr\/#organization"}},{"@type":"WebPage","@id":"https:\/\/bladnanews.com\/man-utd-let-bruno-fernandes-decide-next-step-amid-saudi-talks\/","url":"https:\/\/bladnanews.com\/man-utd-let-bruno-fernandes-decide-next-step-amid-saudi-talks\/","name":"Man Utd laisse Bruno Fernandes d\u00e9cider de la prochaine \u00e9tape malgr\u00e9 les discussions avec l'Arabie Saoudite - Bladna News","isPartOf":{"@id":"https:\/\/mediumseagreen-eel-531711.hostingersite.com\/#website"},"primaryImageOfPage":{"@id":"https:\/\/bladnanews.com\/man-utd-let-bruno-fernandes-decide-next-step-amid-saudi-talks\/#primaryimage"},"image":{"@id":"https:\/\/bladnanews.com\/man-utd-let-bruno-fernandes-decide-next-step-amid-saudi-talks\/#primaryimage"},"thumbnailUrl":"https:\/\/bladnanews.com\/wp-content\/uploads\/2026\/01\/BladnaNews-Man-Utd-let-Bruno-Fernandes-decide-next-step-amid-Saudi-talks-2026-01-22T011022.182Z-scaled.jpg","datePublished":"2026-01-21T18:23:09+00:00","breadcrumb":{"@id":"https:\/\/bladnanews.com\/man-utd-let-bruno-fernandes-decide-next-step-amid-saudi-talks\/#breadcrumb"},"inLanguage":"fr-FR","potentialAction":[{"@type":"ReadAction","target":["https:\/\/bladnanews.com\/man-utd-let-bruno-fernandes-decide-next-step-amid-saudi-talks\/"]}]},{"@type":"ImageObject","inLanguage":"fr-FR","@id":"https:\/\/bladnanews.com\/man-utd-let-bruno-fernandes-decide-next-step-amid-saudi-talks\/#primaryimage","url":"https:\/\/bladnanews.com\/wp-content\/uploads\/2026\/01\/BladnaNews-Man-Utd-let-Bruno-Fernandes-decide-next-step-amid-Saudi-talks-2026-01-22T011022.182Z-scaled.jpg","contentUrl":"https:\/\/bladnanews.com\/wp-content\/uploads\/2026\/01\/BladnaNews-Man-Utd-let-Bruno-Fernandes-decide-next-step-amid-Saudi-talks-2026-01-22T011022.182Z-scaled.jpg","width":2560,"height":1440,"caption":"Bruno Fernandes in Manchester United's red kit, intently gesturing during a match, showcasing his leadership and focus."},{"@type":"BreadcrumbList","@id":"https:\/\/bladnanews.com\/man-utd-let-bruno-fernandes-decide-next-step-amid-saudi-talks\/#breadcrumb","itemListElement":[{"@type":"ListItem","position":1,"name":"Home","item":"https:\/\/bladnanews.com\/"},{"@type":"ListItem","position":2,"name":"Man Utd let Bruno Fernandes decide next step amid Saudi talks"}]},{"@type":"WebSite","@id":"https:\/\/mediumseagreen-eel-531711.hostingersite.com\/#website","url":"https:\/\/mediumseagreen-eel-531711.hostingersite.com\/","name":"Bladna News - Maroc","description":"Quand le football marocain rencontre le monde","publisher":{"@id":"https:\/\/mediumseagreen-eel-531711.hostingersite.com\/#organization"},"potentialAction":[{"@type":"SearchAction","target":{"@type":"EntryPoint","urlTemplate":"https:\/\/mediumseagreen-eel-531711.hostingersite.com\/?s={search_term_string}"},"query-input":{"@type":"PropertyValueSpecification","valueRequired":true,"valueName":"search_term_string"}}],"inLanguage":"fr-FR"},{"@type":"Organization","@id":"https:\/\/mediumseagreen-eel-531711.hostingersite.com\/#organization","name":"Bladna News.com","url":"https:\/\/mediumseagreen-eel-531711.hostingersite.com\/","logo":{"@type":"ImageObject","inLanguage":"fr-FR","@id":"https:\/\/mediumseagreen-eel-531711.hostingersite.com\/#\/schema\/logo\/image\/","url":"https:\/\/bladnanews.com\/wp-content\/uploads\/2025\/12\/logo-bladnanews-V2-web-black-red.png","contentUrl":"https:\/\/bladnanews.com\/wp-content\/uploads\/2025\/12\/logo-bladnanews-V2-web-black-red.png","width":703,"height":287,"caption":"Bladna News.com"},"image":{"@id":"https:\/\/mediumseagreen-eel-531711.hostingersite.com\/#\/schema\/logo\/image\/"},"email":"info@bladnanews.com","legalName":"Bladna News"},{"@type":"Person","@id":"https:\/\/mediumseagreen-eel-531711.hostingersite.com\/#\/schema\/person\/268e18a453ab080ebf76df6ef7845083","name":"\u00c9quipe r\u00e9dactionnelle de Bladna News","url":"https:\/\/bladnanews.com\/fr\/author\/bladna-news-staff\/"}]}},"_links":{"self":[{"href":"https:\/\/bladnanews.com\/fr\/wp-json\/wp\/v2\/posts\/7287","targetHints":{"allow":["GET"]}}],"collection":[{"href":"https:\/\/bladnanews.com\/fr\/wp-json\/wp\/v2\/posts"}],"about":[{"href":"https:\/\/bladnanews.com\/fr\/wp-json\/wp\/v2\/types\/post"}],"author":[{"embeddable":true,"href":"https:\/\/bladnanews.com\/fr\/wp-json\/wp\/v2\/users\/3"}],"replies":[{"embeddable":true,"href":"https:\/\/bladnanews.com\/fr\/wp-json\/wp\/v2\/comments?post=7287"}],"version-history":[{"count":0,"href":"https:\/\/bladnanews.com\/fr\/wp-json\/wp\/v2\/posts\/7287\/revisions"}],"wp:featuredmedia":[{"embeddable":true,"href":"https:\/\/bladnanews.com\/fr\/wp-json\/wp\/v2\/media\/7286"}],"wp:attachment":[{"href":"https:\/\/bladnanews.com\/fr\/wp-json\/wp\/v2\/media?parent=7287"}],"wp:term":[{"taxonomy":"category","embeddable":true,"href":"https:\/\/bladnanews.com\/fr\/wp-json\/wp\/v2\/categories?post=7287"},{"taxonomy":"post_tag","embeddable":true,"href":"https:\/\/bladnanews.com\/fr\/wp-json\/wp\/v2\/tags?post=7287"}],"curies":[{"name":"wp","href":"https:\/\/api.w.org\/{rel}","templated":true}]}}