{"id":7305,"date":"2026-01-21T20:07:14","date_gmt":"2026-01-21T20:07:14","guid":{"rendered":"https:\/\/bladnanews.com\/benjamin-sesko-urged-to-channel-zlatan-aura-at-man-utd\/"},"modified":"2026-01-21T20:07:14","modified_gmt":"2026-01-21T20:07:14","slug":"benjamin-sesko-exhorte-dadopter-laura-de-zlatan-a-manchester-united","status":"publish","type":"post","link":"https:\/\/bladnanews.com\/fr\/benjamin-sesko-exhorte-dadopter-laura-de-zlatan-a-manchester-united\/","title":{"rendered":"Benjamin Sesko exhort\u00e9 \u00e0 incarner l'aura de Zlatan \u00e0 Manchester United"},"content":{"rendered":"<p>Il a \u00e9t\u00e9 dit \u00e0 Benjamin Sesko qu'il devait apporter plus d'arrogance \u00e0 son jeu \u00e0 Manchester United s'il voulait convaincre les sceptiques d'Old Trafford.<\/p>\n<p>L'attaquant a \u00e9t\u00e9 exhort\u00e9 \u00e0 canaliser la m\u00eame \u201c aura \u201d que Zlatan Ibrahimovic a d\u00e9gag\u00e9e durant son passage en Angleterre, l'argument \u00e9tant que les attaquants d'\u00e9lite ont souvent besoin de cette pointe pour r\u00e9duire les critiques au silence et s'imposer dans les moments d\u00e9cisifs.<\/p>\n<p>Les qualit\u00e9s de Sesko ne sont pas remises en cause, mais le message est clair : la confiance seule ne suffit pas \u00e0 United. On lui a conseill\u00e9 de faire preuve d'une personnalit\u00e9 plus forte sur le terrain, de jouer avec panache, et de montrer clairement qu'il s'attend \u00e0 marquer chaque fois qu'il p\u00e9n\u00e8tre dans la surface.<\/p>\n<p>C'est le type d'attitude qu'Ibrahimovic a \u00e9rig\u00e9 en marque de fabrique sous le maillot de United, utilisant sa pr\u00e9sence autant que ses buts pour mener la ligne et contr\u00f4ler l'ambiance autour du club. Selon cette suggestion, Sesko devrait viser le m\u00eame effet s'il veut s'\u00e9panouir sous les projecteurs qui accompagnent le statut de num\u00e9ro 9 de United.<\/p>\n<p>La surveillance n'\u00e9tant jamais loin \u00e0 Old Trafford, l'appel lanc\u00e9 \u00e0 Sesko est de s'affirmer plus bruyamment, de prendre ses responsabilit\u00e9s dans les phases cl\u00e9s des matchs et de montrer la pointe de cruaut\u00e9 que les supporters exigent d'un avant-centre.<\/p>","protected":false},"excerpt":{"rendered":"<p>Benjamin Sesko has been told he must bring more arrogance to his game at Manchester United if he wants to [&hellip;]<\/p>\n","protected":false},"author":3,"featured_media":7304,"comment_status":"","ping_status":"open","sticky":false,"template":"","format":"standard","meta":{"googlesitekit_rrm_CAow_uzEDA:productID":"","site-sidebar-layout":"default","site-content-layout":"","ast-site-content-layout":"default","site-content-style":"default","site-sidebar-style":"default","ast-global-header-display":"","ast-banner-title-visibility":"","ast-main-header-display":"","ast-hfb-above-header-display":"","ast-hfb-below-header-display":"","ast-hfb-mobile-header-display":"","site-post-title":"","ast-breadcrumbs-content":"","ast-featured-img":"","footer-sml-layout":"","ast-disable-related-posts":"","theme-transparent-header-meta":"","adv-header-id-meta":"","stick-header-meta":"","header-above-stick-meta":"","header-main-stick-meta":"","header-below-stick-meta":"","astra-migrate-meta-layouts":"default","ast-page-background-enabled":"default","ast-page-background-meta":{"desktop":{"background-color":"var(--ast-global-color-5)","background-image":"","background-repeat":"repeat","background-position":"center center","background-size":"auto","background-attachment":"scroll","background-type":"","background-media":"","overlay-type":"","overlay-color":"","overlay-opacity":"","overlay-gradient":""},"tablet":{"background-color":"","background-image":"","background-repeat":"repeat","background-position":"center center","background-size":"auto","background-attachment":"scroll","background-type":"","background-media":"","overlay-type":"","overlay-color":"","overlay-opacity":"","overlay-gradient":""},"mobile":{"background-color":"","background-image":"","background-repeat":"repeat","background-position":"center center","background-size":"auto","background-attachment":"scroll","background-type":"","background-media":"","overlay-type":"","overlay-color":"","overlay-opacity":"","overlay-gradient":""}},"ast-content-background-meta":{"desktop":{"background-color":"var(--ast-global-color-4)","background-image":"","background-repeat":"repeat","background-position":"center center","background-size":"auto","background-attachment":"scroll","background-type":"","background-media":"","overlay-type":"","overlay-color":"","overlay-opacity":"","overlay-gradient":""},"tablet":{"background-color":"var(--ast-global-color-4)","background-image":"","background-repeat":"repeat","background-position":"center center","background-size":"auto","background-attachment":"scroll","background-type":"","background-media":"","overlay-type":"","overlay-color":"","overlay-opacity":"","overlay-gradient":""},"mobile":{"background-color":"var(--ast-global-color-4)","background-image":"","background-repeat":"repeat","background-position":"center center","background-size":"auto","background-attachment":"scroll","background-type":"","background-media":"","overlay-type":"","overlay-color":"","overlay-opacity":"","overlay-gradient":""}},"footnotes":""},"categories":[20,1],"tags":[],"class_list":["post-7305","post","type-post","status-publish","format-standard","has-post-thumbnail","hentry","category-international","category-football-latest-news"],"yoast_head":"<!-- This site is optimized with the Yoast SEO Premium plugin v26.6 (Yoast SEO v27.4) - https:\/\/yoast.com\/product\/yoast-seo-premium-wordpress\/ -->\n<title>Benjamin Sesko urged to channel Zlatan aura at Man Utd - Bladna News<\/title>\n<meta name=\"robots\" content=\"index, follow, max-snippet:-1, max-image-preview:large, max-video-preview:-1\" \/>\n<link rel=\"canonical\" href=\"https:\/\/bladnanews.com\/fr\/benjamin-sesko-exhorte-dadopter-laura-de-zlatan-a-manchester-united\/\" \/>\n<meta property=\"og:locale\" content=\"fr_FR\" \/>\n<meta property=\"og:type\" content=\"article\" \/>\n<meta property=\"og:title\" content=\"Benjamin Sesko urged to channel Zlatan aura at Man Utd\" \/>\n<meta property=\"og:description\" content=\"Benjamin Sesko has been told he must bring more arrogance to his game at Manchester United if he wants to [&hellip;]\" \/>\n<meta property=\"og:url\" content=\"https:\/\/bladnanews.com\/fr\/benjamin-sesko-exhorte-dadopter-laura-de-zlatan-a-manchester-united\/\" \/>\n<meta property=\"og:site_name\" content=\"Bladna News\" \/>\n<meta property=\"article:published_time\" content=\"2026-01-21T20:07:14+00:00\" \/>\n<meta property=\"og:image\" content=\"https:\/\/bladnanews.com\/wp-content\/uploads\/2025\/12\/freepik__bladna-newscom-moroccan-soccer-homepage-banner-mor__41838.png\" \/>\n\t<meta property=\"og:image:width\" content=\"1312\" \/>\n\t<meta property=\"og:image:height\" content=\"736\" \/>\n\t<meta property=\"og:image:type\" content=\"image\/png\" \/>\n<meta name=\"author\" content=\"Bladna News Staff\" \/>\n<meta name=\"twitter:card\" content=\"summary_large_image\" \/>\n<meta name=\"twitter:label1\" content=\"\u00c9crit par\" \/>\n\t<meta name=\"twitter:data1\" content=\"Bladna News Staff\" \/>\n\t<meta name=\"twitter:label2\" content=\"Dur\u00e9e de lecture estim\u00e9e\" \/>\n\t<meta name=\"twitter:data2\" content=\"1 minute\" \/>\n<script type=\"application\/ld+json\" class=\"yoast-schema-graph\">{\"@context\":\"https:\\\/\\\/schema.org\",\"@graph\":[{\"@type\":\"Article\",\"@id\":\"https:\\\/\\\/bladnanews.com\\\/benjamin-sesko-urged-to-channel-zlatan-aura-at-man-utd\\\/#article\",\"isPartOf\":{\"@id\":\"https:\\\/\\\/bladnanews.com\\\/benjamin-sesko-urged-to-channel-zlatan-aura-at-man-utd\\\/\"},\"author\":{\"name\":\"Bladna News Staff\",\"@id\":\"https:\\\/\\\/mediumseagreen-eel-531711.hostingersite.com\\\/#\\\/schema\\\/person\\\/268e18a453ab080ebf76df6ef7845083\"},\"headline\":\"Benjamin Sesko urged to channel Zlatan aura at Man Utd\",\"datePublished\":\"2026-01-21T20:07:14+00:00\",\"mainEntityOfPage\":{\"@id\":\"https:\\\/\\\/bladnanews.com\\\/benjamin-sesko-urged-to-channel-zlatan-aura-at-man-utd\\\/\"},\"wordCount\":215,\"publisher\":{\"@id\":\"https:\\\/\\\/mediumseagreen-eel-531711.hostingersite.com\\\/#organization\"},\"image\":{\"@id\":\"https:\\\/\\\/bladnanews.com\\\/benjamin-sesko-urged-to-channel-zlatan-aura-at-man-utd\\\/#primaryimage\"},\"thumbnailUrl\":\"https:\\\/\\\/bladnanews.com\\\/wp-content\\\/uploads\\\/2026\\\/01\\\/BladnaNews-Benjamin-Sesko-urged-to-channel-Zlatan-aura-at-Man-Utd-2026-01-22T051029.859Z-scaled.jpg\",\"articleSection\":[\"International\",\"Latest News\"],\"inLanguage\":\"fr-FR\",\"copyrightYear\":\"2026\",\"copyrightHolder\":{\"@id\":\"https:\\\/\\\/bladnanews.com\\\/fr\\\/#organization\"}},{\"@type\":\"WebPage\",\"@id\":\"https:\\\/\\\/bladnanews.com\\\/benjamin-sesko-urged-to-channel-zlatan-aura-at-man-utd\\\/\",\"url\":\"https:\\\/\\\/bladnanews.com\\\/benjamin-sesko-urged-to-channel-zlatan-aura-at-man-utd\\\/\",\"name\":\"Benjamin Sesko urged to channel Zlatan aura at Man Utd - Bladna News\",\"isPartOf\":{\"@id\":\"https:\\\/\\\/mediumseagreen-eel-531711.hostingersite.com\\\/#website\"},\"primaryImageOfPage\":{\"@id\":\"https:\\\/\\\/bladnanews.com\\\/benjamin-sesko-urged-to-channel-zlatan-aura-at-man-utd\\\/#primaryimage\"},\"image\":{\"@id\":\"https:\\\/\\\/bladnanews.com\\\/benjamin-sesko-urged-to-channel-zlatan-aura-at-man-utd\\\/#primaryimage\"},\"thumbnailUrl\":\"https:\\\/\\\/bladnanews.com\\\/wp-content\\\/uploads\\\/2026\\\/01\\\/BladnaNews-Benjamin-Sesko-urged-to-channel-Zlatan-aura-at-Man-Utd-2026-01-22T051029.859Z-scaled.jpg\",\"datePublished\":\"2026-01-21T20:07:14+00:00\",\"breadcrumb\":{\"@id\":\"https:\\\/\\\/bladnanews.com\\\/benjamin-sesko-urged-to-channel-zlatan-aura-at-man-utd\\\/#breadcrumb\"},\"inLanguage\":\"fr-FR\",\"potentialAction\":[{\"@type\":\"ReadAction\",\"target\":[\"https:\\\/\\\/bladnanews.com\\\/benjamin-sesko-urged-to-channel-zlatan-aura-at-man-utd\\\/\"]}]},{\"@type\":\"ImageObject\",\"inLanguage\":\"fr-FR\",\"@id\":\"https:\\\/\\\/bladnanews.com\\\/benjamin-sesko-urged-to-channel-zlatan-aura-at-man-utd\\\/#primaryimage\",\"url\":\"https:\\\/\\\/bladnanews.com\\\/wp-content\\\/uploads\\\/2026\\\/01\\\/BladnaNews-Benjamin-Sesko-urged-to-channel-Zlatan-aura-at-Man-Utd-2026-01-22T051029.859Z-scaled.jpg\",\"contentUrl\":\"https:\\\/\\\/bladnanews.com\\\/wp-content\\\/uploads\\\/2026\\\/01\\\/BladnaNews-Benjamin-Sesko-urged-to-channel-Zlatan-aura-at-Man-Utd-2026-01-22T051029.859Z-scaled.jpg\",\"width\":2560,\"height\":1440,\"caption\":\"Benjamin Sesko in a red Manchester United kit, looking contemplative with a visible tattoo on his neck, during a match.\"},{\"@type\":\"BreadcrumbList\",\"@id\":\"https:\\\/\\\/bladnanews.com\\\/benjamin-sesko-urged-to-channel-zlatan-aura-at-man-utd\\\/#breadcrumb\",\"itemListElement\":[{\"@type\":\"ListItem\",\"position\":1,\"name\":\"Home\",\"item\":\"https:\\\/\\\/bladnanews.com\\\/\"},{\"@type\":\"ListItem\",\"position\":2,\"name\":\"Benjamin Sesko urged to channel Zlatan aura at Man Utd\"}]},{\"@type\":\"WebSite\",\"@id\":\"https:\\\/\\\/mediumseagreen-eel-531711.hostingersite.com\\\/#website\",\"url\":\"https:\\\/\\\/mediumseagreen-eel-531711.hostingersite.com\\\/\",\"name\":\"Bladna News - Morocco\",\"description\":\"Where Moroccan Football Meets the World\",\"publisher\":{\"@id\":\"https:\\\/\\\/mediumseagreen-eel-531711.hostingersite.com\\\/#organization\"},\"potentialAction\":[{\"@type\":\"SearchAction\",\"target\":{\"@type\":\"EntryPoint\",\"urlTemplate\":\"https:\\\/\\\/mediumseagreen-eel-531711.hostingersite.com\\\/?s={search_term_string}\"},\"query-input\":{\"@type\":\"PropertyValueSpecification\",\"valueRequired\":true,\"valueName\":\"search_term_string\"}}],\"inLanguage\":\"fr-FR\"},{\"@type\":\"Organization\",\"@id\":\"https:\\\/\\\/mediumseagreen-eel-531711.hostingersite.com\\\/#organization\",\"name\":\"Bladna News.com\",\"url\":\"https:\\\/\\\/mediumseagreen-eel-531711.hostingersite.com\\\/\",\"logo\":{\"@type\":\"ImageObject\",\"inLanguage\":\"fr-FR\",\"@id\":\"https:\\\/\\\/mediumseagreen-eel-531711.hostingersite.com\\\/#\\\/schema\\\/logo\\\/image\\\/\",\"url\":\"https:\\\/\\\/bladnanews.com\\\/wp-content\\\/uploads\\\/2025\\\/12\\\/logo-bladnanews-V2-web-black-red.png\",\"contentUrl\":\"https:\\\/\\\/bladnanews.com\\\/wp-content\\\/uploads\\\/2025\\\/12\\\/logo-bladnanews-V2-web-black-red.png\",\"width\":703,\"height\":287,\"caption\":\"Bladna News.com\"},\"image\":{\"@id\":\"https:\\\/\\\/mediumseagreen-eel-531711.hostingersite.com\\\/#\\\/schema\\\/logo\\\/image\\\/\"},\"email\":\"info@bladnanews.com\",\"legalName\":\"Bladna News\"},{\"@type\":\"Person\",\"@id\":\"https:\\\/\\\/mediumseagreen-eel-531711.hostingersite.com\\\/#\\\/schema\\\/person\\\/268e18a453ab080ebf76df6ef7845083\",\"name\":\"Bladna News Staff\",\"url\":\"https:\\\/\\\/bladnanews.com\\\/fr\\\/author\\\/bladna-news-staff\\\/\"}]}<\/script>\n<!-- \/ Yoast SEO Premium plugin. -->","yoast_head_json":{"title":"Benjamin Sesko exhort\u00e9 \u00e0 canaliser l'aura de Zlatan \u00e0 Manchester United - Bladna News","robots":{"index":"index","follow":"follow","max-snippet":"max-snippet:-1","max-image-preview":"max-image-preview:large","max-video-preview":"max-video-preview:-1"},"canonical":"https:\/\/bladnanews.com\/fr\/benjamin-sesko-exhorte-dadopter-laura-de-zlatan-a-manchester-united\/","og_locale":"fr_FR","og_type":"article","og_title":"Benjamin Sesko urged to channel Zlatan aura at Man Utd","og_description":"Benjamin Sesko has been told he must bring more arrogance to his game at Manchester United if he wants to [&hellip;]","og_url":"https:\/\/bladnanews.com\/fr\/benjamin-sesko-exhorte-dadopter-laura-de-zlatan-a-manchester-united\/","og_site_name":"Bladna News","article_published_time":"2026-01-21T20:07:14+00:00","og_image":[{"width":1312,"height":736,"url":"https:\/\/bladnanews.com\/wp-content\/uploads\/2025\/12\/freepik__bladna-newscom-moroccan-soccer-homepage-banner-mor__41838.png","type":"image\/png"}],"author":"Bladna News Staff","twitter_card":"summary_large_image","twitter_misc":{"\u00c9crit par":"Bladna News Staff","Dur\u00e9e de lecture estim\u00e9e":"1 minute"},"schema":{"@context":"https:\/\/schema.org","@graph":[{"@type":"Article","@id":"https:\/\/bladnanews.com\/benjamin-sesko-urged-to-channel-zlatan-aura-at-man-utd\/#article","isPartOf":{"@id":"https:\/\/bladnanews.com\/benjamin-sesko-urged-to-channel-zlatan-aura-at-man-utd\/"},"author":{"name":"Bladna News Staff","@id":"https:\/\/mediumseagreen-eel-531711.hostingersite.com\/#\/schema\/person\/268e18a453ab080ebf76df6ef7845083"},"headline":"Benjamin Sesko urged to channel Zlatan aura at Man Utd","datePublished":"2026-01-21T20:07:14+00:00","mainEntityOfPage":{"@id":"https:\/\/bladnanews.com\/benjamin-sesko-urged-to-channel-zlatan-aura-at-man-utd\/"},"wordCount":215,"publisher":{"@id":"https:\/\/mediumseagreen-eel-531711.hostingersite.com\/#organization"},"image":{"@id":"https:\/\/bladnanews.com\/benjamin-sesko-urged-to-channel-zlatan-aura-at-man-utd\/#primaryimage"},"thumbnailUrl":"https:\/\/bladnanews.com\/wp-content\/uploads\/2026\/01\/BladnaNews-Benjamin-Sesko-urged-to-channel-Zlatan-aura-at-Man-Utd-2026-01-22T051029.859Z-scaled.jpg","articleSection":["International","Latest News"],"inLanguage":"fr-FR","copyrightYear":"2026","copyrightHolder":{"@id":"https:\/\/bladnanews.com\/fr\/#organization"}},{"@type":"WebPage","@id":"https:\/\/bladnanews.com\/benjamin-sesko-urged-to-channel-zlatan-aura-at-man-utd\/","url":"https:\/\/bladnanews.com\/benjamin-sesko-urged-to-channel-zlatan-aura-at-man-utd\/","name":"Benjamin Sesko exhort\u00e9 \u00e0 canaliser l'aura de Zlatan \u00e0 Manchester United - Bladna News","isPartOf":{"@id":"https:\/\/mediumseagreen-eel-531711.hostingersite.com\/#website"},"primaryImageOfPage":{"@id":"https:\/\/bladnanews.com\/benjamin-sesko-urged-to-channel-zlatan-aura-at-man-utd\/#primaryimage"},"image":{"@id":"https:\/\/bladnanews.com\/benjamin-sesko-urged-to-channel-zlatan-aura-at-man-utd\/#primaryimage"},"thumbnailUrl":"https:\/\/bladnanews.com\/wp-content\/uploads\/2026\/01\/BladnaNews-Benjamin-Sesko-urged-to-channel-Zlatan-aura-at-Man-Utd-2026-01-22T051029.859Z-scaled.jpg","datePublished":"2026-01-21T20:07:14+00:00","breadcrumb":{"@id":"https:\/\/bladnanews.com\/benjamin-sesko-urged-to-channel-zlatan-aura-at-man-utd\/#breadcrumb"},"inLanguage":"fr-FR","potentialAction":[{"@type":"ReadAction","target":["https:\/\/bladnanews.com\/benjamin-sesko-urged-to-channel-zlatan-aura-at-man-utd\/"]}]},{"@type":"ImageObject","inLanguage":"fr-FR","@id":"https:\/\/bladnanews.com\/benjamin-sesko-urged-to-channel-zlatan-aura-at-man-utd\/#primaryimage","url":"https:\/\/bladnanews.com\/wp-content\/uploads\/2026\/01\/BladnaNews-Benjamin-Sesko-urged-to-channel-Zlatan-aura-at-Man-Utd-2026-01-22T051029.859Z-scaled.jpg","contentUrl":"https:\/\/bladnanews.com\/wp-content\/uploads\/2026\/01\/BladnaNews-Benjamin-Sesko-urged-to-channel-Zlatan-aura-at-Man-Utd-2026-01-22T051029.859Z-scaled.jpg","width":2560,"height":1440,"caption":"Benjamin Sesko in a red Manchester United kit, looking contemplative with a visible tattoo on his neck, during a match."},{"@type":"BreadcrumbList","@id":"https:\/\/bladnanews.com\/benjamin-sesko-urged-to-channel-zlatan-aura-at-man-utd\/#breadcrumb","itemListElement":[{"@type":"ListItem","position":1,"name":"Home","item":"https:\/\/bladnanews.com\/"},{"@type":"ListItem","position":2,"name":"Benjamin Sesko urged to channel Zlatan aura at Man Utd"}]},{"@type":"WebSite","@id":"https:\/\/mediumseagreen-eel-531711.hostingersite.com\/#website","url":"https:\/\/mediumseagreen-eel-531711.hostingersite.com\/","name":"Bladna News - Maroc","description":"Quand le football marocain rencontre le monde","publisher":{"@id":"https:\/\/mediumseagreen-eel-531711.hostingersite.com\/#organization"},"potentialAction":[{"@type":"SearchAction","target":{"@type":"EntryPoint","urlTemplate":"https:\/\/mediumseagreen-eel-531711.hostingersite.com\/?s={search_term_string}"},"query-input":{"@type":"PropertyValueSpecification","valueRequired":true,"valueName":"search_term_string"}}],"inLanguage":"fr-FR"},{"@type":"Organization","@id":"https:\/\/mediumseagreen-eel-531711.hostingersite.com\/#organization","name":"Bladna News.com","url":"https:\/\/mediumseagreen-eel-531711.hostingersite.com\/","logo":{"@type":"ImageObject","inLanguage":"fr-FR","@id":"https:\/\/mediumseagreen-eel-531711.hostingersite.com\/#\/schema\/logo\/image\/","url":"https:\/\/bladnanews.com\/wp-content\/uploads\/2025\/12\/logo-bladnanews-V2-web-black-red.png","contentUrl":"https:\/\/bladnanews.com\/wp-content\/uploads\/2025\/12\/logo-bladnanews-V2-web-black-red.png","width":703,"height":287,"caption":"Bladna News.com"},"image":{"@id":"https:\/\/mediumseagreen-eel-531711.hostingersite.com\/#\/schema\/logo\/image\/"},"email":"info@bladnanews.com","legalName":"Bladna News"},{"@type":"Person","@id":"https:\/\/mediumseagreen-eel-531711.hostingersite.com\/#\/schema\/person\/268e18a453ab080ebf76df6ef7845083","name":"\u00c9quipe r\u00e9dactionnelle de Bladna News","url":"https:\/\/bladnanews.com\/fr\/author\/bladna-news-staff\/"}]}},"_links":{"self":[{"href":"https:\/\/bladnanews.com\/fr\/wp-json\/wp\/v2\/posts\/7305","targetHints":{"allow":["GET"]}}],"collection":[{"href":"https:\/\/bladnanews.com\/fr\/wp-json\/wp\/v2\/posts"}],"about":[{"href":"https:\/\/bladnanews.com\/fr\/wp-json\/wp\/v2\/types\/post"}],"author":[{"embeddable":true,"href":"https:\/\/bladnanews.com\/fr\/wp-json\/wp\/v2\/users\/3"}],"replies":[{"embeddable":true,"href":"https:\/\/bladnanews.com\/fr\/wp-json\/wp\/v2\/comments?post=7305"}],"version-history":[{"count":0,"href":"https:\/\/bladnanews.com\/fr\/wp-json\/wp\/v2\/posts\/7305\/revisions"}],"wp:featuredmedia":[{"embeddable":true,"href":"https:\/\/bladnanews.com\/fr\/wp-json\/wp\/v2\/media\/7304"}],"wp:attachment":[{"href":"https:\/\/bladnanews.com\/fr\/wp-json\/wp\/v2\/media?parent=7305"}],"wp:term":[{"taxonomy":"category","embeddable":true,"href":"https:\/\/bladnanews.com\/fr\/wp-json\/wp\/v2\/categories?post=7305"},{"taxonomy":"post_tag","embeddable":true,"href":"https:\/\/bladnanews.com\/fr\/wp-json\/wp\/v2\/tags?post=7305"}],"curies":[{"name":"wp","href":"https:\/\/api.w.org\/{rel}","templated":true}]}}