{"id":7309,"date":"2026-01-21T20:26:00","date_gmt":"2026-01-21T20:26:00","guid":{"rendered":"https:\/\/bladnanews.com\/man-utd-legend-says-it-is-time-for-maguire-and-shaw-to-go\/"},"modified":"2026-01-21T20:26:00","modified_gmt":"2026-01-21T20:26:00","slug":"une-legende-de-manchester-united-affirme-quil-est-temps-pour-maguire-et-shaw-de-partir","status":"publish","type":"post","link":"https:\/\/bladnanews.com\/fr\/une-legende-de-manchester-united-affirme-quil-est-temps-pour-maguire-et-shaw-de-partir\/","title":{"rendered":"Une l\u00e9gende de Manchester United affirme qu'il est temps pour Maguire et Shaw de partir."},"content":{"rendered":"<p>L'ancien milieu de terrain de Manchester United, Paul Scholes, a \u00e9mis un verdict sans d\u00e9tour sur Harry Maguire et Luke Shaw, d\u00e9clarant qu'il \u00e9tait temps pour les deux joueurs de passer \u00e0 autre chose et s'interrogeant sur les raisons de leur maintien au club.<\/p>\n<p>Les propos de Scholes sont intervenus lors d'une diatribe vigoureuse dans laquelle il \u00e9voquait les probl\u00e8mes persistants de United et le manque de progr\u00e8s dans des secteurs cl\u00e9s de l'effectif. La l\u00e9gende du club a clairement indiqu\u00e9 qu'il ne consid\u00e9rait pas Maguire ou Shaw comme faisant partie de la solution, malgr\u00e9 leur exp\u00e9rience et leur anciennet\u00e9 \u00e0 Old Trafford.<\/p>\n<p><strong>\u201c Le fait qu'ils soient encore ici est une plaisanterie ! \u201d<\/strong> a d\u00e9clar\u00e9 Scholes, soulignant la n\u00e9cessit\u00e9 de changements majeurs et d'un renouvellement plus rapide.<\/p>\n<p>L'ancien international anglais du milieu de terrain a soutenu que United avait \u00e9t\u00e9 trop lent \u00e0 se s\u00e9parer de joueurs et \u00e0 rajeunir le groupe, sugg\u00e9rant que des probl\u00e8mes persistants ont frein\u00e9 l'\u00e9quipe ces derni\u00e8res saisons.<\/p>\n<p>La critique de Scholes visait la situation globale autant que les individus, mais son message concernant Maguire et Shaw \u00e9tait clair. Il estime que United doit faire preuve de plus de fermet\u00e9 s'il veut retrouver la comp\u00e9tition au plus haut niveau, et il a insist\u00e9 sur la n\u00e9cessit\u00e9 pour le club de prendre des d\u00e9cisions difficiles plut\u00f4t que de laisser les m\u00eames probl\u00e8mes se r\u00e9p\u00e9ter.<\/p>\n<p>Ces commentaires ajouteront \u00e0 la pression qui p\u00e8se d\u00e9j\u00e0 sur Maguire et Shaw, tous deux restant des figures marquantes d'un effectif qui cherche encore la r\u00e9gularit\u00e9. Pour Scholes, le changement ne peut plus \u00eatre retard\u00e9, et il estime que United doit agir avec d\u00e9termination pour se s\u00e9parer de joueurs qui, selon lui, ne devraient plus \u00eatre au club.<\/p>","protected":false},"excerpt":{"rendered":"<p>Former Manchester United midfielder Paul Scholes has delivered a blunt verdict on Harry Maguire and Luke Shaw, saying it is [&hellip;]<\/p>\n","protected":false},"author":3,"featured_media":7308,"comment_status":"","ping_status":"open","sticky":false,"template":"","format":"standard","meta":{"googlesitekit_rrm_CAow_uzEDA:productID":"","site-sidebar-layout":"default","site-content-layout":"","ast-site-content-layout":"default","site-content-style":"default","site-sidebar-style":"default","ast-global-header-display":"","ast-banner-title-visibility":"","ast-main-header-display":"","ast-hfb-above-header-display":"","ast-hfb-below-header-display":"","ast-hfb-mobile-header-display":"","site-post-title":"","ast-breadcrumbs-content":"","ast-featured-img":"","footer-sml-layout":"","ast-disable-related-posts":"","theme-transparent-header-meta":"","adv-header-id-meta":"","stick-header-meta":"","header-above-stick-meta":"","header-main-stick-meta":"","header-below-stick-meta":"","astra-migrate-meta-layouts":"default","ast-page-background-enabled":"default","ast-page-background-meta":{"desktop":{"background-color":"var(--ast-global-color-5)","background-image":"","background-repeat":"repeat","background-position":"center center","background-size":"auto","background-attachment":"scroll","background-type":"","background-media":"","overlay-type":"","overlay-color":"","overlay-opacity":"","overlay-gradient":""},"tablet":{"background-color":"","background-image":"","background-repeat":"repeat","background-position":"center center","background-size":"auto","background-attachment":"scroll","background-type":"","background-media":"","overlay-type":"","overlay-color":"","overlay-opacity":"","overlay-gradient":""},"mobile":{"background-color":"","background-image":"","background-repeat":"repeat","background-position":"center center","background-size":"auto","background-attachment":"scroll","background-type":"","background-media":"","overlay-type":"","overlay-color":"","overlay-opacity":"","overlay-gradient":""}},"ast-content-background-meta":{"desktop":{"background-color":"var(--ast-global-color-4)","background-image":"","background-repeat":"repeat","background-position":"center center","background-size":"auto","background-attachment":"scroll","background-type":"","background-media":"","overlay-type":"","overlay-color":"","overlay-opacity":"","overlay-gradient":""},"tablet":{"background-color":"var(--ast-global-color-4)","background-image":"","background-repeat":"repeat","background-position":"center center","background-size":"auto","background-attachment":"scroll","background-type":"","background-media":"","overlay-type":"","overlay-color":"","overlay-opacity":"","overlay-gradient":""},"mobile":{"background-color":"var(--ast-global-color-4)","background-image":"","background-repeat":"repeat","background-position":"center center","background-size":"auto","background-attachment":"scroll","background-type":"","background-media":"","overlay-type":"","overlay-color":"","overlay-opacity":"","overlay-gradient":""}},"footnotes":""},"categories":[20,1],"tags":[],"class_list":["post-7309","post","type-post","status-publish","format-standard","has-post-thumbnail","hentry","category-international","category-football-latest-news"],"yoast_head":"<!-- This site is optimized with the Yoast SEO Premium plugin v26.6 (Yoast SEO v27.4) - https:\/\/yoast.com\/product\/yoast-seo-premium-wordpress\/ -->\n<title>Man Utd legend says it is time for Maguire and Shaw to go - Bladna News<\/title>\n<meta name=\"robots\" content=\"index, follow, max-snippet:-1, max-image-preview:large, max-video-preview:-1\" \/>\n<link rel=\"canonical\" href=\"https:\/\/bladnanews.com\/fr\/une-legende-de-manchester-united-affirme-quil-est-temps-pour-maguire-et-shaw-de-partir\/\" \/>\n<meta property=\"og:locale\" content=\"fr_FR\" \/>\n<meta property=\"og:type\" content=\"article\" \/>\n<meta property=\"og:title\" content=\"Man Utd legend says it is time for Maguire and Shaw to go\" \/>\n<meta property=\"og:description\" content=\"Former Manchester United midfielder Paul Scholes has delivered a blunt verdict on Harry Maguire and Luke Shaw, saying it is [&hellip;]\" \/>\n<meta property=\"og:url\" content=\"https:\/\/bladnanews.com\/fr\/une-legende-de-manchester-united-affirme-quil-est-temps-pour-maguire-et-shaw-de-partir\/\" \/>\n<meta property=\"og:site_name\" content=\"Bladna News\" \/>\n<meta property=\"article:published_time\" content=\"2026-01-21T20:26:00+00:00\" \/>\n<meta property=\"og:image\" content=\"https:\/\/bladnanews.com\/wp-content\/uploads\/2025\/12\/freepik__bladna-newscom-moroccan-soccer-homepage-banner-mor__41838.png\" \/>\n\t<meta property=\"og:image:width\" content=\"1312\" \/>\n\t<meta property=\"og:image:height\" content=\"736\" \/>\n\t<meta property=\"og:image:type\" content=\"image\/png\" \/>\n<meta name=\"author\" content=\"Bladna News Staff\" \/>\n<meta name=\"twitter:card\" content=\"summary_large_image\" \/>\n<meta name=\"twitter:label1\" content=\"\u00c9crit par\" \/>\n\t<meta name=\"twitter:data1\" content=\"Bladna News Staff\" \/>\n\t<meta name=\"twitter:label2\" content=\"Dur\u00e9e de lecture estim\u00e9e\" \/>\n\t<meta name=\"twitter:data2\" content=\"1 minute\" \/>\n<script type=\"application\/ld+json\" class=\"yoast-schema-graph\">{\"@context\":\"https:\\\/\\\/schema.org\",\"@graph\":[{\"@type\":\"Article\",\"@id\":\"https:\\\/\\\/bladnanews.com\\\/man-utd-legend-says-it-is-time-for-maguire-and-shaw-to-go\\\/#article\",\"isPartOf\":{\"@id\":\"https:\\\/\\\/bladnanews.com\\\/man-utd-legend-says-it-is-time-for-maguire-and-shaw-to-go\\\/\"},\"author\":{\"name\":\"Bladna News Staff\",\"@id\":\"https:\\\/\\\/mediumseagreen-eel-531711.hostingersite.com\\\/#\\\/schema\\\/person\\\/268e18a453ab080ebf76df6ef7845083\"},\"headline\":\"Man Utd legend says it is time for Maguire and Shaw to go\",\"datePublished\":\"2026-01-21T20:26:00+00:00\",\"mainEntityOfPage\":{\"@id\":\"https:\\\/\\\/bladnanews.com\\\/man-utd-legend-says-it-is-time-for-maguire-and-shaw-to-go\\\/\"},\"wordCount\":275,\"publisher\":{\"@id\":\"https:\\\/\\\/mediumseagreen-eel-531711.hostingersite.com\\\/#organization\"},\"image\":{\"@id\":\"https:\\\/\\\/bladnanews.com\\\/man-utd-legend-says-it-is-time-for-maguire-and-shaw-to-go\\\/#primaryimage\"},\"thumbnailUrl\":\"https:\\\/\\\/bladnanews.com\\\/wp-content\\\/uploads\\\/2026\\\/01\\\/BladnaNews-Man-Utd-legend-says-it-is-time-for-Maguire-and-Shaw-to-go-2026-01-22T090932.791Z.jpg\",\"articleSection\":[\"International\",\"Latest News\"],\"inLanguage\":\"fr-FR\",\"copyrightYear\":\"2026\",\"copyrightHolder\":{\"@id\":\"https:\\\/\\\/bladnanews.com\\\/fr\\\/#organization\"}},{\"@type\":\"WebPage\",\"@id\":\"https:\\\/\\\/bladnanews.com\\\/man-utd-legend-says-it-is-time-for-maguire-and-shaw-to-go\\\/\",\"url\":\"https:\\\/\\\/bladnanews.com\\\/man-utd-legend-says-it-is-time-for-maguire-and-shaw-to-go\\\/\",\"name\":\"Man Utd legend says it is time for Maguire and Shaw to go - Bladna News\",\"isPartOf\":{\"@id\":\"https:\\\/\\\/mediumseagreen-eel-531711.hostingersite.com\\\/#website\"},\"primaryImageOfPage\":{\"@id\":\"https:\\\/\\\/bladnanews.com\\\/man-utd-legend-says-it-is-time-for-maguire-and-shaw-to-go\\\/#primaryimage\"},\"image\":{\"@id\":\"https:\\\/\\\/bladnanews.com\\\/man-utd-legend-says-it-is-time-for-maguire-and-shaw-to-go\\\/#primaryimage\"},\"thumbnailUrl\":\"https:\\\/\\\/bladnanews.com\\\/wp-content\\\/uploads\\\/2026\\\/01\\\/BladnaNews-Man-Utd-legend-says-it-is-time-for-Maguire-and-Shaw-to-go-2026-01-22T090932.791Z.jpg\",\"datePublished\":\"2026-01-21T20:26:00+00:00\",\"breadcrumb\":{\"@id\":\"https:\\\/\\\/bladnanews.com\\\/man-utd-legend-says-it-is-time-for-maguire-and-shaw-to-go\\\/#breadcrumb\"},\"inLanguage\":\"fr-FR\",\"potentialAction\":[{\"@type\":\"ReadAction\",\"target\":[\"https:\\\/\\\/bladnanews.com\\\/man-utd-legend-says-it-is-time-for-maguire-and-shaw-to-go\\\/\"]}]},{\"@type\":\"ImageObject\",\"inLanguage\":\"fr-FR\",\"@id\":\"https:\\\/\\\/bladnanews.com\\\/man-utd-legend-says-it-is-time-for-maguire-and-shaw-to-go\\\/#primaryimage\",\"url\":\"https:\\\/\\\/bladnanews.com\\\/wp-content\\\/uploads\\\/2026\\\/01\\\/BladnaNews-Man-Utd-legend-says-it-is-time-for-Maguire-and-Shaw-to-go-2026-01-22T090932.791Z.jpg\",\"contentUrl\":\"https:\\\/\\\/bladnanews.com\\\/wp-content\\\/uploads\\\/2026\\\/01\\\/BladnaNews-Man-Utd-legend-says-it-is-time-for-Maguire-and-Shaw-to-go-2026-01-22T090932.791Z.jpg\",\"width\":1920,\"height\":1080,\"caption\":\"Harry Maguire and Luke Shaw in Manchester United's red kit, both displaying focused expressions during a match action scene.\"},{\"@type\":\"BreadcrumbList\",\"@id\":\"https:\\\/\\\/bladnanews.com\\\/man-utd-legend-says-it-is-time-for-maguire-and-shaw-to-go\\\/#breadcrumb\",\"itemListElement\":[{\"@type\":\"ListItem\",\"position\":1,\"name\":\"Home\",\"item\":\"https:\\\/\\\/bladnanews.com\\\/\"},{\"@type\":\"ListItem\",\"position\":2,\"name\":\"Man Utd legend says it is time for Maguire and Shaw to go\"}]},{\"@type\":\"WebSite\",\"@id\":\"https:\\\/\\\/mediumseagreen-eel-531711.hostingersite.com\\\/#website\",\"url\":\"https:\\\/\\\/mediumseagreen-eel-531711.hostingersite.com\\\/\",\"name\":\"Bladna News - Morocco\",\"description\":\"Where Moroccan Football Meets the World\",\"publisher\":{\"@id\":\"https:\\\/\\\/mediumseagreen-eel-531711.hostingersite.com\\\/#organization\"},\"potentialAction\":[{\"@type\":\"SearchAction\",\"target\":{\"@type\":\"EntryPoint\",\"urlTemplate\":\"https:\\\/\\\/mediumseagreen-eel-531711.hostingersite.com\\\/?s={search_term_string}\"},\"query-input\":{\"@type\":\"PropertyValueSpecification\",\"valueRequired\":true,\"valueName\":\"search_term_string\"}}],\"inLanguage\":\"fr-FR\"},{\"@type\":\"Organization\",\"@id\":\"https:\\\/\\\/mediumseagreen-eel-531711.hostingersite.com\\\/#organization\",\"name\":\"Bladna News.com\",\"url\":\"https:\\\/\\\/mediumseagreen-eel-531711.hostingersite.com\\\/\",\"logo\":{\"@type\":\"ImageObject\",\"inLanguage\":\"fr-FR\",\"@id\":\"https:\\\/\\\/mediumseagreen-eel-531711.hostingersite.com\\\/#\\\/schema\\\/logo\\\/image\\\/\",\"url\":\"https:\\\/\\\/bladnanews.com\\\/wp-content\\\/uploads\\\/2025\\\/12\\\/logo-bladnanews-V2-web-black-red.png\",\"contentUrl\":\"https:\\\/\\\/bladnanews.com\\\/wp-content\\\/uploads\\\/2025\\\/12\\\/logo-bladnanews-V2-web-black-red.png\",\"width\":703,\"height\":287,\"caption\":\"Bladna News.com\"},\"image\":{\"@id\":\"https:\\\/\\\/mediumseagreen-eel-531711.hostingersite.com\\\/#\\\/schema\\\/logo\\\/image\\\/\"},\"email\":\"info@bladnanews.com\",\"legalName\":\"Bladna News\"},{\"@type\":\"Person\",\"@id\":\"https:\\\/\\\/mediumseagreen-eel-531711.hostingersite.com\\\/#\\\/schema\\\/person\\\/268e18a453ab080ebf76df6ef7845083\",\"name\":\"Bladna News Staff\",\"url\":\"https:\\\/\\\/bladnanews.com\\\/fr\\\/author\\\/bladna-news-staff\\\/\"}]}<\/script>\n<!-- \/ Yoast SEO Premium plugin. -->","yoast_head_json":{"title":"Une l\u00e9gende de Manchester United affirme qu'il est temps pour Maguire et Shaw de partir - Bladna News","robots":{"index":"index","follow":"follow","max-snippet":"max-snippet:-1","max-image-preview":"max-image-preview:large","max-video-preview":"max-video-preview:-1"},"canonical":"https:\/\/bladnanews.com\/fr\/une-legende-de-manchester-united-affirme-quil-est-temps-pour-maguire-et-shaw-de-partir\/","og_locale":"fr_FR","og_type":"article","og_title":"Man Utd legend says it is time for Maguire and Shaw to go","og_description":"Former Manchester United midfielder Paul Scholes has delivered a blunt verdict on Harry Maguire and Luke Shaw, saying it is [&hellip;]","og_url":"https:\/\/bladnanews.com\/fr\/une-legende-de-manchester-united-affirme-quil-est-temps-pour-maguire-et-shaw-de-partir\/","og_site_name":"Bladna News","article_published_time":"2026-01-21T20:26:00+00:00","og_image":[{"width":1312,"height":736,"url":"https:\/\/bladnanews.com\/wp-content\/uploads\/2025\/12\/freepik__bladna-newscom-moroccan-soccer-homepage-banner-mor__41838.png","type":"image\/png"}],"author":"Bladna News Staff","twitter_card":"summary_large_image","twitter_misc":{"\u00c9crit par":"Bladna News Staff","Dur\u00e9e de lecture estim\u00e9e":"1 minute"},"schema":{"@context":"https:\/\/schema.org","@graph":[{"@type":"Article","@id":"https:\/\/bladnanews.com\/man-utd-legend-says-it-is-time-for-maguire-and-shaw-to-go\/#article","isPartOf":{"@id":"https:\/\/bladnanews.com\/man-utd-legend-says-it-is-time-for-maguire-and-shaw-to-go\/"},"author":{"name":"Bladna News Staff","@id":"https:\/\/mediumseagreen-eel-531711.hostingersite.com\/#\/schema\/person\/268e18a453ab080ebf76df6ef7845083"},"headline":"Man Utd legend says it is time for Maguire and Shaw to go","datePublished":"2026-01-21T20:26:00+00:00","mainEntityOfPage":{"@id":"https:\/\/bladnanews.com\/man-utd-legend-says-it-is-time-for-maguire-and-shaw-to-go\/"},"wordCount":275,"publisher":{"@id":"https:\/\/mediumseagreen-eel-531711.hostingersite.com\/#organization"},"image":{"@id":"https:\/\/bladnanews.com\/man-utd-legend-says-it-is-time-for-maguire-and-shaw-to-go\/#primaryimage"},"thumbnailUrl":"https:\/\/bladnanews.com\/wp-content\/uploads\/2026\/01\/BladnaNews-Man-Utd-legend-says-it-is-time-for-Maguire-and-Shaw-to-go-2026-01-22T090932.791Z.jpg","articleSection":["International","Latest News"],"inLanguage":"fr-FR","copyrightYear":"2026","copyrightHolder":{"@id":"https:\/\/bladnanews.com\/fr\/#organization"}},{"@type":"WebPage","@id":"https:\/\/bladnanews.com\/man-utd-legend-says-it-is-time-for-maguire-and-shaw-to-go\/","url":"https:\/\/bladnanews.com\/man-utd-legend-says-it-is-time-for-maguire-and-shaw-to-go\/","name":"Une l\u00e9gende de Manchester United affirme qu'il est temps pour Maguire et Shaw de partir - Bladna News","isPartOf":{"@id":"https:\/\/mediumseagreen-eel-531711.hostingersite.com\/#website"},"primaryImageOfPage":{"@id":"https:\/\/bladnanews.com\/man-utd-legend-says-it-is-time-for-maguire-and-shaw-to-go\/#primaryimage"},"image":{"@id":"https:\/\/bladnanews.com\/man-utd-legend-says-it-is-time-for-maguire-and-shaw-to-go\/#primaryimage"},"thumbnailUrl":"https:\/\/bladnanews.com\/wp-content\/uploads\/2026\/01\/BladnaNews-Man-Utd-legend-says-it-is-time-for-Maguire-and-Shaw-to-go-2026-01-22T090932.791Z.jpg","datePublished":"2026-01-21T20:26:00+00:00","breadcrumb":{"@id":"https:\/\/bladnanews.com\/man-utd-legend-says-it-is-time-for-maguire-and-shaw-to-go\/#breadcrumb"},"inLanguage":"fr-FR","potentialAction":[{"@type":"ReadAction","target":["https:\/\/bladnanews.com\/man-utd-legend-says-it-is-time-for-maguire-and-shaw-to-go\/"]}]},{"@type":"ImageObject","inLanguage":"fr-FR","@id":"https:\/\/bladnanews.com\/man-utd-legend-says-it-is-time-for-maguire-and-shaw-to-go\/#primaryimage","url":"https:\/\/bladnanews.com\/wp-content\/uploads\/2026\/01\/BladnaNews-Man-Utd-legend-says-it-is-time-for-Maguire-and-Shaw-to-go-2026-01-22T090932.791Z.jpg","contentUrl":"https:\/\/bladnanews.com\/wp-content\/uploads\/2026\/01\/BladnaNews-Man-Utd-legend-says-it-is-time-for-Maguire-and-Shaw-to-go-2026-01-22T090932.791Z.jpg","width":1920,"height":1080,"caption":"Harry Maguire and Luke Shaw in Manchester United's red kit, both displaying focused expressions during a match action scene."},{"@type":"BreadcrumbList","@id":"https:\/\/bladnanews.com\/man-utd-legend-says-it-is-time-for-maguire-and-shaw-to-go\/#breadcrumb","itemListElement":[{"@type":"ListItem","position":1,"name":"Home","item":"https:\/\/bladnanews.com\/"},{"@type":"ListItem","position":2,"name":"Man Utd legend says it is time for Maguire and Shaw to go"}]},{"@type":"WebSite","@id":"https:\/\/mediumseagreen-eel-531711.hostingersite.com\/#website","url":"https:\/\/mediumseagreen-eel-531711.hostingersite.com\/","name":"Bladna News - Maroc","description":"Quand le football marocain rencontre le monde","publisher":{"@id":"https:\/\/mediumseagreen-eel-531711.hostingersite.com\/#organization"},"potentialAction":[{"@type":"SearchAction","target":{"@type":"EntryPoint","urlTemplate":"https:\/\/mediumseagreen-eel-531711.hostingersite.com\/?s={search_term_string}"},"query-input":{"@type":"PropertyValueSpecification","valueRequired":true,"valueName":"search_term_string"}}],"inLanguage":"fr-FR"},{"@type":"Organization","@id":"https:\/\/mediumseagreen-eel-531711.hostingersite.com\/#organization","name":"Bladna News.com","url":"https:\/\/mediumseagreen-eel-531711.hostingersite.com\/","logo":{"@type":"ImageObject","inLanguage":"fr-FR","@id":"https:\/\/mediumseagreen-eel-531711.hostingersite.com\/#\/schema\/logo\/image\/","url":"https:\/\/bladnanews.com\/wp-content\/uploads\/2025\/12\/logo-bladnanews-V2-web-black-red.png","contentUrl":"https:\/\/bladnanews.com\/wp-content\/uploads\/2025\/12\/logo-bladnanews-V2-web-black-red.png","width":703,"height":287,"caption":"Bladna News.com"},"image":{"@id":"https:\/\/mediumseagreen-eel-531711.hostingersite.com\/#\/schema\/logo\/image\/"},"email":"info@bladnanews.com","legalName":"Bladna News"},{"@type":"Person","@id":"https:\/\/mediumseagreen-eel-531711.hostingersite.com\/#\/schema\/person\/268e18a453ab080ebf76df6ef7845083","name":"\u00c9quipe r\u00e9dactionnelle de Bladna News","url":"https:\/\/bladnanews.com\/fr\/author\/bladna-news-staff\/"}]}},"_links":{"self":[{"href":"https:\/\/bladnanews.com\/fr\/wp-json\/wp\/v2\/posts\/7309","targetHints":{"allow":["GET"]}}],"collection":[{"href":"https:\/\/bladnanews.com\/fr\/wp-json\/wp\/v2\/posts"}],"about":[{"href":"https:\/\/bladnanews.com\/fr\/wp-json\/wp\/v2\/types\/post"}],"author":[{"embeddable":true,"href":"https:\/\/bladnanews.com\/fr\/wp-json\/wp\/v2\/users\/3"}],"replies":[{"embeddable":true,"href":"https:\/\/bladnanews.com\/fr\/wp-json\/wp\/v2\/comments?post=7309"}],"version-history":[{"count":0,"href":"https:\/\/bladnanews.com\/fr\/wp-json\/wp\/v2\/posts\/7309\/revisions"}],"wp:featuredmedia":[{"embeddable":true,"href":"https:\/\/bladnanews.com\/fr\/wp-json\/wp\/v2\/media\/7308"}],"wp:attachment":[{"href":"https:\/\/bladnanews.com\/fr\/wp-json\/wp\/v2\/media?parent=7309"}],"wp:term":[{"taxonomy":"category","embeddable":true,"href":"https:\/\/bladnanews.com\/fr\/wp-json\/wp\/v2\/categories?post=7309"},{"taxonomy":"post_tag","embeddable":true,"href":"https:\/\/bladnanews.com\/fr\/wp-json\/wp\/v2\/tags?post=7309"}],"curies":[{"name":"wp","href":"https:\/\/api.w.org\/{rel}","templated":true}]}}