{"id":7357,"date":"2026-01-22T09:50:02","date_gmt":"2026-01-22T09:50:02","guid":{"rendered":"https:\/\/bladnanews.com\/tuchel-urged-to-pick-premier-league-midfielder-for-england-squad\/"},"modified":"2026-01-22T09:50:02","modified_gmt":"2026-01-22T09:50:02","slug":"tuchel-exhorte-a-selectionner-un-milieu-de-terrain-de-premier-league-pour-lequipe-dangleterre","status":"publish","type":"post","link":"https:\/\/bladnanews.com\/fr\/tuchel-exhorte-a-selectionner-un-milieu-de-terrain-de-premier-league-pour-lequipe-dangleterre\/","title":{"rendered":"Tuchel exhort\u00e9 \u00e0 s\u00e9lectionner un milieu de terrain de Premier League pour l'\u00e9quipe d'Angleterre"},"content":{"rendered":"<p>Thomas Tuchel est vivement encourag\u00e9 \u00e0 int\u00e9grer le milieu de terrain de Crystal Palace, Adam Wharton, dans ses plans pour l'\u00e9quipe d'Angleterre, et ce, bien que le joueur de 21 ans n'ait disput\u00e9 aucune minute lors des trois derniers matchs internationaux.<\/p>\n<p>Cet appel vient de l'ancien attaquant de Premier League Darren Bent, qui estime que Wharton a suffisamment fait au niveau de son club pour m\u00e9riter une place r\u00e9guli\u00e8re dans le groupe, alors que Tuchel fa\u00e7onne son effectif en vue de la Coupe du Monde.<\/p>\n<p>Wharton a \u00e9t\u00e9 inclus dans le groupe mais a observ\u00e9 les r\u00e9cents matchs depuis le banc, l'Angleterre ayant opt\u00e9 pour d'autres choix au milieu de terrain. Ce manque de temps de jeu n'a pas modifi\u00e9 l'avis de Bent, l'ancien attaquant insistant sur le fait que Tuchel devrait maintenir sa confiance en l'homme de Palace.<\/p>\n<p>\u201c Sans aucune h\u00e9sitation \u201d, a d\u00e9clar\u00e9 Bent lorsqu'on lui a demand\u00e9 si Wharton devait \u00eatre s\u00e9lectionn\u00e9. \u201c Il doit faire le voyage. \u201d<\/p>\n<p>Wharton a impressionn\u00e9 depuis son arriv\u00e9e \u00e0 Selhurst Park et s'est rapidement forg\u00e9 une r\u00e9putation pour sa qualit\u00e9 de passe et son calme en possession du ballon, ce qui maintient son nom dans les discussions concernant les options au milieu de terrain pour l'Angleterre.<\/p>\n<p>Tuchel, qui dirige d\u00e9sormais l'Angleterre, devrait \u00e9valuer son effectif avec soin, cherchant \u00e0 trouver le bon \u00e9quilibre entre exp\u00e9rience et forme pour les d\u00e9fis \u00e0 venir. Le message de Bent est clair : Wharton devrait faire partie de ce groupe, m\u00eame si ses r\u00e9centes minutes sous le maillot anglais ont \u00e9t\u00e9 limit\u00e9es.<\/p>","protected":false},"excerpt":{"rendered":"<p>Thomas Tuchel has been urged to include Crystal Palace midfielder Adam Wharton in his England plans, despite the 21-year-old not [&hellip;]<\/p>\n","protected":false},"author":3,"featured_media":7356,"comment_status":"","ping_status":"open","sticky":false,"template":"","format":"standard","meta":{"googlesitekit_rrm_CAow_uzEDA:productID":"","site-sidebar-layout":"default","site-content-layout":"","ast-site-content-layout":"default","site-content-style":"default","site-sidebar-style":"default","ast-global-header-display":"","ast-banner-title-visibility":"","ast-main-header-display":"","ast-hfb-above-header-display":"","ast-hfb-below-header-display":"","ast-hfb-mobile-header-display":"","site-post-title":"","ast-breadcrumbs-content":"","ast-featured-img":"","footer-sml-layout":"","ast-disable-related-posts":"","theme-transparent-header-meta":"","adv-header-id-meta":"","stick-header-meta":"","header-above-stick-meta":"","header-main-stick-meta":"","header-below-stick-meta":"","astra-migrate-meta-layouts":"default","ast-page-background-enabled":"default","ast-page-background-meta":{"desktop":{"background-color":"var(--ast-global-color-5)","background-image":"","background-repeat":"repeat","background-position":"center center","background-size":"auto","background-attachment":"scroll","background-type":"","background-media":"","overlay-type":"","overlay-color":"","overlay-opacity":"","overlay-gradient":""},"tablet":{"background-color":"","background-image":"","background-repeat":"repeat","background-position":"center center","background-size":"auto","background-attachment":"scroll","background-type":"","background-media":"","overlay-type":"","overlay-color":"","overlay-opacity":"","overlay-gradient":""},"mobile":{"background-color":"","background-image":"","background-repeat":"repeat","background-position":"center center","background-size":"auto","background-attachment":"scroll","background-type":"","background-media":"","overlay-type":"","overlay-color":"","overlay-opacity":"","overlay-gradient":""}},"ast-content-background-meta":{"desktop":{"background-color":"var(--ast-global-color-4)","background-image":"","background-repeat":"repeat","background-position":"center center","background-size":"auto","background-attachment":"scroll","background-type":"","background-media":"","overlay-type":"","overlay-color":"","overlay-opacity":"","overlay-gradient":""},"tablet":{"background-color":"var(--ast-global-color-4)","background-image":"","background-repeat":"repeat","background-position":"center center","background-size":"auto","background-attachment":"scroll","background-type":"","background-media":"","overlay-type":"","overlay-color":"","overlay-opacity":"","overlay-gradient":""},"mobile":{"background-color":"var(--ast-global-color-4)","background-image":"","background-repeat":"repeat","background-position":"center center","background-size":"auto","background-attachment":"scroll","background-type":"","background-media":"","overlay-type":"","overlay-color":"","overlay-opacity":"","overlay-gradient":""}},"footnotes":""},"categories":[20,1],"tags":[],"class_list":["post-7357","post","type-post","status-publish","format-standard","has-post-thumbnail","hentry","category-international","category-football-latest-news"],"yoast_head":"<!-- This site is optimized with the Yoast SEO Premium plugin v26.6 (Yoast SEO v27.4) - https:\/\/yoast.com\/product\/yoast-seo-premium-wordpress\/ -->\n<title>Tuchel urged to pick Premier League midfielder for England squad - Bladna News<\/title>\n<meta name=\"robots\" content=\"index, follow, max-snippet:-1, max-image-preview:large, max-video-preview:-1\" \/>\n<link rel=\"canonical\" href=\"https:\/\/bladnanews.com\/fr\/tuchel-exhorte-a-selectionner-un-milieu-de-terrain-de-premier-league-pour-lequipe-dangleterre\/\" \/>\n<meta property=\"og:locale\" content=\"fr_FR\" \/>\n<meta property=\"og:type\" content=\"article\" \/>\n<meta property=\"og:title\" content=\"Tuchel urged to pick Premier League midfielder for England squad\" \/>\n<meta property=\"og:description\" content=\"Thomas Tuchel has been urged to include Crystal Palace midfielder Adam Wharton in his England plans, despite the 21-year-old not [&hellip;]\" \/>\n<meta property=\"og:url\" content=\"https:\/\/bladnanews.com\/fr\/tuchel-exhorte-a-selectionner-un-milieu-de-terrain-de-premier-league-pour-lequipe-dangleterre\/\" \/>\n<meta property=\"og:site_name\" content=\"Bladna News\" \/>\n<meta property=\"article:published_time\" content=\"2026-01-22T09:50:02+00:00\" \/>\n<meta property=\"og:image\" content=\"https:\/\/bladnanews.com\/wp-content\/uploads\/2025\/12\/freepik__bladna-newscom-moroccan-soccer-homepage-banner-mor__41838.png\" \/>\n\t<meta property=\"og:image:width\" content=\"1312\" \/>\n\t<meta property=\"og:image:height\" content=\"736\" \/>\n\t<meta property=\"og:image:type\" content=\"image\/png\" \/>\n<meta name=\"author\" content=\"Bladna News Staff\" \/>\n<meta name=\"twitter:card\" content=\"summary_large_image\" \/>\n<meta name=\"twitter:label1\" content=\"\u00c9crit par\" \/>\n\t<meta name=\"twitter:data1\" content=\"Bladna News Staff\" \/>\n\t<meta name=\"twitter:label2\" content=\"Dur\u00e9e de lecture estim\u00e9e\" \/>\n\t<meta name=\"twitter:data2\" content=\"1 minute\" \/>\n<script type=\"application\/ld+json\" class=\"yoast-schema-graph\">{\"@context\":\"https:\\\/\\\/schema.org\",\"@graph\":[{\"@type\":\"Article\",\"@id\":\"https:\\\/\\\/bladnanews.com\\\/tuchel-urged-to-pick-premier-league-midfielder-for-england-squad\\\/#article\",\"isPartOf\":{\"@id\":\"https:\\\/\\\/bladnanews.com\\\/tuchel-urged-to-pick-premier-league-midfielder-for-england-squad\\\/\"},\"author\":{\"name\":\"Bladna News Staff\",\"@id\":\"https:\\\/\\\/mediumseagreen-eel-531711.hostingersite.com\\\/#\\\/schema\\\/person\\\/268e18a453ab080ebf76df6ef7845083\"},\"headline\":\"Tuchel urged to pick Premier League midfielder for England squad\",\"datePublished\":\"2026-01-22T09:50:02+00:00\",\"mainEntityOfPage\":{\"@id\":\"https:\\\/\\\/bladnanews.com\\\/tuchel-urged-to-pick-premier-league-midfielder-for-england-squad\\\/\"},\"wordCount\":231,\"publisher\":{\"@id\":\"https:\\\/\\\/mediumseagreen-eel-531711.hostingersite.com\\\/#organization\"},\"image\":{\"@id\":\"https:\\\/\\\/bladnanews.com\\\/tuchel-urged-to-pick-premier-league-midfielder-for-england-squad\\\/#primaryimage\"},\"thumbnailUrl\":\"https:\\\/\\\/bladnanews.com\\\/wp-content\\\/uploads\\\/2026\\\/01\\\/BladnaNews-Tuchel-urged-to-pick-Premier-League-midfielder-for-England-squad-2026-01-22T170954.403Z.jpg\",\"articleSection\":[\"International\",\"Latest News\"],\"inLanguage\":\"fr-FR\",\"copyrightYear\":\"2026\",\"copyrightHolder\":{\"@id\":\"https:\\\/\\\/bladnanews.com\\\/fr\\\/#organization\"}},{\"@type\":\"WebPage\",\"@id\":\"https:\\\/\\\/bladnanews.com\\\/tuchel-urged-to-pick-premier-league-midfielder-for-england-squad\\\/\",\"url\":\"https:\\\/\\\/bladnanews.com\\\/tuchel-urged-to-pick-premier-league-midfielder-for-england-squad\\\/\",\"name\":\"Tuchel urged to pick Premier League midfielder for England squad - Bladna News\",\"isPartOf\":{\"@id\":\"https:\\\/\\\/mediumseagreen-eel-531711.hostingersite.com\\\/#website\"},\"primaryImageOfPage\":{\"@id\":\"https:\\\/\\\/bladnanews.com\\\/tuchel-urged-to-pick-premier-league-midfielder-for-england-squad\\\/#primaryimage\"},\"image\":{\"@id\":\"https:\\\/\\\/bladnanews.com\\\/tuchel-urged-to-pick-premier-league-midfielder-for-england-squad\\\/#primaryimage\"},\"thumbnailUrl\":\"https:\\\/\\\/bladnanews.com\\\/wp-content\\\/uploads\\\/2026\\\/01\\\/BladnaNews-Tuchel-urged-to-pick-Premier-League-midfielder-for-England-squad-2026-01-22T170954.403Z.jpg\",\"datePublished\":\"2026-01-22T09:50:02+00:00\",\"breadcrumb\":{\"@id\":\"https:\\\/\\\/bladnanews.com\\\/tuchel-urged-to-pick-premier-league-midfielder-for-england-squad\\\/#breadcrumb\"},\"inLanguage\":\"fr-FR\",\"potentialAction\":[{\"@type\":\"ReadAction\",\"target\":[\"https:\\\/\\\/bladnanews.com\\\/tuchel-urged-to-pick-premier-league-midfielder-for-england-squad\\\/\"]}]},{\"@type\":\"ImageObject\",\"inLanguage\":\"fr-FR\",\"@id\":\"https:\\\/\\\/bladnanews.com\\\/tuchel-urged-to-pick-premier-league-midfielder-for-england-squad\\\/#primaryimage\",\"url\":\"https:\\\/\\\/bladnanews.com\\\/wp-content\\\/uploads\\\/2026\\\/01\\\/BladnaNews-Tuchel-urged-to-pick-Premier-League-midfielder-for-England-squad-2026-01-22T170954.403Z.jpg\",\"contentUrl\":\"https:\\\/\\\/bladnanews.com\\\/wp-content\\\/uploads\\\/2026\\\/01\\\/BladnaNews-Tuchel-urged-to-pick-Premier-League-midfielder-for-England-squad-2026-01-22T170954.403Z.jpg\",\"width\":1920,\"height\":1080,\"caption\":\"Ruben Loftus-Cheek in the England national team kit, focused during a UEFA Euro qualifier match, showcasing determination on the pitch.\"},{\"@type\":\"BreadcrumbList\",\"@id\":\"https:\\\/\\\/bladnanews.com\\\/tuchel-urged-to-pick-premier-league-midfielder-for-england-squad\\\/#breadcrumb\",\"itemListElement\":[{\"@type\":\"ListItem\",\"position\":1,\"name\":\"Home\",\"item\":\"https:\\\/\\\/bladnanews.com\\\/\"},{\"@type\":\"ListItem\",\"position\":2,\"name\":\"Tuchel urged to pick Premier League midfielder for England squad\"}]},{\"@type\":\"WebSite\",\"@id\":\"https:\\\/\\\/mediumseagreen-eel-531711.hostingersite.com\\\/#website\",\"url\":\"https:\\\/\\\/mediumseagreen-eel-531711.hostingersite.com\\\/\",\"name\":\"Bladna News - Morocco\",\"description\":\"Where Moroccan Football Meets the World\",\"publisher\":{\"@id\":\"https:\\\/\\\/mediumseagreen-eel-531711.hostingersite.com\\\/#organization\"},\"potentialAction\":[{\"@type\":\"SearchAction\",\"target\":{\"@type\":\"EntryPoint\",\"urlTemplate\":\"https:\\\/\\\/mediumseagreen-eel-531711.hostingersite.com\\\/?s={search_term_string}\"},\"query-input\":{\"@type\":\"PropertyValueSpecification\",\"valueRequired\":true,\"valueName\":\"search_term_string\"}}],\"inLanguage\":\"fr-FR\"},{\"@type\":\"Organization\",\"@id\":\"https:\\\/\\\/mediumseagreen-eel-531711.hostingersite.com\\\/#organization\",\"name\":\"Bladna News.com\",\"url\":\"https:\\\/\\\/mediumseagreen-eel-531711.hostingersite.com\\\/\",\"logo\":{\"@type\":\"ImageObject\",\"inLanguage\":\"fr-FR\",\"@id\":\"https:\\\/\\\/mediumseagreen-eel-531711.hostingersite.com\\\/#\\\/schema\\\/logo\\\/image\\\/\",\"url\":\"https:\\\/\\\/bladnanews.com\\\/wp-content\\\/uploads\\\/2025\\\/12\\\/logo-bladnanews-V2-web-black-red.png\",\"contentUrl\":\"https:\\\/\\\/bladnanews.com\\\/wp-content\\\/uploads\\\/2025\\\/12\\\/logo-bladnanews-V2-web-black-red.png\",\"width\":703,\"height\":287,\"caption\":\"Bladna News.com\"},\"image\":{\"@id\":\"https:\\\/\\\/mediumseagreen-eel-531711.hostingersite.com\\\/#\\\/schema\\\/logo\\\/image\\\/\"},\"email\":\"info@bladnanews.com\",\"legalName\":\"Bladna News\"},{\"@type\":\"Person\",\"@id\":\"https:\\\/\\\/mediumseagreen-eel-531711.hostingersite.com\\\/#\\\/schema\\\/person\\\/268e18a453ab080ebf76df6ef7845083\",\"name\":\"Bladna News Staff\",\"url\":\"https:\\\/\\\/bladnanews.com\\\/fr\\\/author\\\/bladna-news-staff\\\/\"}]}<\/script>\n<!-- \/ Yoast SEO Premium plugin. -->","yoast_head_json":{"title":"Tuchel exhort\u00e9 de s\u00e9lectionner un milieu de terrain de Premier League pour l'\u00e9quipe d'Angleterre - Bladna News","robots":{"index":"index","follow":"follow","max-snippet":"max-snippet:-1","max-image-preview":"max-image-preview:large","max-video-preview":"max-video-preview:-1"},"canonical":"https:\/\/bladnanews.com\/fr\/tuchel-exhorte-a-selectionner-un-milieu-de-terrain-de-premier-league-pour-lequipe-dangleterre\/","og_locale":"fr_FR","og_type":"article","og_title":"Tuchel urged to pick Premier League midfielder for England squad","og_description":"Thomas Tuchel has been urged to include Crystal Palace midfielder Adam Wharton in his England plans, despite the 21-year-old not [&hellip;]","og_url":"https:\/\/bladnanews.com\/fr\/tuchel-exhorte-a-selectionner-un-milieu-de-terrain-de-premier-league-pour-lequipe-dangleterre\/","og_site_name":"Bladna News","article_published_time":"2026-01-22T09:50:02+00:00","og_image":[{"width":1312,"height":736,"url":"https:\/\/bladnanews.com\/wp-content\/uploads\/2025\/12\/freepik__bladna-newscom-moroccan-soccer-homepage-banner-mor__41838.png","type":"image\/png"}],"author":"Bladna News Staff","twitter_card":"summary_large_image","twitter_misc":{"\u00c9crit par":"Bladna News Staff","Dur\u00e9e de lecture estim\u00e9e":"1 minute"},"schema":{"@context":"https:\/\/schema.org","@graph":[{"@type":"Article","@id":"https:\/\/bladnanews.com\/tuchel-urged-to-pick-premier-league-midfielder-for-england-squad\/#article","isPartOf":{"@id":"https:\/\/bladnanews.com\/tuchel-urged-to-pick-premier-league-midfielder-for-england-squad\/"},"author":{"name":"Bladna News Staff","@id":"https:\/\/mediumseagreen-eel-531711.hostingersite.com\/#\/schema\/person\/268e18a453ab080ebf76df6ef7845083"},"headline":"Tuchel urged to pick Premier League midfielder for England squad","datePublished":"2026-01-22T09:50:02+00:00","mainEntityOfPage":{"@id":"https:\/\/bladnanews.com\/tuchel-urged-to-pick-premier-league-midfielder-for-england-squad\/"},"wordCount":231,"publisher":{"@id":"https:\/\/mediumseagreen-eel-531711.hostingersite.com\/#organization"},"image":{"@id":"https:\/\/bladnanews.com\/tuchel-urged-to-pick-premier-league-midfielder-for-england-squad\/#primaryimage"},"thumbnailUrl":"https:\/\/bladnanews.com\/wp-content\/uploads\/2026\/01\/BladnaNews-Tuchel-urged-to-pick-Premier-League-midfielder-for-England-squad-2026-01-22T170954.403Z.jpg","articleSection":["International","Latest News"],"inLanguage":"fr-FR","copyrightYear":"2026","copyrightHolder":{"@id":"https:\/\/bladnanews.com\/fr\/#organization"}},{"@type":"WebPage","@id":"https:\/\/bladnanews.com\/tuchel-urged-to-pick-premier-league-midfielder-for-england-squad\/","url":"https:\/\/bladnanews.com\/tuchel-urged-to-pick-premier-league-midfielder-for-england-squad\/","name":"Tuchel exhort\u00e9 de s\u00e9lectionner un milieu de terrain de Premier League pour l'\u00e9quipe d'Angleterre - Bladna News","isPartOf":{"@id":"https:\/\/mediumseagreen-eel-531711.hostingersite.com\/#website"},"primaryImageOfPage":{"@id":"https:\/\/bladnanews.com\/tuchel-urged-to-pick-premier-league-midfielder-for-england-squad\/#primaryimage"},"image":{"@id":"https:\/\/bladnanews.com\/tuchel-urged-to-pick-premier-league-midfielder-for-england-squad\/#primaryimage"},"thumbnailUrl":"https:\/\/bladnanews.com\/wp-content\/uploads\/2026\/01\/BladnaNews-Tuchel-urged-to-pick-Premier-League-midfielder-for-England-squad-2026-01-22T170954.403Z.jpg","datePublished":"2026-01-22T09:50:02+00:00","breadcrumb":{"@id":"https:\/\/bladnanews.com\/tuchel-urged-to-pick-premier-league-midfielder-for-england-squad\/#breadcrumb"},"inLanguage":"fr-FR","potentialAction":[{"@type":"ReadAction","target":["https:\/\/bladnanews.com\/tuchel-urged-to-pick-premier-league-midfielder-for-england-squad\/"]}]},{"@type":"ImageObject","inLanguage":"fr-FR","@id":"https:\/\/bladnanews.com\/tuchel-urged-to-pick-premier-league-midfielder-for-england-squad\/#primaryimage","url":"https:\/\/bladnanews.com\/wp-content\/uploads\/2026\/01\/BladnaNews-Tuchel-urged-to-pick-Premier-League-midfielder-for-England-squad-2026-01-22T170954.403Z.jpg","contentUrl":"https:\/\/bladnanews.com\/wp-content\/uploads\/2026\/01\/BladnaNews-Tuchel-urged-to-pick-Premier-League-midfielder-for-England-squad-2026-01-22T170954.403Z.jpg","width":1920,"height":1080,"caption":"Ruben Loftus-Cheek in the England national team kit, focused during a UEFA Euro qualifier match, showcasing determination on the pitch."},{"@type":"BreadcrumbList","@id":"https:\/\/bladnanews.com\/tuchel-urged-to-pick-premier-league-midfielder-for-england-squad\/#breadcrumb","itemListElement":[{"@type":"ListItem","position":1,"name":"Home","item":"https:\/\/bladnanews.com\/"},{"@type":"ListItem","position":2,"name":"Tuchel urged to pick Premier League midfielder for England squad"}]},{"@type":"WebSite","@id":"https:\/\/mediumseagreen-eel-531711.hostingersite.com\/#website","url":"https:\/\/mediumseagreen-eel-531711.hostingersite.com\/","name":"Bladna News - Maroc","description":"Quand le football marocain rencontre le monde","publisher":{"@id":"https:\/\/mediumseagreen-eel-531711.hostingersite.com\/#organization"},"potentialAction":[{"@type":"SearchAction","target":{"@type":"EntryPoint","urlTemplate":"https:\/\/mediumseagreen-eel-531711.hostingersite.com\/?s={search_term_string}"},"query-input":{"@type":"PropertyValueSpecification","valueRequired":true,"valueName":"search_term_string"}}],"inLanguage":"fr-FR"},{"@type":"Organization","@id":"https:\/\/mediumseagreen-eel-531711.hostingersite.com\/#organization","name":"Bladna News.com","url":"https:\/\/mediumseagreen-eel-531711.hostingersite.com\/","logo":{"@type":"ImageObject","inLanguage":"fr-FR","@id":"https:\/\/mediumseagreen-eel-531711.hostingersite.com\/#\/schema\/logo\/image\/","url":"https:\/\/bladnanews.com\/wp-content\/uploads\/2025\/12\/logo-bladnanews-V2-web-black-red.png","contentUrl":"https:\/\/bladnanews.com\/wp-content\/uploads\/2025\/12\/logo-bladnanews-V2-web-black-red.png","width":703,"height":287,"caption":"Bladna News.com"},"image":{"@id":"https:\/\/mediumseagreen-eel-531711.hostingersite.com\/#\/schema\/logo\/image\/"},"email":"info@bladnanews.com","legalName":"Bladna News"},{"@type":"Person","@id":"https:\/\/mediumseagreen-eel-531711.hostingersite.com\/#\/schema\/person\/268e18a453ab080ebf76df6ef7845083","name":"\u00c9quipe r\u00e9dactionnelle de Bladna News","url":"https:\/\/bladnanews.com\/fr\/author\/bladna-news-staff\/"}]}},"_links":{"self":[{"href":"https:\/\/bladnanews.com\/fr\/wp-json\/wp\/v2\/posts\/7357","targetHints":{"allow":["GET"]}}],"collection":[{"href":"https:\/\/bladnanews.com\/fr\/wp-json\/wp\/v2\/posts"}],"about":[{"href":"https:\/\/bladnanews.com\/fr\/wp-json\/wp\/v2\/types\/post"}],"author":[{"embeddable":true,"href":"https:\/\/bladnanews.com\/fr\/wp-json\/wp\/v2\/users\/3"}],"replies":[{"embeddable":true,"href":"https:\/\/bladnanews.com\/fr\/wp-json\/wp\/v2\/comments?post=7357"}],"version-history":[{"count":0,"href":"https:\/\/bladnanews.com\/fr\/wp-json\/wp\/v2\/posts\/7357\/revisions"}],"wp:featuredmedia":[{"embeddable":true,"href":"https:\/\/bladnanews.com\/fr\/wp-json\/wp\/v2\/media\/7356"}],"wp:attachment":[{"href":"https:\/\/bladnanews.com\/fr\/wp-json\/wp\/v2\/media?parent=7357"}],"wp:term":[{"taxonomy":"category","embeddable":true,"href":"https:\/\/bladnanews.com\/fr\/wp-json\/wp\/v2\/categories?post=7357"},{"taxonomy":"post_tag","embeddable":true,"href":"https:\/\/bladnanews.com\/fr\/wp-json\/wp\/v2\/tags?post=7357"}],"curies":[{"name":"wp","href":"https:\/\/api.w.org\/{rel}","templated":true}]}}