{"id":7359,"date":"2026-01-22T10:35:02","date_gmt":"2026-01-22T10:35:02","guid":{"rendered":"https:\/\/bladnanews.com\/hansi-flick-says-pedri-injury-update-is-not-good-news\/"},"modified":"2026-01-22T10:35:02","modified_gmt":"2026-01-22T10:35:02","slug":"hansi-flick-indique-que-la-mise-a-jour-sur-la-blessure-de-pedri-nest-pas-une-bonne-nouvelle","status":"publish","type":"post","link":"https:\/\/bladnanews.com\/fr\/hansi-flick-indique-que-la-mise-a-jour-sur-la-blessure-de-pedri-nest-pas-une-bonne-nouvelle\/","title":{"rendered":"Hansi Flick annonce que la mise \u00e0 jour sur la blessure de Pedri n'est pas une bonne nouvelle"},"content":{"rendered":"<p>L'entra\u00eeneur du Bar\u00e7a, Hansi Flick, a admis qu'il s'agissait d\u201c\u201d une mauvaise nouvelle \u00bb apr\u00e8s que Pedri a d\u00fb quitter le terrain sur blessure lors du match de son \u00e9quipe contre le Slavia Prague.<\/p>\n<p>Le milieu de terrain est tomb\u00e9 au cours de la rencontre et n'a pas pu continuer, Flick et son staff ayant choisi de le remplacer lors d'un remaniement du milieu de terrain barcelonais.<\/p>\n<p>Interrog\u00e9 sur l'\u00e9tat de Pedri apr\u00e8s le match, Flick n'a pas cach\u00e9 son inqui\u00e9tude. \u201c Ce n'est pas une bonne nouvelle \u201d, a d\u00e9clar\u00e9 l'entra\u00eeneur du Bar\u00e7a, livrant une \u00e9valuation sans d\u00e9tour alors que le club attend de conna\u00eetre l'\u00e9tendue exacte du probl\u00e8me.<\/p>\n<p>Flick a ajout\u00e9 que la situation deviendrait plus claire une fois que des examens compl\u00e9mentaires seraient effectu\u00e9s, le Bar\u00e7a devant \u00e9valuer la blessure dans les prochaines heures.<\/p>\n<p>La perte de Pedri serait un coup dur pour Flick, qui s'appuie sur le contr\u00f4le et la gestion du rythme de l'international espagnol au milieu de terrain, particuli\u00e8rement lors des grandes soir\u00e9es europ\u00e9ennes.<\/p>\n<p>Pour l'instant, le Bar\u00e7a surveillera sa convalescence et esp\u00e9rera que le diagnostic sera plus positif que ne le laissaient penser les premiers signes observ\u00e9s lors du match contre le Slavia Prague.<\/p>","protected":false},"excerpt":{"rendered":"<p>Barcelona head coach Hansi Flick admitted it was \u201cnot good news\u201d after Pedri was forced off with an injury during [&hellip;]<\/p>\n","protected":false},"author":3,"featured_media":7358,"comment_status":"","ping_status":"open","sticky":false,"template":"","format":"standard","meta":{"googlesitekit_rrm_CAow_uzEDA:productID":"","site-sidebar-layout":"default","site-content-layout":"","ast-site-content-layout":"default","site-content-style":"default","site-sidebar-style":"default","ast-global-header-display":"","ast-banner-title-visibility":"","ast-main-header-display":"","ast-hfb-above-header-display":"","ast-hfb-below-header-display":"","ast-hfb-mobile-header-display":"","site-post-title":"","ast-breadcrumbs-content":"","ast-featured-img":"","footer-sml-layout":"","ast-disable-related-posts":"","theme-transparent-header-meta":"","adv-header-id-meta":"","stick-header-meta":"","header-above-stick-meta":"","header-main-stick-meta":"","header-below-stick-meta":"","astra-migrate-meta-layouts":"default","ast-page-background-enabled":"default","ast-page-background-meta":{"desktop":{"background-color":"var(--ast-global-color-5)","background-image":"","background-repeat":"repeat","background-position":"center center","background-size":"auto","background-attachment":"scroll","background-type":"","background-media":"","overlay-type":"","overlay-color":"","overlay-opacity":"","overlay-gradient":""},"tablet":{"background-color":"","background-image":"","background-repeat":"repeat","background-position":"center center","background-size":"auto","background-attachment":"scroll","background-type":"","background-media":"","overlay-type":"","overlay-color":"","overlay-opacity":"","overlay-gradient":""},"mobile":{"background-color":"","background-image":"","background-repeat":"repeat","background-position":"center center","background-size":"auto","background-attachment":"scroll","background-type":"","background-media":"","overlay-type":"","overlay-color":"","overlay-opacity":"","overlay-gradient":""}},"ast-content-background-meta":{"desktop":{"background-color":"var(--ast-global-color-4)","background-image":"","background-repeat":"repeat","background-position":"center center","background-size":"auto","background-attachment":"scroll","background-type":"","background-media":"","overlay-type":"","overlay-color":"","overlay-opacity":"","overlay-gradient":""},"tablet":{"background-color":"var(--ast-global-color-4)","background-image":"","background-repeat":"repeat","background-position":"center center","background-size":"auto","background-attachment":"scroll","background-type":"","background-media":"","overlay-type":"","overlay-color":"","overlay-opacity":"","overlay-gradient":""},"mobile":{"background-color":"var(--ast-global-color-4)","background-image":"","background-repeat":"repeat","background-position":"center center","background-size":"auto","background-attachment":"scroll","background-type":"","background-media":"","overlay-type":"","overlay-color":"","overlay-opacity":"","overlay-gradient":""}},"footnotes":""},"categories":[20,1],"tags":[],"class_list":["post-7359","post","type-post","status-publish","format-standard","has-post-thumbnail","hentry","category-international","category-football-latest-news"],"yoast_head":"<!-- This site is optimized with the Yoast SEO Premium plugin v26.6 (Yoast SEO v27.4) - https:\/\/yoast.com\/product\/yoast-seo-premium-wordpress\/ -->\n<title>Hansi Flick says Pedri injury update is not good news - Bladna News<\/title>\n<meta name=\"robots\" content=\"index, follow, max-snippet:-1, max-image-preview:large, max-video-preview:-1\" \/>\n<link rel=\"canonical\" href=\"https:\/\/bladnanews.com\/fr\/hansi-flick-indique-que-la-mise-a-jour-sur-la-blessure-de-pedri-nest-pas-une-bonne-nouvelle\/\" \/>\n<meta property=\"og:locale\" content=\"fr_FR\" \/>\n<meta property=\"og:type\" content=\"article\" \/>\n<meta property=\"og:title\" content=\"Hansi Flick says Pedri injury update is not good news\" \/>\n<meta property=\"og:description\" content=\"Barcelona head coach Hansi Flick admitted it was \u201cnot good news\u201d after Pedri was forced off with an injury during [&hellip;]\" \/>\n<meta property=\"og:url\" content=\"https:\/\/bladnanews.com\/fr\/hansi-flick-indique-que-la-mise-a-jour-sur-la-blessure-de-pedri-nest-pas-une-bonne-nouvelle\/\" \/>\n<meta property=\"og:site_name\" content=\"Bladna News\" \/>\n<meta property=\"article:published_time\" content=\"2026-01-22T10:35:02+00:00\" \/>\n<meta property=\"og:image\" content=\"https:\/\/bladnanews.com\/wp-content\/uploads\/2025\/12\/freepik__bladna-newscom-moroccan-soccer-homepage-banner-mor__41838.png\" \/>\n\t<meta property=\"og:image:width\" content=\"1312\" \/>\n\t<meta property=\"og:image:height\" content=\"736\" \/>\n\t<meta property=\"og:image:type\" content=\"image\/png\" \/>\n<meta name=\"author\" content=\"Bladna News Staff\" \/>\n<meta name=\"twitter:card\" content=\"summary_large_image\" \/>\n<meta name=\"twitter:label1\" content=\"\u00c9crit par\" \/>\n\t<meta name=\"twitter:data1\" content=\"Bladna News Staff\" \/>\n\t<meta name=\"twitter:label2\" content=\"Dur\u00e9e de lecture estim\u00e9e\" \/>\n\t<meta name=\"twitter:data2\" content=\"1 minute\" \/>\n<script type=\"application\/ld+json\" class=\"yoast-schema-graph\">{\"@context\":\"https:\\\/\\\/schema.org\",\"@graph\":[{\"@type\":\"Article\",\"@id\":\"https:\\\/\\\/bladnanews.com\\\/hansi-flick-says-pedri-injury-update-is-not-good-news\\\/#article\",\"isPartOf\":{\"@id\":\"https:\\\/\\\/bladnanews.com\\\/hansi-flick-says-pedri-injury-update-is-not-good-news\\\/\"},\"author\":{\"name\":\"Bladna News Staff\",\"@id\":\"https:\\\/\\\/mediumseagreen-eel-531711.hostingersite.com\\\/#\\\/schema\\\/person\\\/268e18a453ab080ebf76df6ef7845083\"},\"headline\":\"Hansi Flick says Pedri injury update is not good news\",\"datePublished\":\"2026-01-22T10:35:02+00:00\",\"mainEntityOfPage\":{\"@id\":\"https:\\\/\\\/bladnanews.com\\\/hansi-flick-says-pedri-injury-update-is-not-good-news\\\/\"},\"wordCount\":184,\"publisher\":{\"@id\":\"https:\\\/\\\/mediumseagreen-eel-531711.hostingersite.com\\\/#organization\"},\"image\":{\"@id\":\"https:\\\/\\\/bladnanews.com\\\/hansi-flick-says-pedri-injury-update-is-not-good-news\\\/#primaryimage\"},\"thumbnailUrl\":\"https:\\\/\\\/bladnanews.com\\\/wp-content\\\/uploads\\\/2026\\\/01\\\/BladnaNews-Hansi-Flick-says-Pedri-injury-update-is-not-good-news-2026-01-22T171019.483Z.jpg\",\"articleSection\":[\"International\",\"Latest News\"],\"inLanguage\":\"fr-FR\",\"copyrightYear\":\"2026\",\"copyrightHolder\":{\"@id\":\"https:\\\/\\\/bladnanews.com\\\/fr\\\/#organization\"}},{\"@type\":\"WebPage\",\"@id\":\"https:\\\/\\\/bladnanews.com\\\/hansi-flick-says-pedri-injury-update-is-not-good-news\\\/\",\"url\":\"https:\\\/\\\/bladnanews.com\\\/hansi-flick-says-pedri-injury-update-is-not-good-news\\\/\",\"name\":\"Hansi Flick says Pedri injury update is not good news - Bladna News\",\"isPartOf\":{\"@id\":\"https:\\\/\\\/mediumseagreen-eel-531711.hostingersite.com\\\/#website\"},\"primaryImageOfPage\":{\"@id\":\"https:\\\/\\\/bladnanews.com\\\/hansi-flick-says-pedri-injury-update-is-not-good-news\\\/#primaryimage\"},\"image\":{\"@id\":\"https:\\\/\\\/bladnanews.com\\\/hansi-flick-says-pedri-injury-update-is-not-good-news\\\/#primaryimage\"},\"thumbnailUrl\":\"https:\\\/\\\/bladnanews.com\\\/wp-content\\\/uploads\\\/2026\\\/01\\\/BladnaNews-Hansi-Flick-says-Pedri-injury-update-is-not-good-news-2026-01-22T171019.483Z.jpg\",\"datePublished\":\"2026-01-22T10:35:02+00:00\",\"breadcrumb\":{\"@id\":\"https:\\\/\\\/bladnanews.com\\\/hansi-flick-says-pedri-injury-update-is-not-good-news\\\/#breadcrumb\"},\"inLanguage\":\"fr-FR\",\"potentialAction\":[{\"@type\":\"ReadAction\",\"target\":[\"https:\\\/\\\/bladnanews.com\\\/hansi-flick-says-pedri-injury-update-is-not-good-news\\\/\"]}]},{\"@type\":\"ImageObject\",\"inLanguage\":\"fr-FR\",\"@id\":\"https:\\\/\\\/bladnanews.com\\\/hansi-flick-says-pedri-injury-update-is-not-good-news\\\/#primaryimage\",\"url\":\"https:\\\/\\\/bladnanews.com\\\/wp-content\\\/uploads\\\/2026\\\/01\\\/BladnaNews-Hansi-Flick-says-Pedri-injury-update-is-not-good-news-2026-01-22T171019.483Z.jpg\",\"contentUrl\":\"https:\\\/\\\/bladnanews.com\\\/wp-content\\\/uploads\\\/2026\\\/01\\\/BladnaNews-Hansi-Flick-says-Pedri-injury-update-is-not-good-news-2026-01-22T171019.483Z.jpg\",\"width\":1920,\"height\":1080,\"caption\":\"Pedri, wearing a Barcelona kit, shows concern with his hands on his head during a tense moment in a recent match.\"},{\"@type\":\"BreadcrumbList\",\"@id\":\"https:\\\/\\\/bladnanews.com\\\/hansi-flick-says-pedri-injury-update-is-not-good-news\\\/#breadcrumb\",\"itemListElement\":[{\"@type\":\"ListItem\",\"position\":1,\"name\":\"Home\",\"item\":\"https:\\\/\\\/bladnanews.com\\\/\"},{\"@type\":\"ListItem\",\"position\":2,\"name\":\"Hansi Flick says Pedri injury update is not good news\"}]},{\"@type\":\"WebSite\",\"@id\":\"https:\\\/\\\/mediumseagreen-eel-531711.hostingersite.com\\\/#website\",\"url\":\"https:\\\/\\\/mediumseagreen-eel-531711.hostingersite.com\\\/\",\"name\":\"Bladna News - Morocco\",\"description\":\"Where Moroccan Football Meets the World\",\"publisher\":{\"@id\":\"https:\\\/\\\/mediumseagreen-eel-531711.hostingersite.com\\\/#organization\"},\"potentialAction\":[{\"@type\":\"SearchAction\",\"target\":{\"@type\":\"EntryPoint\",\"urlTemplate\":\"https:\\\/\\\/mediumseagreen-eel-531711.hostingersite.com\\\/?s={search_term_string}\"},\"query-input\":{\"@type\":\"PropertyValueSpecification\",\"valueRequired\":true,\"valueName\":\"search_term_string\"}}],\"inLanguage\":\"fr-FR\"},{\"@type\":\"Organization\",\"@id\":\"https:\\\/\\\/mediumseagreen-eel-531711.hostingersite.com\\\/#organization\",\"name\":\"Bladna News.com\",\"url\":\"https:\\\/\\\/mediumseagreen-eel-531711.hostingersite.com\\\/\",\"logo\":{\"@type\":\"ImageObject\",\"inLanguage\":\"fr-FR\",\"@id\":\"https:\\\/\\\/mediumseagreen-eel-531711.hostingersite.com\\\/#\\\/schema\\\/logo\\\/image\\\/\",\"url\":\"https:\\\/\\\/bladnanews.com\\\/wp-content\\\/uploads\\\/2025\\\/12\\\/logo-bladnanews-V2-web-black-red.png\",\"contentUrl\":\"https:\\\/\\\/bladnanews.com\\\/wp-content\\\/uploads\\\/2025\\\/12\\\/logo-bladnanews-V2-web-black-red.png\",\"width\":703,\"height\":287,\"caption\":\"Bladna News.com\"},\"image\":{\"@id\":\"https:\\\/\\\/mediumseagreen-eel-531711.hostingersite.com\\\/#\\\/schema\\\/logo\\\/image\\\/\"},\"email\":\"info@bladnanews.com\",\"legalName\":\"Bladna News\"},{\"@type\":\"Person\",\"@id\":\"https:\\\/\\\/mediumseagreen-eel-531711.hostingersite.com\\\/#\\\/schema\\\/person\\\/268e18a453ab080ebf76df6ef7845083\",\"name\":\"Bladna News Staff\",\"url\":\"https:\\\/\\\/bladnanews.com\\\/fr\\\/author\\\/bladna-news-staff\\\/\"}]}<\/script>\n<!-- \/ Yoast SEO Premium plugin. -->","yoast_head_json":{"title":"Hansi Flick annonce que la mise \u00e0 jour sur la blessure de Pedri n'est pas une bonne nouvelle - Bladna News","robots":{"index":"index","follow":"follow","max-snippet":"max-snippet:-1","max-image-preview":"max-image-preview:large","max-video-preview":"max-video-preview:-1"},"canonical":"https:\/\/bladnanews.com\/fr\/hansi-flick-indique-que-la-mise-a-jour-sur-la-blessure-de-pedri-nest-pas-une-bonne-nouvelle\/","og_locale":"fr_FR","og_type":"article","og_title":"Hansi Flick says Pedri injury update is not good news","og_description":"Barcelona head coach Hansi Flick admitted it was \u201cnot good news\u201d after Pedri was forced off with an injury during [&hellip;]","og_url":"https:\/\/bladnanews.com\/fr\/hansi-flick-indique-que-la-mise-a-jour-sur-la-blessure-de-pedri-nest-pas-une-bonne-nouvelle\/","og_site_name":"Bladna News","article_published_time":"2026-01-22T10:35:02+00:00","og_image":[{"width":1312,"height":736,"url":"https:\/\/bladnanews.com\/wp-content\/uploads\/2025\/12\/freepik__bladna-newscom-moroccan-soccer-homepage-banner-mor__41838.png","type":"image\/png"}],"author":"Bladna News Staff","twitter_card":"summary_large_image","twitter_misc":{"\u00c9crit par":"Bladna News Staff","Dur\u00e9e de lecture estim\u00e9e":"1 minute"},"schema":{"@context":"https:\/\/schema.org","@graph":[{"@type":"Article","@id":"https:\/\/bladnanews.com\/hansi-flick-says-pedri-injury-update-is-not-good-news\/#article","isPartOf":{"@id":"https:\/\/bladnanews.com\/hansi-flick-says-pedri-injury-update-is-not-good-news\/"},"author":{"name":"Bladna News Staff","@id":"https:\/\/mediumseagreen-eel-531711.hostingersite.com\/#\/schema\/person\/268e18a453ab080ebf76df6ef7845083"},"headline":"Hansi Flick says Pedri injury update is not good news","datePublished":"2026-01-22T10:35:02+00:00","mainEntityOfPage":{"@id":"https:\/\/bladnanews.com\/hansi-flick-says-pedri-injury-update-is-not-good-news\/"},"wordCount":184,"publisher":{"@id":"https:\/\/mediumseagreen-eel-531711.hostingersite.com\/#organization"},"image":{"@id":"https:\/\/bladnanews.com\/hansi-flick-says-pedri-injury-update-is-not-good-news\/#primaryimage"},"thumbnailUrl":"https:\/\/bladnanews.com\/wp-content\/uploads\/2026\/01\/BladnaNews-Hansi-Flick-says-Pedri-injury-update-is-not-good-news-2026-01-22T171019.483Z.jpg","articleSection":["International","Latest News"],"inLanguage":"fr-FR","copyrightYear":"2026","copyrightHolder":{"@id":"https:\/\/bladnanews.com\/fr\/#organization"}},{"@type":"WebPage","@id":"https:\/\/bladnanews.com\/hansi-flick-says-pedri-injury-update-is-not-good-news\/","url":"https:\/\/bladnanews.com\/hansi-flick-says-pedri-injury-update-is-not-good-news\/","name":"Hansi Flick annonce que la mise \u00e0 jour sur la blessure de Pedri n'est pas une bonne nouvelle - Bladna News","isPartOf":{"@id":"https:\/\/mediumseagreen-eel-531711.hostingersite.com\/#website"},"primaryImageOfPage":{"@id":"https:\/\/bladnanews.com\/hansi-flick-says-pedri-injury-update-is-not-good-news\/#primaryimage"},"image":{"@id":"https:\/\/bladnanews.com\/hansi-flick-says-pedri-injury-update-is-not-good-news\/#primaryimage"},"thumbnailUrl":"https:\/\/bladnanews.com\/wp-content\/uploads\/2026\/01\/BladnaNews-Hansi-Flick-says-Pedri-injury-update-is-not-good-news-2026-01-22T171019.483Z.jpg","datePublished":"2026-01-22T10:35:02+00:00","breadcrumb":{"@id":"https:\/\/bladnanews.com\/hansi-flick-says-pedri-injury-update-is-not-good-news\/#breadcrumb"},"inLanguage":"fr-FR","potentialAction":[{"@type":"ReadAction","target":["https:\/\/bladnanews.com\/hansi-flick-says-pedri-injury-update-is-not-good-news\/"]}]},{"@type":"ImageObject","inLanguage":"fr-FR","@id":"https:\/\/bladnanews.com\/hansi-flick-says-pedri-injury-update-is-not-good-news\/#primaryimage","url":"https:\/\/bladnanews.com\/wp-content\/uploads\/2026\/01\/BladnaNews-Hansi-Flick-says-Pedri-injury-update-is-not-good-news-2026-01-22T171019.483Z.jpg","contentUrl":"https:\/\/bladnanews.com\/wp-content\/uploads\/2026\/01\/BladnaNews-Hansi-Flick-says-Pedri-injury-update-is-not-good-news-2026-01-22T171019.483Z.jpg","width":1920,"height":1080,"caption":"Pedri, wearing a Barcelona kit, shows concern with his hands on his head during a tense moment in a recent match."},{"@type":"BreadcrumbList","@id":"https:\/\/bladnanews.com\/hansi-flick-says-pedri-injury-update-is-not-good-news\/#breadcrumb","itemListElement":[{"@type":"ListItem","position":1,"name":"Home","item":"https:\/\/bladnanews.com\/"},{"@type":"ListItem","position":2,"name":"Hansi Flick says Pedri injury update is not good news"}]},{"@type":"WebSite","@id":"https:\/\/mediumseagreen-eel-531711.hostingersite.com\/#website","url":"https:\/\/mediumseagreen-eel-531711.hostingersite.com\/","name":"Bladna News - Maroc","description":"Quand le football marocain rencontre le monde","publisher":{"@id":"https:\/\/mediumseagreen-eel-531711.hostingersite.com\/#organization"},"potentialAction":[{"@type":"SearchAction","target":{"@type":"EntryPoint","urlTemplate":"https:\/\/mediumseagreen-eel-531711.hostingersite.com\/?s={search_term_string}"},"query-input":{"@type":"PropertyValueSpecification","valueRequired":true,"valueName":"search_term_string"}}],"inLanguage":"fr-FR"},{"@type":"Organization","@id":"https:\/\/mediumseagreen-eel-531711.hostingersite.com\/#organization","name":"Bladna News.com","url":"https:\/\/mediumseagreen-eel-531711.hostingersite.com\/","logo":{"@type":"ImageObject","inLanguage":"fr-FR","@id":"https:\/\/mediumseagreen-eel-531711.hostingersite.com\/#\/schema\/logo\/image\/","url":"https:\/\/bladnanews.com\/wp-content\/uploads\/2025\/12\/logo-bladnanews-V2-web-black-red.png","contentUrl":"https:\/\/bladnanews.com\/wp-content\/uploads\/2025\/12\/logo-bladnanews-V2-web-black-red.png","width":703,"height":287,"caption":"Bladna News.com"},"image":{"@id":"https:\/\/mediumseagreen-eel-531711.hostingersite.com\/#\/schema\/logo\/image\/"},"email":"info@bladnanews.com","legalName":"Bladna News"},{"@type":"Person","@id":"https:\/\/mediumseagreen-eel-531711.hostingersite.com\/#\/schema\/person\/268e18a453ab080ebf76df6ef7845083","name":"\u00c9quipe r\u00e9dactionnelle de Bladna News","url":"https:\/\/bladnanews.com\/fr\/author\/bladna-news-staff\/"}]}},"_links":{"self":[{"href":"https:\/\/bladnanews.com\/fr\/wp-json\/wp\/v2\/posts\/7359","targetHints":{"allow":["GET"]}}],"collection":[{"href":"https:\/\/bladnanews.com\/fr\/wp-json\/wp\/v2\/posts"}],"about":[{"href":"https:\/\/bladnanews.com\/fr\/wp-json\/wp\/v2\/types\/post"}],"author":[{"embeddable":true,"href":"https:\/\/bladnanews.com\/fr\/wp-json\/wp\/v2\/users\/3"}],"replies":[{"embeddable":true,"href":"https:\/\/bladnanews.com\/fr\/wp-json\/wp\/v2\/comments?post=7359"}],"version-history":[{"count":0,"href":"https:\/\/bladnanews.com\/fr\/wp-json\/wp\/v2\/posts\/7359\/revisions"}],"wp:featuredmedia":[{"embeddable":true,"href":"https:\/\/bladnanews.com\/fr\/wp-json\/wp\/v2\/media\/7358"}],"wp:attachment":[{"href":"https:\/\/bladnanews.com\/fr\/wp-json\/wp\/v2\/media?parent=7359"}],"wp:term":[{"taxonomy":"category","embeddable":true,"href":"https:\/\/bladnanews.com\/fr\/wp-json\/wp\/v2\/categories?post=7359"},{"taxonomy":"post_tag","embeddable":true,"href":"https:\/\/bladnanews.com\/fr\/wp-json\/wp\/v2\/tags?post=7359"}],"curies":[{"name":"wp","href":"https:\/\/api.w.org\/{rel}","templated":true}]}}