{"id":7379,"date":"2026-01-22T12:03:57","date_gmt":"2026-01-22T12:03:57","guid":{"rendered":"https:\/\/bladnanews.com\/pafos-boss-quizzed-on-beckham-row-after-chelsea-loss\/"},"modified":"2026-01-22T12:03:57","modified_gmt":"2026-01-22T12:03:57","slug":"le-patron-de-pafos-interroge-sur-laffaire-beckham-apres-la-defaite-contre-chelsea","status":"publish","type":"post","link":"https:\/\/bladnanews.com\/fr\/le-patron-de-pafos-interroge-sur-laffaire-beckham-apres-la-defaite-contre-chelsea\/","title":{"rendered":"Le dirigeant de Pafos interrog\u00e9 sur la pol\u00e9mique Beckham apr\u00e8s la d\u00e9faite contre Chelsea"},"content":{"rendered":"<p>Juan Carlos Carcedo, l'entra\u00eeneur de Pafos, est rest\u00e9 perplexe apr\u00e8s avoir \u00e9t\u00e9 interrog\u00e9 sur les d\u00e9m\u00eal\u00e9s familiaux de David Beckham suite \u00e0 la victoire de Chelsea sur l'AC Milan en Ligue des champions.<\/p>\n<p>Carcedo, qui a jou\u00e9 aux c\u00f4t\u00e9s de Beckham au Real Madrid, a \u00e9t\u00e9 questionn\u00e9 sur la dispute publique pr\u00e9sum\u00e9e entre l'ancien capitaine de l'Angleterre et son fils, Brooklyn, apr\u00e8s la victoire 3-0 de Chelsea \u00e0 Stamford Bridge.<\/p>\n<p>Beckham assistait au match en tant que copropri\u00e9taire de l'Inter Miami, et sa pr\u00e9sence est devenue un sujet de discussion pour des raisons extra-sportives lorsque des d\u00e9tails d'un \u00e9change tendant impliquant Brooklyn dans les tribunes ont \u00e9merg\u00e9.<\/p>\n<p>Lors d'une conf\u00e9rence de presse \u00e0 Chypre, Carcedo a \u00e9t\u00e9 interrog\u00e9 sur cet incident bien qu'il n'ait aucun lien avec Pafos ou leur propre campagne, laissant l'Espagnol visiblement surpris par cette ligne de questionnement.<\/p>\n<p>L'entra\u00eeneur de Pafos a clairement indiqu\u00e9 qu'il n'avait aucune connaissance r\u00e9elle de ce qui s'\u00e9tait pass\u00e9 et a soulign\u00e9 qu'il n'\u00e9tait pas en position de commenter une affaire personnelle concernant son ancien co\u00e9quipier.<\/p>\n<p>Ce moment insolite a rapidement attir\u00e9 l'attention en ligne, le lien de Carcedo avec Beckham, forg\u00e9 lors de leur passage au Bernab\u00e9u, semblant \u00eatre la seule raison pour laquelle le sujet a \u00e9t\u00e9 soulev\u00e9.<\/p>\n<p>Beckham, 47 ans, a jou\u00e9 pour le Real Madrid entre 2003 et 2007, tandis que Carcedo faisait partie du m\u00eame effectif durant cette p\u00e9riode. Pafos, quant \u00e0 elle, poursuit sa saison domestique \u00e0 Chypre sous la direction de Carcedo.<\/p>","protected":false},"excerpt":{"rendered":"<p>Pafos boss Juan Carlos Carcedo was left bemused after being quizzed about David Beckham\u2019s family drama following Chelsea\u2019s Champions League [&hellip;]<\/p>\n","protected":false},"author":3,"featured_media":7378,"comment_status":"","ping_status":"open","sticky":false,"template":"","format":"standard","meta":{"googlesitekit_rrm_CAow_uzEDA:productID":"","site-sidebar-layout":"default","site-content-layout":"","ast-site-content-layout":"default","site-content-style":"default","site-sidebar-style":"default","ast-global-header-display":"","ast-banner-title-visibility":"","ast-main-header-display":"","ast-hfb-above-header-display":"","ast-hfb-below-header-display":"","ast-hfb-mobile-header-display":"","site-post-title":"","ast-breadcrumbs-content":"","ast-featured-img":"","footer-sml-layout":"","ast-disable-related-posts":"","theme-transparent-header-meta":"","adv-header-id-meta":"","stick-header-meta":"","header-above-stick-meta":"","header-main-stick-meta":"","header-below-stick-meta":"","astra-migrate-meta-layouts":"default","ast-page-background-enabled":"default","ast-page-background-meta":{"desktop":{"background-color":"var(--ast-global-color-5)","background-image":"","background-repeat":"repeat","background-position":"center center","background-size":"auto","background-attachment":"scroll","background-type":"","background-media":"","overlay-type":"","overlay-color":"","overlay-opacity":"","overlay-gradient":""},"tablet":{"background-color":"","background-image":"","background-repeat":"repeat","background-position":"center center","background-size":"auto","background-attachment":"scroll","background-type":"","background-media":"","overlay-type":"","overlay-color":"","overlay-opacity":"","overlay-gradient":""},"mobile":{"background-color":"","background-image":"","background-repeat":"repeat","background-position":"center center","background-size":"auto","background-attachment":"scroll","background-type":"","background-media":"","overlay-type":"","overlay-color":"","overlay-opacity":"","overlay-gradient":""}},"ast-content-background-meta":{"desktop":{"background-color":"var(--ast-global-color-4)","background-image":"","background-repeat":"repeat","background-position":"center center","background-size":"auto","background-attachment":"scroll","background-type":"","background-media":"","overlay-type":"","overlay-color":"","overlay-opacity":"","overlay-gradient":""},"tablet":{"background-color":"var(--ast-global-color-4)","background-image":"","background-repeat":"repeat","background-position":"center center","background-size":"auto","background-attachment":"scroll","background-type":"","background-media":"","overlay-type":"","overlay-color":"","overlay-opacity":"","overlay-gradient":""},"mobile":{"background-color":"var(--ast-global-color-4)","background-image":"","background-repeat":"repeat","background-position":"center center","background-size":"auto","background-attachment":"scroll","background-type":"","background-media":"","overlay-type":"","overlay-color":"","overlay-opacity":"","overlay-gradient":""}},"footnotes":""},"categories":[20,1],"tags":[],"class_list":["post-7379","post","type-post","status-publish","format-standard","has-post-thumbnail","hentry","category-international","category-football-latest-news"],"yoast_head":"<!-- This site is optimized with the Yoast SEO Premium plugin v26.6 (Yoast SEO v27.4) - https:\/\/yoast.com\/product\/yoast-seo-premium-wordpress\/ -->\n<title>Pafos boss quizzed on Beckham row after Chelsea loss - Bladna News<\/title>\n<meta name=\"robots\" content=\"index, follow, max-snippet:-1, max-image-preview:large, max-video-preview:-1\" \/>\n<link rel=\"canonical\" href=\"https:\/\/bladnanews.com\/fr\/le-patron-de-pafos-interroge-sur-laffaire-beckham-apres-la-defaite-contre-chelsea\/\" \/>\n<meta property=\"og:locale\" content=\"fr_FR\" \/>\n<meta property=\"og:type\" content=\"article\" \/>\n<meta property=\"og:title\" content=\"Pafos boss quizzed on Beckham row after Chelsea loss\" \/>\n<meta property=\"og:description\" content=\"Pafos boss Juan Carlos Carcedo was left bemused after being quizzed about David Beckham\u2019s family drama following Chelsea\u2019s Champions League [&hellip;]\" \/>\n<meta property=\"og:url\" content=\"https:\/\/bladnanews.com\/fr\/le-patron-de-pafos-interroge-sur-laffaire-beckham-apres-la-defaite-contre-chelsea\/\" \/>\n<meta property=\"og:site_name\" content=\"Bladna News\" \/>\n<meta property=\"article:published_time\" content=\"2026-01-22T12:03:57+00:00\" \/>\n<meta property=\"og:image\" content=\"https:\/\/bladnanews.com\/wp-content\/uploads\/2025\/12\/freepik__bladna-newscom-moroccan-soccer-homepage-banner-mor__41838.png\" \/>\n\t<meta property=\"og:image:width\" content=\"1312\" \/>\n\t<meta property=\"og:image:height\" content=\"736\" \/>\n\t<meta property=\"og:image:type\" content=\"image\/png\" \/>\n<meta name=\"author\" content=\"Bladna News Staff\" \/>\n<meta name=\"twitter:card\" content=\"summary_large_image\" \/>\n<meta name=\"twitter:label1\" content=\"\u00c9crit par\" \/>\n\t<meta name=\"twitter:data1\" content=\"Bladna News Staff\" \/>\n\t<meta name=\"twitter:label2\" content=\"Dur\u00e9e de lecture estim\u00e9e\" \/>\n\t<meta name=\"twitter:data2\" content=\"1 minute\" \/>\n<script type=\"application\/ld+json\" class=\"yoast-schema-graph\">{\"@context\":\"https:\\\/\\\/schema.org\",\"@graph\":[{\"@type\":\"Article\",\"@id\":\"https:\\\/\\\/bladnanews.com\\\/pafos-boss-quizzed-on-beckham-row-after-chelsea-loss\\\/#article\",\"isPartOf\":{\"@id\":\"https:\\\/\\\/bladnanews.com\\\/pafos-boss-quizzed-on-beckham-row-after-chelsea-loss\\\/\"},\"author\":{\"name\":\"Bladna News Staff\",\"@id\":\"https:\\\/\\\/mediumseagreen-eel-531711.hostingersite.com\\\/#\\\/schema\\\/person\\\/268e18a453ab080ebf76df6ef7845083\"},\"headline\":\"Pafos boss quizzed on Beckham row after Chelsea loss\",\"datePublished\":\"2026-01-22T12:03:57+00:00\",\"mainEntityOfPage\":{\"@id\":\"https:\\\/\\\/bladnanews.com\\\/pafos-boss-quizzed-on-beckham-row-after-chelsea-loss\\\/\"},\"wordCount\":225,\"publisher\":{\"@id\":\"https:\\\/\\\/mediumseagreen-eel-531711.hostingersite.com\\\/#organization\"},\"image\":{\"@id\":\"https:\\\/\\\/bladnanews.com\\\/pafos-boss-quizzed-on-beckham-row-after-chelsea-loss\\\/#primaryimage\"},\"thumbnailUrl\":\"https:\\\/\\\/bladnanews.com\\\/wp-content\\\/uploads\\\/2026\\\/01\\\/BladnaNews-Pafos-boss-quizzed-on-Beckham-row-after-Chelsea-loss-2026-01-22T210930.399Z-scaled.jpg\",\"articleSection\":[\"International\",\"Latest News\"],\"inLanguage\":\"fr-FR\",\"copyrightYear\":\"2026\",\"copyrightHolder\":{\"@id\":\"https:\\\/\\\/bladnanews.com\\\/fr\\\/#organization\"}},{\"@type\":\"WebPage\",\"@id\":\"https:\\\/\\\/bladnanews.com\\\/pafos-boss-quizzed-on-beckham-row-after-chelsea-loss\\\/\",\"url\":\"https:\\\/\\\/bladnanews.com\\\/pafos-boss-quizzed-on-beckham-row-after-chelsea-loss\\\/\",\"name\":\"Pafos boss quizzed on Beckham row after Chelsea loss - Bladna News\",\"isPartOf\":{\"@id\":\"https:\\\/\\\/mediumseagreen-eel-531711.hostingersite.com\\\/#website\"},\"primaryImageOfPage\":{\"@id\":\"https:\\\/\\\/bladnanews.com\\\/pafos-boss-quizzed-on-beckham-row-after-chelsea-loss\\\/#primaryimage\"},\"image\":{\"@id\":\"https:\\\/\\\/bladnanews.com\\\/pafos-boss-quizzed-on-beckham-row-after-chelsea-loss\\\/#primaryimage\"},\"thumbnailUrl\":\"https:\\\/\\\/bladnanews.com\\\/wp-content\\\/uploads\\\/2026\\\/01\\\/BladnaNews-Pafos-boss-quizzed-on-Beckham-row-after-Chelsea-loss-2026-01-22T210930.399Z-scaled.jpg\",\"datePublished\":\"2026-01-22T12:03:57+00:00\",\"breadcrumb\":{\"@id\":\"https:\\\/\\\/bladnanews.com\\\/pafos-boss-quizzed-on-beckham-row-after-chelsea-loss\\\/#breadcrumb\"},\"inLanguage\":\"fr-FR\",\"potentialAction\":[{\"@type\":\"ReadAction\",\"target\":[\"https:\\\/\\\/bladnanews.com\\\/pafos-boss-quizzed-on-beckham-row-after-chelsea-loss\\\/\"]}]},{\"@type\":\"ImageObject\",\"inLanguage\":\"fr-FR\",\"@id\":\"https:\\\/\\\/bladnanews.com\\\/pafos-boss-quizzed-on-beckham-row-after-chelsea-loss\\\/#primaryimage\",\"url\":\"https:\\\/\\\/bladnanews.com\\\/wp-content\\\/uploads\\\/2026\\\/01\\\/BladnaNews-Pafos-boss-quizzed-on-Beckham-row-after-Chelsea-loss-2026-01-22T210930.399Z-scaled.jpg\",\"contentUrl\":\"https:\\\/\\\/bladnanews.com\\\/wp-content\\\/uploads\\\/2026\\\/01\\\/BladnaNews-Pafos-boss-quizzed-on-Beckham-row-after-Chelsea-loss-2026-01-22T210930.399Z-scaled.jpg\",\"width\":2560,\"height\":1440,\"caption\":\"David Beckham smiles while wearing a dark suit and tie, with a blurred background suggesting a public appearance.\"},{\"@type\":\"BreadcrumbList\",\"@id\":\"https:\\\/\\\/bladnanews.com\\\/pafos-boss-quizzed-on-beckham-row-after-chelsea-loss\\\/#breadcrumb\",\"itemListElement\":[{\"@type\":\"ListItem\",\"position\":1,\"name\":\"Home\",\"item\":\"https:\\\/\\\/bladnanews.com\\\/\"},{\"@type\":\"ListItem\",\"position\":2,\"name\":\"Pafos boss quizzed on Beckham row after Chelsea loss\"}]},{\"@type\":\"WebSite\",\"@id\":\"https:\\\/\\\/mediumseagreen-eel-531711.hostingersite.com\\\/#website\",\"url\":\"https:\\\/\\\/mediumseagreen-eel-531711.hostingersite.com\\\/\",\"name\":\"Bladna News - Morocco\",\"description\":\"Where Moroccan Football Meets the World\",\"publisher\":{\"@id\":\"https:\\\/\\\/mediumseagreen-eel-531711.hostingersite.com\\\/#organization\"},\"potentialAction\":[{\"@type\":\"SearchAction\",\"target\":{\"@type\":\"EntryPoint\",\"urlTemplate\":\"https:\\\/\\\/mediumseagreen-eel-531711.hostingersite.com\\\/?s={search_term_string}\"},\"query-input\":{\"@type\":\"PropertyValueSpecification\",\"valueRequired\":true,\"valueName\":\"search_term_string\"}}],\"inLanguage\":\"fr-FR\"},{\"@type\":\"Organization\",\"@id\":\"https:\\\/\\\/mediumseagreen-eel-531711.hostingersite.com\\\/#organization\",\"name\":\"Bladna News.com\",\"url\":\"https:\\\/\\\/mediumseagreen-eel-531711.hostingersite.com\\\/\",\"logo\":{\"@type\":\"ImageObject\",\"inLanguage\":\"fr-FR\",\"@id\":\"https:\\\/\\\/mediumseagreen-eel-531711.hostingersite.com\\\/#\\\/schema\\\/logo\\\/image\\\/\",\"url\":\"https:\\\/\\\/bladnanews.com\\\/wp-content\\\/uploads\\\/2025\\\/12\\\/logo-bladnanews-V2-web-black-red.png\",\"contentUrl\":\"https:\\\/\\\/bladnanews.com\\\/wp-content\\\/uploads\\\/2025\\\/12\\\/logo-bladnanews-V2-web-black-red.png\",\"width\":703,\"height\":287,\"caption\":\"Bladna News.com\"},\"image\":{\"@id\":\"https:\\\/\\\/mediumseagreen-eel-531711.hostingersite.com\\\/#\\\/schema\\\/logo\\\/image\\\/\"},\"email\":\"info@bladnanews.com\",\"legalName\":\"Bladna News\"},{\"@type\":\"Person\",\"@id\":\"https:\\\/\\\/mediumseagreen-eel-531711.hostingersite.com\\\/#\\\/schema\\\/person\\\/268e18a453ab080ebf76df6ef7845083\",\"name\":\"Bladna News Staff\",\"url\":\"https:\\\/\\\/bladnanews.com\\\/fr\\\/author\\\/bladna-news-staff\\\/\"}]}<\/script>\n<!-- \/ Yoast SEO Premium plugin. -->","yoast_head_json":{"title":"Le patron de Pafos interrog\u00e9 sur la controverse Beckham apr\u00e8s la d\u00e9faite contre Chelsea - Bladna News","robots":{"index":"index","follow":"follow","max-snippet":"max-snippet:-1","max-image-preview":"max-image-preview:large","max-video-preview":"max-video-preview:-1"},"canonical":"https:\/\/bladnanews.com\/fr\/le-patron-de-pafos-interroge-sur-laffaire-beckham-apres-la-defaite-contre-chelsea\/","og_locale":"fr_FR","og_type":"article","og_title":"Pafos boss quizzed on Beckham row after Chelsea loss","og_description":"Pafos boss Juan Carlos Carcedo was left bemused after being quizzed about David Beckham\u2019s family drama following Chelsea\u2019s Champions League [&hellip;]","og_url":"https:\/\/bladnanews.com\/fr\/le-patron-de-pafos-interroge-sur-laffaire-beckham-apres-la-defaite-contre-chelsea\/","og_site_name":"Bladna News","article_published_time":"2026-01-22T12:03:57+00:00","og_image":[{"width":1312,"height":736,"url":"https:\/\/bladnanews.com\/wp-content\/uploads\/2025\/12\/freepik__bladna-newscom-moroccan-soccer-homepage-banner-mor__41838.png","type":"image\/png"}],"author":"Bladna News Staff","twitter_card":"summary_large_image","twitter_misc":{"\u00c9crit par":"Bladna News Staff","Dur\u00e9e de lecture estim\u00e9e":"1 minute"},"schema":{"@context":"https:\/\/schema.org","@graph":[{"@type":"Article","@id":"https:\/\/bladnanews.com\/pafos-boss-quizzed-on-beckham-row-after-chelsea-loss\/#article","isPartOf":{"@id":"https:\/\/bladnanews.com\/pafos-boss-quizzed-on-beckham-row-after-chelsea-loss\/"},"author":{"name":"Bladna News Staff","@id":"https:\/\/mediumseagreen-eel-531711.hostingersite.com\/#\/schema\/person\/268e18a453ab080ebf76df6ef7845083"},"headline":"Pafos boss quizzed on Beckham row after Chelsea loss","datePublished":"2026-01-22T12:03:57+00:00","mainEntityOfPage":{"@id":"https:\/\/bladnanews.com\/pafos-boss-quizzed-on-beckham-row-after-chelsea-loss\/"},"wordCount":225,"publisher":{"@id":"https:\/\/mediumseagreen-eel-531711.hostingersite.com\/#organization"},"image":{"@id":"https:\/\/bladnanews.com\/pafos-boss-quizzed-on-beckham-row-after-chelsea-loss\/#primaryimage"},"thumbnailUrl":"https:\/\/bladnanews.com\/wp-content\/uploads\/2026\/01\/BladnaNews-Pafos-boss-quizzed-on-Beckham-row-after-Chelsea-loss-2026-01-22T210930.399Z-scaled.jpg","articleSection":["International","Latest News"],"inLanguage":"fr-FR","copyrightYear":"2026","copyrightHolder":{"@id":"https:\/\/bladnanews.com\/fr\/#organization"}},{"@type":"WebPage","@id":"https:\/\/bladnanews.com\/pafos-boss-quizzed-on-beckham-row-after-chelsea-loss\/","url":"https:\/\/bladnanews.com\/pafos-boss-quizzed-on-beckham-row-after-chelsea-loss\/","name":"Le patron de Pafos interrog\u00e9 sur la controverse Beckham apr\u00e8s la d\u00e9faite contre Chelsea - Bladna News","isPartOf":{"@id":"https:\/\/mediumseagreen-eel-531711.hostingersite.com\/#website"},"primaryImageOfPage":{"@id":"https:\/\/bladnanews.com\/pafos-boss-quizzed-on-beckham-row-after-chelsea-loss\/#primaryimage"},"image":{"@id":"https:\/\/bladnanews.com\/pafos-boss-quizzed-on-beckham-row-after-chelsea-loss\/#primaryimage"},"thumbnailUrl":"https:\/\/bladnanews.com\/wp-content\/uploads\/2026\/01\/BladnaNews-Pafos-boss-quizzed-on-Beckham-row-after-Chelsea-loss-2026-01-22T210930.399Z-scaled.jpg","datePublished":"2026-01-22T12:03:57+00:00","breadcrumb":{"@id":"https:\/\/bladnanews.com\/pafos-boss-quizzed-on-beckham-row-after-chelsea-loss\/#breadcrumb"},"inLanguage":"fr-FR","potentialAction":[{"@type":"ReadAction","target":["https:\/\/bladnanews.com\/pafos-boss-quizzed-on-beckham-row-after-chelsea-loss\/"]}]},{"@type":"ImageObject","inLanguage":"fr-FR","@id":"https:\/\/bladnanews.com\/pafos-boss-quizzed-on-beckham-row-after-chelsea-loss\/#primaryimage","url":"https:\/\/bladnanews.com\/wp-content\/uploads\/2026\/01\/BladnaNews-Pafos-boss-quizzed-on-Beckham-row-after-Chelsea-loss-2026-01-22T210930.399Z-scaled.jpg","contentUrl":"https:\/\/bladnanews.com\/wp-content\/uploads\/2026\/01\/BladnaNews-Pafos-boss-quizzed-on-Beckham-row-after-Chelsea-loss-2026-01-22T210930.399Z-scaled.jpg","width":2560,"height":1440,"caption":"David Beckham smiles while wearing a dark suit and tie, with a blurred background suggesting a public appearance."},{"@type":"BreadcrumbList","@id":"https:\/\/bladnanews.com\/pafos-boss-quizzed-on-beckham-row-after-chelsea-loss\/#breadcrumb","itemListElement":[{"@type":"ListItem","position":1,"name":"Home","item":"https:\/\/bladnanews.com\/"},{"@type":"ListItem","position":2,"name":"Pafos boss quizzed on Beckham row after Chelsea loss"}]},{"@type":"WebSite","@id":"https:\/\/mediumseagreen-eel-531711.hostingersite.com\/#website","url":"https:\/\/mediumseagreen-eel-531711.hostingersite.com\/","name":"Bladna News - Maroc","description":"Quand le football marocain rencontre le monde","publisher":{"@id":"https:\/\/mediumseagreen-eel-531711.hostingersite.com\/#organization"},"potentialAction":[{"@type":"SearchAction","target":{"@type":"EntryPoint","urlTemplate":"https:\/\/mediumseagreen-eel-531711.hostingersite.com\/?s={search_term_string}"},"query-input":{"@type":"PropertyValueSpecification","valueRequired":true,"valueName":"search_term_string"}}],"inLanguage":"fr-FR"},{"@type":"Organization","@id":"https:\/\/mediumseagreen-eel-531711.hostingersite.com\/#organization","name":"Bladna News.com","url":"https:\/\/mediumseagreen-eel-531711.hostingersite.com\/","logo":{"@type":"ImageObject","inLanguage":"fr-FR","@id":"https:\/\/mediumseagreen-eel-531711.hostingersite.com\/#\/schema\/logo\/image\/","url":"https:\/\/bladnanews.com\/wp-content\/uploads\/2025\/12\/logo-bladnanews-V2-web-black-red.png","contentUrl":"https:\/\/bladnanews.com\/wp-content\/uploads\/2025\/12\/logo-bladnanews-V2-web-black-red.png","width":703,"height":287,"caption":"Bladna News.com"},"image":{"@id":"https:\/\/mediumseagreen-eel-531711.hostingersite.com\/#\/schema\/logo\/image\/"},"email":"info@bladnanews.com","legalName":"Bladna News"},{"@type":"Person","@id":"https:\/\/mediumseagreen-eel-531711.hostingersite.com\/#\/schema\/person\/268e18a453ab080ebf76df6ef7845083","name":"\u00c9quipe r\u00e9dactionnelle de Bladna News","url":"https:\/\/bladnanews.com\/fr\/author\/bladna-news-staff\/"}]}},"_links":{"self":[{"href":"https:\/\/bladnanews.com\/fr\/wp-json\/wp\/v2\/posts\/7379","targetHints":{"allow":["GET"]}}],"collection":[{"href":"https:\/\/bladnanews.com\/fr\/wp-json\/wp\/v2\/posts"}],"about":[{"href":"https:\/\/bladnanews.com\/fr\/wp-json\/wp\/v2\/types\/post"}],"author":[{"embeddable":true,"href":"https:\/\/bladnanews.com\/fr\/wp-json\/wp\/v2\/users\/3"}],"replies":[{"embeddable":true,"href":"https:\/\/bladnanews.com\/fr\/wp-json\/wp\/v2\/comments?post=7379"}],"version-history":[{"count":0,"href":"https:\/\/bladnanews.com\/fr\/wp-json\/wp\/v2\/posts\/7379\/revisions"}],"wp:featuredmedia":[{"embeddable":true,"href":"https:\/\/bladnanews.com\/fr\/wp-json\/wp\/v2\/media\/7378"}],"wp:attachment":[{"href":"https:\/\/bladnanews.com\/fr\/wp-json\/wp\/v2\/media?parent=7379"}],"wp:term":[{"taxonomy":"category","embeddable":true,"href":"https:\/\/bladnanews.com\/fr\/wp-json\/wp\/v2\/categories?post=7379"},{"taxonomy":"post_tag","embeddable":true,"href":"https:\/\/bladnanews.com\/fr\/wp-json\/wp\/v2\/tags?post=7379"}],"curies":[{"name":"wp","href":"https:\/\/api.w.org\/{rel}","templated":true}]}}