{"id":7385,"date":"2026-01-22T13:06:31","date_gmt":"2026-01-22T13:06:31","guid":{"rendered":"https:\/\/bladnanews.com\/man-utd-supporters-group-plans-protest-against-glazers-and-ratcliffe\/"},"modified":"2026-01-22T13:06:31","modified_gmt":"2026-01-22T13:06:31","slug":"le-groupe-de-supporters-de-manchester-united-prevoit-une-manifestation-contre-les-glazer-et-ratcliffe","status":"publish","type":"post","link":"https:\/\/bladnanews.com\/fr\/le-groupe-de-supporters-de-manchester-united-prevoit-une-manifestation-contre-les-glazer-et-ratcliffe\/","title":{"rendered":"Le groupe de supporters de Manchester United pr\u00e9voit une manifestation contre les Glazer et Ratcliffe"},"content":{"rendered":"<p>Un groupe de supporters de Manchester United pr\u00e9voit une manifestation contre la famille Glazer et Sir Jim Ratcliffe, affirmant que les propri\u00e9taires du club ont transform\u00e9 United en \u201c objet de ris\u00e9e \u201d. L'action pr\u00e9vue a \u00e9t\u00e9 organis\u00e9e sous la banni\u00e8re de The 1958, qui a appel\u00e9 les supporters \u00e0 exprimer clairement leurs sentiments concernant l'orientation du club.<\/p>\n<p>Le groupe d\u00e9clare que \u201c \u00e7a suffit \u201d et souhaite que les supporters s'unissent pour s'opposer \u00e0 la fois aux Glazer et \u00e0 Ratcliffe, dont le groupe Ineos a pris un r\u00f4le cl\u00e9 dans les op\u00e9rations footballistiques depuis l'ach\u00e8vement d'un investissement minoritaire dans le club. The 1958 insiste sur le fait que le mod\u00e8le de propri\u00e9t\u00e9 actuel est un \u00e9chec et que l'identit\u00e9 et les standards de United sont endommag\u00e9s.<\/p>\n<p>Dans un communiqu\u00e9, le groupe a exhort\u00e9 les supporters \u00e0 s'impliquer et a soulign\u00e9 la col\u00e8re persistante concernant la gestion du club. Ils soutiennent que le probl\u00e8me ne se limite pas \u00e0 une seule partie, pointant du doigt \u00e0 la fois les propri\u00e9taires majoritaires et la nouvelle structure dirigeante mise en place sous Ratcliffe.<\/p>\n<p>Cette annonce intervient alors que la frustration des supporters ne cesse de cro\u00eetre, United restant sous \u00e9troite surveillance sur et en dehors du terrain. The 1958 affirme que la manifestation vise \u00e0 exiger des changements et \u00e0 tenir les responsables comptables de leurs actes, avertissant que les supporters se sentent ignor\u00e9s tandis que la r\u00e9putation du club en p\u00e2tit.<\/p>\n<p>De plus amples d\u00e9tails sur la manifestation pr\u00e9vue devraient suivre, le groupe \u00e9tant d\u00e9termin\u00e9 \u00e0 maintenir la pression sur les Glazer et Ratcliffe tout en diffusant son message \u00e0 l'ensemble de la base de supporters.<\/p>","protected":false},"excerpt":{"rendered":"<p>A Manchester United supporters group is planning a protest against the Glazer family and Sir Jim Ratcliffe, claiming the club\u2019s [&hellip;]<\/p>\n","protected":false},"author":3,"featured_media":7384,"comment_status":"","ping_status":"open","sticky":false,"template":"","format":"standard","meta":{"googlesitekit_rrm_CAow_uzEDA:productID":"","site-sidebar-layout":"default","site-content-layout":"","ast-site-content-layout":"default","site-content-style":"default","site-sidebar-style":"default","ast-global-header-display":"","ast-banner-title-visibility":"","ast-main-header-display":"","ast-hfb-above-header-display":"","ast-hfb-below-header-display":"","ast-hfb-mobile-header-display":"","site-post-title":"","ast-breadcrumbs-content":"","ast-featured-img":"","footer-sml-layout":"","ast-disable-related-posts":"","theme-transparent-header-meta":"","adv-header-id-meta":"","stick-header-meta":"","header-above-stick-meta":"","header-main-stick-meta":"","header-below-stick-meta":"","astra-migrate-meta-layouts":"default","ast-page-background-enabled":"default","ast-page-background-meta":{"desktop":{"background-color":"var(--ast-global-color-5)","background-image":"","background-repeat":"repeat","background-position":"center center","background-size":"auto","background-attachment":"scroll","background-type":"","background-media":"","overlay-type":"","overlay-color":"","overlay-opacity":"","overlay-gradient":""},"tablet":{"background-color":"","background-image":"","background-repeat":"repeat","background-position":"center center","background-size":"auto","background-attachment":"scroll","background-type":"","background-media":"","overlay-type":"","overlay-color":"","overlay-opacity":"","overlay-gradient":""},"mobile":{"background-color":"","background-image":"","background-repeat":"repeat","background-position":"center center","background-size":"auto","background-attachment":"scroll","background-type":"","background-media":"","overlay-type":"","overlay-color":"","overlay-opacity":"","overlay-gradient":""}},"ast-content-background-meta":{"desktop":{"background-color":"var(--ast-global-color-4)","background-image":"","background-repeat":"repeat","background-position":"center center","background-size":"auto","background-attachment":"scroll","background-type":"","background-media":"","overlay-type":"","overlay-color":"","overlay-opacity":"","overlay-gradient":""},"tablet":{"background-color":"var(--ast-global-color-4)","background-image":"","background-repeat":"repeat","background-position":"center center","background-size":"auto","background-attachment":"scroll","background-type":"","background-media":"","overlay-type":"","overlay-color":"","overlay-opacity":"","overlay-gradient":""},"mobile":{"background-color":"var(--ast-global-color-4)","background-image":"","background-repeat":"repeat","background-position":"center center","background-size":"auto","background-attachment":"scroll","background-type":"","background-media":"","overlay-type":"","overlay-color":"","overlay-opacity":"","overlay-gradient":""}},"footnotes":""},"categories":[20,1],"tags":[],"class_list":["post-7385","post","type-post","status-publish","format-standard","has-post-thumbnail","hentry","category-international","category-football-latest-news"],"yoast_head":"<!-- This site is optimized with the Yoast SEO Premium plugin v26.6 (Yoast SEO v27.4) - https:\/\/yoast.com\/product\/yoast-seo-premium-wordpress\/ -->\n<title>Man Utd supporters group plans protest against Glazers and Ratcliffe - Bladna News<\/title>\n<meta name=\"robots\" content=\"index, follow, max-snippet:-1, max-image-preview:large, max-video-preview:-1\" \/>\n<link rel=\"canonical\" href=\"https:\/\/bladnanews.com\/fr\/le-groupe-de-supporters-de-manchester-united-prevoit-une-manifestation-contre-les-glazer-et-ratcliffe\/\" \/>\n<meta property=\"og:locale\" content=\"fr_FR\" \/>\n<meta property=\"og:type\" content=\"article\" \/>\n<meta property=\"og:title\" content=\"Man Utd supporters group plans protest against Glazers and Ratcliffe\" \/>\n<meta property=\"og:description\" content=\"A Manchester United supporters group is planning a protest against the Glazer family and Sir Jim Ratcliffe, claiming the club\u2019s [&hellip;]\" \/>\n<meta property=\"og:url\" content=\"https:\/\/bladnanews.com\/fr\/le-groupe-de-supporters-de-manchester-united-prevoit-une-manifestation-contre-les-glazer-et-ratcliffe\/\" \/>\n<meta property=\"og:site_name\" content=\"Bladna News\" \/>\n<meta property=\"article:published_time\" content=\"2026-01-22T13:06:31+00:00\" \/>\n<meta property=\"og:image\" content=\"https:\/\/bladnanews.com\/wp-content\/uploads\/2025\/12\/freepik__bladna-newscom-moroccan-soccer-homepage-banner-mor__41838.png\" \/>\n\t<meta property=\"og:image:width\" content=\"1312\" \/>\n\t<meta property=\"og:image:height\" content=\"736\" \/>\n\t<meta property=\"og:image:type\" content=\"image\/png\" \/>\n<meta name=\"author\" content=\"Bladna News Staff\" \/>\n<meta name=\"twitter:card\" content=\"summary_large_image\" \/>\n<meta name=\"twitter:label1\" content=\"\u00c9crit par\" \/>\n\t<meta name=\"twitter:data1\" content=\"Bladna News Staff\" \/>\n\t<meta name=\"twitter:label2\" content=\"Dur\u00e9e de lecture estim\u00e9e\" \/>\n\t<meta name=\"twitter:data2\" content=\"1 minute\" \/>\n<script type=\"application\/ld+json\" class=\"yoast-schema-graph\">{\"@context\":\"https:\\\/\\\/schema.org\",\"@graph\":[{\"@type\":\"Article\",\"@id\":\"https:\\\/\\\/bladnanews.com\\\/man-utd-supporters-group-plans-protest-against-glazers-and-ratcliffe\\\/#article\",\"isPartOf\":{\"@id\":\"https:\\\/\\\/bladnanews.com\\\/man-utd-supporters-group-plans-protest-against-glazers-and-ratcliffe\\\/\"},\"author\":{\"name\":\"Bladna News Staff\",\"@id\":\"https:\\\/\\\/mediumseagreen-eel-531711.hostingersite.com\\\/#\\\/schema\\\/person\\\/268e18a453ab080ebf76df6ef7845083\"},\"headline\":\"Man Utd supporters group plans protest against Glazers and Ratcliffe\",\"datePublished\":\"2026-01-22T13:06:31+00:00\",\"mainEntityOfPage\":{\"@id\":\"https:\\\/\\\/bladnanews.com\\\/man-utd-supporters-group-plans-protest-against-glazers-and-ratcliffe\\\/\"},\"wordCount\":250,\"publisher\":{\"@id\":\"https:\\\/\\\/mediumseagreen-eel-531711.hostingersite.com\\\/#organization\"},\"image\":{\"@id\":\"https:\\\/\\\/bladnanews.com\\\/man-utd-supporters-group-plans-protest-against-glazers-and-ratcliffe\\\/#primaryimage\"},\"thumbnailUrl\":\"https:\\\/\\\/bladnanews.com\\\/wp-content\\\/uploads\\\/2026\\\/01\\\/BladnaNews-Man-Utd-supporters-group-plans-protest-against-Glazers-and-Ratcliffe-2026-01-22T211036.158Z-scaled.jpg\",\"articleSection\":[\"International\",\"Latest News\"],\"inLanguage\":\"fr-FR\",\"copyrightYear\":\"2026\",\"copyrightHolder\":{\"@id\":\"https:\\\/\\\/bladnanews.com\\\/fr\\\/#organization\"}},{\"@type\":\"WebPage\",\"@id\":\"https:\\\/\\\/bladnanews.com\\\/man-utd-supporters-group-plans-protest-against-glazers-and-ratcliffe\\\/\",\"url\":\"https:\\\/\\\/bladnanews.com\\\/man-utd-supporters-group-plans-protest-against-glazers-and-ratcliffe\\\/\",\"name\":\"Man Utd supporters group plans protest against Glazers and Ratcliffe - Bladna News\",\"isPartOf\":{\"@id\":\"https:\\\/\\\/mediumseagreen-eel-531711.hostingersite.com\\\/#website\"},\"primaryImageOfPage\":{\"@id\":\"https:\\\/\\\/bladnanews.com\\\/man-utd-supporters-group-plans-protest-against-glazers-and-ratcliffe\\\/#primaryimage\"},\"image\":{\"@id\":\"https:\\\/\\\/bladnanews.com\\\/man-utd-supporters-group-plans-protest-against-glazers-and-ratcliffe\\\/#primaryimage\"},\"thumbnailUrl\":\"https:\\\/\\\/bladnanews.com\\\/wp-content\\\/uploads\\\/2026\\\/01\\\/BladnaNews-Man-Utd-supporters-group-plans-protest-against-Glazers-and-Ratcliffe-2026-01-22T211036.158Z-scaled.jpg\",\"datePublished\":\"2026-01-22T13:06:31+00:00\",\"breadcrumb\":{\"@id\":\"https:\\\/\\\/bladnanews.com\\\/man-utd-supporters-group-plans-protest-against-glazers-and-ratcliffe\\\/#breadcrumb\"},\"inLanguage\":\"fr-FR\",\"potentialAction\":[{\"@type\":\"ReadAction\",\"target\":[\"https:\\\/\\\/bladnanews.com\\\/man-utd-supporters-group-plans-protest-against-glazers-and-ratcliffe\\\/\"]}]},{\"@type\":\"ImageObject\",\"inLanguage\":\"fr-FR\",\"@id\":\"https:\\\/\\\/bladnanews.com\\\/man-utd-supporters-group-plans-protest-against-glazers-and-ratcliffe\\\/#primaryimage\",\"url\":\"https:\\\/\\\/bladnanews.com\\\/wp-content\\\/uploads\\\/2026\\\/01\\\/BladnaNews-Man-Utd-supporters-group-plans-protest-against-Glazers-and-Ratcliffe-2026-01-22T211036.158Z-scaled.jpg\",\"contentUrl\":\"https:\\\/\\\/bladnanews.com\\\/wp-content\\\/uploads\\\/2026\\\/01\\\/BladnaNews-Man-Utd-supporters-group-plans-protest-against-Glazers-and-Ratcliffe-2026-01-22T211036.158Z-scaled.jpg\",\"width\":2560,\"height\":1440,\"caption\":\"Businessman with tousled hair in a dark jacket and multi-coloured scarf, surrounded by fans at a football match.\"},{\"@type\":\"BreadcrumbList\",\"@id\":\"https:\\\/\\\/bladnanews.com\\\/man-utd-supporters-group-plans-protest-against-glazers-and-ratcliffe\\\/#breadcrumb\",\"itemListElement\":[{\"@type\":\"ListItem\",\"position\":1,\"name\":\"Home\",\"item\":\"https:\\\/\\\/bladnanews.com\\\/\"},{\"@type\":\"ListItem\",\"position\":2,\"name\":\"Man Utd supporters group plans protest against Glazers and Ratcliffe\"}]},{\"@type\":\"WebSite\",\"@id\":\"https:\\\/\\\/mediumseagreen-eel-531711.hostingersite.com\\\/#website\",\"url\":\"https:\\\/\\\/mediumseagreen-eel-531711.hostingersite.com\\\/\",\"name\":\"Bladna News - Morocco\",\"description\":\"Where Moroccan Football Meets the World\",\"publisher\":{\"@id\":\"https:\\\/\\\/mediumseagreen-eel-531711.hostingersite.com\\\/#organization\"},\"potentialAction\":[{\"@type\":\"SearchAction\",\"target\":{\"@type\":\"EntryPoint\",\"urlTemplate\":\"https:\\\/\\\/mediumseagreen-eel-531711.hostingersite.com\\\/?s={search_term_string}\"},\"query-input\":{\"@type\":\"PropertyValueSpecification\",\"valueRequired\":true,\"valueName\":\"search_term_string\"}}],\"inLanguage\":\"fr-FR\"},{\"@type\":\"Organization\",\"@id\":\"https:\\\/\\\/mediumseagreen-eel-531711.hostingersite.com\\\/#organization\",\"name\":\"Bladna News.com\",\"url\":\"https:\\\/\\\/mediumseagreen-eel-531711.hostingersite.com\\\/\",\"logo\":{\"@type\":\"ImageObject\",\"inLanguage\":\"fr-FR\",\"@id\":\"https:\\\/\\\/mediumseagreen-eel-531711.hostingersite.com\\\/#\\\/schema\\\/logo\\\/image\\\/\",\"url\":\"https:\\\/\\\/bladnanews.com\\\/wp-content\\\/uploads\\\/2025\\\/12\\\/logo-bladnanews-V2-web-black-red.png\",\"contentUrl\":\"https:\\\/\\\/bladnanews.com\\\/wp-content\\\/uploads\\\/2025\\\/12\\\/logo-bladnanews-V2-web-black-red.png\",\"width\":703,\"height\":287,\"caption\":\"Bladna News.com\"},\"image\":{\"@id\":\"https:\\\/\\\/mediumseagreen-eel-531711.hostingersite.com\\\/#\\\/schema\\\/logo\\\/image\\\/\"},\"email\":\"info@bladnanews.com\",\"legalName\":\"Bladna News\"},{\"@type\":\"Person\",\"@id\":\"https:\\\/\\\/mediumseagreen-eel-531711.hostingersite.com\\\/#\\\/schema\\\/person\\\/268e18a453ab080ebf76df6ef7845083\",\"name\":\"Bladna News Staff\",\"url\":\"https:\\\/\\\/bladnanews.com\\\/fr\\\/author\\\/bladna-news-staff\\\/\"}]}<\/script>\n<!-- \/ Yoast SEO Premium plugin. -->","yoast_head_json":{"title":"Le groupe de supporters de Manchester United pr\u00e9voit une manifestation contre les Glazer et Ratcliffe - Bladna News","robots":{"index":"index","follow":"follow","max-snippet":"max-snippet:-1","max-image-preview":"max-image-preview:large","max-video-preview":"max-video-preview:-1"},"canonical":"https:\/\/bladnanews.com\/fr\/le-groupe-de-supporters-de-manchester-united-prevoit-une-manifestation-contre-les-glazer-et-ratcliffe\/","og_locale":"fr_FR","og_type":"article","og_title":"Man Utd supporters group plans protest against Glazers and Ratcliffe","og_description":"A Manchester United supporters group is planning a protest against the Glazer family and Sir Jim Ratcliffe, claiming the club\u2019s [&hellip;]","og_url":"https:\/\/bladnanews.com\/fr\/le-groupe-de-supporters-de-manchester-united-prevoit-une-manifestation-contre-les-glazer-et-ratcliffe\/","og_site_name":"Bladna News","article_published_time":"2026-01-22T13:06:31+00:00","og_image":[{"width":1312,"height":736,"url":"https:\/\/bladnanews.com\/wp-content\/uploads\/2025\/12\/freepik__bladna-newscom-moroccan-soccer-homepage-banner-mor__41838.png","type":"image\/png"}],"author":"Bladna News Staff","twitter_card":"summary_large_image","twitter_misc":{"\u00c9crit par":"Bladna News Staff","Dur\u00e9e de lecture estim\u00e9e":"1 minute"},"schema":{"@context":"https:\/\/schema.org","@graph":[{"@type":"Article","@id":"https:\/\/bladnanews.com\/man-utd-supporters-group-plans-protest-against-glazers-and-ratcliffe\/#article","isPartOf":{"@id":"https:\/\/bladnanews.com\/man-utd-supporters-group-plans-protest-against-glazers-and-ratcliffe\/"},"author":{"name":"Bladna News Staff","@id":"https:\/\/mediumseagreen-eel-531711.hostingersite.com\/#\/schema\/person\/268e18a453ab080ebf76df6ef7845083"},"headline":"Man Utd supporters group plans protest against Glazers and Ratcliffe","datePublished":"2026-01-22T13:06:31+00:00","mainEntityOfPage":{"@id":"https:\/\/bladnanews.com\/man-utd-supporters-group-plans-protest-against-glazers-and-ratcliffe\/"},"wordCount":250,"publisher":{"@id":"https:\/\/mediumseagreen-eel-531711.hostingersite.com\/#organization"},"image":{"@id":"https:\/\/bladnanews.com\/man-utd-supporters-group-plans-protest-against-glazers-and-ratcliffe\/#primaryimage"},"thumbnailUrl":"https:\/\/bladnanews.com\/wp-content\/uploads\/2026\/01\/BladnaNews-Man-Utd-supporters-group-plans-protest-against-Glazers-and-Ratcliffe-2026-01-22T211036.158Z-scaled.jpg","articleSection":["International","Latest News"],"inLanguage":"fr-FR","copyrightYear":"2026","copyrightHolder":{"@id":"https:\/\/bladnanews.com\/fr\/#organization"}},{"@type":"WebPage","@id":"https:\/\/bladnanews.com\/man-utd-supporters-group-plans-protest-against-glazers-and-ratcliffe\/","url":"https:\/\/bladnanews.com\/man-utd-supporters-group-plans-protest-against-glazers-and-ratcliffe\/","name":"Le groupe de supporters de Manchester United pr\u00e9voit une manifestation contre les Glazer et Ratcliffe - Bladna News","isPartOf":{"@id":"https:\/\/mediumseagreen-eel-531711.hostingersite.com\/#website"},"primaryImageOfPage":{"@id":"https:\/\/bladnanews.com\/man-utd-supporters-group-plans-protest-against-glazers-and-ratcliffe\/#primaryimage"},"image":{"@id":"https:\/\/bladnanews.com\/man-utd-supporters-group-plans-protest-against-glazers-and-ratcliffe\/#primaryimage"},"thumbnailUrl":"https:\/\/bladnanews.com\/wp-content\/uploads\/2026\/01\/BladnaNews-Man-Utd-supporters-group-plans-protest-against-Glazers-and-Ratcliffe-2026-01-22T211036.158Z-scaled.jpg","datePublished":"2026-01-22T13:06:31+00:00","breadcrumb":{"@id":"https:\/\/bladnanews.com\/man-utd-supporters-group-plans-protest-against-glazers-and-ratcliffe\/#breadcrumb"},"inLanguage":"fr-FR","potentialAction":[{"@type":"ReadAction","target":["https:\/\/bladnanews.com\/man-utd-supporters-group-plans-protest-against-glazers-and-ratcliffe\/"]}]},{"@type":"ImageObject","inLanguage":"fr-FR","@id":"https:\/\/bladnanews.com\/man-utd-supporters-group-plans-protest-against-glazers-and-ratcliffe\/#primaryimage","url":"https:\/\/bladnanews.com\/wp-content\/uploads\/2026\/01\/BladnaNews-Man-Utd-supporters-group-plans-protest-against-Glazers-and-Ratcliffe-2026-01-22T211036.158Z-scaled.jpg","contentUrl":"https:\/\/bladnanews.com\/wp-content\/uploads\/2026\/01\/BladnaNews-Man-Utd-supporters-group-plans-protest-against-Glazers-and-Ratcliffe-2026-01-22T211036.158Z-scaled.jpg","width":2560,"height":1440,"caption":"Businessman with tousled hair in a dark jacket and multi-coloured scarf, surrounded by fans at a football match."},{"@type":"BreadcrumbList","@id":"https:\/\/bladnanews.com\/man-utd-supporters-group-plans-protest-against-glazers-and-ratcliffe\/#breadcrumb","itemListElement":[{"@type":"ListItem","position":1,"name":"Home","item":"https:\/\/bladnanews.com\/"},{"@type":"ListItem","position":2,"name":"Man Utd supporters group plans protest against Glazers and Ratcliffe"}]},{"@type":"WebSite","@id":"https:\/\/mediumseagreen-eel-531711.hostingersite.com\/#website","url":"https:\/\/mediumseagreen-eel-531711.hostingersite.com\/","name":"Bladna News - Maroc","description":"Quand le football marocain rencontre le monde","publisher":{"@id":"https:\/\/mediumseagreen-eel-531711.hostingersite.com\/#organization"},"potentialAction":[{"@type":"SearchAction","target":{"@type":"EntryPoint","urlTemplate":"https:\/\/mediumseagreen-eel-531711.hostingersite.com\/?s={search_term_string}"},"query-input":{"@type":"PropertyValueSpecification","valueRequired":true,"valueName":"search_term_string"}}],"inLanguage":"fr-FR"},{"@type":"Organization","@id":"https:\/\/mediumseagreen-eel-531711.hostingersite.com\/#organization","name":"Bladna News.com","url":"https:\/\/mediumseagreen-eel-531711.hostingersite.com\/","logo":{"@type":"ImageObject","inLanguage":"fr-FR","@id":"https:\/\/mediumseagreen-eel-531711.hostingersite.com\/#\/schema\/logo\/image\/","url":"https:\/\/bladnanews.com\/wp-content\/uploads\/2025\/12\/logo-bladnanews-V2-web-black-red.png","contentUrl":"https:\/\/bladnanews.com\/wp-content\/uploads\/2025\/12\/logo-bladnanews-V2-web-black-red.png","width":703,"height":287,"caption":"Bladna News.com"},"image":{"@id":"https:\/\/mediumseagreen-eel-531711.hostingersite.com\/#\/schema\/logo\/image\/"},"email":"info@bladnanews.com","legalName":"Bladna News"},{"@type":"Person","@id":"https:\/\/mediumseagreen-eel-531711.hostingersite.com\/#\/schema\/person\/268e18a453ab080ebf76df6ef7845083","name":"\u00c9quipe r\u00e9dactionnelle de Bladna News","url":"https:\/\/bladnanews.com\/fr\/author\/bladna-news-staff\/"}]}},"_links":{"self":[{"href":"https:\/\/bladnanews.com\/fr\/wp-json\/wp\/v2\/posts\/7385","targetHints":{"allow":["GET"]}}],"collection":[{"href":"https:\/\/bladnanews.com\/fr\/wp-json\/wp\/v2\/posts"}],"about":[{"href":"https:\/\/bladnanews.com\/fr\/wp-json\/wp\/v2\/types\/post"}],"author":[{"embeddable":true,"href":"https:\/\/bladnanews.com\/fr\/wp-json\/wp\/v2\/users\/3"}],"replies":[{"embeddable":true,"href":"https:\/\/bladnanews.com\/fr\/wp-json\/wp\/v2\/comments?post=7385"}],"version-history":[{"count":0,"href":"https:\/\/bladnanews.com\/fr\/wp-json\/wp\/v2\/posts\/7385\/revisions"}],"wp:featuredmedia":[{"embeddable":true,"href":"https:\/\/bladnanews.com\/fr\/wp-json\/wp\/v2\/media\/7384"}],"wp:attachment":[{"href":"https:\/\/bladnanews.com\/fr\/wp-json\/wp\/v2\/media?parent=7385"}],"wp:term":[{"taxonomy":"category","embeddable":true,"href":"https:\/\/bladnanews.com\/fr\/wp-json\/wp\/v2\/categories?post=7385"},{"taxonomy":"post_tag","embeddable":true,"href":"https:\/\/bladnanews.com\/fr\/wp-json\/wp\/v2\/tags?post=7385"}],"curies":[{"name":"wp","href":"https:\/\/api.w.org\/{rel}","templated":true}]}}