{"id":7399,"date":"2026-01-22T14:50:01","date_gmt":"2026-01-22T14:50:01","guid":{"rendered":"https:\/\/bladnanews.com\/ricardo-pepi-urged-to-join-fulham-in-premier-league-move\/"},"modified":"2026-01-22T14:50:01","modified_gmt":"2026-01-22T14:50:01","slug":"ricardo-pepi-exhorte-a-rejoindre-fulham-pour-un-transfert-en-premier-league","status":"publish","type":"post","link":"https:\/\/bladnanews.com\/fr\/ricardo-pepi-exhorte-a-rejoindre-fulham-pour-un-transfert-en-premier-league\/","title":{"rendered":"Ricardo Pepi exhort\u00e9 \u00e0 rejoindre Fulham pour un transfert en Premier League"},"content":{"rendered":"<p>Ricardo Pepi a \u00e9t\u00e9 encourag\u00e9 \u00e0 envisager un transfert \u00e0 Fulham, l'ancien international am\u00e9ricain et attaquant de Premier League Brian McBride plaidant en faveur d'un test en Angleterre pour l'attaquant du PSV.<\/p>\n<p>\u00c2g\u00e9 de 21 ans, Pepi n'a cess\u00e9 de construire sa r\u00e9putation en Europe depuis son d\u00e9part des \u00c9tats-Unis, et sa forme au PSV le maintient sous les projecteurs \u00e0 l'approche du mercato estival.<\/p>\n<p>McBride estime que Fulham constituerait un cadre id\u00e9al pour l'attaquant am\u00e9ricain, soulignant la situation stable du club en Premier League et l'opportunit\u00e9 pour Pepi de franchir une nouvelle \u00e9tape cruciale dans son d\u00e9veloppement.<\/p>\n<p>\u201c Je pense que Fulham serait l'endroit parfait pour Ricardo Pepi \u201d, a d\u00e9clar\u00e9 McBride. \u201c Le style de jeu et l'environnement lui conviendraient, et la Premier League est le meilleur championnat du monde. S'il souhaite se tester au plus haut niveau, c'est une excellente opportunit\u00e9. \u201d<\/p>\n<p>L'ancien capitaine de Fulham a \u00e9galement soulign\u00e9 que la progression de Pepi devait rester la priorit\u00e9, et qu'un bon transfert consiste \u00e0 trouver du temps de jeu et un r\u00f4le d\u00e9fini, plut\u00f4t qu'\u00e0 changer de club simplement pour le changement.<\/p>\n<p>McBride a ajout\u00e9 que la Premier League exige davantage des attaquants au fil des semaines, et qu'un club comme Fulham pourrait offrir \u00e0 Pepi la plateforme n\u00e9cessaire pour continuer \u00e0 progresser tout en acqu\u00e9rant de l'exp\u00e9rience face \u00e0 une opposition de haut niveau.<\/p>\n<p>Pepi a d\u00e9j\u00e0 d\u00e9montr\u00e9 sa capacit\u00e9 \u00e0 s'adapter au niveau sup\u00e9rieur en Europe, et le message de McBride est qu'un transfert \u00e0 Craven Cottage pourrait offrir le juste \u00e9quilibre entre d\u00e9fi et opportunit\u00e9 alors qu'il cherche \u00e0 faire avancer sa carri\u00e8re.<\/p>","protected":false},"excerpt":{"rendered":"<p>Ricardo Pepi has been urged to consider a move to Fulham, with former USMNT international and Premier League striker Brian [&hellip;]<\/p>\n","protected":false},"author":3,"featured_media":7398,"comment_status":"","ping_status":"open","sticky":false,"template":"","format":"standard","meta":{"googlesitekit_rrm_CAow_uzEDA:productID":"","site-sidebar-layout":"default","site-content-layout":"","ast-site-content-layout":"default","site-content-style":"default","site-sidebar-style":"default","ast-global-header-display":"","ast-banner-title-visibility":"","ast-main-header-display":"","ast-hfb-above-header-display":"","ast-hfb-below-header-display":"","ast-hfb-mobile-header-display":"","site-post-title":"","ast-breadcrumbs-content":"","ast-featured-img":"","footer-sml-layout":"","ast-disable-related-posts":"","theme-transparent-header-meta":"","adv-header-id-meta":"","stick-header-meta":"","header-above-stick-meta":"","header-main-stick-meta":"","header-below-stick-meta":"","astra-migrate-meta-layouts":"default","ast-page-background-enabled":"default","ast-page-background-meta":{"desktop":{"background-color":"var(--ast-global-color-5)","background-image":"","background-repeat":"repeat","background-position":"center center","background-size":"auto","background-attachment":"scroll","background-type":"","background-media":"","overlay-type":"","overlay-color":"","overlay-opacity":"","overlay-gradient":""},"tablet":{"background-color":"","background-image":"","background-repeat":"repeat","background-position":"center center","background-size":"auto","background-attachment":"scroll","background-type":"","background-media":"","overlay-type":"","overlay-color":"","overlay-opacity":"","overlay-gradient":""},"mobile":{"background-color":"","background-image":"","background-repeat":"repeat","background-position":"center center","background-size":"auto","background-attachment":"scroll","background-type":"","background-media":"","overlay-type":"","overlay-color":"","overlay-opacity":"","overlay-gradient":""}},"ast-content-background-meta":{"desktop":{"background-color":"var(--ast-global-color-4)","background-image":"","background-repeat":"repeat","background-position":"center center","background-size":"auto","background-attachment":"scroll","background-type":"","background-media":"","overlay-type":"","overlay-color":"","overlay-opacity":"","overlay-gradient":""},"tablet":{"background-color":"var(--ast-global-color-4)","background-image":"","background-repeat":"repeat","background-position":"center center","background-size":"auto","background-attachment":"scroll","background-type":"","background-media":"","overlay-type":"","overlay-color":"","overlay-opacity":"","overlay-gradient":""},"mobile":{"background-color":"var(--ast-global-color-4)","background-image":"","background-repeat":"repeat","background-position":"center center","background-size":"auto","background-attachment":"scroll","background-type":"","background-media":"","overlay-type":"","overlay-color":"","overlay-opacity":"","overlay-gradient":""}},"footnotes":""},"categories":[20,1],"tags":[],"class_list":["post-7399","post","type-post","status-publish","format-standard","has-post-thumbnail","hentry","category-international","category-football-latest-news"],"yoast_head":"<!-- This site is optimized with the Yoast SEO Premium plugin v26.6 (Yoast SEO v27.4) - https:\/\/yoast.com\/product\/yoast-seo-premium-wordpress\/ -->\n<title>Ricardo Pepi urged to join Fulham in Premier League move - Bladna News<\/title>\n<meta name=\"robots\" content=\"index, follow, max-snippet:-1, max-image-preview:large, max-video-preview:-1\" \/>\n<link rel=\"canonical\" href=\"https:\/\/bladnanews.com\/fr\/ricardo-pepi-exhorte-a-rejoindre-fulham-pour-un-transfert-en-premier-league\/\" \/>\n<meta property=\"og:locale\" content=\"fr_FR\" \/>\n<meta property=\"og:type\" content=\"article\" \/>\n<meta property=\"og:title\" content=\"Ricardo Pepi urged to join Fulham in Premier League move\" \/>\n<meta property=\"og:description\" content=\"Ricardo Pepi has been urged to consider a move to Fulham, with former USMNT international and Premier League striker Brian [&hellip;]\" \/>\n<meta property=\"og:url\" content=\"https:\/\/bladnanews.com\/fr\/ricardo-pepi-exhorte-a-rejoindre-fulham-pour-un-transfert-en-premier-league\/\" \/>\n<meta property=\"og:site_name\" content=\"Bladna News\" \/>\n<meta property=\"article:published_time\" content=\"2026-01-22T14:50:01+00:00\" \/>\n<meta property=\"og:image\" content=\"https:\/\/bladnanews.com\/wp-content\/uploads\/2025\/12\/freepik__bladna-newscom-moroccan-soccer-homepage-banner-mor__41838.png\" \/>\n\t<meta property=\"og:image:width\" content=\"1312\" \/>\n\t<meta property=\"og:image:height\" content=\"736\" \/>\n\t<meta property=\"og:image:type\" content=\"image\/png\" \/>\n<meta name=\"author\" content=\"Bladna News Staff\" \/>\n<meta name=\"twitter:card\" content=\"summary_large_image\" \/>\n<meta name=\"twitter:label1\" content=\"\u00c9crit par\" \/>\n\t<meta name=\"twitter:data1\" content=\"Bladna News Staff\" \/>\n\t<meta name=\"twitter:label2\" content=\"Dur\u00e9e de lecture estim\u00e9e\" \/>\n\t<meta name=\"twitter:data2\" content=\"1 minute\" \/>\n<script type=\"application\/ld+json\" class=\"yoast-schema-graph\">{\"@context\":\"https:\\\/\\\/schema.org\",\"@graph\":[{\"@type\":\"Article\",\"@id\":\"https:\\\/\\\/bladnanews.com\\\/ricardo-pepi-urged-to-join-fulham-in-premier-league-move\\\/#article\",\"isPartOf\":{\"@id\":\"https:\\\/\\\/bladnanews.com\\\/ricardo-pepi-urged-to-join-fulham-in-premier-league-move\\\/\"},\"author\":{\"name\":\"Bladna News Staff\",\"@id\":\"https:\\\/\\\/mediumseagreen-eel-531711.hostingersite.com\\\/#\\\/schema\\\/person\\\/268e18a453ab080ebf76df6ef7845083\"},\"headline\":\"Ricardo Pepi urged to join Fulham in Premier League move\",\"datePublished\":\"2026-01-22T14:50:01+00:00\",\"mainEntityOfPage\":{\"@id\":\"https:\\\/\\\/bladnanews.com\\\/ricardo-pepi-urged-to-join-fulham-in-premier-league-move\\\/\"},\"wordCount\":275,\"publisher\":{\"@id\":\"https:\\\/\\\/mediumseagreen-eel-531711.hostingersite.com\\\/#organization\"},\"image\":{\"@id\":\"https:\\\/\\\/bladnanews.com\\\/ricardo-pepi-urged-to-join-fulham-in-premier-league-move\\\/#primaryimage\"},\"thumbnailUrl\":\"https:\\\/\\\/bladnanews.com\\\/wp-content\\\/uploads\\\/2026\\\/01\\\/BladnaNews-Ricardo-Pepi-urged-to-join-Fulham-in-Premier-League-move-2026-01-23T011042.322Z.jpg\",\"articleSection\":[\"International\",\"Latest News\"],\"inLanguage\":\"fr-FR\",\"copyrightYear\":\"2026\",\"copyrightHolder\":{\"@id\":\"https:\\\/\\\/bladnanews.com\\\/fr\\\/#organization\"}},{\"@type\":\"WebPage\",\"@id\":\"https:\\\/\\\/bladnanews.com\\\/ricardo-pepi-urged-to-join-fulham-in-premier-league-move\\\/\",\"url\":\"https:\\\/\\\/bladnanews.com\\\/ricardo-pepi-urged-to-join-fulham-in-premier-league-move\\\/\",\"name\":\"Ricardo Pepi urged to join Fulham in Premier League move - Bladna News\",\"isPartOf\":{\"@id\":\"https:\\\/\\\/mediumseagreen-eel-531711.hostingersite.com\\\/#website\"},\"primaryImageOfPage\":{\"@id\":\"https:\\\/\\\/bladnanews.com\\\/ricardo-pepi-urged-to-join-fulham-in-premier-league-move\\\/#primaryimage\"},\"image\":{\"@id\":\"https:\\\/\\\/bladnanews.com\\\/ricardo-pepi-urged-to-join-fulham-in-premier-league-move\\\/#primaryimage\"},\"thumbnailUrl\":\"https:\\\/\\\/bladnanews.com\\\/wp-content\\\/uploads\\\/2026\\\/01\\\/BladnaNews-Ricardo-Pepi-urged-to-join-Fulham-in-Premier-League-move-2026-01-23T011042.322Z.jpg\",\"datePublished\":\"2026-01-22T14:50:01+00:00\",\"breadcrumb\":{\"@id\":\"https:\\\/\\\/bladnanews.com\\\/ricardo-pepi-urged-to-join-fulham-in-premier-league-move\\\/#breadcrumb\"},\"inLanguage\":\"fr-FR\",\"potentialAction\":[{\"@type\":\"ReadAction\",\"target\":[\"https:\\\/\\\/bladnanews.com\\\/ricardo-pepi-urged-to-join-fulham-in-premier-league-move\\\/\"]}]},{\"@type\":\"ImageObject\",\"inLanguage\":\"fr-FR\",\"@id\":\"https:\\\/\\\/bladnanews.com\\\/ricardo-pepi-urged-to-join-fulham-in-premier-league-move\\\/#primaryimage\",\"url\":\"https:\\\/\\\/bladnanews.com\\\/wp-content\\\/uploads\\\/2026\\\/01\\\/BladnaNews-Ricardo-Pepi-urged-to-join-Fulham-in-Premier-League-move-2026-01-23T011042.322Z.jpg\",\"contentUrl\":\"https:\\\/\\\/bladnanews.com\\\/wp-content\\\/uploads\\\/2026\\\/01\\\/BladnaNews-Ricardo-Pepi-urged-to-join-Fulham-in-Premier-League-move-2026-01-23T011042.322Z.jpg\",\"width\":1920,\"height\":1080,\"caption\":\"Ricardo Pepi in a PSV Eindhoven jersey, featuring red and white stripes, gazing thoughtfully during a match with focus on his profile.\"},{\"@type\":\"BreadcrumbList\",\"@id\":\"https:\\\/\\\/bladnanews.com\\\/ricardo-pepi-urged-to-join-fulham-in-premier-league-move\\\/#breadcrumb\",\"itemListElement\":[{\"@type\":\"ListItem\",\"position\":1,\"name\":\"Home\",\"item\":\"https:\\\/\\\/bladnanews.com\\\/\"},{\"@type\":\"ListItem\",\"position\":2,\"name\":\"Ricardo Pepi urged to join Fulham in Premier League move\"}]},{\"@type\":\"WebSite\",\"@id\":\"https:\\\/\\\/mediumseagreen-eel-531711.hostingersite.com\\\/#website\",\"url\":\"https:\\\/\\\/mediumseagreen-eel-531711.hostingersite.com\\\/\",\"name\":\"Bladna News - Morocco\",\"description\":\"Where Moroccan Football Meets the World\",\"publisher\":{\"@id\":\"https:\\\/\\\/mediumseagreen-eel-531711.hostingersite.com\\\/#organization\"},\"potentialAction\":[{\"@type\":\"SearchAction\",\"target\":{\"@type\":\"EntryPoint\",\"urlTemplate\":\"https:\\\/\\\/mediumseagreen-eel-531711.hostingersite.com\\\/?s={search_term_string}\"},\"query-input\":{\"@type\":\"PropertyValueSpecification\",\"valueRequired\":true,\"valueName\":\"search_term_string\"}}],\"inLanguage\":\"fr-FR\"},{\"@type\":\"Organization\",\"@id\":\"https:\\\/\\\/mediumseagreen-eel-531711.hostingersite.com\\\/#organization\",\"name\":\"Bladna News.com\",\"url\":\"https:\\\/\\\/mediumseagreen-eel-531711.hostingersite.com\\\/\",\"logo\":{\"@type\":\"ImageObject\",\"inLanguage\":\"fr-FR\",\"@id\":\"https:\\\/\\\/mediumseagreen-eel-531711.hostingersite.com\\\/#\\\/schema\\\/logo\\\/image\\\/\",\"url\":\"https:\\\/\\\/bladnanews.com\\\/wp-content\\\/uploads\\\/2025\\\/12\\\/logo-bladnanews-V2-web-black-red.png\",\"contentUrl\":\"https:\\\/\\\/bladnanews.com\\\/wp-content\\\/uploads\\\/2025\\\/12\\\/logo-bladnanews-V2-web-black-red.png\",\"width\":703,\"height\":287,\"caption\":\"Bladna News.com\"},\"image\":{\"@id\":\"https:\\\/\\\/mediumseagreen-eel-531711.hostingersite.com\\\/#\\\/schema\\\/logo\\\/image\\\/\"},\"email\":\"info@bladnanews.com\",\"legalName\":\"Bladna News\"},{\"@type\":\"Person\",\"@id\":\"https:\\\/\\\/mediumseagreen-eel-531711.hostingersite.com\\\/#\\\/schema\\\/person\\\/268e18a453ab080ebf76df6ef7845083\",\"name\":\"Bladna News Staff\",\"url\":\"https:\\\/\\\/bladnanews.com\\\/fr\\\/author\\\/bladna-news-staff\\\/\"}]}<\/script>\n<!-- \/ Yoast SEO Premium plugin. -->","yoast_head_json":{"title":"Ricardo Pepi exhort\u00e9 \u00e0 rejoindre Fulham pour un transfert en Premier League - Bladna News","robots":{"index":"index","follow":"follow","max-snippet":"max-snippet:-1","max-image-preview":"max-image-preview:large","max-video-preview":"max-video-preview:-1"},"canonical":"https:\/\/bladnanews.com\/fr\/ricardo-pepi-exhorte-a-rejoindre-fulham-pour-un-transfert-en-premier-league\/","og_locale":"fr_FR","og_type":"article","og_title":"Ricardo Pepi urged to join Fulham in Premier League move","og_description":"Ricardo Pepi has been urged to consider a move to Fulham, with former USMNT international and Premier League striker Brian [&hellip;]","og_url":"https:\/\/bladnanews.com\/fr\/ricardo-pepi-exhorte-a-rejoindre-fulham-pour-un-transfert-en-premier-league\/","og_site_name":"Bladna News","article_published_time":"2026-01-22T14:50:01+00:00","og_image":[{"width":1312,"height":736,"url":"https:\/\/bladnanews.com\/wp-content\/uploads\/2025\/12\/freepik__bladna-newscom-moroccan-soccer-homepage-banner-mor__41838.png","type":"image\/png"}],"author":"Bladna News Staff","twitter_card":"summary_large_image","twitter_misc":{"\u00c9crit par":"Bladna News Staff","Dur\u00e9e de lecture estim\u00e9e":"1 minute"},"schema":{"@context":"https:\/\/schema.org","@graph":[{"@type":"Article","@id":"https:\/\/bladnanews.com\/ricardo-pepi-urged-to-join-fulham-in-premier-league-move\/#article","isPartOf":{"@id":"https:\/\/bladnanews.com\/ricardo-pepi-urged-to-join-fulham-in-premier-league-move\/"},"author":{"name":"Bladna News Staff","@id":"https:\/\/mediumseagreen-eel-531711.hostingersite.com\/#\/schema\/person\/268e18a453ab080ebf76df6ef7845083"},"headline":"Ricardo Pepi urged to join Fulham in Premier League move","datePublished":"2026-01-22T14:50:01+00:00","mainEntityOfPage":{"@id":"https:\/\/bladnanews.com\/ricardo-pepi-urged-to-join-fulham-in-premier-league-move\/"},"wordCount":275,"publisher":{"@id":"https:\/\/mediumseagreen-eel-531711.hostingersite.com\/#organization"},"image":{"@id":"https:\/\/bladnanews.com\/ricardo-pepi-urged-to-join-fulham-in-premier-league-move\/#primaryimage"},"thumbnailUrl":"https:\/\/bladnanews.com\/wp-content\/uploads\/2026\/01\/BladnaNews-Ricardo-Pepi-urged-to-join-Fulham-in-Premier-League-move-2026-01-23T011042.322Z.jpg","articleSection":["International","Latest News"],"inLanguage":"fr-FR","copyrightYear":"2026","copyrightHolder":{"@id":"https:\/\/bladnanews.com\/fr\/#organization"}},{"@type":"WebPage","@id":"https:\/\/bladnanews.com\/ricardo-pepi-urged-to-join-fulham-in-premier-league-move\/","url":"https:\/\/bladnanews.com\/ricardo-pepi-urged-to-join-fulham-in-premier-league-move\/","name":"Ricardo Pepi exhort\u00e9 \u00e0 rejoindre Fulham pour un transfert en Premier League - Bladna News","isPartOf":{"@id":"https:\/\/mediumseagreen-eel-531711.hostingersite.com\/#website"},"primaryImageOfPage":{"@id":"https:\/\/bladnanews.com\/ricardo-pepi-urged-to-join-fulham-in-premier-league-move\/#primaryimage"},"image":{"@id":"https:\/\/bladnanews.com\/ricardo-pepi-urged-to-join-fulham-in-premier-league-move\/#primaryimage"},"thumbnailUrl":"https:\/\/bladnanews.com\/wp-content\/uploads\/2026\/01\/BladnaNews-Ricardo-Pepi-urged-to-join-Fulham-in-Premier-League-move-2026-01-23T011042.322Z.jpg","datePublished":"2026-01-22T14:50:01+00:00","breadcrumb":{"@id":"https:\/\/bladnanews.com\/ricardo-pepi-urged-to-join-fulham-in-premier-league-move\/#breadcrumb"},"inLanguage":"fr-FR","potentialAction":[{"@type":"ReadAction","target":["https:\/\/bladnanews.com\/ricardo-pepi-urged-to-join-fulham-in-premier-league-move\/"]}]},{"@type":"ImageObject","inLanguage":"fr-FR","@id":"https:\/\/bladnanews.com\/ricardo-pepi-urged-to-join-fulham-in-premier-league-move\/#primaryimage","url":"https:\/\/bladnanews.com\/wp-content\/uploads\/2026\/01\/BladnaNews-Ricardo-Pepi-urged-to-join-Fulham-in-Premier-League-move-2026-01-23T011042.322Z.jpg","contentUrl":"https:\/\/bladnanews.com\/wp-content\/uploads\/2026\/01\/BladnaNews-Ricardo-Pepi-urged-to-join-Fulham-in-Premier-League-move-2026-01-23T011042.322Z.jpg","width":1920,"height":1080,"caption":"Ricardo Pepi in a PSV Eindhoven jersey, featuring red and white stripes, gazing thoughtfully during a match with focus on his profile."},{"@type":"BreadcrumbList","@id":"https:\/\/bladnanews.com\/ricardo-pepi-urged-to-join-fulham-in-premier-league-move\/#breadcrumb","itemListElement":[{"@type":"ListItem","position":1,"name":"Home","item":"https:\/\/bladnanews.com\/"},{"@type":"ListItem","position":2,"name":"Ricardo Pepi urged to join Fulham in Premier League move"}]},{"@type":"WebSite","@id":"https:\/\/mediumseagreen-eel-531711.hostingersite.com\/#website","url":"https:\/\/mediumseagreen-eel-531711.hostingersite.com\/","name":"Bladna News - Maroc","description":"Quand le football marocain rencontre le monde","publisher":{"@id":"https:\/\/mediumseagreen-eel-531711.hostingersite.com\/#organization"},"potentialAction":[{"@type":"SearchAction","target":{"@type":"EntryPoint","urlTemplate":"https:\/\/mediumseagreen-eel-531711.hostingersite.com\/?s={search_term_string}"},"query-input":{"@type":"PropertyValueSpecification","valueRequired":true,"valueName":"search_term_string"}}],"inLanguage":"fr-FR"},{"@type":"Organization","@id":"https:\/\/mediumseagreen-eel-531711.hostingersite.com\/#organization","name":"Bladna News.com","url":"https:\/\/mediumseagreen-eel-531711.hostingersite.com\/","logo":{"@type":"ImageObject","inLanguage":"fr-FR","@id":"https:\/\/mediumseagreen-eel-531711.hostingersite.com\/#\/schema\/logo\/image\/","url":"https:\/\/bladnanews.com\/wp-content\/uploads\/2025\/12\/logo-bladnanews-V2-web-black-red.png","contentUrl":"https:\/\/bladnanews.com\/wp-content\/uploads\/2025\/12\/logo-bladnanews-V2-web-black-red.png","width":703,"height":287,"caption":"Bladna News.com"},"image":{"@id":"https:\/\/mediumseagreen-eel-531711.hostingersite.com\/#\/schema\/logo\/image\/"},"email":"info@bladnanews.com","legalName":"Bladna News"},{"@type":"Person","@id":"https:\/\/mediumseagreen-eel-531711.hostingersite.com\/#\/schema\/person\/268e18a453ab080ebf76df6ef7845083","name":"\u00c9quipe r\u00e9dactionnelle de Bladna News","url":"https:\/\/bladnanews.com\/fr\/author\/bladna-news-staff\/"}]}},"_links":{"self":[{"href":"https:\/\/bladnanews.com\/fr\/wp-json\/wp\/v2\/posts\/7399","targetHints":{"allow":["GET"]}}],"collection":[{"href":"https:\/\/bladnanews.com\/fr\/wp-json\/wp\/v2\/posts"}],"about":[{"href":"https:\/\/bladnanews.com\/fr\/wp-json\/wp\/v2\/types\/post"}],"author":[{"embeddable":true,"href":"https:\/\/bladnanews.com\/fr\/wp-json\/wp\/v2\/users\/3"}],"replies":[{"embeddable":true,"href":"https:\/\/bladnanews.com\/fr\/wp-json\/wp\/v2\/comments?post=7399"}],"version-history":[{"count":0,"href":"https:\/\/bladnanews.com\/fr\/wp-json\/wp\/v2\/posts\/7399\/revisions"}],"wp:featuredmedia":[{"embeddable":true,"href":"https:\/\/bladnanews.com\/fr\/wp-json\/wp\/v2\/media\/7398"}],"wp:attachment":[{"href":"https:\/\/bladnanews.com\/fr\/wp-json\/wp\/v2\/media?parent=7399"}],"wp:term":[{"taxonomy":"category","embeddable":true,"href":"https:\/\/bladnanews.com\/fr\/wp-json\/wp\/v2\/categories?post=7399"},{"taxonomy":"post_tag","embeddable":true,"href":"https:\/\/bladnanews.com\/fr\/wp-json\/wp\/v2\/tags?post=7399"}],"curies":[{"name":"wp","href":"https:\/\/api.w.org\/{rel}","templated":true}]}}