{"id":7409,"date":"2026-01-22T15:29:51","date_gmt":"2026-01-22T15:29:51","guid":{"rendered":"https:\/\/bladnanews.com\/de-zerbi-hints-nwaneri-will-join-marseille-squad-this-weekend\/"},"modified":"2026-01-22T15:29:51","modified_gmt":"2026-01-22T15:29:51","slug":"de-zerbi-laisse-entendre-que-nwaneri-rejoindra-leffectif-de-marseille-ce-week-end","status":"publish","type":"post","link":"https:\/\/bladnanews.com\/fr\/de-zerbi-laisse-entendre-que-nwaneri-rejoindra-leffectif-de-marseille-ce-week-end\/","title":{"rendered":"De Zerbi laisse entendre que Nwaneri rejoindra l'effectif de Marseille ce week-end."},"content":{"rendered":"<p>Roberto De Zerbi a sugg\u00e9r\u00e9 qu'Ethan Nwaneri pourrait int\u00e9grer directement son groupe marseillais ce week-end, apr\u00e8s que le club de Ligue 1 a conclu un accord de pr\u00eat pour le jeune milieu de terrain d'Arsenal.<\/p>\n<p>Marseille a agi rapidement pour recruter Nwaneri, et De Zerbi a indiqu\u00e9 que l'adolescent n'aurait pas \u00e0 attendre longtemps avant d'\u00eatre impliqu\u00e9. S'exprimant avant le match du week-end, l'entra\u00eeneur marseillais a laiss\u00e9 entendre que le jeune joueur d'Arsenal serait disponible imm\u00e9diatement, sous r\u00e9serve de l'ach\u00e8vement des derni\u00e8res formalit\u00e9s.<\/p>\n<p>Nwaneri, l'un des espoirs les plus prometteurs d'Arsenal, devrait rejoindre ses nouveaux co\u00e9quipiers dans les prochains jours, alors que Marseille cherche \u00e0 renforcer ses options. Les commentaires de De Zerbi ont \u00e9galement clairement indiqu\u00e9 que le club consid\u00e8re ce pr\u00eat comme une opportunit\u00e9 pour le joueur d'accumuler du temps de jeu en professionnel et pour Marseille d'ajouter de la qualit\u00e9 \u00e0 court terme.<\/p>\n<p>Ce transfert marquerait le premier d\u00e9part de Nwaneri d'Arsenal, Marseille lui offrant l'opportunit\u00e9 de jouer \u00e0 un haut niveau en France. De Zerbi, qui fa\u00e7onne son effectif pour la nouvelle campagne, s'est abstenu de confirmer ses plans de s\u00e9lection, mais n'a laiss\u00e9 que peu de doute sur le fait que Nwaneri est en lice pour ce week-end si tout est finalis\u00e9 \u00e0 temps.<\/p>","protected":false},"excerpt":{"rendered":"<p>Roberto De Zerbi has suggested Ethan Nwaneri could go straight into his Marseille squad this weekend after the Ligue 1 [&hellip;]<\/p>\n","protected":false},"author":3,"featured_media":7408,"comment_status":"","ping_status":"open","sticky":false,"template":"","format":"standard","meta":{"googlesitekit_rrm_CAow_uzEDA:productID":"","site-sidebar-layout":"default","site-content-layout":"","ast-site-content-layout":"default","site-content-style":"default","site-sidebar-style":"default","ast-global-header-display":"","ast-banner-title-visibility":"","ast-main-header-display":"","ast-hfb-above-header-display":"","ast-hfb-below-header-display":"","ast-hfb-mobile-header-display":"","site-post-title":"","ast-breadcrumbs-content":"","ast-featured-img":"","footer-sml-layout":"","ast-disable-related-posts":"","theme-transparent-header-meta":"","adv-header-id-meta":"","stick-header-meta":"","header-above-stick-meta":"","header-main-stick-meta":"","header-below-stick-meta":"","astra-migrate-meta-layouts":"default","ast-page-background-enabled":"default","ast-page-background-meta":{"desktop":{"background-color":"var(--ast-global-color-5)","background-image":"","background-repeat":"repeat","background-position":"center center","background-size":"auto","background-attachment":"scroll","background-type":"","background-media":"","overlay-type":"","overlay-color":"","overlay-opacity":"","overlay-gradient":""},"tablet":{"background-color":"","background-image":"","background-repeat":"repeat","background-position":"center center","background-size":"auto","background-attachment":"scroll","background-type":"","background-media":"","overlay-type":"","overlay-color":"","overlay-opacity":"","overlay-gradient":""},"mobile":{"background-color":"","background-image":"","background-repeat":"repeat","background-position":"center center","background-size":"auto","background-attachment":"scroll","background-type":"","background-media":"","overlay-type":"","overlay-color":"","overlay-opacity":"","overlay-gradient":""}},"ast-content-background-meta":{"desktop":{"background-color":"var(--ast-global-color-4)","background-image":"","background-repeat":"repeat","background-position":"center center","background-size":"auto","background-attachment":"scroll","background-type":"","background-media":"","overlay-type":"","overlay-color":"","overlay-opacity":"","overlay-gradient":""},"tablet":{"background-color":"var(--ast-global-color-4)","background-image":"","background-repeat":"repeat","background-position":"center center","background-size":"auto","background-attachment":"scroll","background-type":"","background-media":"","overlay-type":"","overlay-color":"","overlay-opacity":"","overlay-gradient":""},"mobile":{"background-color":"var(--ast-global-color-4)","background-image":"","background-repeat":"repeat","background-position":"center center","background-size":"auto","background-attachment":"scroll","background-type":"","background-media":"","overlay-type":"","overlay-color":"","overlay-opacity":"","overlay-gradient":""}},"footnotes":""},"categories":[20,1],"tags":[],"class_list":["post-7409","post","type-post","status-publish","format-standard","has-post-thumbnail","hentry","category-international","category-football-latest-news"],"yoast_head":"<!-- This site is optimized with the Yoast SEO Premium plugin v26.6 (Yoast SEO v27.4) - https:\/\/yoast.com\/product\/yoast-seo-premium-wordpress\/ -->\n<title>De Zerbi hints Nwaneri will join Marseille squad this weekend - Bladna News<\/title>\n<meta name=\"robots\" content=\"index, follow, max-snippet:-1, max-image-preview:large, max-video-preview:-1\" \/>\n<link rel=\"canonical\" href=\"https:\/\/bladnanews.com\/fr\/de-zerbi-laisse-entendre-que-nwaneri-rejoindra-leffectif-de-marseille-ce-week-end\/\" \/>\n<meta property=\"og:locale\" content=\"fr_FR\" \/>\n<meta property=\"og:type\" content=\"article\" \/>\n<meta property=\"og:title\" content=\"De Zerbi hints Nwaneri will join Marseille squad this weekend\" \/>\n<meta property=\"og:description\" content=\"Roberto De Zerbi has suggested Ethan Nwaneri could go straight into his Marseille squad this weekend after the Ligue 1 [&hellip;]\" \/>\n<meta property=\"og:url\" content=\"https:\/\/bladnanews.com\/fr\/de-zerbi-laisse-entendre-que-nwaneri-rejoindra-leffectif-de-marseille-ce-week-end\/\" \/>\n<meta property=\"og:site_name\" content=\"Bladna News\" \/>\n<meta property=\"article:published_time\" content=\"2026-01-22T15:29:51+00:00\" \/>\n<meta property=\"og:image\" content=\"https:\/\/bladnanews.com\/wp-content\/uploads\/2025\/12\/freepik__bladna-newscom-moroccan-soccer-homepage-banner-mor__41838.png\" \/>\n\t<meta property=\"og:image:width\" content=\"1312\" \/>\n\t<meta property=\"og:image:height\" content=\"736\" \/>\n\t<meta property=\"og:image:type\" content=\"image\/png\" \/>\n<meta name=\"author\" content=\"Bladna News Staff\" \/>\n<meta name=\"twitter:card\" content=\"summary_large_image\" \/>\n<meta name=\"twitter:label1\" content=\"\u00c9crit par\" \/>\n\t<meta name=\"twitter:data1\" content=\"Bladna News Staff\" \/>\n\t<meta name=\"twitter:label2\" content=\"Dur\u00e9e de lecture estim\u00e9e\" \/>\n\t<meta name=\"twitter:data2\" content=\"1 minute\" \/>\n<script type=\"application\/ld+json\" class=\"yoast-schema-graph\">{\"@context\":\"https:\\\/\\\/schema.org\",\"@graph\":[{\"@type\":\"Article\",\"@id\":\"https:\\\/\\\/bladnanews.com\\\/de-zerbi-hints-nwaneri-will-join-marseille-squad-this-weekend\\\/#article\",\"isPartOf\":{\"@id\":\"https:\\\/\\\/bladnanews.com\\\/de-zerbi-hints-nwaneri-will-join-marseille-squad-this-weekend\\\/\"},\"author\":{\"name\":\"Bladna News Staff\",\"@id\":\"https:\\\/\\\/mediumseagreen-eel-531711.hostingersite.com\\\/#\\\/schema\\\/person\\\/268e18a453ab080ebf76df6ef7845083\"},\"headline\":\"De Zerbi hints Nwaneri will join Marseille squad this weekend\",\"datePublished\":\"2026-01-22T15:29:51+00:00\",\"mainEntityOfPage\":{\"@id\":\"https:\\\/\\\/bladnanews.com\\\/de-zerbi-hints-nwaneri-will-join-marseille-squad-this-weekend\\\/\"},\"wordCount\":213,\"publisher\":{\"@id\":\"https:\\\/\\\/mediumseagreen-eel-531711.hostingersite.com\\\/#organization\"},\"image\":{\"@id\":\"https:\\\/\\\/bladnanews.com\\\/de-zerbi-hints-nwaneri-will-join-marseille-squad-this-weekend\\\/#primaryimage\"},\"thumbnailUrl\":\"https:\\\/\\\/bladnanews.com\\\/wp-content\\\/uploads\\\/2026\\\/01\\\/BladnaNews-De-Zerbi-hints-Nwaneri-will-join-Marseille-squad-this-weekend-2026-01-23T051024.490Z.jpg\",\"articleSection\":[\"International\",\"Latest News\"],\"inLanguage\":\"fr-FR\",\"copyrightYear\":\"2026\",\"copyrightHolder\":{\"@id\":\"https:\\\/\\\/bladnanews.com\\\/fr\\\/#organization\"}},{\"@type\":\"WebPage\",\"@id\":\"https:\\\/\\\/bladnanews.com\\\/de-zerbi-hints-nwaneri-will-join-marseille-squad-this-weekend\\\/\",\"url\":\"https:\\\/\\\/bladnanews.com\\\/de-zerbi-hints-nwaneri-will-join-marseille-squad-this-weekend\\\/\",\"name\":\"De Zerbi hints Nwaneri will join Marseille squad this weekend - Bladna News\",\"isPartOf\":{\"@id\":\"https:\\\/\\\/mediumseagreen-eel-531711.hostingersite.com\\\/#website\"},\"primaryImageOfPage\":{\"@id\":\"https:\\\/\\\/bladnanews.com\\\/de-zerbi-hints-nwaneri-will-join-marseille-squad-this-weekend\\\/#primaryimage\"},\"image\":{\"@id\":\"https:\\\/\\\/bladnanews.com\\\/de-zerbi-hints-nwaneri-will-join-marseille-squad-this-weekend\\\/#primaryimage\"},\"thumbnailUrl\":\"https:\\\/\\\/bladnanews.com\\\/wp-content\\\/uploads\\\/2026\\\/01\\\/BladnaNews-De-Zerbi-hints-Nwaneri-will-join-Marseille-squad-this-weekend-2026-01-23T051024.490Z.jpg\",\"datePublished\":\"2026-01-22T15:29:51+00:00\",\"breadcrumb\":{\"@id\":\"https:\\\/\\\/bladnanews.com\\\/de-zerbi-hints-nwaneri-will-join-marseille-squad-this-weekend\\\/#breadcrumb\"},\"inLanguage\":\"fr-FR\",\"potentialAction\":[{\"@type\":\"ReadAction\",\"target\":[\"https:\\\/\\\/bladnanews.com\\\/de-zerbi-hints-nwaneri-will-join-marseille-squad-this-weekend\\\/\"]}]},{\"@type\":\"ImageObject\",\"inLanguage\":\"fr-FR\",\"@id\":\"https:\\\/\\\/bladnanews.com\\\/de-zerbi-hints-nwaneri-will-join-marseille-squad-this-weekend\\\/#primaryimage\",\"url\":\"https:\\\/\\\/bladnanews.com\\\/wp-content\\\/uploads\\\/2026\\\/01\\\/BladnaNews-De-Zerbi-hints-Nwaneri-will-join-Marseille-squad-this-weekend-2026-01-23T051024.490Z.jpg\",\"contentUrl\":\"https:\\\/\\\/bladnanews.com\\\/wp-content\\\/uploads\\\/2026\\\/01\\\/BladnaNews-De-Zerbi-hints-Nwaneri-will-join-Marseille-squad-this-weekend-2026-01-23T051024.490Z.jpg\",\"width\":2368,\"height\":1332,\"caption\":\"Arsenal player Nwaneri in red and white kit, looking focused during a match, with a neutral background enhancing his expressions.\"},{\"@type\":\"BreadcrumbList\",\"@id\":\"https:\\\/\\\/bladnanews.com\\\/de-zerbi-hints-nwaneri-will-join-marseille-squad-this-weekend\\\/#breadcrumb\",\"itemListElement\":[{\"@type\":\"ListItem\",\"position\":1,\"name\":\"Home\",\"item\":\"https:\\\/\\\/bladnanews.com\\\/\"},{\"@type\":\"ListItem\",\"position\":2,\"name\":\"De Zerbi hints Nwaneri will join Marseille squad this weekend\"}]},{\"@type\":\"WebSite\",\"@id\":\"https:\\\/\\\/mediumseagreen-eel-531711.hostingersite.com\\\/#website\",\"url\":\"https:\\\/\\\/mediumseagreen-eel-531711.hostingersite.com\\\/\",\"name\":\"Bladna News - Morocco\",\"description\":\"Where Moroccan Football Meets the World\",\"publisher\":{\"@id\":\"https:\\\/\\\/mediumseagreen-eel-531711.hostingersite.com\\\/#organization\"},\"potentialAction\":[{\"@type\":\"SearchAction\",\"target\":{\"@type\":\"EntryPoint\",\"urlTemplate\":\"https:\\\/\\\/mediumseagreen-eel-531711.hostingersite.com\\\/?s={search_term_string}\"},\"query-input\":{\"@type\":\"PropertyValueSpecification\",\"valueRequired\":true,\"valueName\":\"search_term_string\"}}],\"inLanguage\":\"fr-FR\"},{\"@type\":\"Organization\",\"@id\":\"https:\\\/\\\/mediumseagreen-eel-531711.hostingersite.com\\\/#organization\",\"name\":\"Bladna News.com\",\"url\":\"https:\\\/\\\/mediumseagreen-eel-531711.hostingersite.com\\\/\",\"logo\":{\"@type\":\"ImageObject\",\"inLanguage\":\"fr-FR\",\"@id\":\"https:\\\/\\\/mediumseagreen-eel-531711.hostingersite.com\\\/#\\\/schema\\\/logo\\\/image\\\/\",\"url\":\"https:\\\/\\\/bladnanews.com\\\/wp-content\\\/uploads\\\/2025\\\/12\\\/logo-bladnanews-V2-web-black-red.png\",\"contentUrl\":\"https:\\\/\\\/bladnanews.com\\\/wp-content\\\/uploads\\\/2025\\\/12\\\/logo-bladnanews-V2-web-black-red.png\",\"width\":703,\"height\":287,\"caption\":\"Bladna News.com\"},\"image\":{\"@id\":\"https:\\\/\\\/mediumseagreen-eel-531711.hostingersite.com\\\/#\\\/schema\\\/logo\\\/image\\\/\"},\"email\":\"info@bladnanews.com\",\"legalName\":\"Bladna News\"},{\"@type\":\"Person\",\"@id\":\"https:\\\/\\\/mediumseagreen-eel-531711.hostingersite.com\\\/#\\\/schema\\\/person\\\/268e18a453ab080ebf76df6ef7845083\",\"name\":\"Bladna News Staff\",\"url\":\"https:\\\/\\\/bladnanews.com\\\/fr\\\/author\\\/bladna-news-staff\\\/\"}]}<\/script>\n<!-- \/ Yoast SEO Premium plugin. -->","yoast_head_json":{"title":"De Zerbi laisse entendre que Nwaneri rejoindra l'effectif de Marseille ce week-end - Bladna News","robots":{"index":"index","follow":"follow","max-snippet":"max-snippet:-1","max-image-preview":"max-image-preview:large","max-video-preview":"max-video-preview:-1"},"canonical":"https:\/\/bladnanews.com\/fr\/de-zerbi-laisse-entendre-que-nwaneri-rejoindra-leffectif-de-marseille-ce-week-end\/","og_locale":"fr_FR","og_type":"article","og_title":"De Zerbi hints Nwaneri will join Marseille squad this weekend","og_description":"Roberto De Zerbi has suggested Ethan Nwaneri could go straight into his Marseille squad this weekend after the Ligue 1 [&hellip;]","og_url":"https:\/\/bladnanews.com\/fr\/de-zerbi-laisse-entendre-que-nwaneri-rejoindra-leffectif-de-marseille-ce-week-end\/","og_site_name":"Bladna News","article_published_time":"2026-01-22T15:29:51+00:00","og_image":[{"width":1312,"height":736,"url":"https:\/\/bladnanews.com\/wp-content\/uploads\/2025\/12\/freepik__bladna-newscom-moroccan-soccer-homepage-banner-mor__41838.png","type":"image\/png"}],"author":"Bladna News Staff","twitter_card":"summary_large_image","twitter_misc":{"\u00c9crit par":"Bladna News Staff","Dur\u00e9e de lecture estim\u00e9e":"1 minute"},"schema":{"@context":"https:\/\/schema.org","@graph":[{"@type":"Article","@id":"https:\/\/bladnanews.com\/de-zerbi-hints-nwaneri-will-join-marseille-squad-this-weekend\/#article","isPartOf":{"@id":"https:\/\/bladnanews.com\/de-zerbi-hints-nwaneri-will-join-marseille-squad-this-weekend\/"},"author":{"name":"Bladna News Staff","@id":"https:\/\/mediumseagreen-eel-531711.hostingersite.com\/#\/schema\/person\/268e18a453ab080ebf76df6ef7845083"},"headline":"De Zerbi hints Nwaneri will join Marseille squad this weekend","datePublished":"2026-01-22T15:29:51+00:00","mainEntityOfPage":{"@id":"https:\/\/bladnanews.com\/de-zerbi-hints-nwaneri-will-join-marseille-squad-this-weekend\/"},"wordCount":213,"publisher":{"@id":"https:\/\/mediumseagreen-eel-531711.hostingersite.com\/#organization"},"image":{"@id":"https:\/\/bladnanews.com\/de-zerbi-hints-nwaneri-will-join-marseille-squad-this-weekend\/#primaryimage"},"thumbnailUrl":"https:\/\/bladnanews.com\/wp-content\/uploads\/2026\/01\/BladnaNews-De-Zerbi-hints-Nwaneri-will-join-Marseille-squad-this-weekend-2026-01-23T051024.490Z.jpg","articleSection":["International","Latest News"],"inLanguage":"fr-FR","copyrightYear":"2026","copyrightHolder":{"@id":"https:\/\/bladnanews.com\/fr\/#organization"}},{"@type":"WebPage","@id":"https:\/\/bladnanews.com\/de-zerbi-hints-nwaneri-will-join-marseille-squad-this-weekend\/","url":"https:\/\/bladnanews.com\/de-zerbi-hints-nwaneri-will-join-marseille-squad-this-weekend\/","name":"De Zerbi laisse entendre que Nwaneri rejoindra l'effectif de Marseille ce week-end - Bladna News","isPartOf":{"@id":"https:\/\/mediumseagreen-eel-531711.hostingersite.com\/#website"},"primaryImageOfPage":{"@id":"https:\/\/bladnanews.com\/de-zerbi-hints-nwaneri-will-join-marseille-squad-this-weekend\/#primaryimage"},"image":{"@id":"https:\/\/bladnanews.com\/de-zerbi-hints-nwaneri-will-join-marseille-squad-this-weekend\/#primaryimage"},"thumbnailUrl":"https:\/\/bladnanews.com\/wp-content\/uploads\/2026\/01\/BladnaNews-De-Zerbi-hints-Nwaneri-will-join-Marseille-squad-this-weekend-2026-01-23T051024.490Z.jpg","datePublished":"2026-01-22T15:29:51+00:00","breadcrumb":{"@id":"https:\/\/bladnanews.com\/de-zerbi-hints-nwaneri-will-join-marseille-squad-this-weekend\/#breadcrumb"},"inLanguage":"fr-FR","potentialAction":[{"@type":"ReadAction","target":["https:\/\/bladnanews.com\/de-zerbi-hints-nwaneri-will-join-marseille-squad-this-weekend\/"]}]},{"@type":"ImageObject","inLanguage":"fr-FR","@id":"https:\/\/bladnanews.com\/de-zerbi-hints-nwaneri-will-join-marseille-squad-this-weekend\/#primaryimage","url":"https:\/\/bladnanews.com\/wp-content\/uploads\/2026\/01\/BladnaNews-De-Zerbi-hints-Nwaneri-will-join-Marseille-squad-this-weekend-2026-01-23T051024.490Z.jpg","contentUrl":"https:\/\/bladnanews.com\/wp-content\/uploads\/2026\/01\/BladnaNews-De-Zerbi-hints-Nwaneri-will-join-Marseille-squad-this-weekend-2026-01-23T051024.490Z.jpg","width":2368,"height":1332,"caption":"Arsenal player Nwaneri in red and white kit, looking focused during a match, with a neutral background enhancing his expressions."},{"@type":"BreadcrumbList","@id":"https:\/\/bladnanews.com\/de-zerbi-hints-nwaneri-will-join-marseille-squad-this-weekend\/#breadcrumb","itemListElement":[{"@type":"ListItem","position":1,"name":"Home","item":"https:\/\/bladnanews.com\/"},{"@type":"ListItem","position":2,"name":"De Zerbi hints Nwaneri will join Marseille squad this weekend"}]},{"@type":"WebSite","@id":"https:\/\/mediumseagreen-eel-531711.hostingersite.com\/#website","url":"https:\/\/mediumseagreen-eel-531711.hostingersite.com\/","name":"Bladna News - Maroc","description":"Quand le football marocain rencontre le monde","publisher":{"@id":"https:\/\/mediumseagreen-eel-531711.hostingersite.com\/#organization"},"potentialAction":[{"@type":"SearchAction","target":{"@type":"EntryPoint","urlTemplate":"https:\/\/mediumseagreen-eel-531711.hostingersite.com\/?s={search_term_string}"},"query-input":{"@type":"PropertyValueSpecification","valueRequired":true,"valueName":"search_term_string"}}],"inLanguage":"fr-FR"},{"@type":"Organization","@id":"https:\/\/mediumseagreen-eel-531711.hostingersite.com\/#organization","name":"Bladna News.com","url":"https:\/\/mediumseagreen-eel-531711.hostingersite.com\/","logo":{"@type":"ImageObject","inLanguage":"fr-FR","@id":"https:\/\/mediumseagreen-eel-531711.hostingersite.com\/#\/schema\/logo\/image\/","url":"https:\/\/bladnanews.com\/wp-content\/uploads\/2025\/12\/logo-bladnanews-V2-web-black-red.png","contentUrl":"https:\/\/bladnanews.com\/wp-content\/uploads\/2025\/12\/logo-bladnanews-V2-web-black-red.png","width":703,"height":287,"caption":"Bladna News.com"},"image":{"@id":"https:\/\/mediumseagreen-eel-531711.hostingersite.com\/#\/schema\/logo\/image\/"},"email":"info@bladnanews.com","legalName":"Bladna News"},{"@type":"Person","@id":"https:\/\/mediumseagreen-eel-531711.hostingersite.com\/#\/schema\/person\/268e18a453ab080ebf76df6ef7845083","name":"\u00c9quipe r\u00e9dactionnelle de Bladna News","url":"https:\/\/bladnanews.com\/fr\/author\/bladna-news-staff\/"}]}},"_links":{"self":[{"href":"https:\/\/bladnanews.com\/fr\/wp-json\/wp\/v2\/posts\/7409","targetHints":{"allow":["GET"]}}],"collection":[{"href":"https:\/\/bladnanews.com\/fr\/wp-json\/wp\/v2\/posts"}],"about":[{"href":"https:\/\/bladnanews.com\/fr\/wp-json\/wp\/v2\/types\/post"}],"author":[{"embeddable":true,"href":"https:\/\/bladnanews.com\/fr\/wp-json\/wp\/v2\/users\/3"}],"replies":[{"embeddable":true,"href":"https:\/\/bladnanews.com\/fr\/wp-json\/wp\/v2\/comments?post=7409"}],"version-history":[{"count":0,"href":"https:\/\/bladnanews.com\/fr\/wp-json\/wp\/v2\/posts\/7409\/revisions"}],"wp:featuredmedia":[{"embeddable":true,"href":"https:\/\/bladnanews.com\/fr\/wp-json\/wp\/v2\/media\/7408"}],"wp:attachment":[{"href":"https:\/\/bladnanews.com\/fr\/wp-json\/wp\/v2\/media?parent=7409"}],"wp:term":[{"taxonomy":"category","embeddable":true,"href":"https:\/\/bladnanews.com\/fr\/wp-json\/wp\/v2\/categories?post=7409"},{"taxonomy":"post_tag","embeddable":true,"href":"https:\/\/bladnanews.com\/fr\/wp-json\/wp\/v2\/tags?post=7409"}],"curies":[{"name":"wp","href":"https:\/\/api.w.org\/{rel}","templated":true}]}}