{"id":7421,"date":"2026-01-22T16:36:42","date_gmt":"2026-01-22T16:36:42","guid":{"rendered":"https:\/\/bladnanews.com\/joe-cole-urges-man-city-to-bid-for-adam-wharton-in-january\/"},"modified":"2026-01-22T16:36:42","modified_gmt":"2026-01-22T16:36:42","slug":"joe-cole-exhorte-manchester-city-a-faire-une-offre-pour-adam-wharton-en-janvier","status":"publish","type":"post","link":"https:\/\/bladnanews.com\/fr\/joe-cole-exhorte-manchester-city-a-faire-une-offre-pour-adam-wharton-en-janvier\/","title":{"rendered":"Joe Cole exhorte Manchester City \u00e0 faire une offre pour Adam Wharton en janvier."},"content":{"rendered":"<p>Joe Cole a exhort\u00e9 Manchester City \u00e0 se mobiliser pour recruter le milieu de terrain de Crystal Palace, Adam Wharton, en janvier, sugg\u00e9rant que Pep Guardiola devrait envisager un transfert si les champions renforcent leur effectif lors du mercato hivernal.<\/p>\n<p>\u00c9voquant le recrutement de City, Cole a d\u00e9sign\u00e9 Wharton comme un joueur poss\u00e9dant la qualit\u00e9 n\u00e9cessaire pour s'imposer \u00e0 l'Etihad et correspondre au style de Guardiola. L'ancien international anglais estime que Wharton a montr\u00e9 suffisamment de choses \u00e0 Palace pour attirer l'int\u00e9r\u00eat du plus haut niveau.<\/p>\n<p>Cole a \u00e9galement d\u00e9clar\u00e9 que City pourrait envisager le d\u00e9fenseur de Crystal Palace, Marc Guehi, comme une autre option pour janvier, le central continuant d'impressionner en Premier League et avec l'Angleterre. Il a indiqu\u00e9 que si City parvenait \u00e0 obtenir Guehi, il pourrait \u00eatre logique pour eux d'explorer \u00e9galement un transfert pour Wharton.<\/p>\n<p>Wharton n'a rejoint Palace qu'en provenance de Blackburn plus t\u00f4t cette ann\u00e9e, mais il est rapidement devenu une figure cl\u00e9 au milieu de terrain, recevant des \u00e9loges pour sa passe calme et son taux de travail. L'avis de Cole est que le joueur de 20 ans semble d\u00e9j\u00e0 pr\u00eat pour un d\u00e9fi plus important.<\/p>\n<p>Alors que City devrait rester actif sur le march\u00e9 si le bon joueur se pr\u00e9sente, Cole estime que Wharton est \u00e0 surveiller \u00e0 l'approche de janvier, et affirme que Guardiola ne devrait pas ignorer l'opportunit\u00e9 si elle se pr\u00e9sente.<\/p>","protected":false},"excerpt":{"rendered":"<p>Joe Cole has urged Manchester City to move for Crystal Palace midfielder Adam Wharton in January, suggesting Pep Guardiola should [&hellip;]<\/p>\n","protected":false},"author":3,"featured_media":7420,"comment_status":"","ping_status":"open","sticky":false,"template":"","format":"standard","meta":{"googlesitekit_rrm_CAow_uzEDA:productID":"","site-sidebar-layout":"default","site-content-layout":"","ast-site-content-layout":"default","site-content-style":"default","site-sidebar-style":"default","ast-global-header-display":"","ast-banner-title-visibility":"","ast-main-header-display":"","ast-hfb-above-header-display":"","ast-hfb-below-header-display":"","ast-hfb-mobile-header-display":"","site-post-title":"","ast-breadcrumbs-content":"","ast-featured-img":"","footer-sml-layout":"","ast-disable-related-posts":"","theme-transparent-header-meta":"","adv-header-id-meta":"","stick-header-meta":"","header-above-stick-meta":"","header-main-stick-meta":"","header-below-stick-meta":"","astra-migrate-meta-layouts":"default","ast-page-background-enabled":"default","ast-page-background-meta":{"desktop":{"background-color":"var(--ast-global-color-5)","background-image":"","background-repeat":"repeat","background-position":"center center","background-size":"auto","background-attachment":"scroll","background-type":"","background-media":"","overlay-type":"","overlay-color":"","overlay-opacity":"","overlay-gradient":""},"tablet":{"background-color":"","background-image":"","background-repeat":"repeat","background-position":"center center","background-size":"auto","background-attachment":"scroll","background-type":"","background-media":"","overlay-type":"","overlay-color":"","overlay-opacity":"","overlay-gradient":""},"mobile":{"background-color":"","background-image":"","background-repeat":"repeat","background-position":"center center","background-size":"auto","background-attachment":"scroll","background-type":"","background-media":"","overlay-type":"","overlay-color":"","overlay-opacity":"","overlay-gradient":""}},"ast-content-background-meta":{"desktop":{"background-color":"var(--ast-global-color-4)","background-image":"","background-repeat":"repeat","background-position":"center center","background-size":"auto","background-attachment":"scroll","background-type":"","background-media":"","overlay-type":"","overlay-color":"","overlay-opacity":"","overlay-gradient":""},"tablet":{"background-color":"var(--ast-global-color-4)","background-image":"","background-repeat":"repeat","background-position":"center center","background-size":"auto","background-attachment":"scroll","background-type":"","background-media":"","overlay-type":"","overlay-color":"","overlay-opacity":"","overlay-gradient":""},"mobile":{"background-color":"var(--ast-global-color-4)","background-image":"","background-repeat":"repeat","background-position":"center center","background-size":"auto","background-attachment":"scroll","background-type":"","background-media":"","overlay-type":"","overlay-color":"","overlay-opacity":"","overlay-gradient":""}},"footnotes":""},"categories":[20,1],"tags":[],"class_list":["post-7421","post","type-post","status-publish","format-standard","has-post-thumbnail","hentry","category-international","category-football-latest-news"],"yoast_head":"<!-- This site is optimized with the Yoast SEO Premium plugin v26.6 (Yoast SEO v27.4) - https:\/\/yoast.com\/product\/yoast-seo-premium-wordpress\/ -->\n<title>Joe Cole urges Man City to bid for Adam Wharton in January - Bladna News<\/title>\n<meta name=\"robots\" content=\"index, follow, max-snippet:-1, max-image-preview:large, max-video-preview:-1\" \/>\n<link rel=\"canonical\" href=\"https:\/\/bladnanews.com\/fr\/joe-cole-exhorte-manchester-city-a-faire-une-offre-pour-adam-wharton-en-janvier\/\" \/>\n<meta property=\"og:locale\" content=\"fr_FR\" \/>\n<meta property=\"og:type\" content=\"article\" \/>\n<meta property=\"og:title\" content=\"Joe Cole urges Man City to bid for Adam Wharton in January\" \/>\n<meta property=\"og:description\" content=\"Joe Cole has urged Manchester City to move for Crystal Palace midfielder Adam Wharton in January, suggesting Pep Guardiola should [&hellip;]\" \/>\n<meta property=\"og:url\" content=\"https:\/\/bladnanews.com\/fr\/joe-cole-exhorte-manchester-city-a-faire-une-offre-pour-adam-wharton-en-janvier\/\" \/>\n<meta property=\"og:site_name\" content=\"Bladna News\" \/>\n<meta property=\"article:published_time\" content=\"2026-01-22T16:36:42+00:00\" \/>\n<meta property=\"og:image\" content=\"https:\/\/bladnanews.com\/wp-content\/uploads\/2025\/12\/freepik__bladna-newscom-moroccan-soccer-homepage-banner-mor__41838.png\" \/>\n\t<meta property=\"og:image:width\" content=\"1312\" \/>\n\t<meta property=\"og:image:height\" content=\"736\" \/>\n\t<meta property=\"og:image:type\" content=\"image\/png\" \/>\n<meta name=\"author\" content=\"Bladna News Staff\" \/>\n<meta name=\"twitter:card\" content=\"summary_large_image\" \/>\n<meta name=\"twitter:label1\" content=\"\u00c9crit par\" \/>\n\t<meta name=\"twitter:data1\" content=\"Bladna News Staff\" \/>\n\t<meta name=\"twitter:label2\" content=\"Dur\u00e9e de lecture estim\u00e9e\" \/>\n\t<meta name=\"twitter:data2\" content=\"1 minute\" \/>\n<script type=\"application\/ld+json\" class=\"yoast-schema-graph\">{\"@context\":\"https:\\\/\\\/schema.org\",\"@graph\":[{\"@type\":\"Article\",\"@id\":\"https:\\\/\\\/bladnanews.com\\\/joe-cole-urges-man-city-to-bid-for-adam-wharton-in-january\\\/#article\",\"isPartOf\":{\"@id\":\"https:\\\/\\\/bladnanews.com\\\/joe-cole-urges-man-city-to-bid-for-adam-wharton-in-january\\\/\"},\"author\":{\"name\":\"Bladna News Staff\",\"@id\":\"https:\\\/\\\/mediumseagreen-eel-531711.hostingersite.com\\\/#\\\/schema\\\/person\\\/268e18a453ab080ebf76df6ef7845083\"},\"headline\":\"Joe Cole urges Man City to bid for Adam Wharton in January\",\"datePublished\":\"2026-01-22T16:36:42+00:00\",\"mainEntityOfPage\":{\"@id\":\"https:\\\/\\\/bladnanews.com\\\/joe-cole-urges-man-city-to-bid-for-adam-wharton-in-january\\\/\"},\"wordCount\":222,\"publisher\":{\"@id\":\"https:\\\/\\\/mediumseagreen-eel-531711.hostingersite.com\\\/#organization\"},\"image\":{\"@id\":\"https:\\\/\\\/bladnanews.com\\\/joe-cole-urges-man-city-to-bid-for-adam-wharton-in-january\\\/#primaryimage\"},\"thumbnailUrl\":\"https:\\\/\\\/bladnanews.com\\\/wp-content\\\/uploads\\\/2026\\\/01\\\/BladnaNews-Joe-Cole-urges-Man-City-to-bid-for-Adam-Wharton-in-January-2026-01-23T091003.759Z-scaled.jpg\",\"articleSection\":[\"International\",\"Latest News\"],\"inLanguage\":\"fr-FR\",\"copyrightYear\":\"2026\",\"copyrightHolder\":{\"@id\":\"https:\\\/\\\/bladnanews.com\\\/fr\\\/#organization\"}},{\"@type\":\"WebPage\",\"@id\":\"https:\\\/\\\/bladnanews.com\\\/joe-cole-urges-man-city-to-bid-for-adam-wharton-in-january\\\/\",\"url\":\"https:\\\/\\\/bladnanews.com\\\/joe-cole-urges-man-city-to-bid-for-adam-wharton-in-january\\\/\",\"name\":\"Joe Cole urges Man City to bid for Adam Wharton in January - Bladna News\",\"isPartOf\":{\"@id\":\"https:\\\/\\\/mediumseagreen-eel-531711.hostingersite.com\\\/#website\"},\"primaryImageOfPage\":{\"@id\":\"https:\\\/\\\/bladnanews.com\\\/joe-cole-urges-man-city-to-bid-for-adam-wharton-in-january\\\/#primaryimage\"},\"image\":{\"@id\":\"https:\\\/\\\/bladnanews.com\\\/joe-cole-urges-man-city-to-bid-for-adam-wharton-in-january\\\/#primaryimage\"},\"thumbnailUrl\":\"https:\\\/\\\/bladnanews.com\\\/wp-content\\\/uploads\\\/2026\\\/01\\\/BladnaNews-Joe-Cole-urges-Man-City-to-bid-for-Adam-Wharton-in-January-2026-01-23T091003.759Z-scaled.jpg\",\"datePublished\":\"2026-01-22T16:36:42+00:00\",\"breadcrumb\":{\"@id\":\"https:\\\/\\\/bladnanews.com\\\/joe-cole-urges-man-city-to-bid-for-adam-wharton-in-january\\\/#breadcrumb\"},\"inLanguage\":\"fr-FR\",\"potentialAction\":[{\"@type\":\"ReadAction\",\"target\":[\"https:\\\/\\\/bladnanews.com\\\/joe-cole-urges-man-city-to-bid-for-adam-wharton-in-january\\\/\"]}]},{\"@type\":\"ImageObject\",\"inLanguage\":\"fr-FR\",\"@id\":\"https:\\\/\\\/bladnanews.com\\\/joe-cole-urges-man-city-to-bid-for-adam-wharton-in-january\\\/#primaryimage\",\"url\":\"https:\\\/\\\/bladnanews.com\\\/wp-content\\\/uploads\\\/2026\\\/01\\\/BladnaNews-Joe-Cole-urges-Man-City-to-bid-for-Adam-Wharton-in-January-2026-01-23T091003.759Z-scaled.jpg\",\"contentUrl\":\"https:\\\/\\\/bladnanews.com\\\/wp-content\\\/uploads\\\/2026\\\/01\\\/BladnaNews-Joe-Cole-urges-Man-City-to-bid-for-Adam-Wharton-in-January-2026-01-23T091003.759Z-scaled.jpg\",\"width\":2560,\"height\":1440,\"caption\":\"Adam Wharton, wearing a gold Crystal Palace kit with \\\"NET88\\\" logo, looks frustrated on the pitch during a Premier League match.\"},{\"@type\":\"BreadcrumbList\",\"@id\":\"https:\\\/\\\/bladnanews.com\\\/joe-cole-urges-man-city-to-bid-for-adam-wharton-in-january\\\/#breadcrumb\",\"itemListElement\":[{\"@type\":\"ListItem\",\"position\":1,\"name\":\"Home\",\"item\":\"https:\\\/\\\/bladnanews.com\\\/\"},{\"@type\":\"ListItem\",\"position\":2,\"name\":\"Joe Cole urges Man City to bid for Adam Wharton in January\"}]},{\"@type\":\"WebSite\",\"@id\":\"https:\\\/\\\/mediumseagreen-eel-531711.hostingersite.com\\\/#website\",\"url\":\"https:\\\/\\\/mediumseagreen-eel-531711.hostingersite.com\\\/\",\"name\":\"Bladna News - Morocco\",\"description\":\"Where Moroccan Football Meets the World\",\"publisher\":{\"@id\":\"https:\\\/\\\/mediumseagreen-eel-531711.hostingersite.com\\\/#organization\"},\"potentialAction\":[{\"@type\":\"SearchAction\",\"target\":{\"@type\":\"EntryPoint\",\"urlTemplate\":\"https:\\\/\\\/mediumseagreen-eel-531711.hostingersite.com\\\/?s={search_term_string}\"},\"query-input\":{\"@type\":\"PropertyValueSpecification\",\"valueRequired\":true,\"valueName\":\"search_term_string\"}}],\"inLanguage\":\"fr-FR\"},{\"@type\":\"Organization\",\"@id\":\"https:\\\/\\\/mediumseagreen-eel-531711.hostingersite.com\\\/#organization\",\"name\":\"Bladna News.com\",\"url\":\"https:\\\/\\\/mediumseagreen-eel-531711.hostingersite.com\\\/\",\"logo\":{\"@type\":\"ImageObject\",\"inLanguage\":\"fr-FR\",\"@id\":\"https:\\\/\\\/mediumseagreen-eel-531711.hostingersite.com\\\/#\\\/schema\\\/logo\\\/image\\\/\",\"url\":\"https:\\\/\\\/bladnanews.com\\\/wp-content\\\/uploads\\\/2025\\\/12\\\/logo-bladnanews-V2-web-black-red.png\",\"contentUrl\":\"https:\\\/\\\/bladnanews.com\\\/wp-content\\\/uploads\\\/2025\\\/12\\\/logo-bladnanews-V2-web-black-red.png\",\"width\":703,\"height\":287,\"caption\":\"Bladna News.com\"},\"image\":{\"@id\":\"https:\\\/\\\/mediumseagreen-eel-531711.hostingersite.com\\\/#\\\/schema\\\/logo\\\/image\\\/\"},\"email\":\"info@bladnanews.com\",\"legalName\":\"Bladna News\"},{\"@type\":\"Person\",\"@id\":\"https:\\\/\\\/mediumseagreen-eel-531711.hostingersite.com\\\/#\\\/schema\\\/person\\\/268e18a453ab080ebf76df6ef7845083\",\"name\":\"Bladna News Staff\",\"url\":\"https:\\\/\\\/bladnanews.com\\\/fr\\\/author\\\/bladna-news-staff\\\/\"}]}<\/script>\n<!-- \/ Yoast SEO Premium plugin. -->","yoast_head_json":{"title":"Joe Cole exhorte Manchester City \u00e0 faire une offre pour Adam Wharton en janvier - Bladna News","robots":{"index":"index","follow":"follow","max-snippet":"max-snippet:-1","max-image-preview":"max-image-preview:large","max-video-preview":"max-video-preview:-1"},"canonical":"https:\/\/bladnanews.com\/fr\/joe-cole-exhorte-manchester-city-a-faire-une-offre-pour-adam-wharton-en-janvier\/","og_locale":"fr_FR","og_type":"article","og_title":"Joe Cole urges Man City to bid for Adam Wharton in January","og_description":"Joe Cole has urged Manchester City to move for Crystal Palace midfielder Adam Wharton in January, suggesting Pep Guardiola should [&hellip;]","og_url":"https:\/\/bladnanews.com\/fr\/joe-cole-exhorte-manchester-city-a-faire-une-offre-pour-adam-wharton-en-janvier\/","og_site_name":"Bladna News","article_published_time":"2026-01-22T16:36:42+00:00","og_image":[{"width":1312,"height":736,"url":"https:\/\/bladnanews.com\/wp-content\/uploads\/2025\/12\/freepik__bladna-newscom-moroccan-soccer-homepage-banner-mor__41838.png","type":"image\/png"}],"author":"Bladna News Staff","twitter_card":"summary_large_image","twitter_misc":{"\u00c9crit par":"Bladna News Staff","Dur\u00e9e de lecture estim\u00e9e":"1 minute"},"schema":{"@context":"https:\/\/schema.org","@graph":[{"@type":"Article","@id":"https:\/\/bladnanews.com\/joe-cole-urges-man-city-to-bid-for-adam-wharton-in-january\/#article","isPartOf":{"@id":"https:\/\/bladnanews.com\/joe-cole-urges-man-city-to-bid-for-adam-wharton-in-january\/"},"author":{"name":"Bladna News Staff","@id":"https:\/\/mediumseagreen-eel-531711.hostingersite.com\/#\/schema\/person\/268e18a453ab080ebf76df6ef7845083"},"headline":"Joe Cole urges Man City to bid for Adam Wharton in January","datePublished":"2026-01-22T16:36:42+00:00","mainEntityOfPage":{"@id":"https:\/\/bladnanews.com\/joe-cole-urges-man-city-to-bid-for-adam-wharton-in-january\/"},"wordCount":222,"publisher":{"@id":"https:\/\/mediumseagreen-eel-531711.hostingersite.com\/#organization"},"image":{"@id":"https:\/\/bladnanews.com\/joe-cole-urges-man-city-to-bid-for-adam-wharton-in-january\/#primaryimage"},"thumbnailUrl":"https:\/\/bladnanews.com\/wp-content\/uploads\/2026\/01\/BladnaNews-Joe-Cole-urges-Man-City-to-bid-for-Adam-Wharton-in-January-2026-01-23T091003.759Z-scaled.jpg","articleSection":["International","Latest News"],"inLanguage":"fr-FR","copyrightYear":"2026","copyrightHolder":{"@id":"https:\/\/bladnanews.com\/fr\/#organization"}},{"@type":"WebPage","@id":"https:\/\/bladnanews.com\/joe-cole-urges-man-city-to-bid-for-adam-wharton-in-january\/","url":"https:\/\/bladnanews.com\/joe-cole-urges-man-city-to-bid-for-adam-wharton-in-january\/","name":"Joe Cole exhorte Manchester City \u00e0 faire une offre pour Adam Wharton en janvier - Bladna News","isPartOf":{"@id":"https:\/\/mediumseagreen-eel-531711.hostingersite.com\/#website"},"primaryImageOfPage":{"@id":"https:\/\/bladnanews.com\/joe-cole-urges-man-city-to-bid-for-adam-wharton-in-january\/#primaryimage"},"image":{"@id":"https:\/\/bladnanews.com\/joe-cole-urges-man-city-to-bid-for-adam-wharton-in-january\/#primaryimage"},"thumbnailUrl":"https:\/\/bladnanews.com\/wp-content\/uploads\/2026\/01\/BladnaNews-Joe-Cole-urges-Man-City-to-bid-for-Adam-Wharton-in-January-2026-01-23T091003.759Z-scaled.jpg","datePublished":"2026-01-22T16:36:42+00:00","breadcrumb":{"@id":"https:\/\/bladnanews.com\/joe-cole-urges-man-city-to-bid-for-adam-wharton-in-january\/#breadcrumb"},"inLanguage":"fr-FR","potentialAction":[{"@type":"ReadAction","target":["https:\/\/bladnanews.com\/joe-cole-urges-man-city-to-bid-for-adam-wharton-in-january\/"]}]},{"@type":"ImageObject","inLanguage":"fr-FR","@id":"https:\/\/bladnanews.com\/joe-cole-urges-man-city-to-bid-for-adam-wharton-in-january\/#primaryimage","url":"https:\/\/bladnanews.com\/wp-content\/uploads\/2026\/01\/BladnaNews-Joe-Cole-urges-Man-City-to-bid-for-Adam-Wharton-in-January-2026-01-23T091003.759Z-scaled.jpg","contentUrl":"https:\/\/bladnanews.com\/wp-content\/uploads\/2026\/01\/BladnaNews-Joe-Cole-urges-Man-City-to-bid-for-Adam-Wharton-in-January-2026-01-23T091003.759Z-scaled.jpg","width":2560,"height":1440,"caption":"Adam Wharton, wearing a gold Crystal Palace kit with \"NET88\" logo, looks frustrated on the pitch during a Premier League match."},{"@type":"BreadcrumbList","@id":"https:\/\/bladnanews.com\/joe-cole-urges-man-city-to-bid-for-adam-wharton-in-january\/#breadcrumb","itemListElement":[{"@type":"ListItem","position":1,"name":"Home","item":"https:\/\/bladnanews.com\/"},{"@type":"ListItem","position":2,"name":"Joe Cole urges Man City to bid for Adam Wharton in January"}]},{"@type":"WebSite","@id":"https:\/\/mediumseagreen-eel-531711.hostingersite.com\/#website","url":"https:\/\/mediumseagreen-eel-531711.hostingersite.com\/","name":"Bladna News - Maroc","description":"Quand le football marocain rencontre le monde","publisher":{"@id":"https:\/\/mediumseagreen-eel-531711.hostingersite.com\/#organization"},"potentialAction":[{"@type":"SearchAction","target":{"@type":"EntryPoint","urlTemplate":"https:\/\/mediumseagreen-eel-531711.hostingersite.com\/?s={search_term_string}"},"query-input":{"@type":"PropertyValueSpecification","valueRequired":true,"valueName":"search_term_string"}}],"inLanguage":"fr-FR"},{"@type":"Organization","@id":"https:\/\/mediumseagreen-eel-531711.hostingersite.com\/#organization","name":"Bladna News.com","url":"https:\/\/mediumseagreen-eel-531711.hostingersite.com\/","logo":{"@type":"ImageObject","inLanguage":"fr-FR","@id":"https:\/\/mediumseagreen-eel-531711.hostingersite.com\/#\/schema\/logo\/image\/","url":"https:\/\/bladnanews.com\/wp-content\/uploads\/2025\/12\/logo-bladnanews-V2-web-black-red.png","contentUrl":"https:\/\/bladnanews.com\/wp-content\/uploads\/2025\/12\/logo-bladnanews-V2-web-black-red.png","width":703,"height":287,"caption":"Bladna News.com"},"image":{"@id":"https:\/\/mediumseagreen-eel-531711.hostingersite.com\/#\/schema\/logo\/image\/"},"email":"info@bladnanews.com","legalName":"Bladna News"},{"@type":"Person","@id":"https:\/\/mediumseagreen-eel-531711.hostingersite.com\/#\/schema\/person\/268e18a453ab080ebf76df6ef7845083","name":"\u00c9quipe r\u00e9dactionnelle de Bladna News","url":"https:\/\/bladnanews.com\/fr\/author\/bladna-news-staff\/"}]}},"_links":{"self":[{"href":"https:\/\/bladnanews.com\/fr\/wp-json\/wp\/v2\/posts\/7421","targetHints":{"allow":["GET"]}}],"collection":[{"href":"https:\/\/bladnanews.com\/fr\/wp-json\/wp\/v2\/posts"}],"about":[{"href":"https:\/\/bladnanews.com\/fr\/wp-json\/wp\/v2\/types\/post"}],"author":[{"embeddable":true,"href":"https:\/\/bladnanews.com\/fr\/wp-json\/wp\/v2\/users\/3"}],"replies":[{"embeddable":true,"href":"https:\/\/bladnanews.com\/fr\/wp-json\/wp\/v2\/comments?post=7421"}],"version-history":[{"count":0,"href":"https:\/\/bladnanews.com\/fr\/wp-json\/wp\/v2\/posts\/7421\/revisions"}],"wp:featuredmedia":[{"embeddable":true,"href":"https:\/\/bladnanews.com\/fr\/wp-json\/wp\/v2\/media\/7420"}],"wp:attachment":[{"href":"https:\/\/bladnanews.com\/fr\/wp-json\/wp\/v2\/media?parent=7421"}],"wp:term":[{"taxonomy":"category","embeddable":true,"href":"https:\/\/bladnanews.com\/fr\/wp-json\/wp\/v2\/categories?post=7421"},{"taxonomy":"post_tag","embeddable":true,"href":"https:\/\/bladnanews.com\/fr\/wp-json\/wp\/v2\/tags?post=7421"}],"curies":[{"name":"wp","href":"https:\/\/api.w.org\/{rel}","templated":true}]}}