{"id":7439,"date":"2026-01-23T05:50:55","date_gmt":"2026-01-23T05:50:55","guid":{"rendered":"https:\/\/bladnanews.com\/new-york-red-bulls-close-in-on-ethan-horvath-deal\/"},"modified":"2026-01-23T05:50:55","modified_gmt":"2026-01-23T05:50:55","slug":"les-red-bulls-de-new-york-se-rapprochent-dun-accord-pour-ethan-horvath","status":"publish","type":"post","link":"https:\/\/bladnanews.com\/fr\/les-red-bulls-de-new-york-se-rapprochent-dun-accord-pour-ethan-horvath\/","title":{"rendered":"Les New York Red Bulls sont sur le point de finaliser l'accord pour Ethan Horvath"},"content":{"rendered":"<p>Les New York Red Bulls sont sur le point de finaliser l'arriv\u00e9e du gardien de but de l'\u00e9quipe nationale am\u00e9ricaine, Ethan Horvath.<\/p>\n<p>\u00c2g\u00e9 de 29 ans, le portier devrait faire son retour en MLS avec les Red Bulls, des discussions avanc\u00e9es \u00e9tant en cours pour son transfert, lequel approche d\u00e9sormais de son aboutissement.<\/p>\n<p>Horvath \u00e9volue actuellement \u00e0 Nottingham Forest, mais a pass\u00e9 une grande partie de son temps loin du club de Premier League, \u00e9tant r\u00e9guli\u00e8rement pr\u00eat\u00e9. Il a notamment jou\u00e9 pour Luton Town lors de leur campagne d'accession en premi\u00e8re division, avant d'\u00eatre pr\u00eat\u00e9 \u00e0 Cardiff City.<\/p>\n<p>Le gardien est surtout connu des supporters de l'USMNT pour son r\u00f4le lors de la finale de la Ligue des Nations de la CONCACAF 2021 face au Mexique, o\u00f9 il est entr\u00e9 en jeu en prolongation et a arr\u00eat\u00e9 un penalty, contribuant \u00e0 une victoire spectaculaire sur le score de 3-2.<\/p>\n<p>Les Red Bulls ont \u00e9t\u00e9 actifs sur le march\u00e9 des transferts dans le but de renforcer leur effectif, et les discussions concernant Horvath ont progress\u00e9 rapidement, le club cherchant \u00e0 acqu\u00e9rir plus d'exp\u00e9rience dans des postes cl\u00e9s.<\/p>\n<p>Le transfert n'est pas encore officiellement finalis\u00e9, mais les Red Bulls sont d\u00e9sormais proches de conclure l'accord pour ramener Horvath aux \u00c9tats-Unis.<\/p>","protected":false},"excerpt":{"rendered":"<p>New York Red Bulls are closing in on a deal to sign USMNT goalkeeper Ethan Horvath. The 29-year-old is set [&hellip;]<\/p>\n","protected":false},"author":3,"featured_media":7438,"comment_status":"","ping_status":"open","sticky":false,"template":"","format":"standard","meta":{"googlesitekit_rrm_CAow_uzEDA:productID":"","site-sidebar-layout":"default","site-content-layout":"","ast-site-content-layout":"default","site-content-style":"default","site-sidebar-style":"default","ast-global-header-display":"","ast-banner-title-visibility":"","ast-main-header-display":"","ast-hfb-above-header-display":"","ast-hfb-below-header-display":"","ast-hfb-mobile-header-display":"","site-post-title":"","ast-breadcrumbs-content":"","ast-featured-img":"","footer-sml-layout":"","ast-disable-related-posts":"","theme-transparent-header-meta":"","adv-header-id-meta":"","stick-header-meta":"","header-above-stick-meta":"","header-main-stick-meta":"","header-below-stick-meta":"","astra-migrate-meta-layouts":"default","ast-page-background-enabled":"default","ast-page-background-meta":{"desktop":{"background-color":"var(--ast-global-color-5)","background-image":"","background-repeat":"repeat","background-position":"center center","background-size":"auto","background-attachment":"scroll","background-type":"","background-media":"","overlay-type":"","overlay-color":"","overlay-opacity":"","overlay-gradient":""},"tablet":{"background-color":"","background-image":"","background-repeat":"repeat","background-position":"center center","background-size":"auto","background-attachment":"scroll","background-type":"","background-media":"","overlay-type":"","overlay-color":"","overlay-opacity":"","overlay-gradient":""},"mobile":{"background-color":"","background-image":"","background-repeat":"repeat","background-position":"center center","background-size":"auto","background-attachment":"scroll","background-type":"","background-media":"","overlay-type":"","overlay-color":"","overlay-opacity":"","overlay-gradient":""}},"ast-content-background-meta":{"desktop":{"background-color":"var(--ast-global-color-4)","background-image":"","background-repeat":"repeat","background-position":"center center","background-size":"auto","background-attachment":"scroll","background-type":"","background-media":"","overlay-type":"","overlay-color":"","overlay-opacity":"","overlay-gradient":""},"tablet":{"background-color":"var(--ast-global-color-4)","background-image":"","background-repeat":"repeat","background-position":"center center","background-size":"auto","background-attachment":"scroll","background-type":"","background-media":"","overlay-type":"","overlay-color":"","overlay-opacity":"","overlay-gradient":""},"mobile":{"background-color":"var(--ast-global-color-4)","background-image":"","background-repeat":"repeat","background-position":"center center","background-size":"auto","background-attachment":"scroll","background-type":"","background-media":"","overlay-type":"","overlay-color":"","overlay-opacity":"","overlay-gradient":""}},"footnotes":""},"categories":[20,1],"tags":[],"class_list":["post-7439","post","type-post","status-publish","format-standard","has-post-thumbnail","hentry","category-international","category-football-latest-news"],"yoast_head":"<!-- This site is optimized with the Yoast SEO Premium plugin v26.6 (Yoast SEO v27.4) - https:\/\/yoast.com\/product\/yoast-seo-premium-wordpress\/ -->\n<title>New York Red Bulls close in on Ethan Horvath deal - Bladna News<\/title>\n<meta name=\"robots\" content=\"index, follow, max-snippet:-1, max-image-preview:large, max-video-preview:-1\" \/>\n<link rel=\"canonical\" href=\"https:\/\/bladnanews.com\/fr\/les-red-bulls-de-new-york-se-rapprochent-dun-accord-pour-ethan-horvath\/\" \/>\n<meta property=\"og:locale\" content=\"fr_FR\" \/>\n<meta property=\"og:type\" content=\"article\" \/>\n<meta property=\"og:title\" content=\"New York Red Bulls close in on Ethan Horvath deal\" \/>\n<meta property=\"og:description\" content=\"New York Red Bulls are closing in on a deal to sign USMNT goalkeeper Ethan Horvath. The 29-year-old is set [&hellip;]\" \/>\n<meta property=\"og:url\" content=\"https:\/\/bladnanews.com\/fr\/les-red-bulls-de-new-york-se-rapprochent-dun-accord-pour-ethan-horvath\/\" \/>\n<meta property=\"og:site_name\" content=\"Bladna News\" \/>\n<meta property=\"article:published_time\" content=\"2026-01-23T05:50:55+00:00\" \/>\n<meta property=\"og:image\" content=\"https:\/\/bladnanews.com\/wp-content\/uploads\/2025\/12\/freepik__bladna-newscom-moroccan-soccer-homepage-banner-mor__41838.png\" \/>\n\t<meta property=\"og:image:width\" content=\"1312\" \/>\n\t<meta property=\"og:image:height\" content=\"736\" \/>\n\t<meta property=\"og:image:type\" content=\"image\/png\" \/>\n<meta name=\"author\" content=\"Bladna News Staff\" \/>\n<meta name=\"twitter:card\" content=\"summary_large_image\" \/>\n<meta name=\"twitter:label1\" content=\"\u00c9crit par\" \/>\n\t<meta name=\"twitter:data1\" content=\"Bladna News Staff\" \/>\n\t<meta name=\"twitter:label2\" content=\"Dur\u00e9e de lecture estim\u00e9e\" \/>\n\t<meta name=\"twitter:data2\" content=\"1 minute\" \/>\n<script type=\"application\/ld+json\" class=\"yoast-schema-graph\">{\"@context\":\"https:\\\/\\\/schema.org\",\"@graph\":[{\"@type\":\"Article\",\"@id\":\"https:\\\/\\\/bladnanews.com\\\/new-york-red-bulls-close-in-on-ethan-horvath-deal\\\/#article\",\"isPartOf\":{\"@id\":\"https:\\\/\\\/bladnanews.com\\\/new-york-red-bulls-close-in-on-ethan-horvath-deal\\\/\"},\"author\":{\"name\":\"Bladna News Staff\",\"@id\":\"https:\\\/\\\/mediumseagreen-eel-531711.hostingersite.com\\\/#\\\/schema\\\/person\\\/268e18a453ab080ebf76df6ef7845083\"},\"headline\":\"New York Red Bulls close in on Ethan Horvath deal\",\"datePublished\":\"2026-01-23T05:50:55+00:00\",\"mainEntityOfPage\":{\"@id\":\"https:\\\/\\\/bladnanews.com\\\/new-york-red-bulls-close-in-on-ethan-horvath-deal\\\/\"},\"wordCount\":182,\"publisher\":{\"@id\":\"https:\\\/\\\/mediumseagreen-eel-531711.hostingersite.com\\\/#organization\"},\"image\":{\"@id\":\"https:\\\/\\\/bladnanews.com\\\/new-york-red-bulls-close-in-on-ethan-horvath-deal\\\/#primaryimage\"},\"thumbnailUrl\":\"https:\\\/\\\/bladnanews.com\\\/wp-content\\\/uploads\\\/2026\\\/01\\\/BladnaNews-New-York-Red-Bulls-close-in-on-Ethan-Horvath-deal-2026-01-23T130929.015Z-scaled.jpg\",\"articleSection\":[\"International\",\"Latest News\"],\"inLanguage\":\"fr-FR\",\"copyrightYear\":\"2026\",\"copyrightHolder\":{\"@id\":\"https:\\\/\\\/bladnanews.com\\\/fr\\\/#organization\"}},{\"@type\":\"WebPage\",\"@id\":\"https:\\\/\\\/bladnanews.com\\\/new-york-red-bulls-close-in-on-ethan-horvath-deal\\\/\",\"url\":\"https:\\\/\\\/bladnanews.com\\\/new-york-red-bulls-close-in-on-ethan-horvath-deal\\\/\",\"name\":\"New York Red Bulls close in on Ethan Horvath deal - Bladna News\",\"isPartOf\":{\"@id\":\"https:\\\/\\\/mediumseagreen-eel-531711.hostingersite.com\\\/#website\"},\"primaryImageOfPage\":{\"@id\":\"https:\\\/\\\/bladnanews.com\\\/new-york-red-bulls-close-in-on-ethan-horvath-deal\\\/#primaryimage\"},\"image\":{\"@id\":\"https:\\\/\\\/bladnanews.com\\\/new-york-red-bulls-close-in-on-ethan-horvath-deal\\\/#primaryimage\"},\"thumbnailUrl\":\"https:\\\/\\\/bladnanews.com\\\/wp-content\\\/uploads\\\/2026\\\/01\\\/BladnaNews-New-York-Red-Bulls-close-in-on-Ethan-Horvath-deal-2026-01-23T130929.015Z-scaled.jpg\",\"datePublished\":\"2026-01-23T05:50:55+00:00\",\"breadcrumb\":{\"@id\":\"https:\\\/\\\/bladnanews.com\\\/new-york-red-bulls-close-in-on-ethan-horvath-deal\\\/#breadcrumb\"},\"inLanguage\":\"fr-FR\",\"potentialAction\":[{\"@type\":\"ReadAction\",\"target\":[\"https:\\\/\\\/bladnanews.com\\\/new-york-red-bulls-close-in-on-ethan-horvath-deal\\\/\"]}]},{\"@type\":\"ImageObject\",\"inLanguage\":\"fr-FR\",\"@id\":\"https:\\\/\\\/bladnanews.com\\\/new-york-red-bulls-close-in-on-ethan-horvath-deal\\\/#primaryimage\",\"url\":\"https:\\\/\\\/bladnanews.com\\\/wp-content\\\/uploads\\\/2026\\\/01\\\/BladnaNews-New-York-Red-Bulls-close-in-on-Ethan-Horvath-deal-2026-01-23T130929.015Z-scaled.jpg\",\"contentUrl\":\"https:\\\/\\\/bladnanews.com\\\/wp-content\\\/uploads\\\/2026\\\/01\\\/BladnaNews-New-York-Red-Bulls-close-in-on-Ethan-Horvath-deal-2026-01-23T130929.015Z-scaled.jpg\",\"width\":2560,\"height\":1440,\"caption\":\"Ethan Horvath in a bright green goalkeeper kit, gesturing with his gloved hand during a match, with fans blurred in the background.\"},{\"@type\":\"BreadcrumbList\",\"@id\":\"https:\\\/\\\/bladnanews.com\\\/new-york-red-bulls-close-in-on-ethan-horvath-deal\\\/#breadcrumb\",\"itemListElement\":[{\"@type\":\"ListItem\",\"position\":1,\"name\":\"Home\",\"item\":\"https:\\\/\\\/bladnanews.com\\\/\"},{\"@type\":\"ListItem\",\"position\":2,\"name\":\"New York Red Bulls close in on Ethan Horvath deal\"}]},{\"@type\":\"WebSite\",\"@id\":\"https:\\\/\\\/mediumseagreen-eel-531711.hostingersite.com\\\/#website\",\"url\":\"https:\\\/\\\/mediumseagreen-eel-531711.hostingersite.com\\\/\",\"name\":\"Bladna News - Morocco\",\"description\":\"Where Moroccan Football Meets the World\",\"publisher\":{\"@id\":\"https:\\\/\\\/mediumseagreen-eel-531711.hostingersite.com\\\/#organization\"},\"potentialAction\":[{\"@type\":\"SearchAction\",\"target\":{\"@type\":\"EntryPoint\",\"urlTemplate\":\"https:\\\/\\\/mediumseagreen-eel-531711.hostingersite.com\\\/?s={search_term_string}\"},\"query-input\":{\"@type\":\"PropertyValueSpecification\",\"valueRequired\":true,\"valueName\":\"search_term_string\"}}],\"inLanguage\":\"fr-FR\"},{\"@type\":\"Organization\",\"@id\":\"https:\\\/\\\/mediumseagreen-eel-531711.hostingersite.com\\\/#organization\",\"name\":\"Bladna News.com\",\"url\":\"https:\\\/\\\/mediumseagreen-eel-531711.hostingersite.com\\\/\",\"logo\":{\"@type\":\"ImageObject\",\"inLanguage\":\"fr-FR\",\"@id\":\"https:\\\/\\\/mediumseagreen-eel-531711.hostingersite.com\\\/#\\\/schema\\\/logo\\\/image\\\/\",\"url\":\"https:\\\/\\\/bladnanews.com\\\/wp-content\\\/uploads\\\/2025\\\/12\\\/logo-bladnanews-V2-web-black-red.png\",\"contentUrl\":\"https:\\\/\\\/bladnanews.com\\\/wp-content\\\/uploads\\\/2025\\\/12\\\/logo-bladnanews-V2-web-black-red.png\",\"width\":703,\"height\":287,\"caption\":\"Bladna News.com\"},\"image\":{\"@id\":\"https:\\\/\\\/mediumseagreen-eel-531711.hostingersite.com\\\/#\\\/schema\\\/logo\\\/image\\\/\"},\"email\":\"info@bladnanews.com\",\"legalName\":\"Bladna News\"},{\"@type\":\"Person\",\"@id\":\"https:\\\/\\\/mediumseagreen-eel-531711.hostingersite.com\\\/#\\\/schema\\\/person\\\/268e18a453ab080ebf76df6ef7845083\",\"name\":\"Bladna News Staff\",\"url\":\"https:\\\/\\\/bladnanews.com\\\/fr\\\/author\\\/bladna-news-staff\\\/\"}]}<\/script>\n<!-- \/ Yoast SEO Premium plugin. -->","yoast_head_json":{"title":"Les Red Bulls de New York proches d'un accord pour Ethan Horvath - Bladna News","robots":{"index":"index","follow":"follow","max-snippet":"max-snippet:-1","max-image-preview":"max-image-preview:large","max-video-preview":"max-video-preview:-1"},"canonical":"https:\/\/bladnanews.com\/fr\/les-red-bulls-de-new-york-se-rapprochent-dun-accord-pour-ethan-horvath\/","og_locale":"fr_FR","og_type":"article","og_title":"New York Red Bulls close in on Ethan Horvath deal","og_description":"New York Red Bulls are closing in on a deal to sign USMNT goalkeeper Ethan Horvath. The 29-year-old is set [&hellip;]","og_url":"https:\/\/bladnanews.com\/fr\/les-red-bulls-de-new-york-se-rapprochent-dun-accord-pour-ethan-horvath\/","og_site_name":"Bladna News","article_published_time":"2026-01-23T05:50:55+00:00","og_image":[{"width":1312,"height":736,"url":"https:\/\/bladnanews.com\/wp-content\/uploads\/2025\/12\/freepik__bladna-newscom-moroccan-soccer-homepage-banner-mor__41838.png","type":"image\/png"}],"author":"Bladna News Staff","twitter_card":"summary_large_image","twitter_misc":{"\u00c9crit par":"Bladna News Staff","Dur\u00e9e de lecture estim\u00e9e":"1 minute"},"schema":{"@context":"https:\/\/schema.org","@graph":[{"@type":"Article","@id":"https:\/\/bladnanews.com\/new-york-red-bulls-close-in-on-ethan-horvath-deal\/#article","isPartOf":{"@id":"https:\/\/bladnanews.com\/new-york-red-bulls-close-in-on-ethan-horvath-deal\/"},"author":{"name":"Bladna News Staff","@id":"https:\/\/mediumseagreen-eel-531711.hostingersite.com\/#\/schema\/person\/268e18a453ab080ebf76df6ef7845083"},"headline":"New York Red Bulls close in on Ethan Horvath deal","datePublished":"2026-01-23T05:50:55+00:00","mainEntityOfPage":{"@id":"https:\/\/bladnanews.com\/new-york-red-bulls-close-in-on-ethan-horvath-deal\/"},"wordCount":182,"publisher":{"@id":"https:\/\/mediumseagreen-eel-531711.hostingersite.com\/#organization"},"image":{"@id":"https:\/\/bladnanews.com\/new-york-red-bulls-close-in-on-ethan-horvath-deal\/#primaryimage"},"thumbnailUrl":"https:\/\/bladnanews.com\/wp-content\/uploads\/2026\/01\/BladnaNews-New-York-Red-Bulls-close-in-on-Ethan-Horvath-deal-2026-01-23T130929.015Z-scaled.jpg","articleSection":["International","Latest News"],"inLanguage":"fr-FR","copyrightYear":"2026","copyrightHolder":{"@id":"https:\/\/bladnanews.com\/fr\/#organization"}},{"@type":"WebPage","@id":"https:\/\/bladnanews.com\/new-york-red-bulls-close-in-on-ethan-horvath-deal\/","url":"https:\/\/bladnanews.com\/new-york-red-bulls-close-in-on-ethan-horvath-deal\/","name":"Les Red Bulls de New York proches d'un accord pour Ethan Horvath - Bladna News","isPartOf":{"@id":"https:\/\/mediumseagreen-eel-531711.hostingersite.com\/#website"},"primaryImageOfPage":{"@id":"https:\/\/bladnanews.com\/new-york-red-bulls-close-in-on-ethan-horvath-deal\/#primaryimage"},"image":{"@id":"https:\/\/bladnanews.com\/new-york-red-bulls-close-in-on-ethan-horvath-deal\/#primaryimage"},"thumbnailUrl":"https:\/\/bladnanews.com\/wp-content\/uploads\/2026\/01\/BladnaNews-New-York-Red-Bulls-close-in-on-Ethan-Horvath-deal-2026-01-23T130929.015Z-scaled.jpg","datePublished":"2026-01-23T05:50:55+00:00","breadcrumb":{"@id":"https:\/\/bladnanews.com\/new-york-red-bulls-close-in-on-ethan-horvath-deal\/#breadcrumb"},"inLanguage":"fr-FR","potentialAction":[{"@type":"ReadAction","target":["https:\/\/bladnanews.com\/new-york-red-bulls-close-in-on-ethan-horvath-deal\/"]}]},{"@type":"ImageObject","inLanguage":"fr-FR","@id":"https:\/\/bladnanews.com\/new-york-red-bulls-close-in-on-ethan-horvath-deal\/#primaryimage","url":"https:\/\/bladnanews.com\/wp-content\/uploads\/2026\/01\/BladnaNews-New-York-Red-Bulls-close-in-on-Ethan-Horvath-deal-2026-01-23T130929.015Z-scaled.jpg","contentUrl":"https:\/\/bladnanews.com\/wp-content\/uploads\/2026\/01\/BladnaNews-New-York-Red-Bulls-close-in-on-Ethan-Horvath-deal-2026-01-23T130929.015Z-scaled.jpg","width":2560,"height":1440,"caption":"Ethan Horvath in a bright green goalkeeper kit, gesturing with his gloved hand during a match, with fans blurred in the background."},{"@type":"BreadcrumbList","@id":"https:\/\/bladnanews.com\/new-york-red-bulls-close-in-on-ethan-horvath-deal\/#breadcrumb","itemListElement":[{"@type":"ListItem","position":1,"name":"Home","item":"https:\/\/bladnanews.com\/"},{"@type":"ListItem","position":2,"name":"New York Red Bulls close in on Ethan Horvath deal"}]},{"@type":"WebSite","@id":"https:\/\/mediumseagreen-eel-531711.hostingersite.com\/#website","url":"https:\/\/mediumseagreen-eel-531711.hostingersite.com\/","name":"Bladna News - Maroc","description":"Quand le football marocain rencontre le monde","publisher":{"@id":"https:\/\/mediumseagreen-eel-531711.hostingersite.com\/#organization"},"potentialAction":[{"@type":"SearchAction","target":{"@type":"EntryPoint","urlTemplate":"https:\/\/mediumseagreen-eel-531711.hostingersite.com\/?s={search_term_string}"},"query-input":{"@type":"PropertyValueSpecification","valueRequired":true,"valueName":"search_term_string"}}],"inLanguage":"fr-FR"},{"@type":"Organization","@id":"https:\/\/mediumseagreen-eel-531711.hostingersite.com\/#organization","name":"Bladna News.com","url":"https:\/\/mediumseagreen-eel-531711.hostingersite.com\/","logo":{"@type":"ImageObject","inLanguage":"fr-FR","@id":"https:\/\/mediumseagreen-eel-531711.hostingersite.com\/#\/schema\/logo\/image\/","url":"https:\/\/bladnanews.com\/wp-content\/uploads\/2025\/12\/logo-bladnanews-V2-web-black-red.png","contentUrl":"https:\/\/bladnanews.com\/wp-content\/uploads\/2025\/12\/logo-bladnanews-V2-web-black-red.png","width":703,"height":287,"caption":"Bladna News.com"},"image":{"@id":"https:\/\/mediumseagreen-eel-531711.hostingersite.com\/#\/schema\/logo\/image\/"},"email":"info@bladnanews.com","legalName":"Bladna News"},{"@type":"Person","@id":"https:\/\/mediumseagreen-eel-531711.hostingersite.com\/#\/schema\/person\/268e18a453ab080ebf76df6ef7845083","name":"\u00c9quipe r\u00e9dactionnelle de Bladna News","url":"https:\/\/bladnanews.com\/fr\/author\/bladna-news-staff\/"}]}},"_links":{"self":[{"href":"https:\/\/bladnanews.com\/fr\/wp-json\/wp\/v2\/posts\/7439","targetHints":{"allow":["GET"]}}],"collection":[{"href":"https:\/\/bladnanews.com\/fr\/wp-json\/wp\/v2\/posts"}],"about":[{"href":"https:\/\/bladnanews.com\/fr\/wp-json\/wp\/v2\/types\/post"}],"author":[{"embeddable":true,"href":"https:\/\/bladnanews.com\/fr\/wp-json\/wp\/v2\/users\/3"}],"replies":[{"embeddable":true,"href":"https:\/\/bladnanews.com\/fr\/wp-json\/wp\/v2\/comments?post=7439"}],"version-history":[{"count":0,"href":"https:\/\/bladnanews.com\/fr\/wp-json\/wp\/v2\/posts\/7439\/revisions"}],"wp:featuredmedia":[{"embeddable":true,"href":"https:\/\/bladnanews.com\/fr\/wp-json\/wp\/v2\/media\/7438"}],"wp:attachment":[{"href":"https:\/\/bladnanews.com\/fr\/wp-json\/wp\/v2\/media?parent=7439"}],"wp:term":[{"taxonomy":"category","embeddable":true,"href":"https:\/\/bladnanews.com\/fr\/wp-json\/wp\/v2\/categories?post=7439"},{"taxonomy":"post_tag","embeddable":true,"href":"https:\/\/bladnanews.com\/fr\/wp-json\/wp\/v2\/tags?post=7439"}],"curies":[{"name":"wp","href":"https:\/\/api.w.org\/{rel}","templated":true}]}}