{"id":7443,"date":"2026-01-23T07:35:44","date_gmt":"2026-01-23T07:35:44","guid":{"rendered":"https:\/\/bladnanews.com\/cristiano-ronaldo-retirement-date-teased-as-saudi-pro-league-plan-support\/"},"modified":"2026-01-23T07:35:44","modified_gmt":"2026-01-23T07:35:44","slug":"la-date-de-retraite-de-cristiano-ronaldo-est-evoquee-alors-que-le-plan-de-la-ligue-professionnelle-saoudienne-apporte-son-soutien","status":"publish","type":"post","link":"https:\/\/bladnanews.com\/fr\/la-date-de-retraite-de-cristiano-ronaldo-est-evoquee-alors-que-le-plan-de-la-ligue-professionnelle-saoudienne-apporte-son-soutien\/","title":{"rendered":"La date de retraite de Cristiano Ronaldo suscite des sp\u00e9culations alors que le plan de la Saudi Pro League apporte son soutien"},"content":{"rendered":"<p>Les projets de retraite de Cristiano Ronaldo ont \u00e9t\u00e9 \u00e9voqu\u00e9s \u00e0 nouveau apr\u00e8s qu'il a \u00e9t\u00e9 r\u00e9v\u00e9l\u00e9 que la Ligue professionnelle saoudienne pr\u00e9pare une grande d\u00e9monstration de soutien pour l'attaquant d'Al-Nassr, avec 50 stars pr\u00e9vues pour participer avant que l'ic\u00f4ne portugaise ne quitte d\u00e9finitivement le terrain.<\/p>\n<p>\u00c2g\u00e9 de 39 ans, il reste l'une des plus grandes c\u00e9l\u00e9brit\u00e9s du football et, bien qu'\u00e9tant dans la derni\u00e8re phase de sa carri\u00e8re, continue d'attirer une \u00e9norme attention en Arabie saoudite. Ronaldo a marqu\u00e9 r\u00e9guli\u00e8rement depuis son arriv\u00e9e \u00e0 Al-Nassr et a jou\u00e9 un r\u00f4le cl\u00e9 dans l'\u00e9l\u00e9vation du profil de la ligue \u00e0 l'\u00e9chelle mondiale.<\/p>\n<p>D\u00e9sormais, alors que la question de savoir quand il prendra finalement sa retraite est toujours d'actualit\u00e9, des plans seraient en cours pour un moment sp\u00e9cial c\u00e9l\u00e9brant son impact dans la Ligue professionnelle saoudite. Ces d\u00e9veloppements interviennent alors que Ronaldo continue d'\u00eatre associ\u00e9 aux interrogations sur la dur\u00e9e de son s\u00e9jour \u00e0 Al-Nassr et sur le moment o\u00f9 il \u201caccrochera ses crampons\u201d.<\/p>\n<p>Le plan r\u00e9v\u00e9l\u00e9 pr\u00e9voit que 50 stars soient align\u00e9es pour soutenir Ronaldo dans le cadre d'un hommage plus large, soulignant l'importance de son transfert dans le royaume pour la comp\u00e9tition. Cela refl\u00e8te \u00e9galement la volont\u00e9 de la ligue de reconna\u00eetre l'ancien attaquant de Manchester United, du Real Madrid et de la Juventus comme une figure mondiale ayant contribu\u00e9 \u00e0 attirer une attention majeure sur le football saoudien.<\/p>\n<p>Ronaldo, qui a pr\u00e9c\u00e9demment exprim\u00e9 son ambition d'atteindre les 1 000 buts en carri\u00e8re, n'a pas annonc\u00e9 de date officielle de retraite. Cependant, ces derniers d\u00e9tails renforcent l'id\u00e9e que le football saoudien r\u00e9fl\u00e9chit d\u00e9j\u00e0 \u00e0 la mani\u00e8re de marquer son d\u00e9part lorsqu'il surviendra finalement.<\/p>","protected":false},"excerpt":{"rendered":"<p>Cristiano Ronaldo\u2019s retirement plans have been teased again after it was revealed that the Saudi Pro League are preparing a [&hellip;]<\/p>\n","protected":false},"author":3,"featured_media":7442,"comment_status":"","ping_status":"open","sticky":false,"template":"","format":"standard","meta":{"googlesitekit_rrm_CAow_uzEDA:productID":"","site-sidebar-layout":"default","site-content-layout":"","ast-site-content-layout":"default","site-content-style":"default","site-sidebar-style":"default","ast-global-header-display":"","ast-banner-title-visibility":"","ast-main-header-display":"","ast-hfb-above-header-display":"","ast-hfb-below-header-display":"","ast-hfb-mobile-header-display":"","site-post-title":"","ast-breadcrumbs-content":"","ast-featured-img":"","footer-sml-layout":"","ast-disable-related-posts":"","theme-transparent-header-meta":"","adv-header-id-meta":"","stick-header-meta":"","header-above-stick-meta":"","header-main-stick-meta":"","header-below-stick-meta":"","astra-migrate-meta-layouts":"default","ast-page-background-enabled":"default","ast-page-background-meta":{"desktop":{"background-color":"var(--ast-global-color-5)","background-image":"","background-repeat":"repeat","background-position":"center center","background-size":"auto","background-attachment":"scroll","background-type":"","background-media":"","overlay-type":"","overlay-color":"","overlay-opacity":"","overlay-gradient":""},"tablet":{"background-color":"","background-image":"","background-repeat":"repeat","background-position":"center center","background-size":"auto","background-attachment":"scroll","background-type":"","background-media":"","overlay-type":"","overlay-color":"","overlay-opacity":"","overlay-gradient":""},"mobile":{"background-color":"","background-image":"","background-repeat":"repeat","background-position":"center center","background-size":"auto","background-attachment":"scroll","background-type":"","background-media":"","overlay-type":"","overlay-color":"","overlay-opacity":"","overlay-gradient":""}},"ast-content-background-meta":{"desktop":{"background-color":"var(--ast-global-color-4)","background-image":"","background-repeat":"repeat","background-position":"center center","background-size":"auto","background-attachment":"scroll","background-type":"","background-media":"","overlay-type":"","overlay-color":"","overlay-opacity":"","overlay-gradient":""},"tablet":{"background-color":"var(--ast-global-color-4)","background-image":"","background-repeat":"repeat","background-position":"center center","background-size":"auto","background-attachment":"scroll","background-type":"","background-media":"","overlay-type":"","overlay-color":"","overlay-opacity":"","overlay-gradient":""},"mobile":{"background-color":"var(--ast-global-color-4)","background-image":"","background-repeat":"repeat","background-position":"center center","background-size":"auto","background-attachment":"scroll","background-type":"","background-media":"","overlay-type":"","overlay-color":"","overlay-opacity":"","overlay-gradient":""}},"footnotes":""},"categories":[20,1],"tags":[],"class_list":["post-7443","post","type-post","status-publish","format-standard","has-post-thumbnail","hentry","category-international","category-football-latest-news"],"yoast_head":"<!-- This site is optimized with the Yoast SEO Premium plugin v26.6 (Yoast SEO v27.4) - https:\/\/yoast.com\/product\/yoast-seo-premium-wordpress\/ -->\n<title>Cristiano Ronaldo retirement date teased as Saudi Pro League plan support - Bladna News<\/title>\n<meta name=\"robots\" content=\"index, follow, max-snippet:-1, max-image-preview:large, max-video-preview:-1\" \/>\n<link rel=\"canonical\" href=\"https:\/\/bladnanews.com\/fr\/la-date-de-retraite-de-cristiano-ronaldo-est-evoquee-alors-que-le-plan-de-la-ligue-professionnelle-saoudienne-apporte-son-soutien\/\" \/>\n<meta property=\"og:locale\" content=\"fr_FR\" \/>\n<meta property=\"og:type\" content=\"article\" \/>\n<meta property=\"og:title\" content=\"Cristiano Ronaldo retirement date teased as Saudi Pro League plan support\" \/>\n<meta property=\"og:description\" content=\"Cristiano Ronaldo\u2019s retirement plans have been teased again after it was revealed that the Saudi Pro League are preparing a [&hellip;]\" \/>\n<meta property=\"og:url\" content=\"https:\/\/bladnanews.com\/fr\/la-date-de-retraite-de-cristiano-ronaldo-est-evoquee-alors-que-le-plan-de-la-ligue-professionnelle-saoudienne-apporte-son-soutien\/\" \/>\n<meta property=\"og:site_name\" content=\"Bladna News\" \/>\n<meta property=\"article:published_time\" content=\"2026-01-23T07:35:44+00:00\" \/>\n<meta property=\"og:image\" content=\"https:\/\/bladnanews.com\/wp-content\/uploads\/2025\/12\/freepik__bladna-newscom-moroccan-soccer-homepage-banner-mor__41838.png\" \/>\n\t<meta property=\"og:image:width\" content=\"1312\" \/>\n\t<meta property=\"og:image:height\" content=\"736\" \/>\n\t<meta property=\"og:image:type\" content=\"image\/png\" \/>\n<meta name=\"author\" content=\"Bladna News Staff\" \/>\n<meta name=\"twitter:card\" content=\"summary_large_image\" \/>\n<meta name=\"twitter:label1\" content=\"\u00c9crit par\" \/>\n\t<meta name=\"twitter:data1\" content=\"Bladna News Staff\" \/>\n\t<meta name=\"twitter:label2\" content=\"Dur\u00e9e de lecture estim\u00e9e\" \/>\n\t<meta name=\"twitter:data2\" content=\"1 minute\" \/>\n<script type=\"application\/ld+json\" class=\"yoast-schema-graph\">{\"@context\":\"https:\\\/\\\/schema.org\",\"@graph\":[{\"@type\":\"Article\",\"@id\":\"https:\\\/\\\/bladnanews.com\\\/cristiano-ronaldo-retirement-date-teased-as-saudi-pro-league-plan-support\\\/#article\",\"isPartOf\":{\"@id\":\"https:\\\/\\\/bladnanews.com\\\/cristiano-ronaldo-retirement-date-teased-as-saudi-pro-league-plan-support\\\/\"},\"author\":{\"name\":\"Bladna News Staff\",\"@id\":\"https:\\\/\\\/mediumseagreen-eel-531711.hostingersite.com\\\/#\\\/schema\\\/person\\\/268e18a453ab080ebf76df6ef7845083\"},\"headline\":\"Cristiano Ronaldo retirement date teased as Saudi Pro League plan support\",\"datePublished\":\"2026-01-23T07:35:44+00:00\",\"mainEntityOfPage\":{\"@id\":\"https:\\\/\\\/bladnanews.com\\\/cristiano-ronaldo-retirement-date-teased-as-saudi-pro-league-plan-support\\\/\"},\"wordCount\":269,\"publisher\":{\"@id\":\"https:\\\/\\\/mediumseagreen-eel-531711.hostingersite.com\\\/#organization\"},\"image\":{\"@id\":\"https:\\\/\\\/bladnanews.com\\\/cristiano-ronaldo-retirement-date-teased-as-saudi-pro-league-plan-support\\\/#primaryimage\"},\"thumbnailUrl\":\"https:\\\/\\\/bladnanews.com\\\/wp-content\\\/uploads\\\/2026\\\/01\\\/BladnaNews-Cristiano-Ronaldo-retirement-date-teased-as-Saudi-Pro-League-plan-support-2026-01-23T131036.696Z.jpg\",\"articleSection\":[\"International\",\"Latest News\"],\"inLanguage\":\"fr-FR\",\"copyrightYear\":\"2026\",\"copyrightHolder\":{\"@id\":\"https:\\\/\\\/bladnanews.com\\\/fr\\\/#organization\"}},{\"@type\":\"WebPage\",\"@id\":\"https:\\\/\\\/bladnanews.com\\\/cristiano-ronaldo-retirement-date-teased-as-saudi-pro-league-plan-support\\\/\",\"url\":\"https:\\\/\\\/bladnanews.com\\\/cristiano-ronaldo-retirement-date-teased-as-saudi-pro-league-plan-support\\\/\",\"name\":\"Cristiano Ronaldo retirement date teased as Saudi Pro League plan support - Bladna News\",\"isPartOf\":{\"@id\":\"https:\\\/\\\/mediumseagreen-eel-531711.hostingersite.com\\\/#website\"},\"primaryImageOfPage\":{\"@id\":\"https:\\\/\\\/bladnanews.com\\\/cristiano-ronaldo-retirement-date-teased-as-saudi-pro-league-plan-support\\\/#primaryimage\"},\"image\":{\"@id\":\"https:\\\/\\\/bladnanews.com\\\/cristiano-ronaldo-retirement-date-teased-as-saudi-pro-league-plan-support\\\/#primaryimage\"},\"thumbnailUrl\":\"https:\\\/\\\/bladnanews.com\\\/wp-content\\\/uploads\\\/2026\\\/01\\\/BladnaNews-Cristiano-Ronaldo-retirement-date-teased-as-Saudi-Pro-League-plan-support-2026-01-23T131036.696Z.jpg\",\"datePublished\":\"2026-01-23T07:35:44+00:00\",\"breadcrumb\":{\"@id\":\"https:\\\/\\\/bladnanews.com\\\/cristiano-ronaldo-retirement-date-teased-as-saudi-pro-league-plan-support\\\/#breadcrumb\"},\"inLanguage\":\"fr-FR\",\"potentialAction\":[{\"@type\":\"ReadAction\",\"target\":[\"https:\\\/\\\/bladnanews.com\\\/cristiano-ronaldo-retirement-date-teased-as-saudi-pro-league-plan-support\\\/\"]}]},{\"@type\":\"ImageObject\",\"inLanguage\":\"fr-FR\",\"@id\":\"https:\\\/\\\/bladnanews.com\\\/cristiano-ronaldo-retirement-date-teased-as-saudi-pro-league-plan-support\\\/#primaryimage\",\"url\":\"https:\\\/\\\/bladnanews.com\\\/wp-content\\\/uploads\\\/2026\\\/01\\\/BladnaNews-Cristiano-Ronaldo-retirement-date-teased-as-Saudi-Pro-League-plan-support-2026-01-23T131036.696Z.jpg\",\"contentUrl\":\"https:\\\/\\\/bladnanews.com\\\/wp-content\\\/uploads\\\/2026\\\/01\\\/BladnaNews-Cristiano-Ronaldo-retirement-date-teased-as-Saudi-Pro-League-plan-support-2026-01-23T131036.696Z.jpg\",\"width\":1920,\"height\":1080,\"caption\":\"Cristiano Ronaldo smiles in a vibrant yellow Al Nassr kit, showcasing his captain's armband, during a match in the Saudi Pro League.\"},{\"@type\":\"BreadcrumbList\",\"@id\":\"https:\\\/\\\/bladnanews.com\\\/cristiano-ronaldo-retirement-date-teased-as-saudi-pro-league-plan-support\\\/#breadcrumb\",\"itemListElement\":[{\"@type\":\"ListItem\",\"position\":1,\"name\":\"Home\",\"item\":\"https:\\\/\\\/bladnanews.com\\\/\"},{\"@type\":\"ListItem\",\"position\":2,\"name\":\"Cristiano Ronaldo retirement date teased as Saudi Pro League plan support\"}]},{\"@type\":\"WebSite\",\"@id\":\"https:\\\/\\\/mediumseagreen-eel-531711.hostingersite.com\\\/#website\",\"url\":\"https:\\\/\\\/mediumseagreen-eel-531711.hostingersite.com\\\/\",\"name\":\"Bladna News - Morocco\",\"description\":\"Where Moroccan Football Meets the World\",\"publisher\":{\"@id\":\"https:\\\/\\\/mediumseagreen-eel-531711.hostingersite.com\\\/#organization\"},\"potentialAction\":[{\"@type\":\"SearchAction\",\"target\":{\"@type\":\"EntryPoint\",\"urlTemplate\":\"https:\\\/\\\/mediumseagreen-eel-531711.hostingersite.com\\\/?s={search_term_string}\"},\"query-input\":{\"@type\":\"PropertyValueSpecification\",\"valueRequired\":true,\"valueName\":\"search_term_string\"}}],\"inLanguage\":\"fr-FR\"},{\"@type\":\"Organization\",\"@id\":\"https:\\\/\\\/mediumseagreen-eel-531711.hostingersite.com\\\/#organization\",\"name\":\"Bladna News.com\",\"url\":\"https:\\\/\\\/mediumseagreen-eel-531711.hostingersite.com\\\/\",\"logo\":{\"@type\":\"ImageObject\",\"inLanguage\":\"fr-FR\",\"@id\":\"https:\\\/\\\/mediumseagreen-eel-531711.hostingersite.com\\\/#\\\/schema\\\/logo\\\/image\\\/\",\"url\":\"https:\\\/\\\/bladnanews.com\\\/wp-content\\\/uploads\\\/2025\\\/12\\\/logo-bladnanews-V2-web-black-red.png\",\"contentUrl\":\"https:\\\/\\\/bladnanews.com\\\/wp-content\\\/uploads\\\/2025\\\/12\\\/logo-bladnanews-V2-web-black-red.png\",\"width\":703,\"height\":287,\"caption\":\"Bladna News.com\"},\"image\":{\"@id\":\"https:\\\/\\\/mediumseagreen-eel-531711.hostingersite.com\\\/#\\\/schema\\\/logo\\\/image\\\/\"},\"email\":\"info@bladnanews.com\",\"legalName\":\"Bladna News\"},{\"@type\":\"Person\",\"@id\":\"https:\\\/\\\/mediumseagreen-eel-531711.hostingersite.com\\\/#\\\/schema\\\/person\\\/268e18a453ab080ebf76df6ef7845083\",\"name\":\"Bladna News Staff\",\"url\":\"https:\\\/\\\/bladnanews.com\\\/fr\\\/author\\\/bladna-news-staff\\\/\"}]}<\/script>\n<!-- \/ Yoast SEO Premium plugin. -->","yoast_head_json":{"title":"Cristiano Ronaldo retirement date teased as Saudi Pro League plan support - Bladna News","robots":{"index":"index","follow":"follow","max-snippet":"max-snippet:-1","max-image-preview":"max-image-preview:large","max-video-preview":"max-video-preview:-1"},"canonical":"https:\/\/bladnanews.com\/fr\/la-date-de-retraite-de-cristiano-ronaldo-est-evoquee-alors-que-le-plan-de-la-ligue-professionnelle-saoudienne-apporte-son-soutien\/","og_locale":"fr_FR","og_type":"article","og_title":"Cristiano Ronaldo retirement date teased as Saudi Pro League plan support","og_description":"Cristiano Ronaldo\u2019s retirement plans have been teased again after it was revealed that the Saudi Pro League are preparing a [&hellip;]","og_url":"https:\/\/bladnanews.com\/fr\/la-date-de-retraite-de-cristiano-ronaldo-est-evoquee-alors-que-le-plan-de-la-ligue-professionnelle-saoudienne-apporte-son-soutien\/","og_site_name":"Bladna News","article_published_time":"2026-01-23T07:35:44+00:00","og_image":[{"width":1312,"height":736,"url":"https:\/\/bladnanews.com\/wp-content\/uploads\/2025\/12\/freepik__bladna-newscom-moroccan-soccer-homepage-banner-mor__41838.png","type":"image\/png"}],"author":"Bladna News Staff","twitter_card":"summary_large_image","twitter_misc":{"\u00c9crit par":"Bladna News Staff","Dur\u00e9e de lecture estim\u00e9e":"1 minute"},"schema":{"@context":"https:\/\/schema.org","@graph":[{"@type":"Article","@id":"https:\/\/bladnanews.com\/cristiano-ronaldo-retirement-date-teased-as-saudi-pro-league-plan-support\/#article","isPartOf":{"@id":"https:\/\/bladnanews.com\/cristiano-ronaldo-retirement-date-teased-as-saudi-pro-league-plan-support\/"},"author":{"name":"Bladna News Staff","@id":"https:\/\/mediumseagreen-eel-531711.hostingersite.com\/#\/schema\/person\/268e18a453ab080ebf76df6ef7845083"},"headline":"Cristiano Ronaldo retirement date teased as Saudi Pro League plan support","datePublished":"2026-01-23T07:35:44+00:00","mainEntityOfPage":{"@id":"https:\/\/bladnanews.com\/cristiano-ronaldo-retirement-date-teased-as-saudi-pro-league-plan-support\/"},"wordCount":269,"publisher":{"@id":"https:\/\/mediumseagreen-eel-531711.hostingersite.com\/#organization"},"image":{"@id":"https:\/\/bladnanews.com\/cristiano-ronaldo-retirement-date-teased-as-saudi-pro-league-plan-support\/#primaryimage"},"thumbnailUrl":"https:\/\/bladnanews.com\/wp-content\/uploads\/2026\/01\/BladnaNews-Cristiano-Ronaldo-retirement-date-teased-as-Saudi-Pro-League-plan-support-2026-01-23T131036.696Z.jpg","articleSection":["International","Latest News"],"inLanguage":"fr-FR","copyrightYear":"2026","copyrightHolder":{"@id":"https:\/\/bladnanews.com\/fr\/#organization"}},{"@type":"WebPage","@id":"https:\/\/bladnanews.com\/cristiano-ronaldo-retirement-date-teased-as-saudi-pro-league-plan-support\/","url":"https:\/\/bladnanews.com\/cristiano-ronaldo-retirement-date-teased-as-saudi-pro-league-plan-support\/","name":"Cristiano Ronaldo retirement date teased as Saudi Pro League plan support - Bladna News","isPartOf":{"@id":"https:\/\/mediumseagreen-eel-531711.hostingersite.com\/#website"},"primaryImageOfPage":{"@id":"https:\/\/bladnanews.com\/cristiano-ronaldo-retirement-date-teased-as-saudi-pro-league-plan-support\/#primaryimage"},"image":{"@id":"https:\/\/bladnanews.com\/cristiano-ronaldo-retirement-date-teased-as-saudi-pro-league-plan-support\/#primaryimage"},"thumbnailUrl":"https:\/\/bladnanews.com\/wp-content\/uploads\/2026\/01\/BladnaNews-Cristiano-Ronaldo-retirement-date-teased-as-Saudi-Pro-League-plan-support-2026-01-23T131036.696Z.jpg","datePublished":"2026-01-23T07:35:44+00:00","breadcrumb":{"@id":"https:\/\/bladnanews.com\/cristiano-ronaldo-retirement-date-teased-as-saudi-pro-league-plan-support\/#breadcrumb"},"inLanguage":"fr-FR","potentialAction":[{"@type":"ReadAction","target":["https:\/\/bladnanews.com\/cristiano-ronaldo-retirement-date-teased-as-saudi-pro-league-plan-support\/"]}]},{"@type":"ImageObject","inLanguage":"fr-FR","@id":"https:\/\/bladnanews.com\/cristiano-ronaldo-retirement-date-teased-as-saudi-pro-league-plan-support\/#primaryimage","url":"https:\/\/bladnanews.com\/wp-content\/uploads\/2026\/01\/BladnaNews-Cristiano-Ronaldo-retirement-date-teased-as-Saudi-Pro-League-plan-support-2026-01-23T131036.696Z.jpg","contentUrl":"https:\/\/bladnanews.com\/wp-content\/uploads\/2026\/01\/BladnaNews-Cristiano-Ronaldo-retirement-date-teased-as-Saudi-Pro-League-plan-support-2026-01-23T131036.696Z.jpg","width":1920,"height":1080,"caption":"Cristiano Ronaldo smiles in a vibrant yellow Al Nassr kit, showcasing his captain's armband, during a match in the Saudi Pro League."},{"@type":"BreadcrumbList","@id":"https:\/\/bladnanews.com\/cristiano-ronaldo-retirement-date-teased-as-saudi-pro-league-plan-support\/#breadcrumb","itemListElement":[{"@type":"ListItem","position":1,"name":"Home","item":"https:\/\/bladnanews.com\/"},{"@type":"ListItem","position":2,"name":"Cristiano Ronaldo retirement date teased as Saudi Pro League plan support"}]},{"@type":"WebSite","@id":"https:\/\/mediumseagreen-eel-531711.hostingersite.com\/#website","url":"https:\/\/mediumseagreen-eel-531711.hostingersite.com\/","name":"Bladna News - Maroc","description":"Quand le football marocain rencontre le monde","publisher":{"@id":"https:\/\/mediumseagreen-eel-531711.hostingersite.com\/#organization"},"potentialAction":[{"@type":"SearchAction","target":{"@type":"EntryPoint","urlTemplate":"https:\/\/mediumseagreen-eel-531711.hostingersite.com\/?s={search_term_string}"},"query-input":{"@type":"PropertyValueSpecification","valueRequired":true,"valueName":"search_term_string"}}],"inLanguage":"fr-FR"},{"@type":"Organization","@id":"https:\/\/mediumseagreen-eel-531711.hostingersite.com\/#organization","name":"Bladna News.com","url":"https:\/\/mediumseagreen-eel-531711.hostingersite.com\/","logo":{"@type":"ImageObject","inLanguage":"fr-FR","@id":"https:\/\/mediumseagreen-eel-531711.hostingersite.com\/#\/schema\/logo\/image\/","url":"https:\/\/bladnanews.com\/wp-content\/uploads\/2025\/12\/logo-bladnanews-V2-web-black-red.png","contentUrl":"https:\/\/bladnanews.com\/wp-content\/uploads\/2025\/12\/logo-bladnanews-V2-web-black-red.png","width":703,"height":287,"caption":"Bladna News.com"},"image":{"@id":"https:\/\/mediumseagreen-eel-531711.hostingersite.com\/#\/schema\/logo\/image\/"},"email":"info@bladnanews.com","legalName":"Bladna News"},{"@type":"Person","@id":"https:\/\/mediumseagreen-eel-531711.hostingersite.com\/#\/schema\/person\/268e18a453ab080ebf76df6ef7845083","name":"\u00c9quipe r\u00e9dactionnelle de Bladna News","url":"https:\/\/bladnanews.com\/fr\/author\/bladna-news-staff\/"}]}},"_links":{"self":[{"href":"https:\/\/bladnanews.com\/fr\/wp-json\/wp\/v2\/posts\/7443","targetHints":{"allow":["GET"]}}],"collection":[{"href":"https:\/\/bladnanews.com\/fr\/wp-json\/wp\/v2\/posts"}],"about":[{"href":"https:\/\/bladnanews.com\/fr\/wp-json\/wp\/v2\/types\/post"}],"author":[{"embeddable":true,"href":"https:\/\/bladnanews.com\/fr\/wp-json\/wp\/v2\/users\/3"}],"replies":[{"embeddable":true,"href":"https:\/\/bladnanews.com\/fr\/wp-json\/wp\/v2\/comments?post=7443"}],"version-history":[{"count":0,"href":"https:\/\/bladnanews.com\/fr\/wp-json\/wp\/v2\/posts\/7443\/revisions"}],"wp:featuredmedia":[{"embeddable":true,"href":"https:\/\/bladnanews.com\/fr\/wp-json\/wp\/v2\/media\/7442"}],"wp:attachment":[{"href":"https:\/\/bladnanews.com\/fr\/wp-json\/wp\/v2\/media?parent=7443"}],"wp:term":[{"taxonomy":"category","embeddable":true,"href":"https:\/\/bladnanews.com\/fr\/wp-json\/wp\/v2\/categories?post=7443"},{"taxonomy":"post_tag","embeddable":true,"href":"https:\/\/bladnanews.com\/fr\/wp-json\/wp\/v2\/tags?post=7443"}],"curies":[{"name":"wp","href":"https:\/\/api.w.org\/{rel}","templated":true}]}}