{"id":7445,"date":"2026-01-23T08:00:00","date_gmt":"2026-01-23T08:00:00","guid":{"rendered":"https:\/\/bladnanews.com\/how-much-blame-does-richard-hughes-share-for-liverpool-season\/"},"modified":"2026-01-23T08:00:00","modified_gmt":"2026-01-23T08:00:00","slug":"quelle-part-de-responsabilite-richard-hughes-partage-t-il-pour-la-saison-de-liverpool","status":"publish","type":"post","link":"https:\/\/bladnanews.com\/fr\/quelle-part-de-responsabilite-richard-hughes-partage-t-il-pour-la-saison-de-liverpool\/","title":{"rendered":"Quelle part de responsabilit\u00e9 Richard Hughes partage-t-il pour la saison de Liverpool ?"},"content":{"rendered":"<p>La saison de Liverpool a laiss\u00e9 les supporters avec des questions inconfortables, et l'une des plus importantes est de savoir quelle part de responsabilit\u00e9 incombe au directeur sportif Richard Hughes.<\/p>\n<p>Hughes est arriv\u00e9 avec une solide r\u00e9putation et un mandat clair, mais la campagne de Liverpool a d\u00e9riv\u00e9 vers une saison marqu\u00e9e par l'inconstance, la frustration et un sentiment d'opportunit\u00e9s manqu\u00e9es. Si le directeur sportif n'est pas l'homme sur la touche, son r\u00f4le est central dans la construction de l'effectif et dans la r\u00e9ponse du club lorsque les probl\u00e8mes commencent \u00e0 appara\u00eetre.<\/p>\n<p>Le recrutement, la planification et l'\u00e9quilibre de l'effectif sont au c\u0153ur des missions d'un directeur sportif. Les probl\u00e8mes de Liverpool ont \u00e9t\u00e9 expos\u00e9s tout au long de la saison, avec des secteurs cl\u00e9s manquant de profondeur et certains postes d\u00e9pourvus de couverture fiable. Face aux blessures et aux baisses de forme, la marge d'erreur s'est r\u00e9duite, et l'\u00e9quipe a eu du mal \u00e0 maintenir les standards attendus d'une formation \u00e9voluant au plus haut niveau du football anglais et europ\u00e9en.<\/p>\n<p>Dans le m\u00eame temps, il serait injuste de tout imputer \u00e0 Hughes seul. Les niveaux de performance sur le terrain et les d\u00e9cisions prises de semaine en semaine ne rel\u00e8vent pas directement de sa responsabilit\u00e9, et il existe des limites \u00e0 la rapidit\u00e9 avec laquelle un dirigeant peut remodeler un effectif, surtout lorsque des contraintes financi\u00e8res et sportives entrent en jeu.<\/p>\n<p>N\u00e9anmoins, ce m\u00e9tier est ax\u00e9 sur les r\u00e9sultats, et Liverpool n'a pas atteint ses propres objectifs. Cela am\u00e8ne in\u00e9vitablement \u00e0 scruter autant les artisans du plan \u00e0 long terme que ceux charg\u00e9s de l'ex\u00e9cuter le jour du match. Alors que la saison de Liverpool est d\u00e9sormais largement per\u00e7ue comme une d\u00e9ception, la premi\u00e8re ann\u00e9e de Hughes \u00e0 ce poste est jug\u00e9e \u00e0 travers ce prisme, et la pression ne fera que cro\u00eetre \u00e0 l'approche du prochain mercato et de la prochaine phase de reconstruction du club.<\/p>","protected":false},"excerpt":{"rendered":"<p>Liverpool\u2019s season has left supporters asking uncomfortable questions, and one of the biggest is how much responsibility should sit with [&hellip;]<\/p>\n","protected":false},"author":3,"featured_media":7444,"comment_status":"","ping_status":"open","sticky":false,"template":"","format":"standard","meta":{"googlesitekit_rrm_CAow_uzEDA:productID":"","site-sidebar-layout":"default","site-content-layout":"","ast-site-content-layout":"default","site-content-style":"default","site-sidebar-style":"default","ast-global-header-display":"","ast-banner-title-visibility":"","ast-main-header-display":"","ast-hfb-above-header-display":"","ast-hfb-below-header-display":"","ast-hfb-mobile-header-display":"","site-post-title":"","ast-breadcrumbs-content":"","ast-featured-img":"","footer-sml-layout":"","ast-disable-related-posts":"","theme-transparent-header-meta":"","adv-header-id-meta":"","stick-header-meta":"","header-above-stick-meta":"","header-main-stick-meta":"","header-below-stick-meta":"","astra-migrate-meta-layouts":"default","ast-page-background-enabled":"default","ast-page-background-meta":{"desktop":{"background-color":"var(--ast-global-color-5)","background-image":"","background-repeat":"repeat","background-position":"center center","background-size":"auto","background-attachment":"scroll","background-type":"","background-media":"","overlay-type":"","overlay-color":"","overlay-opacity":"","overlay-gradient":""},"tablet":{"background-color":"","background-image":"","background-repeat":"repeat","background-position":"center center","background-size":"auto","background-attachment":"scroll","background-type":"","background-media":"","overlay-type":"","overlay-color":"","overlay-opacity":"","overlay-gradient":""},"mobile":{"background-color":"","background-image":"","background-repeat":"repeat","background-position":"center center","background-size":"auto","background-attachment":"scroll","background-type":"","background-media":"","overlay-type":"","overlay-color":"","overlay-opacity":"","overlay-gradient":""}},"ast-content-background-meta":{"desktop":{"background-color":"var(--ast-global-color-4)","background-image":"","background-repeat":"repeat","background-position":"center center","background-size":"auto","background-attachment":"scroll","background-type":"","background-media":"","overlay-type":"","overlay-color":"","overlay-opacity":"","overlay-gradient":""},"tablet":{"background-color":"var(--ast-global-color-4)","background-image":"","background-repeat":"repeat","background-position":"center center","background-size":"auto","background-attachment":"scroll","background-type":"","background-media":"","overlay-type":"","overlay-color":"","overlay-opacity":"","overlay-gradient":""},"mobile":{"background-color":"var(--ast-global-color-4)","background-image":"","background-repeat":"repeat","background-position":"center center","background-size":"auto","background-attachment":"scroll","background-type":"","background-media":"","overlay-type":"","overlay-color":"","overlay-opacity":"","overlay-gradient":""}},"footnotes":""},"categories":[20,1],"tags":[],"class_list":["post-7445","post","type-post","status-publish","format-standard","has-post-thumbnail","hentry","category-international","category-football-latest-news"],"yoast_head":"<!-- This site is optimized with the Yoast SEO Premium plugin v26.6 (Yoast SEO v27.4) - https:\/\/yoast.com\/product\/yoast-seo-premium-wordpress\/ -->\n<title>How much blame does Richard Hughes share for Liverpool season - Bladna News<\/title>\n<meta name=\"robots\" content=\"index, follow, max-snippet:-1, max-image-preview:large, max-video-preview:-1\" \/>\n<link rel=\"canonical\" href=\"https:\/\/bladnanews.com\/fr\/quelle-part-de-responsabilite-richard-hughes-partage-t-il-pour-la-saison-de-liverpool\/\" \/>\n<meta property=\"og:locale\" content=\"fr_FR\" \/>\n<meta property=\"og:type\" content=\"article\" \/>\n<meta property=\"og:title\" content=\"How much blame does Richard Hughes share for Liverpool season\" \/>\n<meta property=\"og:description\" content=\"Liverpool\u2019s season has left supporters asking uncomfortable questions, and one of the biggest is how much responsibility should sit with [&hellip;]\" \/>\n<meta property=\"og:url\" content=\"https:\/\/bladnanews.com\/fr\/quelle-part-de-responsabilite-richard-hughes-partage-t-il-pour-la-saison-de-liverpool\/\" \/>\n<meta property=\"og:site_name\" content=\"Bladna News\" \/>\n<meta property=\"article:published_time\" content=\"2026-01-23T08:00:00+00:00\" \/>\n<meta property=\"og:image\" content=\"https:\/\/bladnanews.com\/wp-content\/uploads\/2025\/12\/freepik__bladna-newscom-moroccan-soccer-homepage-banner-mor__41838.png\" \/>\n\t<meta property=\"og:image:width\" content=\"1312\" \/>\n\t<meta property=\"og:image:height\" content=\"736\" \/>\n\t<meta property=\"og:image:type\" content=\"image\/png\" \/>\n<meta name=\"author\" content=\"Bladna News Staff\" \/>\n<meta name=\"twitter:card\" content=\"summary_large_image\" \/>\n<meta name=\"twitter:label1\" content=\"\u00c9crit par\" \/>\n\t<meta name=\"twitter:data1\" content=\"Bladna News Staff\" \/>\n\t<meta name=\"twitter:label2\" content=\"Dur\u00e9e de lecture estim\u00e9e\" \/>\n\t<meta name=\"twitter:data2\" content=\"1 minute\" \/>\n<script type=\"application\/ld+json\" class=\"yoast-schema-graph\">{\"@context\":\"https:\\\/\\\/schema.org\",\"@graph\":[{\"@type\":\"Article\",\"@id\":\"https:\\\/\\\/bladnanews.com\\\/how-much-blame-does-richard-hughes-share-for-liverpool-season\\\/#article\",\"isPartOf\":{\"@id\":\"https:\\\/\\\/bladnanews.com\\\/how-much-blame-does-richard-hughes-share-for-liverpool-season\\\/\"},\"author\":{\"name\":\"Bladna News Staff\",\"@id\":\"https:\\\/\\\/mediumseagreen-eel-531711.hostingersite.com\\\/#\\\/schema\\\/person\\\/268e18a453ab080ebf76df6ef7845083\"},\"headline\":\"How much blame does Richard Hughes share for Liverpool season\",\"datePublished\":\"2026-01-23T08:00:00+00:00\",\"mainEntityOfPage\":{\"@id\":\"https:\\\/\\\/bladnanews.com\\\/how-much-blame-does-richard-hughes-share-for-liverpool-season\\\/\"},\"wordCount\":293,\"publisher\":{\"@id\":\"https:\\\/\\\/mediumseagreen-eel-531711.hostingersite.com\\\/#organization\"},\"image\":{\"@id\":\"https:\\\/\\\/bladnanews.com\\\/how-much-blame-does-richard-hughes-share-for-liverpool-season\\\/#primaryimage\"},\"thumbnailUrl\":\"https:\\\/\\\/bladnanews.com\\\/wp-content\\\/uploads\\\/2026\\\/01\\\/BladnaNews-How-much-blame-does-Richard-Hughes-share-for-Liverpool-season-2026-01-23T131102.826Z.jpg\",\"articleSection\":[\"International\",\"Latest News\"],\"inLanguage\":\"fr-FR\",\"copyrightYear\":\"2026\",\"copyrightHolder\":{\"@id\":\"https:\\\/\\\/bladnanews.com\\\/fr\\\/#organization\"}},{\"@type\":\"WebPage\",\"@id\":\"https:\\\/\\\/bladnanews.com\\\/how-much-blame-does-richard-hughes-share-for-liverpool-season\\\/\",\"url\":\"https:\\\/\\\/bladnanews.com\\\/how-much-blame-does-richard-hughes-share-for-liverpool-season\\\/\",\"name\":\"How much blame does Richard Hughes share for Liverpool season - Bladna News\",\"isPartOf\":{\"@id\":\"https:\\\/\\\/mediumseagreen-eel-531711.hostingersite.com\\\/#website\"},\"primaryImageOfPage\":{\"@id\":\"https:\\\/\\\/bladnanews.com\\\/how-much-blame-does-richard-hughes-share-for-liverpool-season\\\/#primaryimage\"},\"image\":{\"@id\":\"https:\\\/\\\/bladnanews.com\\\/how-much-blame-does-richard-hughes-share-for-liverpool-season\\\/#primaryimage\"},\"thumbnailUrl\":\"https:\\\/\\\/bladnanews.com\\\/wp-content\\\/uploads\\\/2026\\\/01\\\/BladnaNews-How-much-blame-does-Richard-Hughes-share-for-Liverpool-season-2026-01-23T131102.826Z.jpg\",\"datePublished\":\"2026-01-23T08:00:00+00:00\",\"breadcrumb\":{\"@id\":\"https:\\\/\\\/bladnanews.com\\\/how-much-blame-does-richard-hughes-share-for-liverpool-season\\\/#breadcrumb\"},\"inLanguage\":\"fr-FR\",\"potentialAction\":[{\"@type\":\"ReadAction\",\"target\":[\"https:\\\/\\\/bladnanews.com\\\/how-much-blame-does-richard-hughes-share-for-liverpool-season\\\/\"]}]},{\"@type\":\"ImageObject\",\"inLanguage\":\"fr-FR\",\"@id\":\"https:\\\/\\\/bladnanews.com\\\/how-much-blame-does-richard-hughes-share-for-liverpool-season\\\/#primaryimage\",\"url\":\"https:\\\/\\\/bladnanews.com\\\/wp-content\\\/uploads\\\/2026\\\/01\\\/BladnaNews-How-much-blame-does-Richard-Hughes-share-for-Liverpool-season-2026-01-23T131102.826Z.jpg\",\"contentUrl\":\"https:\\\/\\\/bladnanews.com\\\/wp-content\\\/uploads\\\/2026\\\/01\\\/BladnaNews-How-much-blame-does-Richard-Hughes-share-for-Liverpool-season-2026-01-23T131102.826Z.jpg\",\"width\":1920,\"height\":1080,\"caption\":\"Richard Hughes, Virgil van Dijk, and another Liverpool player observe amidst a vibrant red background, capturing the tension of the season.\"},{\"@type\":\"BreadcrumbList\",\"@id\":\"https:\\\/\\\/bladnanews.com\\\/how-much-blame-does-richard-hughes-share-for-liverpool-season\\\/#breadcrumb\",\"itemListElement\":[{\"@type\":\"ListItem\",\"position\":1,\"name\":\"Home\",\"item\":\"https:\\\/\\\/bladnanews.com\\\/\"},{\"@type\":\"ListItem\",\"position\":2,\"name\":\"How much blame does Richard Hughes share for Liverpool season\"}]},{\"@type\":\"WebSite\",\"@id\":\"https:\\\/\\\/mediumseagreen-eel-531711.hostingersite.com\\\/#website\",\"url\":\"https:\\\/\\\/mediumseagreen-eel-531711.hostingersite.com\\\/\",\"name\":\"Bladna News - Morocco\",\"description\":\"Where Moroccan Football Meets the World\",\"publisher\":{\"@id\":\"https:\\\/\\\/mediumseagreen-eel-531711.hostingersite.com\\\/#organization\"},\"potentialAction\":[{\"@type\":\"SearchAction\",\"target\":{\"@type\":\"EntryPoint\",\"urlTemplate\":\"https:\\\/\\\/mediumseagreen-eel-531711.hostingersite.com\\\/?s={search_term_string}\"},\"query-input\":{\"@type\":\"PropertyValueSpecification\",\"valueRequired\":true,\"valueName\":\"search_term_string\"}}],\"inLanguage\":\"fr-FR\"},{\"@type\":\"Organization\",\"@id\":\"https:\\\/\\\/mediumseagreen-eel-531711.hostingersite.com\\\/#organization\",\"name\":\"Bladna News.com\",\"url\":\"https:\\\/\\\/mediumseagreen-eel-531711.hostingersite.com\\\/\",\"logo\":{\"@type\":\"ImageObject\",\"inLanguage\":\"fr-FR\",\"@id\":\"https:\\\/\\\/mediumseagreen-eel-531711.hostingersite.com\\\/#\\\/schema\\\/logo\\\/image\\\/\",\"url\":\"https:\\\/\\\/bladnanews.com\\\/wp-content\\\/uploads\\\/2025\\\/12\\\/logo-bladnanews-V2-web-black-red.png\",\"contentUrl\":\"https:\\\/\\\/bladnanews.com\\\/wp-content\\\/uploads\\\/2025\\\/12\\\/logo-bladnanews-V2-web-black-red.png\",\"width\":703,\"height\":287,\"caption\":\"Bladna News.com\"},\"image\":{\"@id\":\"https:\\\/\\\/mediumseagreen-eel-531711.hostingersite.com\\\/#\\\/schema\\\/logo\\\/image\\\/\"},\"email\":\"info@bladnanews.com\",\"legalName\":\"Bladna News\"},{\"@type\":\"Person\",\"@id\":\"https:\\\/\\\/mediumseagreen-eel-531711.hostingersite.com\\\/#\\\/schema\\\/person\\\/268e18a453ab080ebf76df6ef7845083\",\"name\":\"Bladna News Staff\",\"url\":\"https:\\\/\\\/bladnanews.com\\\/fr\\\/author\\\/bladna-news-staff\\\/\"}]}<\/script>\n<!-- \/ Yoast SEO Premium plugin. -->","yoast_head_json":{"title":"Quelle part de responsabilit\u00e9 Richard Hughes partage-t-il dans la saison de Liverpool - Bladna News","robots":{"index":"index","follow":"follow","max-snippet":"max-snippet:-1","max-image-preview":"max-image-preview:large","max-video-preview":"max-video-preview:-1"},"canonical":"https:\/\/bladnanews.com\/fr\/quelle-part-de-responsabilite-richard-hughes-partage-t-il-pour-la-saison-de-liverpool\/","og_locale":"fr_FR","og_type":"article","og_title":"How much blame does Richard Hughes share for Liverpool season","og_description":"Liverpool\u2019s season has left supporters asking uncomfortable questions, and one of the biggest is how much responsibility should sit with [&hellip;]","og_url":"https:\/\/bladnanews.com\/fr\/quelle-part-de-responsabilite-richard-hughes-partage-t-il-pour-la-saison-de-liverpool\/","og_site_name":"Bladna News","article_published_time":"2026-01-23T08:00:00+00:00","og_image":[{"width":1312,"height":736,"url":"https:\/\/bladnanews.com\/wp-content\/uploads\/2025\/12\/freepik__bladna-newscom-moroccan-soccer-homepage-banner-mor__41838.png","type":"image\/png"}],"author":"Bladna News Staff","twitter_card":"summary_large_image","twitter_misc":{"\u00c9crit par":"Bladna News Staff","Dur\u00e9e de lecture estim\u00e9e":"1 minute"},"schema":{"@context":"https:\/\/schema.org","@graph":[{"@type":"Article","@id":"https:\/\/bladnanews.com\/how-much-blame-does-richard-hughes-share-for-liverpool-season\/#article","isPartOf":{"@id":"https:\/\/bladnanews.com\/how-much-blame-does-richard-hughes-share-for-liverpool-season\/"},"author":{"name":"Bladna News Staff","@id":"https:\/\/mediumseagreen-eel-531711.hostingersite.com\/#\/schema\/person\/268e18a453ab080ebf76df6ef7845083"},"headline":"How much blame does Richard Hughes share for Liverpool season","datePublished":"2026-01-23T08:00:00+00:00","mainEntityOfPage":{"@id":"https:\/\/bladnanews.com\/how-much-blame-does-richard-hughes-share-for-liverpool-season\/"},"wordCount":293,"publisher":{"@id":"https:\/\/mediumseagreen-eel-531711.hostingersite.com\/#organization"},"image":{"@id":"https:\/\/bladnanews.com\/how-much-blame-does-richard-hughes-share-for-liverpool-season\/#primaryimage"},"thumbnailUrl":"https:\/\/bladnanews.com\/wp-content\/uploads\/2026\/01\/BladnaNews-How-much-blame-does-Richard-Hughes-share-for-Liverpool-season-2026-01-23T131102.826Z.jpg","articleSection":["International","Latest News"],"inLanguage":"fr-FR","copyrightYear":"2026","copyrightHolder":{"@id":"https:\/\/bladnanews.com\/fr\/#organization"}},{"@type":"WebPage","@id":"https:\/\/bladnanews.com\/how-much-blame-does-richard-hughes-share-for-liverpool-season\/","url":"https:\/\/bladnanews.com\/how-much-blame-does-richard-hughes-share-for-liverpool-season\/","name":"Quelle part de responsabilit\u00e9 Richard Hughes partage-t-il dans la saison de Liverpool - Bladna News","isPartOf":{"@id":"https:\/\/mediumseagreen-eel-531711.hostingersite.com\/#website"},"primaryImageOfPage":{"@id":"https:\/\/bladnanews.com\/how-much-blame-does-richard-hughes-share-for-liverpool-season\/#primaryimage"},"image":{"@id":"https:\/\/bladnanews.com\/how-much-blame-does-richard-hughes-share-for-liverpool-season\/#primaryimage"},"thumbnailUrl":"https:\/\/bladnanews.com\/wp-content\/uploads\/2026\/01\/BladnaNews-How-much-blame-does-Richard-Hughes-share-for-Liverpool-season-2026-01-23T131102.826Z.jpg","datePublished":"2026-01-23T08:00:00+00:00","breadcrumb":{"@id":"https:\/\/bladnanews.com\/how-much-blame-does-richard-hughes-share-for-liverpool-season\/#breadcrumb"},"inLanguage":"fr-FR","potentialAction":[{"@type":"ReadAction","target":["https:\/\/bladnanews.com\/how-much-blame-does-richard-hughes-share-for-liverpool-season\/"]}]},{"@type":"ImageObject","inLanguage":"fr-FR","@id":"https:\/\/bladnanews.com\/how-much-blame-does-richard-hughes-share-for-liverpool-season\/#primaryimage","url":"https:\/\/bladnanews.com\/wp-content\/uploads\/2026\/01\/BladnaNews-How-much-blame-does-Richard-Hughes-share-for-Liverpool-season-2026-01-23T131102.826Z.jpg","contentUrl":"https:\/\/bladnanews.com\/wp-content\/uploads\/2026\/01\/BladnaNews-How-much-blame-does-Richard-Hughes-share-for-Liverpool-season-2026-01-23T131102.826Z.jpg","width":1920,"height":1080,"caption":"Richard Hughes, Virgil van Dijk, and another Liverpool player observe amidst a vibrant red background, capturing the tension of the season."},{"@type":"BreadcrumbList","@id":"https:\/\/bladnanews.com\/how-much-blame-does-richard-hughes-share-for-liverpool-season\/#breadcrumb","itemListElement":[{"@type":"ListItem","position":1,"name":"Home","item":"https:\/\/bladnanews.com\/"},{"@type":"ListItem","position":2,"name":"How much blame does Richard Hughes share for Liverpool season"}]},{"@type":"WebSite","@id":"https:\/\/mediumseagreen-eel-531711.hostingersite.com\/#website","url":"https:\/\/mediumseagreen-eel-531711.hostingersite.com\/","name":"Bladna News - Maroc","description":"Quand le football marocain rencontre le monde","publisher":{"@id":"https:\/\/mediumseagreen-eel-531711.hostingersite.com\/#organization"},"potentialAction":[{"@type":"SearchAction","target":{"@type":"EntryPoint","urlTemplate":"https:\/\/mediumseagreen-eel-531711.hostingersite.com\/?s={search_term_string}"},"query-input":{"@type":"PropertyValueSpecification","valueRequired":true,"valueName":"search_term_string"}}],"inLanguage":"fr-FR"},{"@type":"Organization","@id":"https:\/\/mediumseagreen-eel-531711.hostingersite.com\/#organization","name":"Bladna News.com","url":"https:\/\/mediumseagreen-eel-531711.hostingersite.com\/","logo":{"@type":"ImageObject","inLanguage":"fr-FR","@id":"https:\/\/mediumseagreen-eel-531711.hostingersite.com\/#\/schema\/logo\/image\/","url":"https:\/\/bladnanews.com\/wp-content\/uploads\/2025\/12\/logo-bladnanews-V2-web-black-red.png","contentUrl":"https:\/\/bladnanews.com\/wp-content\/uploads\/2025\/12\/logo-bladnanews-V2-web-black-red.png","width":703,"height":287,"caption":"Bladna News.com"},"image":{"@id":"https:\/\/mediumseagreen-eel-531711.hostingersite.com\/#\/schema\/logo\/image\/"},"email":"info@bladnanews.com","legalName":"Bladna News"},{"@type":"Person","@id":"https:\/\/mediumseagreen-eel-531711.hostingersite.com\/#\/schema\/person\/268e18a453ab080ebf76df6ef7845083","name":"\u00c9quipe r\u00e9dactionnelle de Bladna News","url":"https:\/\/bladnanews.com\/fr\/author\/bladna-news-staff\/"}]}},"_links":{"self":[{"href":"https:\/\/bladnanews.com\/fr\/wp-json\/wp\/v2\/posts\/7445","targetHints":{"allow":["GET"]}}],"collection":[{"href":"https:\/\/bladnanews.com\/fr\/wp-json\/wp\/v2\/posts"}],"about":[{"href":"https:\/\/bladnanews.com\/fr\/wp-json\/wp\/v2\/types\/post"}],"author":[{"embeddable":true,"href":"https:\/\/bladnanews.com\/fr\/wp-json\/wp\/v2\/users\/3"}],"replies":[{"embeddable":true,"href":"https:\/\/bladnanews.com\/fr\/wp-json\/wp\/v2\/comments?post=7445"}],"version-history":[{"count":0,"href":"https:\/\/bladnanews.com\/fr\/wp-json\/wp\/v2\/posts\/7445\/revisions"}],"wp:featuredmedia":[{"embeddable":true,"href":"https:\/\/bladnanews.com\/fr\/wp-json\/wp\/v2\/media\/7444"}],"wp:attachment":[{"href":"https:\/\/bladnanews.com\/fr\/wp-json\/wp\/v2\/media?parent=7445"}],"wp:term":[{"taxonomy":"category","embeddable":true,"href":"https:\/\/bladnanews.com\/fr\/wp-json\/wp\/v2\/categories?post=7445"},{"taxonomy":"post_tag","embeddable":true,"href":"https:\/\/bladnanews.com\/fr\/wp-json\/wp\/v2\/tags?post=7445"}],"curies":[{"name":"wp","href":"https:\/\/api.w.org\/{rel}","templated":true}]}}