{"id":7463,"date":"2026-01-23T11:06:21","date_gmt":"2026-01-23T11:06:21","guid":{"rendered":"https:\/\/bladnanews.com\/jadon-sancho-praises-emery-after-first-goal-aims-at-man-utd\/"},"modified":"2026-01-23T11:06:21","modified_gmt":"2026-01-23T11:06:21","slug":"jadon-sancho-fait-leloge-demery-apres-son-premier-but-visant-manchester-united","status":"publish","type":"post","link":"https:\/\/bladnanews.com\/fr\/jadon-sancho-fait-leloge-demery-apres-son-premier-but-visant-manchester-united\/","title":{"rendered":"Jadon Sancho loue Emery apr\u00e8s son premier but, vise Manchester United."},"content":{"rendered":"<p>Jadon Sancho a fait l'\u00e9loge d'Unai Emery apr\u00e8s avoir inscrit son premier but de la saison, tout en adressant une critique \u00e9vidente aux entra\u00eeneurs de Manchester United sous lesquels il a travaill\u00e9.<\/p>\n<p>L'ailier, actuellement pr\u00eat\u00e9 \u00e0 Aston Villa, a trouv\u00e9 le chemin des filets pour ouvrir son compteur cette campagne, puis s'est exprim\u00e9 chaleureusement sur l'influence d'Emery. Sancho a laiss\u00e9 entendre qu'il appr\u00e9cie la mani\u00e8re dont il est g\u00e9r\u00e9 et la confiance qui lui est accord\u00e9e, soulignant clairement qu'il se sent mieux sous la direction du coach de Villa.<\/p>\n<p>Les propos de Sancho contenaient \u00e9galement une pointe dirig\u00e9e vers Old Trafford, alors qu'il \u00e9voquait son passage \u00e0 United et les exp\u00e9riences diff\u00e9rentes qu'il y a v\u00e9cues. Sans citer directement de noms, il a indiqu\u00e9 que tous les entra\u00eeneurs ne l'ont pas trait\u00e9 de la m\u00eame mani\u00e8re, \u00e9tablissant un contraste manifeste avec Emery.<\/p>\n<p>Il s'agit du dernier \u00e9pisode d'une p\u00e9riode difficile pour Sancho \u00e0 Manchester United, o\u00f9 il a \u00e9t\u00e9 \u00e9loign\u00e9 du groupe professionnel et cherchait un nouveau d\u00e9part. Son pr\u00eat lui a offert une chance de se relancer, et l'ouverture de son compteur but cette saison a renforc\u00e9 cette dynamique.<\/p>\n<p>Apr\u00e8s son but, l'admiration de Sancho pour Emery \u00e9tait \u00e9vidente lorsqu'il a parl\u00e9 de l'approche de l'entra\u00eeneur et de la mani\u00e8re dont elle l'a aid\u00e9. Le coach d'Aston Villa, a-t-il sugg\u00e9r\u00e9, a cr\u00e9\u00e9 un environnement qui lui convient et lui permet de jouer avec libert\u00e9.<\/p>\n<p>Sancho esp\u00e8re d\u00e9sormais que ce premier but de la saison servira de tremplin, tant pour sa propre forme que pour les ambitions de Villa, alors qu'il cherche \u00e0 conserver sa place et \u00e0 gagner en r\u00e9gularit\u00e9 sous la direction d'Emery.<\/p>","protected":false},"excerpt":{"rendered":"<p>Jadon Sancho has praised Unai Emery after scoring his first goal of the season, while also taking a clear swipe [&hellip;]<\/p>\n","protected":false},"author":3,"featured_media":7462,"comment_status":"","ping_status":"open","sticky":false,"template":"","format":"standard","meta":{"googlesitekit_rrm_CAow_uzEDA:productID":"","site-sidebar-layout":"default","site-content-layout":"","ast-site-content-layout":"default","site-content-style":"default","site-sidebar-style":"default","ast-global-header-display":"","ast-banner-title-visibility":"","ast-main-header-display":"","ast-hfb-above-header-display":"","ast-hfb-below-header-display":"","ast-hfb-mobile-header-display":"","site-post-title":"","ast-breadcrumbs-content":"","ast-featured-img":"","footer-sml-layout":"","ast-disable-related-posts":"","theme-transparent-header-meta":"","adv-header-id-meta":"","stick-header-meta":"","header-above-stick-meta":"","header-main-stick-meta":"","header-below-stick-meta":"","astra-migrate-meta-layouts":"default","ast-page-background-enabled":"default","ast-page-background-meta":{"desktop":{"background-color":"var(--ast-global-color-5)","background-image":"","background-repeat":"repeat","background-position":"center center","background-size":"auto","background-attachment":"scroll","background-type":"","background-media":"","overlay-type":"","overlay-color":"","overlay-opacity":"","overlay-gradient":""},"tablet":{"background-color":"","background-image":"","background-repeat":"repeat","background-position":"center center","background-size":"auto","background-attachment":"scroll","background-type":"","background-media":"","overlay-type":"","overlay-color":"","overlay-opacity":"","overlay-gradient":""},"mobile":{"background-color":"","background-image":"","background-repeat":"repeat","background-position":"center center","background-size":"auto","background-attachment":"scroll","background-type":"","background-media":"","overlay-type":"","overlay-color":"","overlay-opacity":"","overlay-gradient":""}},"ast-content-background-meta":{"desktop":{"background-color":"var(--ast-global-color-4)","background-image":"","background-repeat":"repeat","background-position":"center center","background-size":"auto","background-attachment":"scroll","background-type":"","background-media":"","overlay-type":"","overlay-color":"","overlay-opacity":"","overlay-gradient":""},"tablet":{"background-color":"var(--ast-global-color-4)","background-image":"","background-repeat":"repeat","background-position":"center center","background-size":"auto","background-attachment":"scroll","background-type":"","background-media":"","overlay-type":"","overlay-color":"","overlay-opacity":"","overlay-gradient":""},"mobile":{"background-color":"var(--ast-global-color-4)","background-image":"","background-repeat":"repeat","background-position":"center center","background-size":"auto","background-attachment":"scroll","background-type":"","background-media":"","overlay-type":"","overlay-color":"","overlay-opacity":"","overlay-gradient":""}},"footnotes":""},"categories":[20,1],"tags":[],"class_list":["post-7463","post","type-post","status-publish","format-standard","has-post-thumbnail","hentry","category-international","category-football-latest-news"],"yoast_head":"<!-- This site is optimized with the Yoast SEO Premium plugin v26.6 (Yoast SEO v27.4) - https:\/\/yoast.com\/product\/yoast-seo-premium-wordpress\/ -->\n<title>Jadon Sancho praises Emery after first goal, aims at Man Utd - Bladna News<\/title>\n<meta name=\"robots\" content=\"index, follow, max-snippet:-1, max-image-preview:large, max-video-preview:-1\" \/>\n<link rel=\"canonical\" href=\"https:\/\/bladnanews.com\/fr\/jadon-sancho-fait-leloge-demery-apres-son-premier-but-visant-manchester-united\/\" \/>\n<meta property=\"og:locale\" content=\"fr_FR\" \/>\n<meta property=\"og:type\" content=\"article\" \/>\n<meta property=\"og:title\" content=\"Jadon Sancho praises Emery after first goal, aims at Man Utd\" \/>\n<meta property=\"og:description\" content=\"Jadon Sancho has praised Unai Emery after scoring his first goal of the season, while also taking a clear swipe [&hellip;]\" \/>\n<meta property=\"og:url\" content=\"https:\/\/bladnanews.com\/fr\/jadon-sancho-fait-leloge-demery-apres-son-premier-but-visant-manchester-united\/\" \/>\n<meta property=\"og:site_name\" content=\"Bladna News\" \/>\n<meta property=\"article:published_time\" content=\"2026-01-23T11:06:21+00:00\" \/>\n<meta property=\"og:image\" content=\"https:\/\/bladnanews.com\/wp-content\/uploads\/2025\/12\/freepik__bladna-newscom-moroccan-soccer-homepage-banner-mor__41838.png\" \/>\n\t<meta property=\"og:image:width\" content=\"1312\" \/>\n\t<meta property=\"og:image:height\" content=\"736\" \/>\n\t<meta property=\"og:image:type\" content=\"image\/png\" \/>\n<meta name=\"author\" content=\"Bladna News Staff\" \/>\n<meta name=\"twitter:card\" content=\"summary_large_image\" \/>\n<meta name=\"twitter:label1\" content=\"\u00c9crit par\" \/>\n\t<meta name=\"twitter:data1\" content=\"Bladna News Staff\" \/>\n\t<meta name=\"twitter:label2\" content=\"Dur\u00e9e de lecture estim\u00e9e\" \/>\n\t<meta name=\"twitter:data2\" content=\"1 minute\" \/>\n<script type=\"application\/ld+json\" class=\"yoast-schema-graph\">{\"@context\":\"https:\\\/\\\/schema.org\",\"@graph\":[{\"@type\":\"Article\",\"@id\":\"https:\\\/\\\/bladnanews.com\\\/jadon-sancho-praises-emery-after-first-goal-aims-at-man-utd\\\/#article\",\"isPartOf\":{\"@id\":\"https:\\\/\\\/bladnanews.com\\\/jadon-sancho-praises-emery-after-first-goal-aims-at-man-utd\\\/\"},\"author\":{\"name\":\"Bladna News Staff\",\"@id\":\"https:\\\/\\\/mediumseagreen-eel-531711.hostingersite.com\\\/#\\\/schema\\\/person\\\/268e18a453ab080ebf76df6ef7845083\"},\"headline\":\"Jadon Sancho praises Emery after first goal, aims at Man Utd\",\"datePublished\":\"2026-01-23T11:06:21+00:00\",\"mainEntityOfPage\":{\"@id\":\"https:\\\/\\\/bladnanews.com\\\/jadon-sancho-praises-emery-after-first-goal-aims-at-man-utd\\\/\"},\"wordCount\":283,\"publisher\":{\"@id\":\"https:\\\/\\\/mediumseagreen-eel-531711.hostingersite.com\\\/#organization\"},\"image\":{\"@id\":\"https:\\\/\\\/bladnanews.com\\\/jadon-sancho-praises-emery-after-first-goal-aims-at-man-utd\\\/#primaryimage\"},\"thumbnailUrl\":\"https:\\\/\\\/bladnanews.com\\\/wp-content\\\/uploads\\\/2026\\\/01\\\/BladnaNews-Jadon-Sancho-praises-Emery-after-first-goal-aims-at-Man-Utd-2026-01-23T171026.194Z.jpg\",\"articleSection\":[\"International\",\"Latest News\"],\"inLanguage\":\"fr-FR\",\"copyrightYear\":\"2026\",\"copyrightHolder\":{\"@id\":\"https:\\\/\\\/bladnanews.com\\\/fr\\\/#organization\"}},{\"@type\":\"WebPage\",\"@id\":\"https:\\\/\\\/bladnanews.com\\\/jadon-sancho-praises-emery-after-first-goal-aims-at-man-utd\\\/\",\"url\":\"https:\\\/\\\/bladnanews.com\\\/jadon-sancho-praises-emery-after-first-goal-aims-at-man-utd\\\/\",\"name\":\"Jadon Sancho praises Emery after first goal, aims at Man Utd - Bladna News\",\"isPartOf\":{\"@id\":\"https:\\\/\\\/mediumseagreen-eel-531711.hostingersite.com\\\/#website\"},\"primaryImageOfPage\":{\"@id\":\"https:\\\/\\\/bladnanews.com\\\/jadon-sancho-praises-emery-after-first-goal-aims-at-man-utd\\\/#primaryimage\"},\"image\":{\"@id\":\"https:\\\/\\\/bladnanews.com\\\/jadon-sancho-praises-emery-after-first-goal-aims-at-man-utd\\\/#primaryimage\"},\"thumbnailUrl\":\"https:\\\/\\\/bladnanews.com\\\/wp-content\\\/uploads\\\/2026\\\/01\\\/BladnaNews-Jadon-Sancho-praises-Emery-after-first-goal-aims-at-Man-Utd-2026-01-23T171026.194Z.jpg\",\"datePublished\":\"2026-01-23T11:06:21+00:00\",\"breadcrumb\":{\"@id\":\"https:\\\/\\\/bladnanews.com\\\/jadon-sancho-praises-emery-after-first-goal-aims-at-man-utd\\\/#breadcrumb\"},\"inLanguage\":\"fr-FR\",\"potentialAction\":[{\"@type\":\"ReadAction\",\"target\":[\"https:\\\/\\\/bladnanews.com\\\/jadon-sancho-praises-emery-after-first-goal-aims-at-man-utd\\\/\"]}]},{\"@type\":\"ImageObject\",\"inLanguage\":\"fr-FR\",\"@id\":\"https:\\\/\\\/bladnanews.com\\\/jadon-sancho-praises-emery-after-first-goal-aims-at-man-utd\\\/#primaryimage\",\"url\":\"https:\\\/\\\/bladnanews.com\\\/wp-content\\\/uploads\\\/2026\\\/01\\\/BladnaNews-Jadon-Sancho-praises-Emery-after-first-goal-aims-at-Man-Utd-2026-01-23T171026.194Z.jpg\",\"contentUrl\":\"https:\\\/\\\/bladnanews.com\\\/wp-content\\\/uploads\\\/2026\\\/01\\\/BladnaNews-Jadon-Sancho-praises-Emery-after-first-goal-aims-at-Man-Utd-2026-01-23T171026.194Z.jpg\",\"width\":1552,\"height\":873,\"caption\":\"Jadon Sancho celebrates scoring for Aston Villa in a European match, wearing a white kit with blue accents, against a lively crowd backdrop.\"},{\"@type\":\"BreadcrumbList\",\"@id\":\"https:\\\/\\\/bladnanews.com\\\/jadon-sancho-praises-emery-after-first-goal-aims-at-man-utd\\\/#breadcrumb\",\"itemListElement\":[{\"@type\":\"ListItem\",\"position\":1,\"name\":\"Home\",\"item\":\"https:\\\/\\\/bladnanews.com\\\/\"},{\"@type\":\"ListItem\",\"position\":2,\"name\":\"Jadon Sancho praises Emery after first goal, aims at Man Utd\"}]},{\"@type\":\"WebSite\",\"@id\":\"https:\\\/\\\/mediumseagreen-eel-531711.hostingersite.com\\\/#website\",\"url\":\"https:\\\/\\\/mediumseagreen-eel-531711.hostingersite.com\\\/\",\"name\":\"Bladna News - Morocco\",\"description\":\"Where Moroccan Football Meets the World\",\"publisher\":{\"@id\":\"https:\\\/\\\/mediumseagreen-eel-531711.hostingersite.com\\\/#organization\"},\"potentialAction\":[{\"@type\":\"SearchAction\",\"target\":{\"@type\":\"EntryPoint\",\"urlTemplate\":\"https:\\\/\\\/mediumseagreen-eel-531711.hostingersite.com\\\/?s={search_term_string}\"},\"query-input\":{\"@type\":\"PropertyValueSpecification\",\"valueRequired\":true,\"valueName\":\"search_term_string\"}}],\"inLanguage\":\"fr-FR\"},{\"@type\":\"Organization\",\"@id\":\"https:\\\/\\\/mediumseagreen-eel-531711.hostingersite.com\\\/#organization\",\"name\":\"Bladna News.com\",\"url\":\"https:\\\/\\\/mediumseagreen-eel-531711.hostingersite.com\\\/\",\"logo\":{\"@type\":\"ImageObject\",\"inLanguage\":\"fr-FR\",\"@id\":\"https:\\\/\\\/mediumseagreen-eel-531711.hostingersite.com\\\/#\\\/schema\\\/logo\\\/image\\\/\",\"url\":\"https:\\\/\\\/bladnanews.com\\\/wp-content\\\/uploads\\\/2025\\\/12\\\/logo-bladnanews-V2-web-black-red.png\",\"contentUrl\":\"https:\\\/\\\/bladnanews.com\\\/wp-content\\\/uploads\\\/2025\\\/12\\\/logo-bladnanews-V2-web-black-red.png\",\"width\":703,\"height\":287,\"caption\":\"Bladna News.com\"},\"image\":{\"@id\":\"https:\\\/\\\/mediumseagreen-eel-531711.hostingersite.com\\\/#\\\/schema\\\/logo\\\/image\\\/\"},\"email\":\"info@bladnanews.com\",\"legalName\":\"Bladna News\"},{\"@type\":\"Person\",\"@id\":\"https:\\\/\\\/mediumseagreen-eel-531711.hostingersite.com\\\/#\\\/schema\\\/person\\\/268e18a453ab080ebf76df6ef7845083\",\"name\":\"Bladna News Staff\",\"url\":\"https:\\\/\\\/bladnanews.com\\\/fr\\\/author\\\/bladna-news-staff\\\/\"}]}<\/script>\n<!-- \/ Yoast SEO Premium plugin. -->","yoast_head_json":{"title":"Jadon Sancho fait l'\u00e9loge d'Emery apr\u00e8s son premier but, vise Manchester United - Bladna News","robots":{"index":"index","follow":"follow","max-snippet":"max-snippet:-1","max-image-preview":"max-image-preview:large","max-video-preview":"max-video-preview:-1"},"canonical":"https:\/\/bladnanews.com\/fr\/jadon-sancho-fait-leloge-demery-apres-son-premier-but-visant-manchester-united\/","og_locale":"fr_FR","og_type":"article","og_title":"Jadon Sancho praises Emery after first goal, aims at Man Utd","og_description":"Jadon Sancho has praised Unai Emery after scoring his first goal of the season, while also taking a clear swipe [&hellip;]","og_url":"https:\/\/bladnanews.com\/fr\/jadon-sancho-fait-leloge-demery-apres-son-premier-but-visant-manchester-united\/","og_site_name":"Bladna News","article_published_time":"2026-01-23T11:06:21+00:00","og_image":[{"width":1312,"height":736,"url":"https:\/\/bladnanews.com\/wp-content\/uploads\/2025\/12\/freepik__bladna-newscom-moroccan-soccer-homepage-banner-mor__41838.png","type":"image\/png"}],"author":"Bladna News Staff","twitter_card":"summary_large_image","twitter_misc":{"\u00c9crit par":"Bladna News Staff","Dur\u00e9e de lecture estim\u00e9e":"1 minute"},"schema":{"@context":"https:\/\/schema.org","@graph":[{"@type":"Article","@id":"https:\/\/bladnanews.com\/jadon-sancho-praises-emery-after-first-goal-aims-at-man-utd\/#article","isPartOf":{"@id":"https:\/\/bladnanews.com\/jadon-sancho-praises-emery-after-first-goal-aims-at-man-utd\/"},"author":{"name":"Bladna News Staff","@id":"https:\/\/mediumseagreen-eel-531711.hostingersite.com\/#\/schema\/person\/268e18a453ab080ebf76df6ef7845083"},"headline":"Jadon Sancho praises Emery after first goal, aims at Man Utd","datePublished":"2026-01-23T11:06:21+00:00","mainEntityOfPage":{"@id":"https:\/\/bladnanews.com\/jadon-sancho-praises-emery-after-first-goal-aims-at-man-utd\/"},"wordCount":283,"publisher":{"@id":"https:\/\/mediumseagreen-eel-531711.hostingersite.com\/#organization"},"image":{"@id":"https:\/\/bladnanews.com\/jadon-sancho-praises-emery-after-first-goal-aims-at-man-utd\/#primaryimage"},"thumbnailUrl":"https:\/\/bladnanews.com\/wp-content\/uploads\/2026\/01\/BladnaNews-Jadon-Sancho-praises-Emery-after-first-goal-aims-at-Man-Utd-2026-01-23T171026.194Z.jpg","articleSection":["International","Latest News"],"inLanguage":"fr-FR","copyrightYear":"2026","copyrightHolder":{"@id":"https:\/\/bladnanews.com\/fr\/#organization"}},{"@type":"WebPage","@id":"https:\/\/bladnanews.com\/jadon-sancho-praises-emery-after-first-goal-aims-at-man-utd\/","url":"https:\/\/bladnanews.com\/jadon-sancho-praises-emery-after-first-goal-aims-at-man-utd\/","name":"Jadon Sancho fait l'\u00e9loge d'Emery apr\u00e8s son premier but, vise Manchester United - Bladna News","isPartOf":{"@id":"https:\/\/mediumseagreen-eel-531711.hostingersite.com\/#website"},"primaryImageOfPage":{"@id":"https:\/\/bladnanews.com\/jadon-sancho-praises-emery-after-first-goal-aims-at-man-utd\/#primaryimage"},"image":{"@id":"https:\/\/bladnanews.com\/jadon-sancho-praises-emery-after-first-goal-aims-at-man-utd\/#primaryimage"},"thumbnailUrl":"https:\/\/bladnanews.com\/wp-content\/uploads\/2026\/01\/BladnaNews-Jadon-Sancho-praises-Emery-after-first-goal-aims-at-Man-Utd-2026-01-23T171026.194Z.jpg","datePublished":"2026-01-23T11:06:21+00:00","breadcrumb":{"@id":"https:\/\/bladnanews.com\/jadon-sancho-praises-emery-after-first-goal-aims-at-man-utd\/#breadcrumb"},"inLanguage":"fr-FR","potentialAction":[{"@type":"ReadAction","target":["https:\/\/bladnanews.com\/jadon-sancho-praises-emery-after-first-goal-aims-at-man-utd\/"]}]},{"@type":"ImageObject","inLanguage":"fr-FR","@id":"https:\/\/bladnanews.com\/jadon-sancho-praises-emery-after-first-goal-aims-at-man-utd\/#primaryimage","url":"https:\/\/bladnanews.com\/wp-content\/uploads\/2026\/01\/BladnaNews-Jadon-Sancho-praises-Emery-after-first-goal-aims-at-Man-Utd-2026-01-23T171026.194Z.jpg","contentUrl":"https:\/\/bladnanews.com\/wp-content\/uploads\/2026\/01\/BladnaNews-Jadon-Sancho-praises-Emery-after-first-goal-aims-at-Man-Utd-2026-01-23T171026.194Z.jpg","width":1552,"height":873,"caption":"Jadon Sancho celebrates scoring for Aston Villa in a European match, wearing a white kit with blue accents, against a lively crowd backdrop."},{"@type":"BreadcrumbList","@id":"https:\/\/bladnanews.com\/jadon-sancho-praises-emery-after-first-goal-aims-at-man-utd\/#breadcrumb","itemListElement":[{"@type":"ListItem","position":1,"name":"Home","item":"https:\/\/bladnanews.com\/"},{"@type":"ListItem","position":2,"name":"Jadon Sancho praises Emery after first goal, aims at Man Utd"}]},{"@type":"WebSite","@id":"https:\/\/mediumseagreen-eel-531711.hostingersite.com\/#website","url":"https:\/\/mediumseagreen-eel-531711.hostingersite.com\/","name":"Bladna News - Maroc","description":"Quand le football marocain rencontre le monde","publisher":{"@id":"https:\/\/mediumseagreen-eel-531711.hostingersite.com\/#organization"},"potentialAction":[{"@type":"SearchAction","target":{"@type":"EntryPoint","urlTemplate":"https:\/\/mediumseagreen-eel-531711.hostingersite.com\/?s={search_term_string}"},"query-input":{"@type":"PropertyValueSpecification","valueRequired":true,"valueName":"search_term_string"}}],"inLanguage":"fr-FR"},{"@type":"Organization","@id":"https:\/\/mediumseagreen-eel-531711.hostingersite.com\/#organization","name":"Bladna News.com","url":"https:\/\/mediumseagreen-eel-531711.hostingersite.com\/","logo":{"@type":"ImageObject","inLanguage":"fr-FR","@id":"https:\/\/mediumseagreen-eel-531711.hostingersite.com\/#\/schema\/logo\/image\/","url":"https:\/\/bladnanews.com\/wp-content\/uploads\/2025\/12\/logo-bladnanews-V2-web-black-red.png","contentUrl":"https:\/\/bladnanews.com\/wp-content\/uploads\/2025\/12\/logo-bladnanews-V2-web-black-red.png","width":703,"height":287,"caption":"Bladna News.com"},"image":{"@id":"https:\/\/mediumseagreen-eel-531711.hostingersite.com\/#\/schema\/logo\/image\/"},"email":"info@bladnanews.com","legalName":"Bladna News"},{"@type":"Person","@id":"https:\/\/mediumseagreen-eel-531711.hostingersite.com\/#\/schema\/person\/268e18a453ab080ebf76df6ef7845083","name":"\u00c9quipe r\u00e9dactionnelle de Bladna News","url":"https:\/\/bladnanews.com\/fr\/author\/bladna-news-staff\/"}]}},"_links":{"self":[{"href":"https:\/\/bladnanews.com\/fr\/wp-json\/wp\/v2\/posts\/7463","targetHints":{"allow":["GET"]}}],"collection":[{"href":"https:\/\/bladnanews.com\/fr\/wp-json\/wp\/v2\/posts"}],"about":[{"href":"https:\/\/bladnanews.com\/fr\/wp-json\/wp\/v2\/types\/post"}],"author":[{"embeddable":true,"href":"https:\/\/bladnanews.com\/fr\/wp-json\/wp\/v2\/users\/3"}],"replies":[{"embeddable":true,"href":"https:\/\/bladnanews.com\/fr\/wp-json\/wp\/v2\/comments?post=7463"}],"version-history":[{"count":0,"href":"https:\/\/bladnanews.com\/fr\/wp-json\/wp\/v2\/posts\/7463\/revisions"}],"wp:featuredmedia":[{"embeddable":true,"href":"https:\/\/bladnanews.com\/fr\/wp-json\/wp\/v2\/media\/7462"}],"wp:attachment":[{"href":"https:\/\/bladnanews.com\/fr\/wp-json\/wp\/v2\/media?parent=7463"}],"wp:term":[{"taxonomy":"category","embeddable":true,"href":"https:\/\/bladnanews.com\/fr\/wp-json\/wp\/v2\/categories?post=7463"},{"taxonomy":"post_tag","embeddable":true,"href":"https:\/\/bladnanews.com\/fr\/wp-json\/wp\/v2\/tags?post=7463"}],"curies":[{"name":"wp","href":"https:\/\/api.w.org\/{rel}","templated":true}]}}