{"id":7481,"date":"2026-01-23T12:52:39","date_gmt":"2026-01-23T12:52:39","guid":{"rendered":"https:\/\/bladnanews.com\/inside-real-madrid-dressing-room-as-arbeloa-and-alonso-differ\/"},"modified":"2026-01-23T12:52:39","modified_gmt":"2026-01-23T12:52:39","slug":"a-linterieur-du-vestiaire-du-real-madrid-alors-quarbeloa-et-alonso-divergent","status":"publish","type":"post","link":"https:\/\/bladnanews.com\/fr\/a-linterieur-du-vestiaire-du-real-madrid-alors-quarbeloa-et-alonso-divergent\/","title":{"rendered":"\u00c0 l'int\u00e9rieur du vestiaire du Real Madrid alors qu'Arbeloa et Alonso divergent"},"content":{"rendered":"<p>Le vestiaire du Castilla du Real Madrid a \u00e9t\u00e9 d\u00e9crit comme \u201c direct et accessible \u201d sous la direction d'\u00c1lvaro Arbeloa, de nouveaux d\u00e9tails \u00e9mergeant sur la fa\u00e7on dont son style diff\u00e8re de l'approche adopt\u00e9e par Xabi Alonso avant que l'ancien milieu de terrain ne soit licenci\u00e9.<\/p>\n<p>Arbeloa, ancien d\u00e9fenseur du Real Madrid et de l'Espagne, a \u00e9tabli une m\u00e9thode de travail claire avec les jeunes joueurs du club, et l'atmosph\u00e8re au sein de l'\u00e9quipe a \u00e9t\u00e9 fa\u00e7onn\u00e9e par sa pr\u00e9sence quotidienne sur le terrain d'entra\u00eenement et dans le vestiaire.<\/p>\n<p>La diff\u00e9rence cl\u00e9 r\u00e9v\u00e9l\u00e9e r\u00e9side dans la mani\u00e8re dont les deux entra\u00eeneurs communiquent. Arbeloa est per\u00e7u comme plus proche et plus accessible, avec une mani\u00e8re directe qui l'a aid\u00e9 \u00e0 cr\u00e9er rapidement des liens avec le groupe. En revanche, les m\u00e9thodes d'Alonso \u00e9taient consid\u00e9r\u00e9es comme plus distantes, avec une communication moins directe et un plus grand foss\u00e9 entre l'entra\u00eeneur et les joueurs.<\/p>\n<p>Ces contrastes ont \u00e9t\u00e9 mis en lumi\u00e8re dans le cadre des raisons plus larges pour lesquelles le club a tourn\u00e9 la page avec Alonso, tandis que la personnalit\u00e9 et le style de management d'Arbeloa sont cr\u00e9dit\u00e9s d'avoir cr\u00e9\u00e9 un environnement plus ouvert au sein de l'\u00e9quipe.<\/p>\n<p>L'\u00e9volution de la dynamique sous Arbeloa souligne \u00e0 quel point le Real Madrid surveille de pr\u00e8s le d\u00e9veloppement de ses \u00e9quipes de formation, o\u00f9 le leadership et la gestion des joueurs sont consid\u00e9r\u00e9s aussi importants que les r\u00e9sultats lorsqu'il s'agit de pr\u00e9parer les talents au football en \u00e9quipe premi\u00e8re.<\/p>","protected":false},"excerpt":{"rendered":"<p>Real Madrid\u2019s Castilla dressing room has been described as \u201cdirect and approachable\u201d under \u00c1lvaro Arbeloa, with new details emerging about [&hellip;]<\/p>\n","protected":false},"author":3,"featured_media":7480,"comment_status":"","ping_status":"open","sticky":false,"template":"","format":"standard","meta":{"googlesitekit_rrm_CAow_uzEDA:productID":"","site-sidebar-layout":"default","site-content-layout":"","ast-site-content-layout":"default","site-content-style":"default","site-sidebar-style":"default","ast-global-header-display":"","ast-banner-title-visibility":"","ast-main-header-display":"","ast-hfb-above-header-display":"","ast-hfb-below-header-display":"","ast-hfb-mobile-header-display":"","site-post-title":"","ast-breadcrumbs-content":"","ast-featured-img":"","footer-sml-layout":"","ast-disable-related-posts":"","theme-transparent-header-meta":"","adv-header-id-meta":"","stick-header-meta":"","header-above-stick-meta":"","header-main-stick-meta":"","header-below-stick-meta":"","astra-migrate-meta-layouts":"default","ast-page-background-enabled":"default","ast-page-background-meta":{"desktop":{"background-color":"var(--ast-global-color-5)","background-image":"","background-repeat":"repeat","background-position":"center center","background-size":"auto","background-attachment":"scroll","background-type":"","background-media":"","overlay-type":"","overlay-color":"","overlay-opacity":"","overlay-gradient":""},"tablet":{"background-color":"","background-image":"","background-repeat":"repeat","background-position":"center center","background-size":"auto","background-attachment":"scroll","background-type":"","background-media":"","overlay-type":"","overlay-color":"","overlay-opacity":"","overlay-gradient":""},"mobile":{"background-color":"","background-image":"","background-repeat":"repeat","background-position":"center center","background-size":"auto","background-attachment":"scroll","background-type":"","background-media":"","overlay-type":"","overlay-color":"","overlay-opacity":"","overlay-gradient":""}},"ast-content-background-meta":{"desktop":{"background-color":"var(--ast-global-color-4)","background-image":"","background-repeat":"repeat","background-position":"center center","background-size":"auto","background-attachment":"scroll","background-type":"","background-media":"","overlay-type":"","overlay-color":"","overlay-opacity":"","overlay-gradient":""},"tablet":{"background-color":"var(--ast-global-color-4)","background-image":"","background-repeat":"repeat","background-position":"center center","background-size":"auto","background-attachment":"scroll","background-type":"","background-media":"","overlay-type":"","overlay-color":"","overlay-opacity":"","overlay-gradient":""},"mobile":{"background-color":"var(--ast-global-color-4)","background-image":"","background-repeat":"repeat","background-position":"center center","background-size":"auto","background-attachment":"scroll","background-type":"","background-media":"","overlay-type":"","overlay-color":"","overlay-opacity":"","overlay-gradient":""}},"footnotes":""},"categories":[20,1],"tags":[],"class_list":["post-7481","post","type-post","status-publish","format-standard","has-post-thumbnail","hentry","category-international","category-football-latest-news"],"yoast_head":"<!-- This site is optimized with the Yoast SEO Premium plugin v26.6 (Yoast SEO v27.4) - https:\/\/yoast.com\/product\/yoast-seo-premium-wordpress\/ -->\n<title>Inside Real Madrid dressing room as Arbeloa and Alonso differ - Bladna News<\/title>\n<meta name=\"robots\" content=\"index, follow, max-snippet:-1, max-image-preview:large, max-video-preview:-1\" \/>\n<link rel=\"canonical\" href=\"https:\/\/bladnanews.com\/fr\/a-linterieur-du-vestiaire-du-real-madrid-alors-quarbeloa-et-alonso-divergent\/\" \/>\n<meta property=\"og:locale\" content=\"fr_FR\" \/>\n<meta property=\"og:type\" content=\"article\" \/>\n<meta property=\"og:title\" content=\"Inside Real Madrid dressing room as Arbeloa and Alonso differ\" \/>\n<meta property=\"og:description\" content=\"Real Madrid\u2019s Castilla dressing room has been described as \u201cdirect and approachable\u201d under \u00c1lvaro Arbeloa, with new details emerging about [&hellip;]\" \/>\n<meta property=\"og:url\" content=\"https:\/\/bladnanews.com\/fr\/a-linterieur-du-vestiaire-du-real-madrid-alors-quarbeloa-et-alonso-divergent\/\" \/>\n<meta property=\"og:site_name\" content=\"Bladna News\" \/>\n<meta property=\"article:published_time\" content=\"2026-01-23T12:52:39+00:00\" \/>\n<meta property=\"og:image\" content=\"https:\/\/bladnanews.com\/wp-content\/uploads\/2025\/12\/freepik__bladna-newscom-moroccan-soccer-homepage-banner-mor__41838.png\" \/>\n\t<meta property=\"og:image:width\" content=\"1312\" \/>\n\t<meta property=\"og:image:height\" content=\"736\" \/>\n\t<meta property=\"og:image:type\" content=\"image\/png\" \/>\n<meta name=\"author\" content=\"Bladna News Staff\" \/>\n<meta name=\"twitter:card\" content=\"summary_large_image\" \/>\n<meta name=\"twitter:label1\" content=\"\u00c9crit par\" \/>\n\t<meta name=\"twitter:data1\" content=\"Bladna News Staff\" \/>\n\t<meta name=\"twitter:label2\" content=\"Dur\u00e9e de lecture estim\u00e9e\" \/>\n\t<meta name=\"twitter:data2\" content=\"1 minute\" \/>\n<script type=\"application\/ld+json\" class=\"yoast-schema-graph\">{\"@context\":\"https:\\\/\\\/schema.org\",\"@graph\":[{\"@type\":\"Article\",\"@id\":\"https:\\\/\\\/bladnanews.com\\\/inside-real-madrid-dressing-room-as-arbeloa-and-alonso-differ\\\/#article\",\"isPartOf\":{\"@id\":\"https:\\\/\\\/bladnanews.com\\\/inside-real-madrid-dressing-room-as-arbeloa-and-alonso-differ\\\/\"},\"author\":{\"name\":\"Bladna News Staff\",\"@id\":\"https:\\\/\\\/mediumseagreen-eel-531711.hostingersite.com\\\/#\\\/schema\\\/person\\\/268e18a453ab080ebf76df6ef7845083\"},\"headline\":\"Inside Real Madrid dressing room as Arbeloa and Alonso differ\",\"datePublished\":\"2026-01-23T12:52:39+00:00\",\"mainEntityOfPage\":{\"@id\":\"https:\\\/\\\/bladnanews.com\\\/inside-real-madrid-dressing-room-as-arbeloa-and-alonso-differ\\\/\"},\"wordCount\":217,\"publisher\":{\"@id\":\"https:\\\/\\\/mediumseagreen-eel-531711.hostingersite.com\\\/#organization\"},\"image\":{\"@id\":\"https:\\\/\\\/bladnanews.com\\\/inside-real-madrid-dressing-room-as-arbeloa-and-alonso-differ\\\/#primaryimage\"},\"thumbnailUrl\":\"https:\\\/\\\/bladnanews.com\\\/wp-content\\\/uploads\\\/2026\\\/01\\\/BladnaNews-Inside-Real-Madrid-dressing-room-as-Arbeloa-and-Alonso-differ-2026-01-23T211024.958Z.jpg\",\"articleSection\":[\"International\",\"Latest News\"],\"inLanguage\":\"fr-FR\",\"copyrightYear\":\"2026\",\"copyrightHolder\":{\"@id\":\"https:\\\/\\\/bladnanews.com\\\/fr\\\/#organization\"}},{\"@type\":\"WebPage\",\"@id\":\"https:\\\/\\\/bladnanews.com\\\/inside-real-madrid-dressing-room-as-arbeloa-and-alonso-differ\\\/\",\"url\":\"https:\\\/\\\/bladnanews.com\\\/inside-real-madrid-dressing-room-as-arbeloa-and-alonso-differ\\\/\",\"name\":\"Inside Real Madrid dressing room as Arbeloa and Alonso differ - Bladna News\",\"isPartOf\":{\"@id\":\"https:\\\/\\\/mediumseagreen-eel-531711.hostingersite.com\\\/#website\"},\"primaryImageOfPage\":{\"@id\":\"https:\\\/\\\/bladnanews.com\\\/inside-real-madrid-dressing-room-as-arbeloa-and-alonso-differ\\\/#primaryimage\"},\"image\":{\"@id\":\"https:\\\/\\\/bladnanews.com\\\/inside-real-madrid-dressing-room-as-arbeloa-and-alonso-differ\\\/#primaryimage\"},\"thumbnailUrl\":\"https:\\\/\\\/bladnanews.com\\\/wp-content\\\/uploads\\\/2026\\\/01\\\/BladnaNews-Inside-Real-Madrid-dressing-room-as-Arbeloa-and-Alonso-differ-2026-01-23T211024.958Z.jpg\",\"datePublished\":\"2026-01-23T12:52:39+00:00\",\"breadcrumb\":{\"@id\":\"https:\\\/\\\/bladnanews.com\\\/inside-real-madrid-dressing-room-as-arbeloa-and-alonso-differ\\\/#breadcrumb\"},\"inLanguage\":\"fr-FR\",\"potentialAction\":[{\"@type\":\"ReadAction\",\"target\":[\"https:\\\/\\\/bladnanews.com\\\/inside-real-madrid-dressing-room-as-arbeloa-and-alonso-differ\\\/\"]}]},{\"@type\":\"ImageObject\",\"inLanguage\":\"fr-FR\",\"@id\":\"https:\\\/\\\/bladnanews.com\\\/inside-real-madrid-dressing-room-as-arbeloa-and-alonso-differ\\\/#primaryimage\",\"url\":\"https:\\\/\\\/bladnanews.com\\\/wp-content\\\/uploads\\\/2026\\\/01\\\/BladnaNews-Inside-Real-Madrid-dressing-room-as-Arbeloa-and-Alonso-differ-2026-01-23T211024.958Z.jpg\",\"contentUrl\":\"https:\\\/\\\/bladnanews.com\\\/wp-content\\\/uploads\\\/2026\\\/01\\\/BladnaNews-Inside-Real-Madrid-dressing-room-as-Arbeloa-and-Alonso-differ-2026-01-23T211024.958Z.jpg\",\"width\":1920,\"height\":1080,\"caption\":\"Arbeloa and Alonso, two former Real Madrid players, share a moment, showcasing their differing expressions and styles during a match.\"},{\"@type\":\"BreadcrumbList\",\"@id\":\"https:\\\/\\\/bladnanews.com\\\/inside-real-madrid-dressing-room-as-arbeloa-and-alonso-differ\\\/#breadcrumb\",\"itemListElement\":[{\"@type\":\"ListItem\",\"position\":1,\"name\":\"Home\",\"item\":\"https:\\\/\\\/bladnanews.com\\\/\"},{\"@type\":\"ListItem\",\"position\":2,\"name\":\"Inside Real Madrid dressing room as Arbeloa and Alonso differ\"}]},{\"@type\":\"WebSite\",\"@id\":\"https:\\\/\\\/mediumseagreen-eel-531711.hostingersite.com\\\/#website\",\"url\":\"https:\\\/\\\/mediumseagreen-eel-531711.hostingersite.com\\\/\",\"name\":\"Bladna News - Morocco\",\"description\":\"Where Moroccan Football Meets the World\",\"publisher\":{\"@id\":\"https:\\\/\\\/mediumseagreen-eel-531711.hostingersite.com\\\/#organization\"},\"potentialAction\":[{\"@type\":\"SearchAction\",\"target\":{\"@type\":\"EntryPoint\",\"urlTemplate\":\"https:\\\/\\\/mediumseagreen-eel-531711.hostingersite.com\\\/?s={search_term_string}\"},\"query-input\":{\"@type\":\"PropertyValueSpecification\",\"valueRequired\":true,\"valueName\":\"search_term_string\"}}],\"inLanguage\":\"fr-FR\"},{\"@type\":\"Organization\",\"@id\":\"https:\\\/\\\/mediumseagreen-eel-531711.hostingersite.com\\\/#organization\",\"name\":\"Bladna News.com\",\"url\":\"https:\\\/\\\/mediumseagreen-eel-531711.hostingersite.com\\\/\",\"logo\":{\"@type\":\"ImageObject\",\"inLanguage\":\"fr-FR\",\"@id\":\"https:\\\/\\\/mediumseagreen-eel-531711.hostingersite.com\\\/#\\\/schema\\\/logo\\\/image\\\/\",\"url\":\"https:\\\/\\\/bladnanews.com\\\/wp-content\\\/uploads\\\/2025\\\/12\\\/logo-bladnanews-V2-web-black-red.png\",\"contentUrl\":\"https:\\\/\\\/bladnanews.com\\\/wp-content\\\/uploads\\\/2025\\\/12\\\/logo-bladnanews-V2-web-black-red.png\",\"width\":703,\"height\":287,\"caption\":\"Bladna News.com\"},\"image\":{\"@id\":\"https:\\\/\\\/mediumseagreen-eel-531711.hostingersite.com\\\/#\\\/schema\\\/logo\\\/image\\\/\"},\"email\":\"info@bladnanews.com\",\"legalName\":\"Bladna News\"},{\"@type\":\"Person\",\"@id\":\"https:\\\/\\\/mediumseagreen-eel-531711.hostingersite.com\\\/#\\\/schema\\\/person\\\/268e18a453ab080ebf76df6ef7845083\",\"name\":\"Bladna News Staff\",\"url\":\"https:\\\/\\\/bladnanews.com\\\/fr\\\/author\\\/bladna-news-staff\\\/\"}]}<\/script>\n<!-- \/ Yoast SEO Premium plugin. -->","yoast_head_json":{"title":"\u00c0 l'int\u00e9rieur du vestiaire du Real Madrid : Arbeloa et Alonso divergent - Bladna News","robots":{"index":"index","follow":"follow","max-snippet":"max-snippet:-1","max-image-preview":"max-image-preview:large","max-video-preview":"max-video-preview:-1"},"canonical":"https:\/\/bladnanews.com\/fr\/a-linterieur-du-vestiaire-du-real-madrid-alors-quarbeloa-et-alonso-divergent\/","og_locale":"fr_FR","og_type":"article","og_title":"Inside Real Madrid dressing room as Arbeloa and Alonso differ","og_description":"Real Madrid\u2019s Castilla dressing room has been described as \u201cdirect and approachable\u201d under \u00c1lvaro Arbeloa, with new details emerging about [&hellip;]","og_url":"https:\/\/bladnanews.com\/fr\/a-linterieur-du-vestiaire-du-real-madrid-alors-quarbeloa-et-alonso-divergent\/","og_site_name":"Bladna News","article_published_time":"2026-01-23T12:52:39+00:00","og_image":[{"width":1312,"height":736,"url":"https:\/\/bladnanews.com\/wp-content\/uploads\/2025\/12\/freepik__bladna-newscom-moroccan-soccer-homepage-banner-mor__41838.png","type":"image\/png"}],"author":"Bladna News Staff","twitter_card":"summary_large_image","twitter_misc":{"\u00c9crit par":"Bladna News Staff","Dur\u00e9e de lecture estim\u00e9e":"1 minute"},"schema":{"@context":"https:\/\/schema.org","@graph":[{"@type":"Article","@id":"https:\/\/bladnanews.com\/inside-real-madrid-dressing-room-as-arbeloa-and-alonso-differ\/#article","isPartOf":{"@id":"https:\/\/bladnanews.com\/inside-real-madrid-dressing-room-as-arbeloa-and-alonso-differ\/"},"author":{"name":"Bladna News Staff","@id":"https:\/\/mediumseagreen-eel-531711.hostingersite.com\/#\/schema\/person\/268e18a453ab080ebf76df6ef7845083"},"headline":"Inside Real Madrid dressing room as Arbeloa and Alonso differ","datePublished":"2026-01-23T12:52:39+00:00","mainEntityOfPage":{"@id":"https:\/\/bladnanews.com\/inside-real-madrid-dressing-room-as-arbeloa-and-alonso-differ\/"},"wordCount":217,"publisher":{"@id":"https:\/\/mediumseagreen-eel-531711.hostingersite.com\/#organization"},"image":{"@id":"https:\/\/bladnanews.com\/inside-real-madrid-dressing-room-as-arbeloa-and-alonso-differ\/#primaryimage"},"thumbnailUrl":"https:\/\/bladnanews.com\/wp-content\/uploads\/2026\/01\/BladnaNews-Inside-Real-Madrid-dressing-room-as-Arbeloa-and-Alonso-differ-2026-01-23T211024.958Z.jpg","articleSection":["International","Latest News"],"inLanguage":"fr-FR","copyrightYear":"2026","copyrightHolder":{"@id":"https:\/\/bladnanews.com\/fr\/#organization"}},{"@type":"WebPage","@id":"https:\/\/bladnanews.com\/inside-real-madrid-dressing-room-as-arbeloa-and-alonso-differ\/","url":"https:\/\/bladnanews.com\/inside-real-madrid-dressing-room-as-arbeloa-and-alonso-differ\/","name":"\u00c0 l'int\u00e9rieur du vestiaire du Real Madrid : Arbeloa et Alonso divergent - Bladna News","isPartOf":{"@id":"https:\/\/mediumseagreen-eel-531711.hostingersite.com\/#website"},"primaryImageOfPage":{"@id":"https:\/\/bladnanews.com\/inside-real-madrid-dressing-room-as-arbeloa-and-alonso-differ\/#primaryimage"},"image":{"@id":"https:\/\/bladnanews.com\/inside-real-madrid-dressing-room-as-arbeloa-and-alonso-differ\/#primaryimage"},"thumbnailUrl":"https:\/\/bladnanews.com\/wp-content\/uploads\/2026\/01\/BladnaNews-Inside-Real-Madrid-dressing-room-as-Arbeloa-and-Alonso-differ-2026-01-23T211024.958Z.jpg","datePublished":"2026-01-23T12:52:39+00:00","breadcrumb":{"@id":"https:\/\/bladnanews.com\/inside-real-madrid-dressing-room-as-arbeloa-and-alonso-differ\/#breadcrumb"},"inLanguage":"fr-FR","potentialAction":[{"@type":"ReadAction","target":["https:\/\/bladnanews.com\/inside-real-madrid-dressing-room-as-arbeloa-and-alonso-differ\/"]}]},{"@type":"ImageObject","inLanguage":"fr-FR","@id":"https:\/\/bladnanews.com\/inside-real-madrid-dressing-room-as-arbeloa-and-alonso-differ\/#primaryimage","url":"https:\/\/bladnanews.com\/wp-content\/uploads\/2026\/01\/BladnaNews-Inside-Real-Madrid-dressing-room-as-Arbeloa-and-Alonso-differ-2026-01-23T211024.958Z.jpg","contentUrl":"https:\/\/bladnanews.com\/wp-content\/uploads\/2026\/01\/BladnaNews-Inside-Real-Madrid-dressing-room-as-Arbeloa-and-Alonso-differ-2026-01-23T211024.958Z.jpg","width":1920,"height":1080,"caption":"Arbeloa and Alonso, two former Real Madrid players, share a moment, showcasing their differing expressions and styles during a match."},{"@type":"BreadcrumbList","@id":"https:\/\/bladnanews.com\/inside-real-madrid-dressing-room-as-arbeloa-and-alonso-differ\/#breadcrumb","itemListElement":[{"@type":"ListItem","position":1,"name":"Home","item":"https:\/\/bladnanews.com\/"},{"@type":"ListItem","position":2,"name":"Inside Real Madrid dressing room as Arbeloa and Alonso differ"}]},{"@type":"WebSite","@id":"https:\/\/mediumseagreen-eel-531711.hostingersite.com\/#website","url":"https:\/\/mediumseagreen-eel-531711.hostingersite.com\/","name":"Bladna News - Maroc","description":"Quand le football marocain rencontre le monde","publisher":{"@id":"https:\/\/mediumseagreen-eel-531711.hostingersite.com\/#organization"},"potentialAction":[{"@type":"SearchAction","target":{"@type":"EntryPoint","urlTemplate":"https:\/\/mediumseagreen-eel-531711.hostingersite.com\/?s={search_term_string}"},"query-input":{"@type":"PropertyValueSpecification","valueRequired":true,"valueName":"search_term_string"}}],"inLanguage":"fr-FR"},{"@type":"Organization","@id":"https:\/\/mediumseagreen-eel-531711.hostingersite.com\/#organization","name":"Bladna News.com","url":"https:\/\/mediumseagreen-eel-531711.hostingersite.com\/","logo":{"@type":"ImageObject","inLanguage":"fr-FR","@id":"https:\/\/mediumseagreen-eel-531711.hostingersite.com\/#\/schema\/logo\/image\/","url":"https:\/\/bladnanews.com\/wp-content\/uploads\/2025\/12\/logo-bladnanews-V2-web-black-red.png","contentUrl":"https:\/\/bladnanews.com\/wp-content\/uploads\/2025\/12\/logo-bladnanews-V2-web-black-red.png","width":703,"height":287,"caption":"Bladna News.com"},"image":{"@id":"https:\/\/mediumseagreen-eel-531711.hostingersite.com\/#\/schema\/logo\/image\/"},"email":"info@bladnanews.com","legalName":"Bladna News"},{"@type":"Person","@id":"https:\/\/mediumseagreen-eel-531711.hostingersite.com\/#\/schema\/person\/268e18a453ab080ebf76df6ef7845083","name":"\u00c9quipe r\u00e9dactionnelle de Bladna News","url":"https:\/\/bladnanews.com\/fr\/author\/bladna-news-staff\/"}]}},"_links":{"self":[{"href":"https:\/\/bladnanews.com\/fr\/wp-json\/wp\/v2\/posts\/7481","targetHints":{"allow":["GET"]}}],"collection":[{"href":"https:\/\/bladnanews.com\/fr\/wp-json\/wp\/v2\/posts"}],"about":[{"href":"https:\/\/bladnanews.com\/fr\/wp-json\/wp\/v2\/types\/post"}],"author":[{"embeddable":true,"href":"https:\/\/bladnanews.com\/fr\/wp-json\/wp\/v2\/users\/3"}],"replies":[{"embeddable":true,"href":"https:\/\/bladnanews.com\/fr\/wp-json\/wp\/v2\/comments?post=7481"}],"version-history":[{"count":0,"href":"https:\/\/bladnanews.com\/fr\/wp-json\/wp\/v2\/posts\/7481\/revisions"}],"wp:featuredmedia":[{"embeddable":true,"href":"https:\/\/bladnanews.com\/fr\/wp-json\/wp\/v2\/media\/7480"}],"wp:attachment":[{"href":"https:\/\/bladnanews.com\/fr\/wp-json\/wp\/v2\/media?parent=7481"}],"wp:term":[{"taxonomy":"category","embeddable":true,"href":"https:\/\/bladnanews.com\/fr\/wp-json\/wp\/v2\/categories?post=7481"},{"taxonomy":"post_tag","embeddable":true,"href":"https:\/\/bladnanews.com\/fr\/wp-json\/wp\/v2\/tags?post=7481"}],"curies":[{"name":"wp","href":"https:\/\/api.w.org\/{rel}","templated":true}]}}