{"id":7483,"date":"2026-01-23T13:06:55","date_gmt":"2026-01-23T13:06:55","guid":{"rendered":"https:\/\/bladnanews.com\/brenden-aaronson-told-he-has-cracked-premier-league-at-leeds\/"},"modified":"2026-01-23T13:06:55","modified_gmt":"2026-01-23T13:06:55","slug":"brenden-aaronson-a-declare-quil-avait-perce-en-premier-league-a-leeds","status":"publish","type":"post","link":"https:\/\/bladnanews.com\/fr\/brenden-aaronson-a-declare-quil-avait-perce-en-premier-league-a-leeds\/","title":{"rendered":"Brenden Aaronson a d\u00e9clar\u00e9 qu'il avait perc\u00e9 en Premier League \u00e0 Leeds."},"content":{"rendered":"<p>Brenden Aaronson s'est entendu dire qu'il avait \u201c enfin perc\u00e9 en Premier League \u201d et qu'il vivait \u201c la meilleure p\u00e9riode de sa carri\u00e8re \u201d, alors qu'il approche d'une d\u00e9cision cruciale concernant son avenir avec Leeds United.<\/p>\n<p>Le milieu de terrain des USMNT est toujours sous contrat avec Leeds, mais il est actuellement pr\u00eat\u00e9 \u00e0 Southampton, o\u00f9 sa forme lui vaut de nouveaux \u00e9loges. L'ancien milieu de terrain de Leeds, Michael Brown, estime que le joueur de 23 ans a trouv\u00e9 la r\u00e9gularit\u00e9 et l'impact qui lui manquaient auparavant dans l'\u00e9lite anglaise.<\/p>\n<p>\u201c La meilleure p\u00e9riode de sa carri\u00e8re \u201d, a d\u00e9clar\u00e9 Brown, soutenant qu'Aaronson montre d\u00e9sormais le niveau n\u00e9cessaire pour r\u00e9ussir en Premier League. Brown a ajout\u00e9 que l'Am\u00e9ricain semble plus pr\u00eat \u00e0 r\u00e9pondre aux exigences de la division et a fait un pas en avant avec ses performances.<\/p>\n<p>Aaronson a rejoint Leeds depuis le RB Salzburg en 2022 et a particip\u00e9 \u00e0 la campagne 2022-23 du club en Premier League, mais Leeds a \u00e9t\u00e9 rel\u00e9gu\u00e9 \u00e0 la fin de cette saison. Il est parti en pr\u00eat avant la saison actuelle et s'efforce de prouver qu'il peut s'\u00e9panouir au plus haut niveau en Angleterre.<\/p>\n<p>Alors que son pr\u00eat le remet sous les projecteurs, Leeds devra prendre une d\u00e9cision importante concernant la suite. Aaronson, lui aussi, a une d\u00e9cision significative \u00e0 prendre, alors qu'il \u00e9value o\u00f9 il pourra poursuivre sa progression et assurer son avenir en Premier League.<\/p>","protected":false},"excerpt":{"rendered":"<p>Brenden Aaronson has been told he has \u201cfinally cracked the Premier League\u201d and is enjoying the \u201cbest spell of his [&hellip;]<\/p>\n","protected":false},"author":3,"featured_media":7482,"comment_status":"","ping_status":"open","sticky":false,"template":"","format":"standard","meta":{"googlesitekit_rrm_CAow_uzEDA:productID":"","site-sidebar-layout":"default","site-content-layout":"","ast-site-content-layout":"default","site-content-style":"default","site-sidebar-style":"default","ast-global-header-display":"","ast-banner-title-visibility":"","ast-main-header-display":"","ast-hfb-above-header-display":"","ast-hfb-below-header-display":"","ast-hfb-mobile-header-display":"","site-post-title":"","ast-breadcrumbs-content":"","ast-featured-img":"","footer-sml-layout":"","ast-disable-related-posts":"","theme-transparent-header-meta":"","adv-header-id-meta":"","stick-header-meta":"","header-above-stick-meta":"","header-main-stick-meta":"","header-below-stick-meta":"","astra-migrate-meta-layouts":"default","ast-page-background-enabled":"default","ast-page-background-meta":{"desktop":{"background-color":"var(--ast-global-color-5)","background-image":"","background-repeat":"repeat","background-position":"center center","background-size":"auto","background-attachment":"scroll","background-type":"","background-media":"","overlay-type":"","overlay-color":"","overlay-opacity":"","overlay-gradient":""},"tablet":{"background-color":"","background-image":"","background-repeat":"repeat","background-position":"center center","background-size":"auto","background-attachment":"scroll","background-type":"","background-media":"","overlay-type":"","overlay-color":"","overlay-opacity":"","overlay-gradient":""},"mobile":{"background-color":"","background-image":"","background-repeat":"repeat","background-position":"center center","background-size":"auto","background-attachment":"scroll","background-type":"","background-media":"","overlay-type":"","overlay-color":"","overlay-opacity":"","overlay-gradient":""}},"ast-content-background-meta":{"desktop":{"background-color":"var(--ast-global-color-4)","background-image":"","background-repeat":"repeat","background-position":"center center","background-size":"auto","background-attachment":"scroll","background-type":"","background-media":"","overlay-type":"","overlay-color":"","overlay-opacity":"","overlay-gradient":""},"tablet":{"background-color":"var(--ast-global-color-4)","background-image":"","background-repeat":"repeat","background-position":"center center","background-size":"auto","background-attachment":"scroll","background-type":"","background-media":"","overlay-type":"","overlay-color":"","overlay-opacity":"","overlay-gradient":""},"mobile":{"background-color":"var(--ast-global-color-4)","background-image":"","background-repeat":"repeat","background-position":"center center","background-size":"auto","background-attachment":"scroll","background-type":"","background-media":"","overlay-type":"","overlay-color":"","overlay-opacity":"","overlay-gradient":""}},"footnotes":""},"categories":[20,1],"tags":[],"class_list":["post-7483","post","type-post","status-publish","format-standard","has-post-thumbnail","hentry","category-international","category-football-latest-news"],"yoast_head":"<!-- This site is optimized with the Yoast SEO Premium plugin v26.6 (Yoast SEO v27.4) - https:\/\/yoast.com\/product\/yoast-seo-premium-wordpress\/ -->\n<title>Brenden Aaronson told he has cracked Premier League at Leeds - Bladna News<\/title>\n<meta name=\"robots\" content=\"index, follow, max-snippet:-1, max-image-preview:large, max-video-preview:-1\" \/>\n<link rel=\"canonical\" href=\"https:\/\/bladnanews.com\/fr\/brenden-aaronson-a-declare-quil-avait-perce-en-premier-league-a-leeds\/\" \/>\n<meta property=\"og:locale\" content=\"fr_FR\" \/>\n<meta property=\"og:type\" content=\"article\" \/>\n<meta property=\"og:title\" content=\"Brenden Aaronson told he has cracked Premier League at Leeds\" \/>\n<meta property=\"og:description\" content=\"Brenden Aaronson has been told he has \u201cfinally cracked the Premier League\u201d and is enjoying the \u201cbest spell of his [&hellip;]\" \/>\n<meta property=\"og:url\" content=\"https:\/\/bladnanews.com\/fr\/brenden-aaronson-a-declare-quil-avait-perce-en-premier-league-a-leeds\/\" \/>\n<meta property=\"og:site_name\" content=\"Bladna News\" \/>\n<meta property=\"article:published_time\" content=\"2026-01-23T13:06:55+00:00\" \/>\n<meta property=\"og:image\" content=\"https:\/\/bladnanews.com\/wp-content\/uploads\/2025\/12\/freepik__bladna-newscom-moroccan-soccer-homepage-banner-mor__41838.png\" \/>\n\t<meta property=\"og:image:width\" content=\"1312\" \/>\n\t<meta property=\"og:image:height\" content=\"736\" \/>\n\t<meta property=\"og:image:type\" content=\"image\/png\" \/>\n<meta name=\"author\" content=\"Bladna News Staff\" \/>\n<meta name=\"twitter:card\" content=\"summary_large_image\" \/>\n<meta name=\"twitter:label1\" content=\"\u00c9crit par\" \/>\n\t<meta name=\"twitter:data1\" content=\"Bladna News Staff\" \/>\n\t<meta name=\"twitter:label2\" content=\"Dur\u00e9e de lecture estim\u00e9e\" \/>\n\t<meta name=\"twitter:data2\" content=\"1 minute\" \/>\n<script type=\"application\/ld+json\" class=\"yoast-schema-graph\">{\"@context\":\"https:\\\/\\\/schema.org\",\"@graph\":[{\"@type\":\"Article\",\"@id\":\"https:\\\/\\\/bladnanews.com\\\/brenden-aaronson-told-he-has-cracked-premier-league-at-leeds\\\/#article\",\"isPartOf\":{\"@id\":\"https:\\\/\\\/bladnanews.com\\\/brenden-aaronson-told-he-has-cracked-premier-league-at-leeds\\\/\"},\"author\":{\"name\":\"Bladna News Staff\",\"@id\":\"https:\\\/\\\/mediumseagreen-eel-531711.hostingersite.com\\\/#\\\/schema\\\/person\\\/268e18a453ab080ebf76df6ef7845083\"},\"headline\":\"Brenden Aaronson told he has cracked Premier League at Leeds\",\"datePublished\":\"2026-01-23T13:06:55+00:00\",\"mainEntityOfPage\":{\"@id\":\"https:\\\/\\\/bladnanews.com\\\/brenden-aaronson-told-he-has-cracked-premier-league-at-leeds\\\/\"},\"wordCount\":233,\"publisher\":{\"@id\":\"https:\\\/\\\/mediumseagreen-eel-531711.hostingersite.com\\\/#organization\"},\"image\":{\"@id\":\"https:\\\/\\\/bladnanews.com\\\/brenden-aaronson-told-he-has-cracked-premier-league-at-leeds\\\/#primaryimage\"},\"thumbnailUrl\":\"https:\\\/\\\/bladnanews.com\\\/wp-content\\\/uploads\\\/2026\\\/01\\\/BladnaNews-Brenden-Aaronson-told-he-has-cracked-Premier-League-at-Leeds-2026-01-23T211048.263Z.jpg\",\"articleSection\":[\"International\",\"Latest News\"],\"inLanguage\":\"fr-FR\",\"copyrightYear\":\"2026\",\"copyrightHolder\":{\"@id\":\"https:\\\/\\\/bladnanews.com\\\/fr\\\/#organization\"}},{\"@type\":\"WebPage\",\"@id\":\"https:\\\/\\\/bladnanews.com\\\/brenden-aaronson-told-he-has-cracked-premier-league-at-leeds\\\/\",\"url\":\"https:\\\/\\\/bladnanews.com\\\/brenden-aaronson-told-he-has-cracked-premier-league-at-leeds\\\/\",\"name\":\"Brenden Aaronson told he has cracked Premier League at Leeds - Bladna News\",\"isPartOf\":{\"@id\":\"https:\\\/\\\/mediumseagreen-eel-531711.hostingersite.com\\\/#website\"},\"primaryImageOfPage\":{\"@id\":\"https:\\\/\\\/bladnanews.com\\\/brenden-aaronson-told-he-has-cracked-premier-league-at-leeds\\\/#primaryimage\"},\"image\":{\"@id\":\"https:\\\/\\\/bladnanews.com\\\/brenden-aaronson-told-he-has-cracked-premier-league-at-leeds\\\/#primaryimage\"},\"thumbnailUrl\":\"https:\\\/\\\/bladnanews.com\\\/wp-content\\\/uploads\\\/2026\\\/01\\\/BladnaNews-Brenden-Aaronson-told-he-has-cracked-Premier-League-at-Leeds-2026-01-23T211048.263Z.jpg\",\"datePublished\":\"2026-01-23T13:06:55+00:00\",\"breadcrumb\":{\"@id\":\"https:\\\/\\\/bladnanews.com\\\/brenden-aaronson-told-he-has-cracked-premier-league-at-leeds\\\/#breadcrumb\"},\"inLanguage\":\"fr-FR\",\"potentialAction\":[{\"@type\":\"ReadAction\",\"target\":[\"https:\\\/\\\/bladnanews.com\\\/brenden-aaronson-told-he-has-cracked-premier-league-at-leeds\\\/\"]}]},{\"@type\":\"ImageObject\",\"inLanguage\":\"fr-FR\",\"@id\":\"https:\\\/\\\/bladnanews.com\\\/brenden-aaronson-told-he-has-cracked-premier-league-at-leeds\\\/#primaryimage\",\"url\":\"https:\\\/\\\/bladnanews.com\\\/wp-content\\\/uploads\\\/2026\\\/01\\\/BladnaNews-Brenden-Aaronson-told-he-has-cracked-Premier-League-at-Leeds-2026-01-23T211048.263Z.jpg\",\"contentUrl\":\"https:\\\/\\\/bladnanews.com\\\/wp-content\\\/uploads\\\/2026\\\/01\\\/BladnaNews-Brenden-Aaronson-told-he-has-cracked-Premier-League-at-Leeds-2026-01-23T211048.263Z.jpg\",\"width\":1920,\"height\":1080,\"caption\":\"Brenden Aaronson celebrates in Leeds United's blue and yellow kit, showcasing his determination after a notable play in the Premier League.\"},{\"@type\":\"BreadcrumbList\",\"@id\":\"https:\\\/\\\/bladnanews.com\\\/brenden-aaronson-told-he-has-cracked-premier-league-at-leeds\\\/#breadcrumb\",\"itemListElement\":[{\"@type\":\"ListItem\",\"position\":1,\"name\":\"Home\",\"item\":\"https:\\\/\\\/bladnanews.com\\\/\"},{\"@type\":\"ListItem\",\"position\":2,\"name\":\"Brenden Aaronson told he has cracked Premier League at Leeds\"}]},{\"@type\":\"WebSite\",\"@id\":\"https:\\\/\\\/mediumseagreen-eel-531711.hostingersite.com\\\/#website\",\"url\":\"https:\\\/\\\/mediumseagreen-eel-531711.hostingersite.com\\\/\",\"name\":\"Bladna News - Morocco\",\"description\":\"Where Moroccan Football Meets the World\",\"publisher\":{\"@id\":\"https:\\\/\\\/mediumseagreen-eel-531711.hostingersite.com\\\/#organization\"},\"potentialAction\":[{\"@type\":\"SearchAction\",\"target\":{\"@type\":\"EntryPoint\",\"urlTemplate\":\"https:\\\/\\\/mediumseagreen-eel-531711.hostingersite.com\\\/?s={search_term_string}\"},\"query-input\":{\"@type\":\"PropertyValueSpecification\",\"valueRequired\":true,\"valueName\":\"search_term_string\"}}],\"inLanguage\":\"fr-FR\"},{\"@type\":\"Organization\",\"@id\":\"https:\\\/\\\/mediumseagreen-eel-531711.hostingersite.com\\\/#organization\",\"name\":\"Bladna News.com\",\"url\":\"https:\\\/\\\/mediumseagreen-eel-531711.hostingersite.com\\\/\",\"logo\":{\"@type\":\"ImageObject\",\"inLanguage\":\"fr-FR\",\"@id\":\"https:\\\/\\\/mediumseagreen-eel-531711.hostingersite.com\\\/#\\\/schema\\\/logo\\\/image\\\/\",\"url\":\"https:\\\/\\\/bladnanews.com\\\/wp-content\\\/uploads\\\/2025\\\/12\\\/logo-bladnanews-V2-web-black-red.png\",\"contentUrl\":\"https:\\\/\\\/bladnanews.com\\\/wp-content\\\/uploads\\\/2025\\\/12\\\/logo-bladnanews-V2-web-black-red.png\",\"width\":703,\"height\":287,\"caption\":\"Bladna News.com\"},\"image\":{\"@id\":\"https:\\\/\\\/mediumseagreen-eel-531711.hostingersite.com\\\/#\\\/schema\\\/logo\\\/image\\\/\"},\"email\":\"info@bladnanews.com\",\"legalName\":\"Bladna News\"},{\"@type\":\"Person\",\"@id\":\"https:\\\/\\\/mediumseagreen-eel-531711.hostingersite.com\\\/#\\\/schema\\\/person\\\/268e18a453ab080ebf76df6ef7845083\",\"name\":\"Bladna News Staff\",\"url\":\"https:\\\/\\\/bladnanews.com\\\/fr\\\/author\\\/bladna-news-staff\\\/\"}]}<\/script>\n<!-- \/ Yoast SEO Premium plugin. -->","yoast_head_json":{"title":"Brenden Aaronson a d\u00e9clar\u00e9 qu'il avait perc\u00e9 en Premier League \u00e0 Leeds - Bladna News","robots":{"index":"index","follow":"follow","max-snippet":"max-snippet:-1","max-image-preview":"max-image-preview:large","max-video-preview":"max-video-preview:-1"},"canonical":"https:\/\/bladnanews.com\/fr\/brenden-aaronson-a-declare-quil-avait-perce-en-premier-league-a-leeds\/","og_locale":"fr_FR","og_type":"article","og_title":"Brenden Aaronson told he has cracked Premier League at Leeds","og_description":"Brenden Aaronson has been told he has \u201cfinally cracked the Premier League\u201d and is enjoying the \u201cbest spell of his [&hellip;]","og_url":"https:\/\/bladnanews.com\/fr\/brenden-aaronson-a-declare-quil-avait-perce-en-premier-league-a-leeds\/","og_site_name":"Bladna News","article_published_time":"2026-01-23T13:06:55+00:00","og_image":[{"width":1312,"height":736,"url":"https:\/\/bladnanews.com\/wp-content\/uploads\/2025\/12\/freepik__bladna-newscom-moroccan-soccer-homepage-banner-mor__41838.png","type":"image\/png"}],"author":"Bladna News Staff","twitter_card":"summary_large_image","twitter_misc":{"\u00c9crit par":"Bladna News Staff","Dur\u00e9e de lecture estim\u00e9e":"1 minute"},"schema":{"@context":"https:\/\/schema.org","@graph":[{"@type":"Article","@id":"https:\/\/bladnanews.com\/brenden-aaronson-told-he-has-cracked-premier-league-at-leeds\/#article","isPartOf":{"@id":"https:\/\/bladnanews.com\/brenden-aaronson-told-he-has-cracked-premier-league-at-leeds\/"},"author":{"name":"Bladna News Staff","@id":"https:\/\/mediumseagreen-eel-531711.hostingersite.com\/#\/schema\/person\/268e18a453ab080ebf76df6ef7845083"},"headline":"Brenden Aaronson told he has cracked Premier League at Leeds","datePublished":"2026-01-23T13:06:55+00:00","mainEntityOfPage":{"@id":"https:\/\/bladnanews.com\/brenden-aaronson-told-he-has-cracked-premier-league-at-leeds\/"},"wordCount":233,"publisher":{"@id":"https:\/\/mediumseagreen-eel-531711.hostingersite.com\/#organization"},"image":{"@id":"https:\/\/bladnanews.com\/brenden-aaronson-told-he-has-cracked-premier-league-at-leeds\/#primaryimage"},"thumbnailUrl":"https:\/\/bladnanews.com\/wp-content\/uploads\/2026\/01\/BladnaNews-Brenden-Aaronson-told-he-has-cracked-Premier-League-at-Leeds-2026-01-23T211048.263Z.jpg","articleSection":["International","Latest News"],"inLanguage":"fr-FR","copyrightYear":"2026","copyrightHolder":{"@id":"https:\/\/bladnanews.com\/fr\/#organization"}},{"@type":"WebPage","@id":"https:\/\/bladnanews.com\/brenden-aaronson-told-he-has-cracked-premier-league-at-leeds\/","url":"https:\/\/bladnanews.com\/brenden-aaronson-told-he-has-cracked-premier-league-at-leeds\/","name":"Brenden Aaronson a d\u00e9clar\u00e9 qu'il avait perc\u00e9 en Premier League \u00e0 Leeds - Bladna News","isPartOf":{"@id":"https:\/\/mediumseagreen-eel-531711.hostingersite.com\/#website"},"primaryImageOfPage":{"@id":"https:\/\/bladnanews.com\/brenden-aaronson-told-he-has-cracked-premier-league-at-leeds\/#primaryimage"},"image":{"@id":"https:\/\/bladnanews.com\/brenden-aaronson-told-he-has-cracked-premier-league-at-leeds\/#primaryimage"},"thumbnailUrl":"https:\/\/bladnanews.com\/wp-content\/uploads\/2026\/01\/BladnaNews-Brenden-Aaronson-told-he-has-cracked-Premier-League-at-Leeds-2026-01-23T211048.263Z.jpg","datePublished":"2026-01-23T13:06:55+00:00","breadcrumb":{"@id":"https:\/\/bladnanews.com\/brenden-aaronson-told-he-has-cracked-premier-league-at-leeds\/#breadcrumb"},"inLanguage":"fr-FR","potentialAction":[{"@type":"ReadAction","target":["https:\/\/bladnanews.com\/brenden-aaronson-told-he-has-cracked-premier-league-at-leeds\/"]}]},{"@type":"ImageObject","inLanguage":"fr-FR","@id":"https:\/\/bladnanews.com\/brenden-aaronson-told-he-has-cracked-premier-league-at-leeds\/#primaryimage","url":"https:\/\/bladnanews.com\/wp-content\/uploads\/2026\/01\/BladnaNews-Brenden-Aaronson-told-he-has-cracked-Premier-League-at-Leeds-2026-01-23T211048.263Z.jpg","contentUrl":"https:\/\/bladnanews.com\/wp-content\/uploads\/2026\/01\/BladnaNews-Brenden-Aaronson-told-he-has-cracked-Premier-League-at-Leeds-2026-01-23T211048.263Z.jpg","width":1920,"height":1080,"caption":"Brenden Aaronson celebrates in Leeds United's blue and yellow kit, showcasing his determination after a notable play in the Premier League."},{"@type":"BreadcrumbList","@id":"https:\/\/bladnanews.com\/brenden-aaronson-told-he-has-cracked-premier-league-at-leeds\/#breadcrumb","itemListElement":[{"@type":"ListItem","position":1,"name":"Home","item":"https:\/\/bladnanews.com\/"},{"@type":"ListItem","position":2,"name":"Brenden Aaronson told he has cracked Premier League at Leeds"}]},{"@type":"WebSite","@id":"https:\/\/mediumseagreen-eel-531711.hostingersite.com\/#website","url":"https:\/\/mediumseagreen-eel-531711.hostingersite.com\/","name":"Bladna News - Maroc","description":"Quand le football marocain rencontre le monde","publisher":{"@id":"https:\/\/mediumseagreen-eel-531711.hostingersite.com\/#organization"},"potentialAction":[{"@type":"SearchAction","target":{"@type":"EntryPoint","urlTemplate":"https:\/\/mediumseagreen-eel-531711.hostingersite.com\/?s={search_term_string}"},"query-input":{"@type":"PropertyValueSpecification","valueRequired":true,"valueName":"search_term_string"}}],"inLanguage":"fr-FR"},{"@type":"Organization","@id":"https:\/\/mediumseagreen-eel-531711.hostingersite.com\/#organization","name":"Bladna News.com","url":"https:\/\/mediumseagreen-eel-531711.hostingersite.com\/","logo":{"@type":"ImageObject","inLanguage":"fr-FR","@id":"https:\/\/mediumseagreen-eel-531711.hostingersite.com\/#\/schema\/logo\/image\/","url":"https:\/\/bladnanews.com\/wp-content\/uploads\/2025\/12\/logo-bladnanews-V2-web-black-red.png","contentUrl":"https:\/\/bladnanews.com\/wp-content\/uploads\/2025\/12\/logo-bladnanews-V2-web-black-red.png","width":703,"height":287,"caption":"Bladna News.com"},"image":{"@id":"https:\/\/mediumseagreen-eel-531711.hostingersite.com\/#\/schema\/logo\/image\/"},"email":"info@bladnanews.com","legalName":"Bladna News"},{"@type":"Person","@id":"https:\/\/mediumseagreen-eel-531711.hostingersite.com\/#\/schema\/person\/268e18a453ab080ebf76df6ef7845083","name":"\u00c9quipe r\u00e9dactionnelle de Bladna News","url":"https:\/\/bladnanews.com\/fr\/author\/bladna-news-staff\/"}]}},"_links":{"self":[{"href":"https:\/\/bladnanews.com\/fr\/wp-json\/wp\/v2\/posts\/7483","targetHints":{"allow":["GET"]}}],"collection":[{"href":"https:\/\/bladnanews.com\/fr\/wp-json\/wp\/v2\/posts"}],"about":[{"href":"https:\/\/bladnanews.com\/fr\/wp-json\/wp\/v2\/types\/post"}],"author":[{"embeddable":true,"href":"https:\/\/bladnanews.com\/fr\/wp-json\/wp\/v2\/users\/3"}],"replies":[{"embeddable":true,"href":"https:\/\/bladnanews.com\/fr\/wp-json\/wp\/v2\/comments?post=7483"}],"version-history":[{"count":0,"href":"https:\/\/bladnanews.com\/fr\/wp-json\/wp\/v2\/posts\/7483\/revisions"}],"wp:featuredmedia":[{"embeddable":true,"href":"https:\/\/bladnanews.com\/fr\/wp-json\/wp\/v2\/media\/7482"}],"wp:attachment":[{"href":"https:\/\/bladnanews.com\/fr\/wp-json\/wp\/v2\/media?parent=7483"}],"wp:term":[{"taxonomy":"category","embeddable":true,"href":"https:\/\/bladnanews.com\/fr\/wp-json\/wp\/v2\/categories?post=7483"},{"taxonomy":"post_tag","embeddable":true,"href":"https:\/\/bladnanews.com\/fr\/wp-json\/wp\/v2\/tags?post=7483"}],"curies":[{"name":"wp","href":"https:\/\/api.w.org\/{rel}","templated":true}]}}