{"id":7507,"date":"2026-01-23T14:21:29","date_gmt":"2026-01-23T14:21:29","guid":{"rendered":"https:\/\/bladnanews.com\/arsenal-consider-approach-for-atletico-striker-julian-alvarez\/"},"modified":"2026-01-23T14:21:29","modified_gmt":"2026-01-23T14:21:29","slug":"arsenal-envisage-une-approche-pour-lattaquant-de-latletico-julian-alvarez","status":"publish","type":"post","link":"https:\/\/bladnanews.com\/fr\/arsenal-envisage-une-approche-pour-lattaquant-de-latletico-julian-alvarez\/","title":{"rendered":"Arsenal envisage une approche pour l'attaquant de l'Atletico Julian Alvarez"},"content":{"rendered":"<p>Arsenal envisage une offre pour l'attaquant de l'Atletico Madrid <strong>Julian \u00c1lvarez<\/strong> alors qu'ils poursuivent leur qu\u00eate d'un nouveau num\u00e9ro 9, les plans du club pouvant s'\u00e9loigner de leur cible de longue date, <strong>Viktor Gy\u00f6keres.<\/strong>.<\/p>\n<p>Les Gunners ont \u00e9t\u00e9 fortement associ\u00e9s \u00e0 Gy\u00f6keres apr\u00e8s son passage prolifique au Sporting, mais <em>il a \u00e9t\u00e9 r\u00e9v\u00e9l\u00e9<\/em> qu'Arsenal envisage d\u00e9sormais \u00e9galement une approche pour \u00c1lvarez, qui n'a rejoint l'Atletico Madrid que l'\u00e9t\u00e9 dernier.<\/p>\n<p>La recherche d'un attaquant par Arsenal devrait \u00eatre un \u00e9l\u00e9ment cl\u00e9 de leur travail de transfert, et \u00c1lvarez est apparu comme une nouvelle option sur leur liste alors que Mikel Arteta cherche \u00e0 ajouter plus de tranchant \u00e0 son attaque.<\/p>\n<p>L'international argentin est rapidement devenu une figure importante pour l'\u00e9quipe de Diego Simeone, ce qui signifie que toute transaction serait compliqu\u00e9e. L'Atletico ne serait pas d\u00e9sireux de vendre et le statut d'\u00c1lvarez \u00e0 Madrid en ferait un joueur difficile \u00e0 d\u00e9baucher.<\/p>\n<p>Malgr\u00e9 tout, il est entendu qu'Arsenal surveille la situation de pr\u00e8s, \u00c1lvarez \u00e9tant d\u00e9sormais mentionn\u00e9 comme une alternative possible si une offre pour Gy\u00f6keres n'aboutit pas.<\/p>\n<p>Alors que le mercato estival approche, les prochaines \u00e9tapes d'Arsenal sur le march\u00e9 d\u00e9termineront si leur attention reste fix\u00e9e sur Gy\u00f6keres ou se tourne plus s\u00e9rieusement vers \u00c1lvarez, leur liste d'attaquants potentiels \u00e9voluant.<\/p>","protected":false},"excerpt":{"rendered":"<p>Arsenal are weighing up a move for Atletico Madrid striker Julian Alvarez as they continue to look for a new [&hellip;]<\/p>\n","protected":false},"author":3,"featured_media":7506,"comment_status":"","ping_status":"open","sticky":false,"template":"","format":"standard","meta":{"googlesitekit_rrm_CAow_uzEDA:productID":"","site-sidebar-layout":"default","site-content-layout":"","ast-site-content-layout":"default","site-content-style":"default","site-sidebar-style":"default","ast-global-header-display":"","ast-banner-title-visibility":"","ast-main-header-display":"","ast-hfb-above-header-display":"","ast-hfb-below-header-display":"","ast-hfb-mobile-header-display":"","site-post-title":"","ast-breadcrumbs-content":"","ast-featured-img":"","footer-sml-layout":"","ast-disable-related-posts":"","theme-transparent-header-meta":"","adv-header-id-meta":"","stick-header-meta":"","header-above-stick-meta":"","header-main-stick-meta":"","header-below-stick-meta":"","astra-migrate-meta-layouts":"default","ast-page-background-enabled":"default","ast-page-background-meta":{"desktop":{"background-color":"var(--ast-global-color-5)","background-image":"","background-repeat":"repeat","background-position":"center center","background-size":"auto","background-attachment":"scroll","background-type":"","background-media":"","overlay-type":"","overlay-color":"","overlay-opacity":"","overlay-gradient":""},"tablet":{"background-color":"","background-image":"","background-repeat":"repeat","background-position":"center center","background-size":"auto","background-attachment":"scroll","background-type":"","background-media":"","overlay-type":"","overlay-color":"","overlay-opacity":"","overlay-gradient":""},"mobile":{"background-color":"","background-image":"","background-repeat":"repeat","background-position":"center center","background-size":"auto","background-attachment":"scroll","background-type":"","background-media":"","overlay-type":"","overlay-color":"","overlay-opacity":"","overlay-gradient":""}},"ast-content-background-meta":{"desktop":{"background-color":"var(--ast-global-color-4)","background-image":"","background-repeat":"repeat","background-position":"center center","background-size":"auto","background-attachment":"scroll","background-type":"","background-media":"","overlay-type":"","overlay-color":"","overlay-opacity":"","overlay-gradient":""},"tablet":{"background-color":"var(--ast-global-color-4)","background-image":"","background-repeat":"repeat","background-position":"center center","background-size":"auto","background-attachment":"scroll","background-type":"","background-media":"","overlay-type":"","overlay-color":"","overlay-opacity":"","overlay-gradient":""},"mobile":{"background-color":"var(--ast-global-color-4)","background-image":"","background-repeat":"repeat","background-position":"center center","background-size":"auto","background-attachment":"scroll","background-type":"","background-media":"","overlay-type":"","overlay-color":"","overlay-opacity":"","overlay-gradient":""}},"footnotes":""},"categories":[20,1],"tags":[],"class_list":["post-7507","post","type-post","status-publish","format-standard","has-post-thumbnail","hentry","category-international","category-football-latest-news"],"yoast_head":"<!-- This site is optimized with the Yoast SEO Premium plugin v26.6 (Yoast SEO v27.4) - https:\/\/yoast.com\/product\/yoast-seo-premium-wordpress\/ -->\n<title>Arsenal consider approach for Atletico striker Julian Alvarez - Bladna News<\/title>\n<meta name=\"robots\" content=\"index, follow, max-snippet:-1, max-image-preview:large, max-video-preview:-1\" \/>\n<link rel=\"canonical\" href=\"https:\/\/bladnanews.com\/fr\/arsenal-envisage-une-approche-pour-lattaquant-de-latletico-julian-alvarez\/\" \/>\n<meta property=\"og:locale\" content=\"fr_FR\" \/>\n<meta property=\"og:type\" content=\"article\" \/>\n<meta property=\"og:title\" content=\"Arsenal consider approach for Atletico striker Julian Alvarez\" \/>\n<meta property=\"og:description\" content=\"Arsenal are weighing up a move for Atletico Madrid striker Julian Alvarez as they continue to look for a new [&hellip;]\" \/>\n<meta property=\"og:url\" content=\"https:\/\/bladnanews.com\/fr\/arsenal-envisage-une-approche-pour-lattaquant-de-latletico-julian-alvarez\/\" \/>\n<meta property=\"og:site_name\" content=\"Bladna News\" \/>\n<meta property=\"article:published_time\" content=\"2026-01-23T14:21:29+00:00\" \/>\n<meta property=\"og:image\" content=\"https:\/\/bladnanews.com\/wp-content\/uploads\/2025\/12\/freepik__bladna-newscom-moroccan-soccer-homepage-banner-mor__41838.png\" \/>\n\t<meta property=\"og:image:width\" content=\"1312\" \/>\n\t<meta property=\"og:image:height\" content=\"736\" \/>\n\t<meta property=\"og:image:type\" content=\"image\/png\" \/>\n<meta name=\"author\" content=\"Bladna News Staff\" \/>\n<meta name=\"twitter:card\" content=\"summary_large_image\" \/>\n<meta name=\"twitter:label1\" content=\"\u00c9crit par\" \/>\n\t<meta name=\"twitter:data1\" content=\"Bladna News Staff\" \/>\n\t<meta name=\"twitter:label2\" content=\"Dur\u00e9e de lecture estim\u00e9e\" \/>\n\t<meta name=\"twitter:data2\" content=\"1 minute\" \/>\n<script type=\"application\/ld+json\" class=\"yoast-schema-graph\">{\"@context\":\"https:\\\/\\\/schema.org\",\"@graph\":[{\"@type\":\"Article\",\"@id\":\"https:\\\/\\\/bladnanews.com\\\/arsenal-consider-approach-for-atletico-striker-julian-alvarez\\\/#article\",\"isPartOf\":{\"@id\":\"https:\\\/\\\/bladnanews.com\\\/arsenal-consider-approach-for-atletico-striker-julian-alvarez\\\/\"},\"author\":{\"name\":\"Bladna News Staff\",\"@id\":\"https:\\\/\\\/mediumseagreen-eel-531711.hostingersite.com\\\/#\\\/schema\\\/person\\\/268e18a453ab080ebf76df6ef7845083\"},\"headline\":\"Arsenal consider approach for Atletico striker Julian Alvarez\",\"datePublished\":\"2026-01-23T14:21:29+00:00\",\"mainEntityOfPage\":{\"@id\":\"https:\\\/\\\/bladnanews.com\\\/arsenal-consider-approach-for-atletico-striker-julian-alvarez\\\/\"},\"wordCount\":221,\"publisher\":{\"@id\":\"https:\\\/\\\/mediumseagreen-eel-531711.hostingersite.com\\\/#organization\"},\"image\":{\"@id\":\"https:\\\/\\\/bladnanews.com\\\/arsenal-consider-approach-for-atletico-striker-julian-alvarez\\\/#primaryimage\"},\"thumbnailUrl\":\"https:\\\/\\\/bladnanews.com\\\/wp-content\\\/uploads\\\/2026\\\/01\\\/BladnaNews-Arsenal-consider-approach-for-Atletico-striker-Julian-Alvarez-2026-01-24T050931.628Z.jpg\",\"articleSection\":[\"International\",\"Latest News\"],\"inLanguage\":\"fr-FR\",\"copyrightYear\":\"2026\",\"copyrightHolder\":{\"@id\":\"https:\\\/\\\/bladnanews.com\\\/fr\\\/#organization\"}},{\"@type\":\"WebPage\",\"@id\":\"https:\\\/\\\/bladnanews.com\\\/arsenal-consider-approach-for-atletico-striker-julian-alvarez\\\/\",\"url\":\"https:\\\/\\\/bladnanews.com\\\/arsenal-consider-approach-for-atletico-striker-julian-alvarez\\\/\",\"name\":\"Arsenal consider approach for Atletico striker Julian Alvarez - Bladna News\",\"isPartOf\":{\"@id\":\"https:\\\/\\\/mediumseagreen-eel-531711.hostingersite.com\\\/#website\"},\"primaryImageOfPage\":{\"@id\":\"https:\\\/\\\/bladnanews.com\\\/arsenal-consider-approach-for-atletico-striker-julian-alvarez\\\/#primaryimage\"},\"image\":{\"@id\":\"https:\\\/\\\/bladnanews.com\\\/arsenal-consider-approach-for-atletico-striker-julian-alvarez\\\/#primaryimage\"},\"thumbnailUrl\":\"https:\\\/\\\/bladnanews.com\\\/wp-content\\\/uploads\\\/2026\\\/01\\\/BladnaNews-Arsenal-consider-approach-for-Atletico-striker-Julian-Alvarez-2026-01-24T050931.628Z.jpg\",\"datePublished\":\"2026-01-23T14:21:29+00:00\",\"breadcrumb\":{\"@id\":\"https:\\\/\\\/bladnanews.com\\\/arsenal-consider-approach-for-atletico-striker-julian-alvarez\\\/#breadcrumb\"},\"inLanguage\":\"fr-FR\",\"potentialAction\":[{\"@type\":\"ReadAction\",\"target\":[\"https:\\\/\\\/bladnanews.com\\\/arsenal-consider-approach-for-atletico-striker-julian-alvarez\\\/\"]}]},{\"@type\":\"ImageObject\",\"inLanguage\":\"fr-FR\",\"@id\":\"https:\\\/\\\/bladnanews.com\\\/arsenal-consider-approach-for-atletico-striker-julian-alvarez\\\/#primaryimage\",\"url\":\"https:\\\/\\\/bladnanews.com\\\/wp-content\\\/uploads\\\/2026\\\/01\\\/BladnaNews-Arsenal-consider-approach-for-Atletico-striker-Julian-Alvarez-2026-01-24T050931.628Z.jpg\",\"contentUrl\":\"https:\\\/\\\/bladnanews.com\\\/wp-content\\\/uploads\\\/2026\\\/01\\\/BladnaNews-Arsenal-consider-approach-for-Atletico-striker-Julian-Alvarez-2026-01-24T050931.628Z.jpg\",\"width\":1920,\"height\":1080,\"caption\":\"Atletico Madrid's striker with curly hair celebrating on the left, Arsenal's player in red kit focused on the right, showcasing a competitive spirit.\"},{\"@type\":\"BreadcrumbList\",\"@id\":\"https:\\\/\\\/bladnanews.com\\\/arsenal-consider-approach-for-atletico-striker-julian-alvarez\\\/#breadcrumb\",\"itemListElement\":[{\"@type\":\"ListItem\",\"position\":1,\"name\":\"Home\",\"item\":\"https:\\\/\\\/bladnanews.com\\\/\"},{\"@type\":\"ListItem\",\"position\":2,\"name\":\"Arsenal consider approach for Atletico striker Julian Alvarez\"}]},{\"@type\":\"WebSite\",\"@id\":\"https:\\\/\\\/mediumseagreen-eel-531711.hostingersite.com\\\/#website\",\"url\":\"https:\\\/\\\/mediumseagreen-eel-531711.hostingersite.com\\\/\",\"name\":\"Bladna News - Morocco\",\"description\":\"Where Moroccan Football Meets the World\",\"publisher\":{\"@id\":\"https:\\\/\\\/mediumseagreen-eel-531711.hostingersite.com\\\/#organization\"},\"potentialAction\":[{\"@type\":\"SearchAction\",\"target\":{\"@type\":\"EntryPoint\",\"urlTemplate\":\"https:\\\/\\\/mediumseagreen-eel-531711.hostingersite.com\\\/?s={search_term_string}\"},\"query-input\":{\"@type\":\"PropertyValueSpecification\",\"valueRequired\":true,\"valueName\":\"search_term_string\"}}],\"inLanguage\":\"fr-FR\"},{\"@type\":\"Organization\",\"@id\":\"https:\\\/\\\/mediumseagreen-eel-531711.hostingersite.com\\\/#organization\",\"name\":\"Bladna News.com\",\"url\":\"https:\\\/\\\/mediumseagreen-eel-531711.hostingersite.com\\\/\",\"logo\":{\"@type\":\"ImageObject\",\"inLanguage\":\"fr-FR\",\"@id\":\"https:\\\/\\\/mediumseagreen-eel-531711.hostingersite.com\\\/#\\\/schema\\\/logo\\\/image\\\/\",\"url\":\"https:\\\/\\\/bladnanews.com\\\/wp-content\\\/uploads\\\/2025\\\/12\\\/logo-bladnanews-V2-web-black-red.png\",\"contentUrl\":\"https:\\\/\\\/bladnanews.com\\\/wp-content\\\/uploads\\\/2025\\\/12\\\/logo-bladnanews-V2-web-black-red.png\",\"width\":703,\"height\":287,\"caption\":\"Bladna News.com\"},\"image\":{\"@id\":\"https:\\\/\\\/mediumseagreen-eel-531711.hostingersite.com\\\/#\\\/schema\\\/logo\\\/image\\\/\"},\"email\":\"info@bladnanews.com\",\"legalName\":\"Bladna News\"},{\"@type\":\"Person\",\"@id\":\"https:\\\/\\\/mediumseagreen-eel-531711.hostingersite.com\\\/#\\\/schema\\\/person\\\/268e18a453ab080ebf76df6ef7845083\",\"name\":\"Bladna News Staff\",\"url\":\"https:\\\/\\\/bladnanews.com\\\/fr\\\/author\\\/bladna-news-staff\\\/\"}]}<\/script>\n<!-- \/ Yoast SEO Premium plugin. -->","yoast_head_json":{"title":"Arsenal envisage une approche pour l'attaquant de l'Atletico Julian Alvarez - Bladna News","robots":{"index":"index","follow":"follow","max-snippet":"max-snippet:-1","max-image-preview":"max-image-preview:large","max-video-preview":"max-video-preview:-1"},"canonical":"https:\/\/bladnanews.com\/fr\/arsenal-envisage-une-approche-pour-lattaquant-de-latletico-julian-alvarez\/","og_locale":"fr_FR","og_type":"article","og_title":"Arsenal consider approach for Atletico striker Julian Alvarez","og_description":"Arsenal are weighing up a move for Atletico Madrid striker Julian Alvarez as they continue to look for a new [&hellip;]","og_url":"https:\/\/bladnanews.com\/fr\/arsenal-envisage-une-approche-pour-lattaquant-de-latletico-julian-alvarez\/","og_site_name":"Bladna News","article_published_time":"2026-01-23T14:21:29+00:00","og_image":[{"width":1312,"height":736,"url":"https:\/\/bladnanews.com\/wp-content\/uploads\/2025\/12\/freepik__bladna-newscom-moroccan-soccer-homepage-banner-mor__41838.png","type":"image\/png"}],"author":"Bladna News Staff","twitter_card":"summary_large_image","twitter_misc":{"\u00c9crit par":"Bladna News Staff","Dur\u00e9e de lecture estim\u00e9e":"1 minute"},"schema":{"@context":"https:\/\/schema.org","@graph":[{"@type":"Article","@id":"https:\/\/bladnanews.com\/arsenal-consider-approach-for-atletico-striker-julian-alvarez\/#article","isPartOf":{"@id":"https:\/\/bladnanews.com\/arsenal-consider-approach-for-atletico-striker-julian-alvarez\/"},"author":{"name":"Bladna News Staff","@id":"https:\/\/mediumseagreen-eel-531711.hostingersite.com\/#\/schema\/person\/268e18a453ab080ebf76df6ef7845083"},"headline":"Arsenal consider approach for Atletico striker Julian Alvarez","datePublished":"2026-01-23T14:21:29+00:00","mainEntityOfPage":{"@id":"https:\/\/bladnanews.com\/arsenal-consider-approach-for-atletico-striker-julian-alvarez\/"},"wordCount":221,"publisher":{"@id":"https:\/\/mediumseagreen-eel-531711.hostingersite.com\/#organization"},"image":{"@id":"https:\/\/bladnanews.com\/arsenal-consider-approach-for-atletico-striker-julian-alvarez\/#primaryimage"},"thumbnailUrl":"https:\/\/bladnanews.com\/wp-content\/uploads\/2026\/01\/BladnaNews-Arsenal-consider-approach-for-Atletico-striker-Julian-Alvarez-2026-01-24T050931.628Z.jpg","articleSection":["International","Latest News"],"inLanguage":"fr-FR","copyrightYear":"2026","copyrightHolder":{"@id":"https:\/\/bladnanews.com\/fr\/#organization"}},{"@type":"WebPage","@id":"https:\/\/bladnanews.com\/arsenal-consider-approach-for-atletico-striker-julian-alvarez\/","url":"https:\/\/bladnanews.com\/arsenal-consider-approach-for-atletico-striker-julian-alvarez\/","name":"Arsenal envisage une approche pour l'attaquant de l'Atletico Julian Alvarez - Bladna News","isPartOf":{"@id":"https:\/\/mediumseagreen-eel-531711.hostingersite.com\/#website"},"primaryImageOfPage":{"@id":"https:\/\/bladnanews.com\/arsenal-consider-approach-for-atletico-striker-julian-alvarez\/#primaryimage"},"image":{"@id":"https:\/\/bladnanews.com\/arsenal-consider-approach-for-atletico-striker-julian-alvarez\/#primaryimage"},"thumbnailUrl":"https:\/\/bladnanews.com\/wp-content\/uploads\/2026\/01\/BladnaNews-Arsenal-consider-approach-for-Atletico-striker-Julian-Alvarez-2026-01-24T050931.628Z.jpg","datePublished":"2026-01-23T14:21:29+00:00","breadcrumb":{"@id":"https:\/\/bladnanews.com\/arsenal-consider-approach-for-atletico-striker-julian-alvarez\/#breadcrumb"},"inLanguage":"fr-FR","potentialAction":[{"@type":"ReadAction","target":["https:\/\/bladnanews.com\/arsenal-consider-approach-for-atletico-striker-julian-alvarez\/"]}]},{"@type":"ImageObject","inLanguage":"fr-FR","@id":"https:\/\/bladnanews.com\/arsenal-consider-approach-for-atletico-striker-julian-alvarez\/#primaryimage","url":"https:\/\/bladnanews.com\/wp-content\/uploads\/2026\/01\/BladnaNews-Arsenal-consider-approach-for-Atletico-striker-Julian-Alvarez-2026-01-24T050931.628Z.jpg","contentUrl":"https:\/\/bladnanews.com\/wp-content\/uploads\/2026\/01\/BladnaNews-Arsenal-consider-approach-for-Atletico-striker-Julian-Alvarez-2026-01-24T050931.628Z.jpg","width":1920,"height":1080,"caption":"Atletico Madrid's striker with curly hair celebrating on the left, Arsenal's player in red kit focused on the right, showcasing a competitive spirit."},{"@type":"BreadcrumbList","@id":"https:\/\/bladnanews.com\/arsenal-consider-approach-for-atletico-striker-julian-alvarez\/#breadcrumb","itemListElement":[{"@type":"ListItem","position":1,"name":"Home","item":"https:\/\/bladnanews.com\/"},{"@type":"ListItem","position":2,"name":"Arsenal consider approach for Atletico striker Julian Alvarez"}]},{"@type":"WebSite","@id":"https:\/\/mediumseagreen-eel-531711.hostingersite.com\/#website","url":"https:\/\/mediumseagreen-eel-531711.hostingersite.com\/","name":"Bladna News - Maroc","description":"Quand le football marocain rencontre le monde","publisher":{"@id":"https:\/\/mediumseagreen-eel-531711.hostingersite.com\/#organization"},"potentialAction":[{"@type":"SearchAction","target":{"@type":"EntryPoint","urlTemplate":"https:\/\/mediumseagreen-eel-531711.hostingersite.com\/?s={search_term_string}"},"query-input":{"@type":"PropertyValueSpecification","valueRequired":true,"valueName":"search_term_string"}}],"inLanguage":"fr-FR"},{"@type":"Organization","@id":"https:\/\/mediumseagreen-eel-531711.hostingersite.com\/#organization","name":"Bladna News.com","url":"https:\/\/mediumseagreen-eel-531711.hostingersite.com\/","logo":{"@type":"ImageObject","inLanguage":"fr-FR","@id":"https:\/\/mediumseagreen-eel-531711.hostingersite.com\/#\/schema\/logo\/image\/","url":"https:\/\/bladnanews.com\/wp-content\/uploads\/2025\/12\/logo-bladnanews-V2-web-black-red.png","contentUrl":"https:\/\/bladnanews.com\/wp-content\/uploads\/2025\/12\/logo-bladnanews-V2-web-black-red.png","width":703,"height":287,"caption":"Bladna News.com"},"image":{"@id":"https:\/\/mediumseagreen-eel-531711.hostingersite.com\/#\/schema\/logo\/image\/"},"email":"info@bladnanews.com","legalName":"Bladna News"},{"@type":"Person","@id":"https:\/\/mediumseagreen-eel-531711.hostingersite.com\/#\/schema\/person\/268e18a453ab080ebf76df6ef7845083","name":"\u00c9quipe r\u00e9dactionnelle de Bladna News","url":"https:\/\/bladnanews.com\/fr\/author\/bladna-news-staff\/"}]}},"_links":{"self":[{"href":"https:\/\/bladnanews.com\/fr\/wp-json\/wp\/v2\/posts\/7507","targetHints":{"allow":["GET"]}}],"collection":[{"href":"https:\/\/bladnanews.com\/fr\/wp-json\/wp\/v2\/posts"}],"about":[{"href":"https:\/\/bladnanews.com\/fr\/wp-json\/wp\/v2\/types\/post"}],"author":[{"embeddable":true,"href":"https:\/\/bladnanews.com\/fr\/wp-json\/wp\/v2\/users\/3"}],"replies":[{"embeddable":true,"href":"https:\/\/bladnanews.com\/fr\/wp-json\/wp\/v2\/comments?post=7507"}],"version-history":[{"count":0,"href":"https:\/\/bladnanews.com\/fr\/wp-json\/wp\/v2\/posts\/7507\/revisions"}],"wp:featuredmedia":[{"embeddable":true,"href":"https:\/\/bladnanews.com\/fr\/wp-json\/wp\/v2\/media\/7506"}],"wp:attachment":[{"href":"https:\/\/bladnanews.com\/fr\/wp-json\/wp\/v2\/media?parent=7507"}],"wp:term":[{"taxonomy":"category","embeddable":true,"href":"https:\/\/bladnanews.com\/fr\/wp-json\/wp\/v2\/categories?post=7507"},{"taxonomy":"post_tag","embeddable":true,"href":"https:\/\/bladnanews.com\/fr\/wp-json\/wp\/v2\/tags?post=7507"}],"curies":[{"name":"wp","href":"https:\/\/api.w.org\/{rel}","templated":true}]}}