{"id":7513,"date":"2026-01-23T14:46:47","date_gmt":"2026-01-23T14:46:47","guid":{"rendered":"https:\/\/bladnanews.com\/arbeloa-powerless-as-real-madrid-renew-vinicius-talks\/"},"modified":"2026-01-23T14:46:47","modified_gmt":"2026-01-23T14:46:47","slug":"arbeloa-impuissant-alors-que-le-real-madrid-renouvelle-les-discussions-pour-vinicius","status":"publish","type":"post","link":"https:\/\/bladnanews.com\/fr\/arbeloa-impuissant-alors-que-le-real-madrid-renouvelle-les-discussions-pour-vinicius\/","title":{"rendered":"Arbeloa impuissant alors que le Real Madrid renouvelle les discussions pour Vinicius"},"content":{"rendered":"<p>\u00c1lvaro Arbeloa a reconnu qu'il n'avait aucun pouvoir d\u00e9cisionnel concernant les n\u00e9gociations contractuelles du Real Madrid avec Vin\u00edcius Jr, alors que les rumeurs d'un int\u00e9r\u00eat de la Saudi Pro League refont surface autour de la star br\u00e9silienne.<\/p>\n<p>L'ancien d\u00e9fenseur du Real Madrid et de l'\u00e9quipe d'Espagne, qui travaille d\u00e9sormais au sein de l'acad\u00e9mie du club, a \u00e9t\u00e9 interrog\u00e9 sur l'avenir de Vin\u00edcius et le bruit grandissant autour d'un \u00e9ventuel transfert en Arabie Saoudite. Arbeloa a clairement indiqu\u00e9 que la situation \u00e9chappait \u00e0 son contr\u00f4le, soulignant que seuls le club et le joueur pouvaient d\u00e9cider de la suite des \u00e9v\u00e9nements.<\/p>\n<p>Il a \u00e9galement soulign\u00e9 la tr\u00e8s haute estime dans laquelle Vin\u00edcius est tenu au Bernab\u00e9u, mettant en avant son importance au sein de l'effectif actuel et le niveau qu'il a atteint depuis son arriv\u00e9e \u00e0 Madrid.<\/p>\n<p>Le Real Madrid, quant \u00e0 lui, a relanc\u00e9 les discussions pour un nouveau contrat avec l'ailier. Vin\u00edcius est toujours sous contrat, mais le club tient \u00e0 s\u00e9curiser son avenir \u00e0 long terme et \u00e0 \u00e9viter toute distraction au fil de la saison.<\/p>\n<p>La Saudi Pro League reste un sujet de discussion r\u00e9current apr\u00e8s de multiples rapports faisant \u00e9tat d'un int\u00e9r\u00eat pour Vin\u00edcius, et ces rumeurs sont revenues alors que les n\u00e9gociations pour son contrat se poursuivent.<\/p>\n<p>Le message d'Arbeloa a \u00e9t\u00e9 sans \u00e9quivoque : il ne peut qu'assister au spectacle depuis les coulisses. L'ancien lat\u00e9ral a d\u00e9clar\u00e9 \u00eatre \u201cimpuissant\u201d dans des n\u00e9gociations de cette ampleur, la d\u00e9cision finale appartenant aux dirigeants du Real Madrid et au joueur lui-m\u00eame.<\/p>","protected":false},"excerpt":{"rendered":"<p>Alvaro Arbeloa has admitted he has no say over Real Madrid\u2019s contract talks with Vinicius Jr, as links to the [&hellip;]<\/p>\n","protected":false},"author":3,"featured_media":7512,"comment_status":"","ping_status":"open","sticky":false,"template":"","format":"standard","meta":{"googlesitekit_rrm_CAow_uzEDA:productID":"","site-sidebar-layout":"default","site-content-layout":"","ast-site-content-layout":"default","site-content-style":"default","site-sidebar-style":"default","ast-global-header-display":"","ast-banner-title-visibility":"","ast-main-header-display":"","ast-hfb-above-header-display":"","ast-hfb-below-header-display":"","ast-hfb-mobile-header-display":"","site-post-title":"","ast-breadcrumbs-content":"","ast-featured-img":"","footer-sml-layout":"","ast-disable-related-posts":"","theme-transparent-header-meta":"","adv-header-id-meta":"","stick-header-meta":"","header-above-stick-meta":"","header-main-stick-meta":"","header-below-stick-meta":"","astra-migrate-meta-layouts":"default","ast-page-background-enabled":"default","ast-page-background-meta":{"desktop":{"background-color":"var(--ast-global-color-5)","background-image":"","background-repeat":"repeat","background-position":"center center","background-size":"auto","background-attachment":"scroll","background-type":"","background-media":"","overlay-type":"","overlay-color":"","overlay-opacity":"","overlay-gradient":""},"tablet":{"background-color":"","background-image":"","background-repeat":"repeat","background-position":"center center","background-size":"auto","background-attachment":"scroll","background-type":"","background-media":"","overlay-type":"","overlay-color":"","overlay-opacity":"","overlay-gradient":""},"mobile":{"background-color":"","background-image":"","background-repeat":"repeat","background-position":"center center","background-size":"auto","background-attachment":"scroll","background-type":"","background-media":"","overlay-type":"","overlay-color":"","overlay-opacity":"","overlay-gradient":""}},"ast-content-background-meta":{"desktop":{"background-color":"var(--ast-global-color-4)","background-image":"","background-repeat":"repeat","background-position":"center center","background-size":"auto","background-attachment":"scroll","background-type":"","background-media":"","overlay-type":"","overlay-color":"","overlay-opacity":"","overlay-gradient":""},"tablet":{"background-color":"var(--ast-global-color-4)","background-image":"","background-repeat":"repeat","background-position":"center center","background-size":"auto","background-attachment":"scroll","background-type":"","background-media":"","overlay-type":"","overlay-color":"","overlay-opacity":"","overlay-gradient":""},"mobile":{"background-color":"var(--ast-global-color-4)","background-image":"","background-repeat":"repeat","background-position":"center center","background-size":"auto","background-attachment":"scroll","background-type":"","background-media":"","overlay-type":"","overlay-color":"","overlay-opacity":"","overlay-gradient":""}},"footnotes":""},"categories":[20,1],"tags":[],"class_list":["post-7513","post","type-post","status-publish","format-standard","has-post-thumbnail","hentry","category-international","category-football-latest-news"],"yoast_head":"<!-- This site is optimized with the Yoast SEO Premium plugin v26.6 (Yoast SEO v27.4) - https:\/\/yoast.com\/product\/yoast-seo-premium-wordpress\/ -->\n<title>Arbeloa powerless as Real Madrid renew Vinicius talks - Bladna News<\/title>\n<meta name=\"robots\" content=\"index, follow, max-snippet:-1, max-image-preview:large, max-video-preview:-1\" \/>\n<link rel=\"canonical\" href=\"https:\/\/bladnanews.com\/fr\/arbeloa-impuissant-alors-que-le-real-madrid-renouvelle-les-discussions-pour-vinicius\/\" \/>\n<meta property=\"og:locale\" content=\"fr_FR\" \/>\n<meta property=\"og:type\" content=\"article\" \/>\n<meta property=\"og:title\" content=\"Arbeloa powerless as Real Madrid renew Vinicius talks\" \/>\n<meta property=\"og:description\" content=\"Alvaro Arbeloa has admitted he has no say over Real Madrid\u2019s contract talks with Vinicius Jr, as links to the [&hellip;]\" \/>\n<meta property=\"og:url\" content=\"https:\/\/bladnanews.com\/fr\/arbeloa-impuissant-alors-que-le-real-madrid-renouvelle-les-discussions-pour-vinicius\/\" \/>\n<meta property=\"og:site_name\" content=\"Bladna News\" \/>\n<meta property=\"article:published_time\" content=\"2026-01-23T14:46:47+00:00\" \/>\n<meta property=\"og:image\" content=\"https:\/\/bladnanews.com\/wp-content\/uploads\/2025\/12\/freepik__bladna-newscom-moroccan-soccer-homepage-banner-mor__41838.png\" \/>\n\t<meta property=\"og:image:width\" content=\"1312\" \/>\n\t<meta property=\"og:image:height\" content=\"736\" \/>\n\t<meta property=\"og:image:type\" content=\"image\/png\" \/>\n<meta name=\"author\" content=\"Bladna News Staff\" \/>\n<meta name=\"twitter:card\" content=\"summary_large_image\" \/>\n<meta name=\"twitter:label1\" content=\"\u00c9crit par\" \/>\n\t<meta name=\"twitter:data1\" content=\"Bladna News Staff\" \/>\n\t<meta name=\"twitter:label2\" content=\"Dur\u00e9e de lecture estim\u00e9e\" \/>\n\t<meta name=\"twitter:data2\" content=\"1 minute\" \/>\n<script type=\"application\/ld+json\" class=\"yoast-schema-graph\">{\"@context\":\"https:\\\/\\\/schema.org\",\"@graph\":[{\"@type\":\"Article\",\"@id\":\"https:\\\/\\\/bladnanews.com\\\/arbeloa-powerless-as-real-madrid-renew-vinicius-talks\\\/#article\",\"isPartOf\":{\"@id\":\"https:\\\/\\\/bladnanews.com\\\/arbeloa-powerless-as-real-madrid-renew-vinicius-talks\\\/\"},\"author\":{\"name\":\"Bladna News Staff\",\"@id\":\"https:\\\/\\\/mediumseagreen-eel-531711.hostingersite.com\\\/#\\\/schema\\\/person\\\/268e18a453ab080ebf76df6ef7845083\"},\"headline\":\"Arbeloa powerless as Real Madrid renew Vinicius talks\",\"datePublished\":\"2026-01-23T14:46:47+00:00\",\"mainEntityOfPage\":{\"@id\":\"https:\\\/\\\/bladnanews.com\\\/arbeloa-powerless-as-real-madrid-renew-vinicius-talks\\\/\"},\"wordCount\":221,\"publisher\":{\"@id\":\"https:\\\/\\\/mediumseagreen-eel-531711.hostingersite.com\\\/#organization\"},\"image\":{\"@id\":\"https:\\\/\\\/bladnanews.com\\\/arbeloa-powerless-as-real-madrid-renew-vinicius-talks\\\/#primaryimage\"},\"thumbnailUrl\":\"https:\\\/\\\/bladnanews.com\\\/wp-content\\\/uploads\\\/2026\\\/01\\\/BladnaNews-Arbeloa-powerless-as-Real-Madrid-renew-Vinicius-talks-2026-01-24T051040.752Z-scaled.jpg\",\"articleSection\":[\"International\",\"Latest News\"],\"inLanguage\":\"fr-FR\",\"copyrightYear\":\"2026\",\"copyrightHolder\":{\"@id\":\"https:\\\/\\\/bladnanews.com\\\/fr\\\/#organization\"}},{\"@type\":\"WebPage\",\"@id\":\"https:\\\/\\\/bladnanews.com\\\/arbeloa-powerless-as-real-madrid-renew-vinicius-talks\\\/\",\"url\":\"https:\\\/\\\/bladnanews.com\\\/arbeloa-powerless-as-real-madrid-renew-vinicius-talks\\\/\",\"name\":\"Arbeloa powerless as Real Madrid renew Vinicius talks - Bladna News\",\"isPartOf\":{\"@id\":\"https:\\\/\\\/mediumseagreen-eel-531711.hostingersite.com\\\/#website\"},\"primaryImageOfPage\":{\"@id\":\"https:\\\/\\\/bladnanews.com\\\/arbeloa-powerless-as-real-madrid-renew-vinicius-talks\\\/#primaryimage\"},\"image\":{\"@id\":\"https:\\\/\\\/bladnanews.com\\\/arbeloa-powerless-as-real-madrid-renew-vinicius-talks\\\/#primaryimage\"},\"thumbnailUrl\":\"https:\\\/\\\/bladnanews.com\\\/wp-content\\\/uploads\\\/2026\\\/01\\\/BladnaNews-Arbeloa-powerless-as-Real-Madrid-renew-Vinicius-talks-2026-01-24T051040.752Z-scaled.jpg\",\"datePublished\":\"2026-01-23T14:46:47+00:00\",\"breadcrumb\":{\"@id\":\"https:\\\/\\\/bladnanews.com\\\/arbeloa-powerless-as-real-madrid-renew-vinicius-talks\\\/#breadcrumb\"},\"inLanguage\":\"fr-FR\",\"potentialAction\":[{\"@type\":\"ReadAction\",\"target\":[\"https:\\\/\\\/bladnanews.com\\\/arbeloa-powerless-as-real-madrid-renew-vinicius-talks\\\/\"]}]},{\"@type\":\"ImageObject\",\"inLanguage\":\"fr-FR\",\"@id\":\"https:\\\/\\\/bladnanews.com\\\/arbeloa-powerless-as-real-madrid-renew-vinicius-talks\\\/#primaryimage\",\"url\":\"https:\\\/\\\/bladnanews.com\\\/wp-content\\\/uploads\\\/2026\\\/01\\\/BladnaNews-Arbeloa-powerless-as-Real-Madrid-renew-Vinicius-talks-2026-01-24T051040.752Z-scaled.jpg\",\"contentUrl\":\"https:\\\/\\\/bladnanews.com\\\/wp-content\\\/uploads\\\/2026\\\/01\\\/BladnaNews-Arbeloa-powerless-as-Real-Madrid-renew-Vinicius-talks-2026-01-24T051040.752Z-scaled.jpg\",\"width\":2560,\"height\":1440,\"caption\":\"Vin\u00edcius J\u00fanior celebrates joyfully with a teammate, while a UEFA official looks on, highlighting the camaraderie at a Real Madrid match.\"},{\"@type\":\"BreadcrumbList\",\"@id\":\"https:\\\/\\\/bladnanews.com\\\/arbeloa-powerless-as-real-madrid-renew-vinicius-talks\\\/#breadcrumb\",\"itemListElement\":[{\"@type\":\"ListItem\",\"position\":1,\"name\":\"Home\",\"item\":\"https:\\\/\\\/bladnanews.com\\\/\"},{\"@type\":\"ListItem\",\"position\":2,\"name\":\"Arbeloa powerless as Real Madrid renew Vinicius talks\"}]},{\"@type\":\"WebSite\",\"@id\":\"https:\\\/\\\/mediumseagreen-eel-531711.hostingersite.com\\\/#website\",\"url\":\"https:\\\/\\\/mediumseagreen-eel-531711.hostingersite.com\\\/\",\"name\":\"Bladna News - Morocco\",\"description\":\"Where Moroccan Football Meets the World\",\"publisher\":{\"@id\":\"https:\\\/\\\/mediumseagreen-eel-531711.hostingersite.com\\\/#organization\"},\"potentialAction\":[{\"@type\":\"SearchAction\",\"target\":{\"@type\":\"EntryPoint\",\"urlTemplate\":\"https:\\\/\\\/mediumseagreen-eel-531711.hostingersite.com\\\/?s={search_term_string}\"},\"query-input\":{\"@type\":\"PropertyValueSpecification\",\"valueRequired\":true,\"valueName\":\"search_term_string\"}}],\"inLanguage\":\"fr-FR\"},{\"@type\":\"Organization\",\"@id\":\"https:\\\/\\\/mediumseagreen-eel-531711.hostingersite.com\\\/#organization\",\"name\":\"Bladna News.com\",\"url\":\"https:\\\/\\\/mediumseagreen-eel-531711.hostingersite.com\\\/\",\"logo\":{\"@type\":\"ImageObject\",\"inLanguage\":\"fr-FR\",\"@id\":\"https:\\\/\\\/mediumseagreen-eel-531711.hostingersite.com\\\/#\\\/schema\\\/logo\\\/image\\\/\",\"url\":\"https:\\\/\\\/bladnanews.com\\\/wp-content\\\/uploads\\\/2025\\\/12\\\/logo-bladnanews-V2-web-black-red.png\",\"contentUrl\":\"https:\\\/\\\/bladnanews.com\\\/wp-content\\\/uploads\\\/2025\\\/12\\\/logo-bladnanews-V2-web-black-red.png\",\"width\":703,\"height\":287,\"caption\":\"Bladna News.com\"},\"image\":{\"@id\":\"https:\\\/\\\/mediumseagreen-eel-531711.hostingersite.com\\\/#\\\/schema\\\/logo\\\/image\\\/\"},\"email\":\"info@bladnanews.com\",\"legalName\":\"Bladna News\"},{\"@type\":\"Person\",\"@id\":\"https:\\\/\\\/mediumseagreen-eel-531711.hostingersite.com\\\/#\\\/schema\\\/person\\\/268e18a453ab080ebf76df6ef7845083\",\"name\":\"Bladna News Staff\",\"url\":\"https:\\\/\\\/bladnanews.com\\\/fr\\\/author\\\/bladna-news-staff\\\/\"}]}<\/script>\n<!-- \/ Yoast SEO Premium plugin. -->","yoast_head_json":{"title":"Arbeloa impuissant alors que le Real Madrid renouvelle les discussions sur Vinicius - Bladna News","robots":{"index":"index","follow":"follow","max-snippet":"max-snippet:-1","max-image-preview":"max-image-preview:large","max-video-preview":"max-video-preview:-1"},"canonical":"https:\/\/bladnanews.com\/fr\/arbeloa-impuissant-alors-que-le-real-madrid-renouvelle-les-discussions-pour-vinicius\/","og_locale":"fr_FR","og_type":"article","og_title":"Arbeloa powerless as Real Madrid renew Vinicius talks","og_description":"Alvaro Arbeloa has admitted he has no say over Real Madrid\u2019s contract talks with Vinicius Jr, as links to the [&hellip;]","og_url":"https:\/\/bladnanews.com\/fr\/arbeloa-impuissant-alors-que-le-real-madrid-renouvelle-les-discussions-pour-vinicius\/","og_site_name":"Bladna News","article_published_time":"2026-01-23T14:46:47+00:00","og_image":[{"width":1312,"height":736,"url":"https:\/\/bladnanews.com\/wp-content\/uploads\/2025\/12\/freepik__bladna-newscom-moroccan-soccer-homepage-banner-mor__41838.png","type":"image\/png"}],"author":"Bladna News Staff","twitter_card":"summary_large_image","twitter_misc":{"\u00c9crit par":"Bladna News Staff","Dur\u00e9e de lecture estim\u00e9e":"1 minute"},"schema":{"@context":"https:\/\/schema.org","@graph":[{"@type":"Article","@id":"https:\/\/bladnanews.com\/arbeloa-powerless-as-real-madrid-renew-vinicius-talks\/#article","isPartOf":{"@id":"https:\/\/bladnanews.com\/arbeloa-powerless-as-real-madrid-renew-vinicius-talks\/"},"author":{"name":"Bladna News Staff","@id":"https:\/\/mediumseagreen-eel-531711.hostingersite.com\/#\/schema\/person\/268e18a453ab080ebf76df6ef7845083"},"headline":"Arbeloa powerless as Real Madrid renew Vinicius talks","datePublished":"2026-01-23T14:46:47+00:00","mainEntityOfPage":{"@id":"https:\/\/bladnanews.com\/arbeloa-powerless-as-real-madrid-renew-vinicius-talks\/"},"wordCount":221,"publisher":{"@id":"https:\/\/mediumseagreen-eel-531711.hostingersite.com\/#organization"},"image":{"@id":"https:\/\/bladnanews.com\/arbeloa-powerless-as-real-madrid-renew-vinicius-talks\/#primaryimage"},"thumbnailUrl":"https:\/\/bladnanews.com\/wp-content\/uploads\/2026\/01\/BladnaNews-Arbeloa-powerless-as-Real-Madrid-renew-Vinicius-talks-2026-01-24T051040.752Z-scaled.jpg","articleSection":["International","Latest News"],"inLanguage":"fr-FR","copyrightYear":"2026","copyrightHolder":{"@id":"https:\/\/bladnanews.com\/fr\/#organization"}},{"@type":"WebPage","@id":"https:\/\/bladnanews.com\/arbeloa-powerless-as-real-madrid-renew-vinicius-talks\/","url":"https:\/\/bladnanews.com\/arbeloa-powerless-as-real-madrid-renew-vinicius-talks\/","name":"Arbeloa impuissant alors que le Real Madrid renouvelle les discussions sur Vinicius - Bladna News","isPartOf":{"@id":"https:\/\/mediumseagreen-eel-531711.hostingersite.com\/#website"},"primaryImageOfPage":{"@id":"https:\/\/bladnanews.com\/arbeloa-powerless-as-real-madrid-renew-vinicius-talks\/#primaryimage"},"image":{"@id":"https:\/\/bladnanews.com\/arbeloa-powerless-as-real-madrid-renew-vinicius-talks\/#primaryimage"},"thumbnailUrl":"https:\/\/bladnanews.com\/wp-content\/uploads\/2026\/01\/BladnaNews-Arbeloa-powerless-as-Real-Madrid-renew-Vinicius-talks-2026-01-24T051040.752Z-scaled.jpg","datePublished":"2026-01-23T14:46:47+00:00","breadcrumb":{"@id":"https:\/\/bladnanews.com\/arbeloa-powerless-as-real-madrid-renew-vinicius-talks\/#breadcrumb"},"inLanguage":"fr-FR","potentialAction":[{"@type":"ReadAction","target":["https:\/\/bladnanews.com\/arbeloa-powerless-as-real-madrid-renew-vinicius-talks\/"]}]},{"@type":"ImageObject","inLanguage":"fr-FR","@id":"https:\/\/bladnanews.com\/arbeloa-powerless-as-real-madrid-renew-vinicius-talks\/#primaryimage","url":"https:\/\/bladnanews.com\/wp-content\/uploads\/2026\/01\/BladnaNews-Arbeloa-powerless-as-Real-Madrid-renew-Vinicius-talks-2026-01-24T051040.752Z-scaled.jpg","contentUrl":"https:\/\/bladnanews.com\/wp-content\/uploads\/2026\/01\/BladnaNews-Arbeloa-powerless-as-Real-Madrid-renew-Vinicius-talks-2026-01-24T051040.752Z-scaled.jpg","width":2560,"height":1440,"caption":"Vin\u00edcius J\u00fanior celebrates joyfully with a teammate, while a UEFA official looks on, highlighting the camaraderie at a Real Madrid match."},{"@type":"BreadcrumbList","@id":"https:\/\/bladnanews.com\/arbeloa-powerless-as-real-madrid-renew-vinicius-talks\/#breadcrumb","itemListElement":[{"@type":"ListItem","position":1,"name":"Home","item":"https:\/\/bladnanews.com\/"},{"@type":"ListItem","position":2,"name":"Arbeloa powerless as Real Madrid renew Vinicius talks"}]},{"@type":"WebSite","@id":"https:\/\/mediumseagreen-eel-531711.hostingersite.com\/#website","url":"https:\/\/mediumseagreen-eel-531711.hostingersite.com\/","name":"Bladna News - Maroc","description":"Quand le football marocain rencontre le monde","publisher":{"@id":"https:\/\/mediumseagreen-eel-531711.hostingersite.com\/#organization"},"potentialAction":[{"@type":"SearchAction","target":{"@type":"EntryPoint","urlTemplate":"https:\/\/mediumseagreen-eel-531711.hostingersite.com\/?s={search_term_string}"},"query-input":{"@type":"PropertyValueSpecification","valueRequired":true,"valueName":"search_term_string"}}],"inLanguage":"fr-FR"},{"@type":"Organization","@id":"https:\/\/mediumseagreen-eel-531711.hostingersite.com\/#organization","name":"Bladna News.com","url":"https:\/\/mediumseagreen-eel-531711.hostingersite.com\/","logo":{"@type":"ImageObject","inLanguage":"fr-FR","@id":"https:\/\/mediumseagreen-eel-531711.hostingersite.com\/#\/schema\/logo\/image\/","url":"https:\/\/bladnanews.com\/wp-content\/uploads\/2025\/12\/logo-bladnanews-V2-web-black-red.png","contentUrl":"https:\/\/bladnanews.com\/wp-content\/uploads\/2025\/12\/logo-bladnanews-V2-web-black-red.png","width":703,"height":287,"caption":"Bladna News.com"},"image":{"@id":"https:\/\/mediumseagreen-eel-531711.hostingersite.com\/#\/schema\/logo\/image\/"},"email":"info@bladnanews.com","legalName":"Bladna News"},{"@type":"Person","@id":"https:\/\/mediumseagreen-eel-531711.hostingersite.com\/#\/schema\/person\/268e18a453ab080ebf76df6ef7845083","name":"\u00c9quipe r\u00e9dactionnelle de Bladna News","url":"https:\/\/bladnanews.com\/fr\/author\/bladna-news-staff\/"}]}},"_links":{"self":[{"href":"https:\/\/bladnanews.com\/fr\/wp-json\/wp\/v2\/posts\/7513","targetHints":{"allow":["GET"]}}],"collection":[{"href":"https:\/\/bladnanews.com\/fr\/wp-json\/wp\/v2\/posts"}],"about":[{"href":"https:\/\/bladnanews.com\/fr\/wp-json\/wp\/v2\/types\/post"}],"author":[{"embeddable":true,"href":"https:\/\/bladnanews.com\/fr\/wp-json\/wp\/v2\/users\/3"}],"replies":[{"embeddable":true,"href":"https:\/\/bladnanews.com\/fr\/wp-json\/wp\/v2\/comments?post=7513"}],"version-history":[{"count":0,"href":"https:\/\/bladnanews.com\/fr\/wp-json\/wp\/v2\/posts\/7513\/revisions"}],"wp:featuredmedia":[{"embeddable":true,"href":"https:\/\/bladnanews.com\/fr\/wp-json\/wp\/v2\/media\/7512"}],"wp:attachment":[{"href":"https:\/\/bladnanews.com\/fr\/wp-json\/wp\/v2\/media?parent=7513"}],"wp:term":[{"taxonomy":"category","embeddable":true,"href":"https:\/\/bladnanews.com\/fr\/wp-json\/wp\/v2\/categories?post=7513"},{"taxonomy":"post_tag","embeddable":true,"href":"https:\/\/bladnanews.com\/fr\/wp-json\/wp\/v2\/tags?post=7513"}],"curies":[{"name":"wp","href":"https:\/\/api.w.org\/{rel}","templated":true}]}}